{"id":5913,"date":"2021-04-13T11:57:52","date_gmt":"2021-04-13T09:57:52","guid":{"rendered":"https:\/\/gremicafe.cat\/?p=5913"},"modified":"2021-04-13T11:57:52","modified_gmt":"2021-04-13T09:57:52","slug":"capsules-de-cafe-per-detectar-la-covid-19","status":"publish","type":"post","link":"https:\/\/gremicafe.cat\/es\/2021\/04\/13\/capsules-de-cafe-per-detectar-la-covid-19\/","title":{"rendered":"C\u00e1psulas de caf\u00e9 para detectar la c\u00f3vid-19"},"content":{"rendered":"<p><img loading=\"lazy\" decoding=\"async\" class=\"aligncenter size-full wp-image-5914\" src=\"https:\/\/gremicafe.cat\/wp-content\/uploads\/2021\/04\/capsulas-cafe-covid19.jpg\" alt=\"capsules cafe per detectar la covid-19\" width=\"1500\" height=\"1000\" srcset=\"https:\/\/gremicafe.cat\/wp-content\/uploads\/2021\/04\/capsulas-cafe-covid19.jpg 1500w, https:\/\/gremicafe.cat\/wp-content\/uploads\/2021\/04\/capsulas-cafe-covid19-768x512.jpg 768w, https:\/\/gremicafe.cat\/wp-content\/uploads\/2021\/04\/capsulas-cafe-covid19-1080x720.jpg 1080w\" sizes=\"(max-width: 1500px) 100vw, 1500px\" \/><\/p>\n<p>&nbsp;<\/p>\n<p>El investigador en qu\u00edmica org\u00e1nica <strong>Vittorio Saggiomo,\u00a0<\/strong>ha descubierto una manera de detectar la covid-19 en casa con un proceso de fabricaci\u00f3n y distribuci\u00f3n f\u00e1cil y \u00e1gil, tal y como afirma <a href=\"https:\/\/www.vilaweb.cat\/noticies\/capsules-cafe-prova-deteccio-covid-19\/\" target=\"_blank\" rel=\"noopener\"><strong>Vilaweb<\/strong><\/a> en su noticia publicada.<\/p>\n<p><strong>Vittorio Saggiomo<\/strong>, es un qu\u00edmico org\u00e1nico del grupo de bionanotecnolog\u00eda del centro universitario de investigaci\u00f3n Wageningen, en los Pa\u00edses Bajos. Y durante todos estos meses ha estado investigando un m\u00e9todo para detectar la c\u00f3vid-19 de que la gran mayor\u00eda de la poblaci\u00f3n tuviera acceso, barata y eficaz. Su equipo ha publicado las conclusiones de su investigaci\u00f3n y est\u00e1 previsto que le revisen m\u00e1s cient\u00edficos.<\/p>\n<p>Actualmente conocemos y seguramente que ya nos han hecho alguno de los tests para detectar la c\u00f3vid-19; PCR o test de ant\u00edgenos. \u00c9ste \u00faltimo, mucho m\u00e1s r\u00e1pido, accesible y econ\u00f3mico no es tan eficaz como las PCR, ya que s\u00f3lo identifican a las personas con cargas virales elevadas. Y consecuentemente, existen personas infectadas que obtienen un resultado falso negativo.<\/p>\n<p>As\u00ed pues, gracias al descubrimiento de <strong>Vittorio Saggiomo<\/strong>, ha logrado una mezcla de ambas pruebas. A trav\u00e9s del m\u00e9todo \u201camplificaci\u00f3n isot\u00e9rmica v\u00eda bucle\u201d (<strong>LAMP<\/strong>), y la combinaci\u00f3n y la sustancia que cambie de color seg\u00fan el valor del pH de la muestra de reacci\u00f3n, aumenta la acidez de la muestra, permitiendo ver de forma visual si el resultado es positivo o negativo. Este descubrimiento permite que las reacciones de LAMP se lleven a cabo a una temperatura fija (alrededor de 65 \u00b0C).<\/p>\n<p>El siguiente paso fue evitar distribuir un aparato exclusivo para realizar estas pruebas, as\u00ed pues, el investigador busc\u00f3 un mecanismo alternativo que cumpliera con los requisitos del sistema LAMP. Por \u00faltimo, descubri\u00f3 unas sustancias llamadas materiales de cambio de fase que absorben energ\u00eda (calor) al fundirse y as\u00ed mantienen una temperatura constante.<\/p>\n<p>Encontr\u00f3 una cera que cumpl\u00eda con su objetivo y construy\u00f3 un dispositivo que alojara los tubos de reacci\u00f3n LAMP y los trozos de cera. Ahora s\u00f3lo era necesario introducirlo en alg\u00fan otro material que permitiera calentarse a la temperatura adecuada. <strong>Mientras se tomaba el caf\u00e9, fue cuando lo vio; con las c\u00e1psulas de caf\u00e9 estilo Nespresso\u00ae.<\/strong><\/p>\n<p>Despu\u00e9s de realizar varias pruebas para calentar el dispositivo \u201c<strong>CoroNaspresso<\/strong>\u201c, opt\u00f3 por <strong>una simple olla con agua hirviendo a fuego lento<\/strong>. Y el resultado fue positivo, lo probaron con muestras de seis personas del equipo e identific\u00f3 correctamente tres casos de c\u00f3vid-19, con un color diferente a las pruebas negativas.<\/p>\n<p>As\u00ed pues, <strong>esta prueba con las c\u00e1psulas, ser\u00eda muy f\u00e1cil de producir en cantidades millonarias<\/strong>. Todo el mundo ser\u00eda capaz de sacarse una muestra y calentar las c\u00e1psulas para obtener los resultados.<\/p>\n<p>&nbsp;<\/p>\n<p>Fuente noticia: <a href=\"https:\/\/www.vilaweb.cat\/noticies\/capsules-cafe-prova-deteccio-covid-19\/\" target=\"_blank\" rel=\"noopener\"><strong>Vilaweb<\/strong><\/a><\/p>","protected":false},"excerpt":{"rendered":"<p>&nbsp; L&#8217;investigador en qu\u00edmica org\u00e0nica Vittorio Saggiomo,\u00a0ha descobert una manera de detectar la covid-19 a casa amb un proc\u00e9s de fabricaci\u00f3 i distribuci\u00f3 f\u00e0cil i \u00e0gil, tal com afirma Vilaweb en la seva not\u00edcia publicada. Vittorio Saggiomo, \u00e9s un qu\u00edmic org\u00e0nic del grup de bionanotecnologia del centre universitari de recerca Wageningen, als Pa\u00efsos Baixos. I [&hellip;]<\/p>\n","protected":false},"author":1,"featured_media":5914,"comment_status":"closed","ping_status":"open","sticky":false,"template":"","format":"standard","meta":{"_acf_changed":false,"inline_featured_image":false,"footnotes":""},"categories":[1],"tags":[],"class_list":["post-5913","post","type-post","status-publish","format-standard","has-post-thumbnail","hentry","category-noticies"],"acf":[],"yoast_head":"<!-- This site is optimized with the Yoast SEO plugin v25.5 - https:\/\/yoast.com\/wordpress\/plugins\/seo\/ -->\n<title>C\u00e0psules de caf\u00e8 per detectar la covid-19 - Gremi del Caf\u00e8, torradors de Catalunya<\/title>\n<meta name=\"robots\" content=\"index, follow, max-snippet:-1, max-image-preview:large, max-video-preview:-1\" \/>\n<link rel=\"canonical\" href=\"https:\/\/gremicafe.cat\/es\/2021\/04\/13\/capsules-de-cafe-per-detectar-la-covid-19\/\" \/>\n<meta property=\"og:locale\" content=\"es_ES\" \/>\n<meta property=\"og:type\" content=\"article\" \/>\n<meta property=\"og:title\" content=\"C\u00e0psules de caf\u00e8 per detectar la covid-19 - Gremi del Caf\u00e8, torradors de Catalunya\" \/>\n<meta property=\"og:description\" content=\"&nbsp; L&#8217;investigador en qu\u00edmica org\u00e0nica Vittorio Saggiomo,\u00a0ha descobert una manera de detectar la covid-19 a casa amb un proc\u00e9s de fabricaci\u00f3 i distribuci\u00f3 f\u00e0cil i \u00e0gil, tal com afirma Vilaweb en la seva not\u00edcia publicada. Vittorio Saggiomo, \u00e9s un qu\u00edmic org\u00e0nic del grup de bionanotecnologia del centre universitari de recerca Wageningen, als Pa\u00efsos Baixos. I [&hellip;]\" \/>\n<meta property=\"og:url\" content=\"https:\/\/gremicafe.cat\/es\/2021\/04\/13\/capsules-de-cafe-per-detectar-la-covid-19\/\" \/>\n<meta property=\"og:site_name\" content=\"Gremi del Caf\u00e8, torradors de Catalunya\" \/>\n<meta property=\"article:publisher\" content=\"https:\/\/www.facebook.com\/gremicafecat\" \/>\n<meta property=\"article:published_time\" content=\"2021-04-13T09:57:52+00:00\" \/>\n<meta property=\"og:image\" content=\"https:\/\/gremicafe.cat\/wp-content\/uploads\/2021\/04\/capsulas-cafe-covid19.jpg\" \/>\n\t<meta property=\"og:image:width\" content=\"1500\" \/>\n\t<meta property=\"og:image:height\" content=\"1000\" \/>\n\t<meta property=\"og:image:type\" content=\"image\/jpeg\" \/>\n<meta name=\"author\" content=\"gremicafe\" \/>\n<meta name=\"twitter:card\" content=\"summary_large_image\" \/>\n<meta name=\"twitter:creator\" content=\"@gremicafecat\" \/>\n<meta name=\"twitter:site\" content=\"@gremicafecat\" \/>\n<meta name=\"twitter:label1\" content=\"Escrito por\" \/>\n\t<meta name=\"twitter:data1\" content=\"gremicafe\" \/>\n\t<meta name=\"twitter:label2\" content=\"Tiempo de lectura\" \/>\n\t<meta name=\"twitter:data2\" content=\"3 minutos\" \/>\n<script type=\"application\/ld+json\" class=\"yoast-schema-graph\">{\"@context\":\"https:\/\/schema.org\",\"@graph\":[{\"@type\":\"Article\",\"@id\":\"https:\/\/gremicafe.cat\/2021\/04\/13\/capsules-de-cafe-per-detectar-la-covid-19\/#article\",\"isPartOf\":{\"@id\":\"https:\/\/gremicafe.cat\/2021\/04\/13\/capsules-de-cafe-per-detectar-la-covid-19\/\"},\"author\":{\"name\":\"gremicafe\",\"@id\":\"https:\/\/gremicafe.cat\/#\/schema\/person\/dabfdbb3d0fa36260855a380f94e4733\"},\"headline\":\"C\u00e0psules de caf\u00e8 per detectar la covid-19\",\"datePublished\":\"2021-04-13T09:57:52+00:00\",\"mainEntityOfPage\":{\"@id\":\"https:\/\/gremicafe.cat\/2021\/04\/13\/capsules-de-cafe-per-detectar-la-covid-19\/\"},\"wordCount\":488,\"publisher\":{\"@id\":\"https:\/\/gremicafe.cat\/#organization\"},\"image\":{\"@id\":\"https:\/\/gremicafe.cat\/2021\/04\/13\/capsules-de-cafe-per-detectar-la-covid-19\/#primaryimage\"},\"thumbnailUrl\":\"https:\/\/gremicafe.cat\/wp-content\/uploads\/2021\/04\/capsulas-cafe-covid19.jpg\",\"articleSection\":[\"Not\u00edcies\"],\"inLanguage\":\"es\"},{\"@type\":\"WebPage\",\"@id\":\"https:\/\/gremicafe.cat\/2021\/04\/13\/capsules-de-cafe-per-detectar-la-covid-19\/\",\"url\":\"https:\/\/gremicafe.cat\/2021\/04\/13\/capsules-de-cafe-per-detectar-la-covid-19\/\",\"name\":\"C\u00e0psules de caf\u00e8 per detectar la covid-19 - Gremi del Caf\u00e8, torradors de Catalunya\",\"isPartOf\":{\"@id\":\"https:\/\/gremicafe.cat\/#website\"},\"primaryImageOfPage\":{\"@id\":\"https:\/\/gremicafe.cat\/2021\/04\/13\/capsules-de-cafe-per-detectar-la-covid-19\/#primaryimage\"},\"image\":{\"@id\":\"https:\/\/gremicafe.cat\/2021\/04\/13\/capsules-de-cafe-per-detectar-la-covid-19\/#primaryimage\"},\"thumbnailUrl\":\"https:\/\/gremicafe.cat\/wp-content\/uploads\/2021\/04\/capsulas-cafe-covid19.jpg\",\"datePublished\":\"2021-04-13T09:57:52+00:00\",\"breadcrumb\":{\"@id\":\"https:\/\/gremicafe.cat\/2021\/04\/13\/capsules-de-cafe-per-detectar-la-covid-19\/#breadcrumb\"},\"inLanguage\":\"es\",\"potentialAction\":[{\"@type\":\"ReadAction\",\"target\":[\"https:\/\/gremicafe.cat\/2021\/04\/13\/capsules-de-cafe-per-detectar-la-covid-19\/\"]}]},{\"@type\":\"ImageObject\",\"inLanguage\":\"es\",\"@id\":\"https:\/\/gremicafe.cat\/2021\/04\/13\/capsules-de-cafe-per-detectar-la-covid-19\/#primaryimage\",\"url\":\"https:\/\/gremicafe.cat\/wp-content\/uploads\/2021\/04\/capsulas-cafe-covid19.jpg\",\"contentUrl\":\"https:\/\/gremicafe.cat\/wp-content\/uploads\/2021\/04\/capsulas-cafe-covid19.jpg\",\"width\":1500,\"height\":1000,\"caption\":\"capsules cafe per detectar la covid-19\"},{\"@type\":\"BreadcrumbList\",\"@id\":\"https:\/\/gremicafe.cat\/2021\/04\/13\/capsules-de-cafe-per-detectar-la-covid-19\/#breadcrumb\",\"itemListElement\":[{\"@type\":\"ListItem\",\"position\":1,\"name\":\"Inici\",\"item\":\"https:\/\/gremicafe.cat\/\"},{\"@type\":\"ListItem\",\"position\":2,\"name\":\"C\u00e0psules de caf\u00e8 per detectar la covid-19\"}]},{\"@type\":\"WebSite\",\"@id\":\"https:\/\/gremicafe.cat\/#website\",\"url\":\"https:\/\/gremicafe.cat\/\",\"name\":\"Gremi del Caf\u00e8, torradors de Catalunya\",\"description\":\"Web oficial del gremi de torradors de caf\u00e8 de Catalunya\",\"publisher\":{\"@id\":\"https:\/\/gremicafe.cat\/#organization\"},\"potentialAction\":[{\"@type\":\"SearchAction\",\"target\":{\"@type\":\"EntryPoint\",\"urlTemplate\":\"https:\/\/gremicafe.cat\/?s={search_term_string}\"},\"query-input\":{\"@type\":\"PropertyValueSpecification\",\"valueRequired\":true,\"valueName\":\"search_term_string\"}}],\"inLanguage\":\"es\"},{\"@type\":\"Organization\",\"@id\":\"https:\/\/gremicafe.cat\/#organization\",\"name\":\"Gremi del Caf\u00e8, Torradors de Catalunya\",\"url\":\"https:\/\/gremicafe.cat\/\",\"logo\":{\"@type\":\"ImageObject\",\"inLanguage\":\"es\",\"@id\":\"https:\/\/gremicafe.cat\/#\/schema\/logo\/image\/\",\"url\":\"https:\/\/gremicafe.cat\/wp-content\/uploads\/2018\/03\/gremicafe-logo250.png\",\"contentUrl\":\"https:\/\/gremicafe.cat\/wp-content\/uploads\/2018\/03\/gremicafe-logo250.png\",\"width\":250,\"height\":49,\"caption\":\"Gremi del Caf\u00e8, Torradors de Catalunya\"},\"image\":{\"@id\":\"https:\/\/gremicafe.cat\/#\/schema\/logo\/image\/\"},\"sameAs\":[\"https:\/\/www.facebook.com\/gremicafecat\",\"https:\/\/x.com\/gremicafecat\",\"https:\/\/www.instagram.com\/gremicafecat\/\",\"https:\/\/www.pinterest.es\/gremicafecat\/\",\"https:\/\/www.youtube.com\/channel\/UCGLo5Y35vLwLvP4FrPZrCrw\/\"]},{\"@type\":\"Person\",\"@id\":\"https:\/\/gremicafe.cat\/#\/schema\/person\/dabfdbb3d0fa36260855a380f94e4733\",\"name\":\"gremicafe\",\"image\":{\"@type\":\"ImageObject\",\"inLanguage\":\"es\",\"@id\":\"https:\/\/gremicafe.cat\/#\/schema\/person\/image\/\",\"url\":\"https:\/\/secure.gravatar.com\/avatar\/e59baa4ca8f6f97576d6375fb6d3c8f0?s=96&d=mm&r=g\",\"contentUrl\":\"https:\/\/secure.gravatar.com\/avatar\/e59baa4ca8f6f97576d6375fb6d3c8f0?s=96&d=mm&r=g\",\"caption\":\"gremicafe\"}}]}<\/script>\n<!-- \/ Yoast SEO plugin. -->","yoast_head_json":{"title":"C\u00e0psules de caf\u00e8 per detectar la covid-19 - Gremi del Caf\u00e8, torradors de Catalunya","robots":{"index":"index","follow":"follow","max-snippet":"max-snippet:-1","max-image-preview":"max-image-preview:large","max-video-preview":"max-video-preview:-1"},"canonical":"https:\/\/gremicafe.cat\/es\/2021\/04\/13\/capsules-de-cafe-per-detectar-la-covid-19\/","og_locale":"es_ES","og_type":"article","og_title":"C\u00e0psules de caf\u00e8 per detectar la covid-19 - Gremi del Caf\u00e8, torradors de Catalunya","og_description":"&nbsp; L&#8217;investigador en qu\u00edmica org\u00e0nica Vittorio Saggiomo,\u00a0ha descobert una manera de detectar la covid-19 a casa amb un proc\u00e9s de fabricaci\u00f3 i distribuci\u00f3 f\u00e0cil i \u00e0gil, tal com afirma Vilaweb en la seva not\u00edcia publicada. Vittorio Saggiomo, \u00e9s un qu\u00edmic org\u00e0nic del grup de bionanotecnologia del centre universitari de recerca Wageningen, als Pa\u00efsos Baixos. I [&hellip;]","og_url":"https:\/\/gremicafe.cat\/es\/2021\/04\/13\/capsules-de-cafe-per-detectar-la-covid-19\/","og_site_name":"Gremi del Caf\u00e8, torradors de Catalunya","article_publisher":"https:\/\/www.facebook.com\/gremicafecat","article_published_time":"2021-04-13T09:57:52+00:00","og_image":[{"width":1500,"height":1000,"url":"https:\/\/gremicafe.cat\/wp-content\/uploads\/2021\/04\/capsulas-cafe-covid19.jpg","type":"image\/jpeg"}],"author":"gremicafe","twitter_card":"summary_large_image","twitter_creator":"@gremicafecat","twitter_site":"@gremicafecat","twitter_misc":{"Escrito por":"gremicafe","Tiempo de lectura":"3 minutos"},"schema":{"@context":"https:\/\/schema.org","@graph":[{"@type":"Article","@id":"https:\/\/gremicafe.cat\/2021\/04\/13\/capsules-de-cafe-per-detectar-la-covid-19\/#article","isPartOf":{"@id":"https:\/\/gremicafe.cat\/2021\/04\/13\/capsules-de-cafe-per-detectar-la-covid-19\/"},"author":{"name":"gremicafe","@id":"https:\/\/gremicafe.cat\/#\/schema\/person\/dabfdbb3d0fa36260855a380f94e4733"},"headline":"C\u00e0psules de caf\u00e8 per detectar la covid-19","datePublished":"2021-04-13T09:57:52+00:00","mainEntityOfPage":{"@id":"https:\/\/gremicafe.cat\/2021\/04\/13\/capsules-de-cafe-per-detectar-la-covid-19\/"},"wordCount":488,"publisher":{"@id":"https:\/\/gremicafe.cat\/#organization"},"image":{"@id":"https:\/\/gremicafe.cat\/2021\/04\/13\/capsules-de-cafe-per-detectar-la-covid-19\/#primaryimage"},"thumbnailUrl":"https:\/\/gremicafe.cat\/wp-content\/uploads\/2021\/04\/capsulas-cafe-covid19.jpg","articleSection":["Not\u00edcies"],"inLanguage":"es"},{"@type":"WebPage","@id":"https:\/\/gremicafe.cat\/2021\/04\/13\/capsules-de-cafe-per-detectar-la-covid-19\/","url":"https:\/\/gremicafe.cat\/2021\/04\/13\/capsules-de-cafe-per-detectar-la-covid-19\/","name":"C\u00e0psules de caf\u00e8 per detectar la covid-19 - Gremi del Caf\u00e8, torradors de Catalunya","isPartOf":{"@id":"https:\/\/gremicafe.cat\/#website"},"primaryImageOfPage":{"@id":"https:\/\/gremicafe.cat\/2021\/04\/13\/capsules-de-cafe-per-detectar-la-covid-19\/#primaryimage"},"image":{"@id":"https:\/\/gremicafe.cat\/2021\/04\/13\/capsules-de-cafe-per-detectar-la-covid-19\/#primaryimage"},"thumbnailUrl":"https:\/\/gremicafe.cat\/wp-content\/uploads\/2021\/04\/capsulas-cafe-covid19.jpg","datePublished":"2021-04-13T09:57:52+00:00","breadcrumb":{"@id":"https:\/\/gremicafe.cat\/2021\/04\/13\/capsules-de-cafe-per-detectar-la-covid-19\/#breadcrumb"},"inLanguage":"es","potentialAction":[{"@type":"ReadAction","target":["https:\/\/gremicafe.cat\/2021\/04\/13\/capsules-de-cafe-per-detectar-la-covid-19\/"]}]},{"@type":"ImageObject","inLanguage":"es","@id":"https:\/\/gremicafe.cat\/2021\/04\/13\/capsules-de-cafe-per-detectar-la-covid-19\/#primaryimage","url":"https:\/\/gremicafe.cat\/wp-content\/uploads\/2021\/04\/capsulas-cafe-covid19.jpg","contentUrl":"https:\/\/gremicafe.cat\/wp-content\/uploads\/2021\/04\/capsulas-cafe-covid19.jpg","width":1500,"height":1000,"caption":"capsules cafe per detectar la covid-19"},{"@type":"BreadcrumbList","@id":"https:\/\/gremicafe.cat\/2021\/04\/13\/capsules-de-cafe-per-detectar-la-covid-19\/#breadcrumb","itemListElement":[{"@type":"ListItem","position":1,"name":"Inici","item":"https:\/\/gremicafe.cat\/"},{"@type":"ListItem","position":2,"name":"C\u00e0psules de caf\u00e8 per detectar la covid-19"}]},{"@type":"WebSite","@id":"https:\/\/gremicafe.cat\/#website","url":"https:\/\/gremicafe.cat\/","name":"Gremio del Caf\u00e9, tostadores de Catalu\u00f1a","description":"Web oficial del gremio de tostadores de caf\u00e9 de Catalunya","publisher":{"@id":"https:\/\/gremicafe.cat\/#organization"},"potentialAction":[{"@type":"SearchAction","target":{"@type":"EntryPoint","urlTemplate":"https:\/\/gremicafe.cat\/?s={search_term_string}"},"query-input":{"@type":"PropertyValueSpecification","valueRequired":true,"valueName":"search_term_string"}}],"inLanguage":"es"},{"@type":"Organization","@id":"https:\/\/gremicafe.cat\/#organization","name":"Gremio del Caf\u00e9, Tostadores de Catalu\u00f1a","url":"https:\/\/gremicafe.cat\/","logo":{"@type":"ImageObject","inLanguage":"es","@id":"https:\/\/gremicafe.cat\/#\/schema\/logo\/image\/","url":"https:\/\/gremicafe.cat\/wp-content\/uploads\/2018\/03\/gremicafe-logo250.png","contentUrl":"https:\/\/gremicafe.cat\/wp-content\/uploads\/2018\/03\/gremicafe-logo250.png","width":250,"height":49,"caption":"Gremi del Caf\u00e8, Torradors de Catalunya"},"image":{"@id":"https:\/\/gremicafe.cat\/#\/schema\/logo\/image\/"},"sameAs":["https:\/\/www.facebook.com\/gremicafecat","https:\/\/x.com\/gremicafecat","https:\/\/www.instagram.com\/gremicafecat\/","https:\/\/www.pinterest.es\/gremicafecat\/","https:\/\/www.youtube.com\/channel\/UCGLo5Y35vLwLvP4FrPZrCrw\/"]},{"@type":"Person","@id":"https:\/\/gremicafe.cat\/#\/schema\/person\/dabfdbb3d0fa36260855a380f94e4733","name":"gremicafe","image":{"@type":"ImageObject","inLanguage":"es","@id":"https:\/\/gremicafe.cat\/#\/schema\/person\/image\/","url":"https:\/\/secure.gravatar.com\/avatar\/e59baa4ca8f6f97576d6375fb6d3c8f0?s=96&d=mm&r=g","contentUrl":"https:\/\/secure.gravatar.com\/avatar\/e59baa4ca8f6f97576d6375fb6d3c8f0?s=96&d=mm&r=g","caption":"gremicafe"}}]}},"_links":{"self":[{"href":"https:\/\/gremicafe.cat\/es\/wp-json\/wp\/v2\/posts\/5913"}],"collection":[{"href":"https:\/\/gremicafe.cat\/es\/wp-json\/wp\/v2\/posts"}],"about":[{"href":"https:\/\/gremicafe.cat\/es\/wp-json\/wp\/v2\/types\/post"}],"author":[{"embeddable":true,"href":"https:\/\/gremicafe.cat\/es\/wp-json\/wp\/v2\/users\/1"}],"replies":[{"embeddable":true,"href":"https:\/\/gremicafe.cat\/es\/wp-json\/wp\/v2\/comments?post=5913"}],"version-history":[{"count":0,"href":"https:\/\/gremicafe.cat\/es\/wp-json\/wp\/v2\/posts\/5913\/revisions"}],"wp:featuredmedia":[{"embeddable":true,"href":"https:\/\/gremicafe.cat\/es\/wp-json\/wp\/v2\/media\/5914"}],"wp:attachment":[{"href":"https:\/\/gremicafe.cat\/es\/wp-json\/wp\/v2\/media?parent=5913"}],"wp:term":[{"taxonomy":"category","embeddable":true,"href":"https:\/\/gremicafe.cat\/es\/wp-json\/wp\/v2\/categories?post=5913"},{"taxonomy":"post_tag","embeddable":true,"href":"https:\/\/gremicafe.cat\/es\/wp-json\/wp\/v2\/tags?post=5913"}],"curies":[{"name":"wp","href":"https:\/\/api.w.org\/{rel}","templated":true}]}}