{"id":5919,"date":"2021-04-21T15:28:43","date_gmt":"2021-04-21T13:28:43","guid":{"rendered":"https:\/\/gremicafe.cat\/?p=5919"},"modified":"2021-04-21T15:34:30","modified_gmt":"2021-04-21T13:34:30","slug":"coffea-stenophylla-podria-salvar-la-produccio-mundial-de-cafe","status":"publish","type":"post","link":"https:\/\/gremicafe.cat\/es\/2021\/04\/21\/coffea-stenophylla-podria-salvar-la-produccio-mundial-de-cafe\/","title":{"rendered":"Coffea stenophylla, la planta de caf\u00e9 que podr\u00eda salvar a la producci\u00f3n mundial del futuro"},"content":{"rendered":"<div id=\"attachment_5920\" style=\"width: 810px\" class=\"wp-caption aligncenter\"><img loading=\"lazy\" decoding=\"async\" aria-describedby=\"caption-attachment-5920\" class=\"wp-image-5920 size-full\" src=\"https:\/\/gremicafe.cat\/wp-content\/uploads\/2021\/04\/Coffea-stenophylla-gremi-cafe.jpeg\" alt=\"Coffea stenophylla\" width=\"800\" height=\"450\" srcset=\"https:\/\/gremicafe.cat\/wp-content\/uploads\/2021\/04\/Coffea-stenophylla-gremi-cafe.jpeg 800w, https:\/\/gremicafe.cat\/wp-content\/uploads\/2021\/04\/Coffea-stenophylla-gremi-cafe-768x432.jpeg 768w\" sizes=\"(max-width: 800px) 100vw, 800px\" \/><p id=\"caption-attachment-5920\" class=\"wp-caption-text\">Fuente: BBC<\/p><\/div>\n<p>&nbsp;<\/p>\n<p>Como ya hemos comentado en otro <a href=\"https:\/\/gremicafe.cat\/es\/2021\/04\/08\/els-efectes-del-canvi-climatic-a-la-produccio-de-cafe\/\">art\u00edculo<\/a>, <strong>el cambio clim\u00e1tico y el aumento de las temperaturas en todo el mundo afectar\u00e1 a la productividad del caf\u00e9<\/strong>.<\/p>\n<p><strong>Coffea stenophylla o caf\u00e9 de Sierra Leona<\/strong>, es una planta de caf\u00e9 que puede crecer en condiciones m\u00e1s c\u00e1lidas, puede tolerar temperaturas de al menos 6 \u00baC m\u00e1s altas que el caf\u00e9 Ar\u00e1biga. Por tanto, es una buena candidata para ayudar a salvaguardar la bebida m\u00e1s consumida en todo el mundo.<\/p>\n<p>Es un caf\u00e9 silvestre del oeste de \u00c1frica, que recuerda al tradicional <strong>caf\u00e9 Ar\u00e1biga<\/strong>, tienen un sabor naturalmente dulce y afrutado.<\/p>\n<p>Este tipo de planta ha sido redescubierta en estado silvestre en Sierra Leona, donde hist\u00f3ricamente se cultiv\u00f3 hace aproximadamente un siglo. Tras el descubrimiento, este a\u00f1o se plantar\u00e1n las primeras pl\u00e1ntulas de <strong><i class=\"bbc-h1y5j7 ewc4zcb0\">s<\/i><i class=\"bbc-h1y5j7 ewc4zcb0\">tenophylla<\/i><\/strong> con el objetivo de empezar a evaluar el potencial del caf\u00e9 silvestre y la posibilidad de ser el tipo de caf\u00e9 de alta calidad del futuro.<\/p>\n<p>&nbsp;<\/p>\n<p>&nbsp;<\/p>\n<div class=\"bbc-19j92fr e57qer20\" dir=\"ltr\"><\/div>\n<div class=\"bbc-19j92fr e57qer20\" dir=\"ltr\">\n<div id=\"attachment_5921\" style=\"width: 810px\" class=\"wp-caption aligncenter\"><img loading=\"lazy\" decoding=\"async\" aria-describedby=\"caption-attachment-5921\" class=\"wp-image-5921 size-full\" src=\"https:\/\/gremicafe.cat\/wp-content\/uploads\/2021\/04\/Coffea-stenophylla-grans.jpeg\" alt=\"\" width=\"800\" height=\"600\" srcset=\"https:\/\/gremicafe.cat\/wp-content\/uploads\/2021\/04\/Coffea-stenophylla-grans.jpeg 800w, https:\/\/gremicafe.cat\/wp-content\/uploads\/2021\/04\/Coffea-stenophylla-grans-768x576.jpeg 768w\" sizes=\"(max-width: 800px) 100vw, 800px\" \/><p id=\"caption-attachment-5921\" class=\"wp-caption-text\">Fuente: Comunicaffe<\/p><\/div>\n<\/div>\n<div class=\"bbc-19j92fr e57qer20\" dir=\"ltr\"><\/div>\n<p dir=\"ltr\">\n<p dir=\"ltr\">Fotos: (1) BBC, (2) Comunicaffe<\/p>","protected":false},"excerpt":{"rendered":"<p>&nbsp; Com ja hem comentat en un altre article, el canvi clim\u00e0tic i l&#8217;augment de les temperatures arreu del m\u00f3n afectar\u00e0 la productivitat del caf\u00e8. Coffea stenophylla o caf\u00e8 de Sierra Leona, \u00e9s una planta de caf\u00e8 que pot cr\u00e9ixer en condicions m\u00e9s c\u00e0lides, pot tolerar temperatures d&#8217;almenys 6 \u00baC m\u00e9s altes que el caf\u00e8 [&hellip;]<\/p>\n","protected":false},"author":1,"featured_media":5920,"comment_status":"closed","ping_status":"open","sticky":false,"template":"","format":"standard","meta":{"_acf_changed":false,"inline_featured_image":false,"footnotes":""},"categories":[1],"tags":[],"class_list":["post-5919","post","type-post","status-publish","format-standard","has-post-thumbnail","hentry","category-noticies"],"acf":[],"yoast_head":"<!-- This site is optimized with the Yoast SEO plugin v25.5 - https:\/\/yoast.com\/wordpress\/plugins\/seo\/ -->\n<title>Coffea stenophylla, la planta de caf\u00e8 que podria salvar la producci\u00f3 mundial del futur - Gremi del Caf\u00e8, torradors de Catalunya<\/title>\n<meta name=\"robots\" content=\"index, follow, max-snippet:-1, max-image-preview:large, max-video-preview:-1\" \/>\n<link rel=\"canonical\" href=\"https:\/\/gremicafe.cat\/es\/2021\/04\/21\/coffea-stenophylla-podria-salvar-la-produccio-mundial-de-cafe\/\" \/>\n<meta property=\"og:locale\" content=\"es_ES\" \/>\n<meta property=\"og:type\" content=\"article\" \/>\n<meta property=\"og:title\" content=\"Coffea stenophylla, la planta de caf\u00e8 que podria salvar la producci\u00f3 mundial del futur - Gremi del Caf\u00e8, torradors de Catalunya\" \/>\n<meta property=\"og:description\" content=\"&nbsp; Com ja hem comentat en un altre article, el canvi clim\u00e0tic i l&#8217;augment de les temperatures arreu del m\u00f3n afectar\u00e0 la productivitat del caf\u00e8. Coffea stenophylla o caf\u00e8 de Sierra Leona, \u00e9s una planta de caf\u00e8 que pot cr\u00e9ixer en condicions m\u00e9s c\u00e0lides, pot tolerar temperatures d&#8217;almenys 6 \u00baC m\u00e9s altes que el caf\u00e8 [&hellip;]\" \/>\n<meta property=\"og:url\" content=\"https:\/\/gremicafe.cat\/es\/2021\/04\/21\/coffea-stenophylla-podria-salvar-la-produccio-mundial-de-cafe\/\" \/>\n<meta property=\"og:site_name\" content=\"Gremi del Caf\u00e8, torradors de Catalunya\" \/>\n<meta property=\"article:publisher\" content=\"https:\/\/www.facebook.com\/gremicafecat\" \/>\n<meta property=\"article:published_time\" content=\"2021-04-21T13:28:43+00:00\" \/>\n<meta property=\"article:modified_time\" content=\"2021-04-21T13:34:30+00:00\" \/>\n<meta property=\"og:image\" content=\"https:\/\/gremicafe.cat\/wp-content\/uploads\/2021\/04\/Coffea-stenophylla-gremi-cafe.jpeg\" \/>\n\t<meta property=\"og:image:width\" content=\"800\" \/>\n\t<meta property=\"og:image:height\" content=\"450\" \/>\n\t<meta property=\"og:image:type\" content=\"image\/jpeg\" \/>\n<meta name=\"author\" content=\"gremicafe\" \/>\n<meta name=\"twitter:card\" content=\"summary_large_image\" \/>\n<meta name=\"twitter:creator\" content=\"@gremicafecat\" \/>\n<meta name=\"twitter:site\" content=\"@gremicafecat\" \/>\n<meta name=\"twitter:label1\" content=\"Escrito por\" \/>\n\t<meta name=\"twitter:data1\" content=\"gremicafe\" \/>\n\t<meta name=\"twitter:label2\" content=\"Tiempo de lectura\" \/>\n\t<meta name=\"twitter:data2\" content=\"2 minutos\" \/>\n<script type=\"application\/ld+json\" class=\"yoast-schema-graph\">{\"@context\":\"https:\/\/schema.org\",\"@graph\":[{\"@type\":\"Article\",\"@id\":\"https:\/\/gremicafe.cat\/2021\/04\/21\/coffea-stenophylla-podria-salvar-la-produccio-mundial-de-cafe\/#article\",\"isPartOf\":{\"@id\":\"https:\/\/gremicafe.cat\/2021\/04\/21\/coffea-stenophylla-podria-salvar-la-produccio-mundial-de-cafe\/\"},\"author\":{\"name\":\"gremicafe\",\"@id\":\"https:\/\/gremicafe.cat\/#\/schema\/person\/dabfdbb3d0fa36260855a380f94e4733\"},\"headline\":\"Coffea stenophylla, la planta de caf\u00e8 que podria salvar la producci\u00f3 mundial del futur\",\"datePublished\":\"2021-04-21T13:28:43+00:00\",\"dateModified\":\"2021-04-21T13:34:30+00:00\",\"mainEntityOfPage\":{\"@id\":\"https:\/\/gremicafe.cat\/2021\/04\/21\/coffea-stenophylla-podria-salvar-la-produccio-mundial-de-cafe\/\"},\"wordCount\":204,\"publisher\":{\"@id\":\"https:\/\/gremicafe.cat\/#organization\"},\"image\":{\"@id\":\"https:\/\/gremicafe.cat\/2021\/04\/21\/coffea-stenophylla-podria-salvar-la-produccio-mundial-de-cafe\/#primaryimage\"},\"thumbnailUrl\":\"https:\/\/gremicafe.cat\/wp-content\/uploads\/2021\/04\/Coffea-stenophylla-gremi-cafe.jpeg\",\"articleSection\":[\"Not\u00edcies\"],\"inLanguage\":\"es\"},{\"@type\":\"WebPage\",\"@id\":\"https:\/\/gremicafe.cat\/2021\/04\/21\/coffea-stenophylla-podria-salvar-la-produccio-mundial-de-cafe\/\",\"url\":\"https:\/\/gremicafe.cat\/2021\/04\/21\/coffea-stenophylla-podria-salvar-la-produccio-mundial-de-cafe\/\",\"name\":\"Coffea stenophylla, la planta de caf\u00e8 que podria salvar la producci\u00f3 mundial del futur - Gremi del Caf\u00e8, torradors de Catalunya\",\"isPartOf\":{\"@id\":\"https:\/\/gremicafe.cat\/#website\"},\"primaryImageOfPage\":{\"@id\":\"https:\/\/gremicafe.cat\/2021\/04\/21\/coffea-stenophylla-podria-salvar-la-produccio-mundial-de-cafe\/#primaryimage\"},\"image\":{\"@id\":\"https:\/\/gremicafe.cat\/2021\/04\/21\/coffea-stenophylla-podria-salvar-la-produccio-mundial-de-cafe\/#primaryimage\"},\"thumbnailUrl\":\"https:\/\/gremicafe.cat\/wp-content\/uploads\/2021\/04\/Coffea-stenophylla-gremi-cafe.jpeg\",\"datePublished\":\"2021-04-21T13:28:43+00:00\",\"dateModified\":\"2021-04-21T13:34:30+00:00\",\"breadcrumb\":{\"@id\":\"https:\/\/gremicafe.cat\/2021\/04\/21\/coffea-stenophylla-podria-salvar-la-produccio-mundial-de-cafe\/#breadcrumb\"},\"inLanguage\":\"es\",\"potentialAction\":[{\"@type\":\"ReadAction\",\"target\":[\"https:\/\/gremicafe.cat\/2021\/04\/21\/coffea-stenophylla-podria-salvar-la-produccio-mundial-de-cafe\/\"]}]},{\"@type\":\"ImageObject\",\"inLanguage\":\"es\",\"@id\":\"https:\/\/gremicafe.cat\/2021\/04\/21\/coffea-stenophylla-podria-salvar-la-produccio-mundial-de-cafe\/#primaryimage\",\"url\":\"https:\/\/gremicafe.cat\/wp-content\/uploads\/2021\/04\/Coffea-stenophylla-gremi-cafe.jpeg\",\"contentUrl\":\"https:\/\/gremicafe.cat\/wp-content\/uploads\/2021\/04\/Coffea-stenophylla-gremi-cafe.jpeg\",\"width\":800,\"height\":450,\"caption\":\"Coffea stenophylla\"},{\"@type\":\"BreadcrumbList\",\"@id\":\"https:\/\/gremicafe.cat\/2021\/04\/21\/coffea-stenophylla-podria-salvar-la-produccio-mundial-de-cafe\/#breadcrumb\",\"itemListElement\":[{\"@type\":\"ListItem\",\"position\":1,\"name\":\"Inici\",\"item\":\"https:\/\/gremicafe.cat\/\"},{\"@type\":\"ListItem\",\"position\":2,\"name\":\"Coffea stenophylla, la planta de caf\u00e8 que podria salvar la producci\u00f3 mundial del futur\"}]},{\"@type\":\"WebSite\",\"@id\":\"https:\/\/gremicafe.cat\/#website\",\"url\":\"https:\/\/gremicafe.cat\/\",\"name\":\"Gremi del Caf\u00e8, torradors de Catalunya\",\"description\":\"Web oficial del gremi de torradors de caf\u00e8 de Catalunya\",\"publisher\":{\"@id\":\"https:\/\/gremicafe.cat\/#organization\"},\"potentialAction\":[{\"@type\":\"SearchAction\",\"target\":{\"@type\":\"EntryPoint\",\"urlTemplate\":\"https:\/\/gremicafe.cat\/?s={search_term_string}\"},\"query-input\":{\"@type\":\"PropertyValueSpecification\",\"valueRequired\":true,\"valueName\":\"search_term_string\"}}],\"inLanguage\":\"es\"},{\"@type\":\"Organization\",\"@id\":\"https:\/\/gremicafe.cat\/#organization\",\"name\":\"Gremi del Caf\u00e8, Torradors de Catalunya\",\"url\":\"https:\/\/gremicafe.cat\/\",\"logo\":{\"@type\":\"ImageObject\",\"inLanguage\":\"es\",\"@id\":\"https:\/\/gremicafe.cat\/#\/schema\/logo\/image\/\",\"url\":\"https:\/\/gremicafe.cat\/wp-content\/uploads\/2018\/03\/gremicafe-logo250.png\",\"contentUrl\":\"https:\/\/gremicafe.cat\/wp-content\/uploads\/2018\/03\/gremicafe-logo250.png\",\"width\":250,\"height\":49,\"caption\":\"Gremi del Caf\u00e8, Torradors de Catalunya\"},\"image\":{\"@id\":\"https:\/\/gremicafe.cat\/#\/schema\/logo\/image\/\"},\"sameAs\":[\"https:\/\/www.facebook.com\/gremicafecat\",\"https:\/\/x.com\/gremicafecat\",\"https:\/\/www.instagram.com\/gremicafecat\/\",\"https:\/\/www.pinterest.es\/gremicafecat\/\",\"https:\/\/www.youtube.com\/channel\/UCGLo5Y35vLwLvP4FrPZrCrw\/\"]},{\"@type\":\"Person\",\"@id\":\"https:\/\/gremicafe.cat\/#\/schema\/person\/dabfdbb3d0fa36260855a380f94e4733\",\"name\":\"gremicafe\",\"image\":{\"@type\":\"ImageObject\",\"inLanguage\":\"es\",\"@id\":\"https:\/\/gremicafe.cat\/#\/schema\/person\/image\/\",\"url\":\"https:\/\/secure.gravatar.com\/avatar\/e59baa4ca8f6f97576d6375fb6d3c8f0?s=96&d=mm&r=g\",\"contentUrl\":\"https:\/\/secure.gravatar.com\/avatar\/e59baa4ca8f6f97576d6375fb6d3c8f0?s=96&d=mm&r=g\",\"caption\":\"gremicafe\"}}]}<\/script>\n<!-- \/ Yoast SEO plugin. -->","yoast_head_json":{"title":"Coffea stenophylla, la planta de caf\u00e8 que podria salvar la producci\u00f3 mundial del futur - Gremi del Caf\u00e8, torradors de Catalunya","robots":{"index":"index","follow":"follow","max-snippet":"max-snippet:-1","max-image-preview":"max-image-preview:large","max-video-preview":"max-video-preview:-1"},"canonical":"https:\/\/gremicafe.cat\/es\/2021\/04\/21\/coffea-stenophylla-podria-salvar-la-produccio-mundial-de-cafe\/","og_locale":"es_ES","og_type":"article","og_title":"Coffea stenophylla, la planta de caf\u00e8 que podria salvar la producci\u00f3 mundial del futur - Gremi del Caf\u00e8, torradors de Catalunya","og_description":"&nbsp; Com ja hem comentat en un altre article, el canvi clim\u00e0tic i l&#8217;augment de les temperatures arreu del m\u00f3n afectar\u00e0 la productivitat del caf\u00e8. Coffea stenophylla o caf\u00e8 de Sierra Leona, \u00e9s una planta de caf\u00e8 que pot cr\u00e9ixer en condicions m\u00e9s c\u00e0lides, pot tolerar temperatures d&#8217;almenys 6 \u00baC m\u00e9s altes que el caf\u00e8 [&hellip;]","og_url":"https:\/\/gremicafe.cat\/es\/2021\/04\/21\/coffea-stenophylla-podria-salvar-la-produccio-mundial-de-cafe\/","og_site_name":"Gremi del Caf\u00e8, torradors de Catalunya","article_publisher":"https:\/\/www.facebook.com\/gremicafecat","article_published_time":"2021-04-21T13:28:43+00:00","article_modified_time":"2021-04-21T13:34:30+00:00","og_image":[{"width":800,"height":450,"url":"https:\/\/gremicafe.cat\/wp-content\/uploads\/2021\/04\/Coffea-stenophylla-gremi-cafe.jpeg","type":"image\/jpeg"}],"author":"gremicafe","twitter_card":"summary_large_image","twitter_creator":"@gremicafecat","twitter_site":"@gremicafecat","twitter_misc":{"Escrito por":"gremicafe","Tiempo de lectura":"2 minutos"},"schema":{"@context":"https:\/\/schema.org","@graph":[{"@type":"Article","@id":"https:\/\/gremicafe.cat\/2021\/04\/21\/coffea-stenophylla-podria-salvar-la-produccio-mundial-de-cafe\/#article","isPartOf":{"@id":"https:\/\/gremicafe.cat\/2021\/04\/21\/coffea-stenophylla-podria-salvar-la-produccio-mundial-de-cafe\/"},"author":{"name":"gremicafe","@id":"https:\/\/gremicafe.cat\/#\/schema\/person\/dabfdbb3d0fa36260855a380f94e4733"},"headline":"Coffea stenophylla, la planta de caf\u00e8 que podria salvar la producci\u00f3 mundial del futur","datePublished":"2021-04-21T13:28:43+00:00","dateModified":"2021-04-21T13:34:30+00:00","mainEntityOfPage":{"@id":"https:\/\/gremicafe.cat\/2021\/04\/21\/coffea-stenophylla-podria-salvar-la-produccio-mundial-de-cafe\/"},"wordCount":204,"publisher":{"@id":"https:\/\/gremicafe.cat\/#organization"},"image":{"@id":"https:\/\/gremicafe.cat\/2021\/04\/21\/coffea-stenophylla-podria-salvar-la-produccio-mundial-de-cafe\/#primaryimage"},"thumbnailUrl":"https:\/\/gremicafe.cat\/wp-content\/uploads\/2021\/04\/Coffea-stenophylla-gremi-cafe.jpeg","articleSection":["Not\u00edcies"],"inLanguage":"es"},{"@type":"WebPage","@id":"https:\/\/gremicafe.cat\/2021\/04\/21\/coffea-stenophylla-podria-salvar-la-produccio-mundial-de-cafe\/","url":"https:\/\/gremicafe.cat\/2021\/04\/21\/coffea-stenophylla-podria-salvar-la-produccio-mundial-de-cafe\/","name":"Coffea stenophylla, la planta de caf\u00e8 que podria salvar la producci\u00f3 mundial del futur - Gremi del Caf\u00e8, torradors de Catalunya","isPartOf":{"@id":"https:\/\/gremicafe.cat\/#website"},"primaryImageOfPage":{"@id":"https:\/\/gremicafe.cat\/2021\/04\/21\/coffea-stenophylla-podria-salvar-la-produccio-mundial-de-cafe\/#primaryimage"},"image":{"@id":"https:\/\/gremicafe.cat\/2021\/04\/21\/coffea-stenophylla-podria-salvar-la-produccio-mundial-de-cafe\/#primaryimage"},"thumbnailUrl":"https:\/\/gremicafe.cat\/wp-content\/uploads\/2021\/04\/Coffea-stenophylla-gremi-cafe.jpeg","datePublished":"2021-04-21T13:28:43+00:00","dateModified":"2021-04-21T13:34:30+00:00","breadcrumb":{"@id":"https:\/\/gremicafe.cat\/2021\/04\/21\/coffea-stenophylla-podria-salvar-la-produccio-mundial-de-cafe\/#breadcrumb"},"inLanguage":"es","potentialAction":[{"@type":"ReadAction","target":["https:\/\/gremicafe.cat\/2021\/04\/21\/coffea-stenophylla-podria-salvar-la-produccio-mundial-de-cafe\/"]}]},{"@type":"ImageObject","inLanguage":"es","@id":"https:\/\/gremicafe.cat\/2021\/04\/21\/coffea-stenophylla-podria-salvar-la-produccio-mundial-de-cafe\/#primaryimage","url":"https:\/\/gremicafe.cat\/wp-content\/uploads\/2021\/04\/Coffea-stenophylla-gremi-cafe.jpeg","contentUrl":"https:\/\/gremicafe.cat\/wp-content\/uploads\/2021\/04\/Coffea-stenophylla-gremi-cafe.jpeg","width":800,"height":450,"caption":"Coffea stenophylla"},{"@type":"BreadcrumbList","@id":"https:\/\/gremicafe.cat\/2021\/04\/21\/coffea-stenophylla-podria-salvar-la-produccio-mundial-de-cafe\/#breadcrumb","itemListElement":[{"@type":"ListItem","position":1,"name":"Inici","item":"https:\/\/gremicafe.cat\/"},{"@type":"ListItem","position":2,"name":"Coffea stenophylla, la planta de caf\u00e8 que podria salvar la producci\u00f3 mundial del futur"}]},{"@type":"WebSite","@id":"https:\/\/gremicafe.cat\/#website","url":"https:\/\/gremicafe.cat\/","name":"Gremio del Caf\u00e9, tostadores de Catalu\u00f1a","description":"Web oficial del gremio de tostadores de caf\u00e9 de Catalunya","publisher":{"@id":"https:\/\/gremicafe.cat\/#organization"},"potentialAction":[{"@type":"SearchAction","target":{"@type":"EntryPoint","urlTemplate":"https:\/\/gremicafe.cat\/?s={search_term_string}"},"query-input":{"@type":"PropertyValueSpecification","valueRequired":true,"valueName":"search_term_string"}}],"inLanguage":"es"},{"@type":"Organization","@id":"https:\/\/gremicafe.cat\/#organization","name":"Gremio del Caf\u00e9, Tostadores de Catalu\u00f1a","url":"https:\/\/gremicafe.cat\/","logo":{"@type":"ImageObject","inLanguage":"es","@id":"https:\/\/gremicafe.cat\/#\/schema\/logo\/image\/","url":"https:\/\/gremicafe.cat\/wp-content\/uploads\/2018\/03\/gremicafe-logo250.png","contentUrl":"https:\/\/gremicafe.cat\/wp-content\/uploads\/2018\/03\/gremicafe-logo250.png","width":250,"height":49,"caption":"Gremi del Caf\u00e8, Torradors de Catalunya"},"image":{"@id":"https:\/\/gremicafe.cat\/#\/schema\/logo\/image\/"},"sameAs":["https:\/\/www.facebook.com\/gremicafecat","https:\/\/x.com\/gremicafecat","https:\/\/www.instagram.com\/gremicafecat\/","https:\/\/www.pinterest.es\/gremicafecat\/","https:\/\/www.youtube.com\/channel\/UCGLo5Y35vLwLvP4FrPZrCrw\/"]},{"@type":"Person","@id":"https:\/\/gremicafe.cat\/#\/schema\/person\/dabfdbb3d0fa36260855a380f94e4733","name":"gremicafe","image":{"@type":"ImageObject","inLanguage":"es","@id":"https:\/\/gremicafe.cat\/#\/schema\/person\/image\/","url":"https:\/\/secure.gravatar.com\/avatar\/e59baa4ca8f6f97576d6375fb6d3c8f0?s=96&d=mm&r=g","contentUrl":"https:\/\/secure.gravatar.com\/avatar\/e59baa4ca8f6f97576d6375fb6d3c8f0?s=96&d=mm&r=g","caption":"gremicafe"}}]}},"_links":{"self":[{"href":"https:\/\/gremicafe.cat\/es\/wp-json\/wp\/v2\/posts\/5919"}],"collection":[{"href":"https:\/\/gremicafe.cat\/es\/wp-json\/wp\/v2\/posts"}],"about":[{"href":"https:\/\/gremicafe.cat\/es\/wp-json\/wp\/v2\/types\/post"}],"author":[{"embeddable":true,"href":"https:\/\/gremicafe.cat\/es\/wp-json\/wp\/v2\/users\/1"}],"replies":[{"embeddable":true,"href":"https:\/\/gremicafe.cat\/es\/wp-json\/wp\/v2\/comments?post=5919"}],"version-history":[{"count":0,"href":"https:\/\/gremicafe.cat\/es\/wp-json\/wp\/v2\/posts\/5919\/revisions"}],"wp:featuredmedia":[{"embeddable":true,"href":"https:\/\/gremicafe.cat\/es\/wp-json\/wp\/v2\/media\/5920"}],"wp:attachment":[{"href":"https:\/\/gremicafe.cat\/es\/wp-json\/wp\/v2\/media?parent=5919"}],"wp:term":[{"taxonomy":"category","embeddable":true,"href":"https:\/\/gremicafe.cat\/es\/wp-json\/wp\/v2\/categories?post=5919"},{"taxonomy":"post_tag","embeddable":true,"href":"https:\/\/gremicafe.cat\/es\/wp-json\/wp\/v2\/tags?post=5919"}],"curies":[{"name":"wp","href":"https:\/\/api.w.org\/{rel}","templated":true}]}}