{"id":5955,"date":"2021-06-02T13:27:26","date_gmt":"2021-06-02T11:27:26","guid":{"rendered":"https:\/\/gremicafe.cat\/?p=5955"},"modified":"2021-06-02T13:27:26","modified_gmt":"2021-06-02T11:27:26","slug":"cases-prefabricades-amb-closques-de-cafe-i-plastic-reciclat","status":"publish","type":"post","link":"https:\/\/gremicafe.cat\/es\/2021\/06\/02\/cases-prefabricades-amb-closques-de-cafe-i-plastic-reciclat\/","title":{"rendered":"Casas prefabricadas con c\u00e1scaras de caf\u00e9 y pl\u00e1stico reciclado"},"content":{"rendered":"<p><img loading=\"lazy\" decoding=\"async\" class=\"aligncenter size-full wp-image-5956\" src=\"https:\/\/gremicafe.cat\/wp-content\/uploads\/2021\/06\/casa-prefabricada-closques-cafe.jpeg\" alt=\"\" width=\"876\" height=\"583\" srcset=\"https:\/\/gremicafe.cat\/wp-content\/uploads\/2021\/06\/casa-prefabricada-closques-cafe.jpeg 876w, https:\/\/gremicafe.cat\/wp-content\/uploads\/2021\/06\/casa-prefabricada-closques-cafe-768x511.jpeg 768w\" sizes=\"(max-width: 876px) 100vw, 876px\" \/><\/p>\n<p>&nbsp;<\/p>\n<p>Una startup colombiana ha incorporado los caparazones de caf\u00e9 como materia prima para la construcci\u00f3n de casas prefabricadas ligeras.<\/p>\n<p>Aprovechando que <strong>Colombia es el mayor exportador de caf\u00e9 a nivel mundial<\/strong>, la empresa colombiana <strong>Fast Company<\/strong>, ha encontrado un uso en el residuo que se genera durante el proceso de tostado para fabricar su propio material.<\/p>\n<p>Las casas prefabricadas son resistentes por \u00e9ste <strong>material h\u00edbrido de c\u00e1scaras de caf\u00e9 combinadas con pl\u00e1stico reciclado<\/strong>. El material es ligero, ign\u00edfugo, duradero y resistente a los insectos.<\/p>\n<p>Las estructuras resultantes pueden ser utilizadas por peque\u00f1os <strong>viviendas o almacenes<\/strong>. Son econ\u00f3micas y pueden construirse en una semana en zonas afectadas por desastres naturales, \u00e1reas rurales y regiones con ingresos bajos.<\/p>\n<p>Alejandro Franco, el directivo ejecutivo de la startup, explicaba que el proceso de encontrar el material id\u00f3neo no fue f\u00e1cil. Antes de encontrarse con los caparazones de caf\u00e9, probaron con diferentes fibras naturales, desde serr\u00edn y arroz hasta hierba y fibra de palma, combinadas con diferentes tipos de pl\u00e1stico reciclado. Finalmente se opt\u00f3 por el caparaz\u00f3n de caf\u00e9, ya que es <strong>m\u00e1s fuerte y seco que las dem\u00e1s fibras<\/strong>.<\/p>\n<div class=\"traductor-checkbox form-group\">\n<div class=\"row\">\n<div class=\"col-sm-offset-2 col-sm-5\">Una forma sostenible de reducir los residuos procedentes del proceso de tostado y facilitar opciones de viviendas econ\u00f3micas y en zonas alejadas o en peligro.<\/div>\n<\/div>\n<\/div>\n<p>&nbsp;<\/p>\n<p>Fuente foto y noticia: <a href=\"https:\/\/www.businessinsider.es\/startup-usa-cascaras-cafe-plastico-reciclado-casas-prefabricadas-873763?utm_source=Whatsapp&amp;utm_medium=referral&amp;utm_campaign=Botones_sociales\" target=\"_blank\" rel=\"noopener\">Business Insider<\/a><\/p>","protected":false},"excerpt":{"rendered":"<p>&nbsp; Una startup colombiana ha incorporat les closques de caf\u00e8 com a mat\u00e8ria primera per la construcci\u00f3 de cases prefabricades lleugeres. Aprofitant que Col\u00f2mbia \u00e9s el major exportador de caf\u00e8 en l&#8217;\u00e0mbit mundial,\u00a0 l&#8217;empresa colombiana Fast Company, ha trobat un \u00fas al residu que es genera durant el proc\u00e9s de torrat per fabricar el seu [&hellip;]<\/p>\n","protected":false},"author":1,"featured_media":5956,"comment_status":"closed","ping_status":"open","sticky":false,"template":"","format":"standard","meta":{"_acf_changed":false,"inline_featured_image":false,"footnotes":""},"categories":[1],"tags":[],"class_list":["post-5955","post","type-post","status-publish","format-standard","has-post-thumbnail","hentry","category-noticies"],"acf":[],"yoast_head":"<!-- This site is optimized with the Yoast SEO plugin v25.5 - https:\/\/yoast.com\/wordpress\/plugins\/seo\/ -->\n<title>Cases prefabricades amb closques de caf\u00e8 i pl\u00e0stic reciclat - Gremi del Caf\u00e8, torradors de Catalunya<\/title>\n<meta name=\"robots\" content=\"index, follow, max-snippet:-1, max-image-preview:large, max-video-preview:-1\" \/>\n<link rel=\"canonical\" href=\"https:\/\/gremicafe.cat\/es\/2021\/06\/02\/cases-prefabricades-amb-closques-de-cafe-i-plastic-reciclat\/\" \/>\n<meta property=\"og:locale\" content=\"es_ES\" \/>\n<meta property=\"og:type\" content=\"article\" \/>\n<meta property=\"og:title\" content=\"Cases prefabricades amb closques de caf\u00e8 i pl\u00e0stic reciclat - Gremi del Caf\u00e8, torradors de Catalunya\" \/>\n<meta property=\"og:description\" content=\"&nbsp; Una startup colombiana ha incorporat les closques de caf\u00e8 com a mat\u00e8ria primera per la construcci\u00f3 de cases prefabricades lleugeres. Aprofitant que Col\u00f2mbia \u00e9s el major exportador de caf\u00e8 en l&#8217;\u00e0mbit mundial,\u00a0 l&#8217;empresa colombiana Fast Company, ha trobat un \u00fas al residu que es genera durant el proc\u00e9s de torrat per fabricar el seu [&hellip;]\" \/>\n<meta property=\"og:url\" content=\"https:\/\/gremicafe.cat\/es\/2021\/06\/02\/cases-prefabricades-amb-closques-de-cafe-i-plastic-reciclat\/\" \/>\n<meta property=\"og:site_name\" content=\"Gremi del Caf\u00e8, torradors de Catalunya\" \/>\n<meta property=\"article:publisher\" content=\"https:\/\/www.facebook.com\/gremicafecat\" \/>\n<meta property=\"article:published_time\" content=\"2021-06-02T11:27:26+00:00\" \/>\n<meta property=\"og:image\" content=\"https:\/\/gremicafe.cat\/wp-content\/uploads\/2021\/06\/casa-prefabricada-closques-cafe.jpeg\" \/>\n\t<meta property=\"og:image:width\" content=\"876\" \/>\n\t<meta property=\"og:image:height\" content=\"583\" \/>\n\t<meta property=\"og:image:type\" content=\"image\/jpeg\" \/>\n<meta name=\"author\" content=\"gremicafe\" \/>\n<meta name=\"twitter:card\" content=\"summary_large_image\" \/>\n<meta name=\"twitter:creator\" content=\"@gremicafecat\" \/>\n<meta name=\"twitter:site\" content=\"@gremicafecat\" \/>\n<meta name=\"twitter:label1\" content=\"Escrito por\" \/>\n\t<meta name=\"twitter:data1\" content=\"gremicafe\" \/>\n\t<meta name=\"twitter:label2\" content=\"Tiempo de lectura\" \/>\n\t<meta name=\"twitter:data2\" content=\"2 minutos\" \/>\n<script type=\"application\/ld+json\" class=\"yoast-schema-graph\">{\"@context\":\"https:\/\/schema.org\",\"@graph\":[{\"@type\":\"Article\",\"@id\":\"https:\/\/gremicafe.cat\/2021\/06\/02\/cases-prefabricades-amb-closques-de-cafe-i-plastic-reciclat\/#article\",\"isPartOf\":{\"@id\":\"https:\/\/gremicafe.cat\/2021\/06\/02\/cases-prefabricades-amb-closques-de-cafe-i-plastic-reciclat\/\"},\"author\":{\"name\":\"gremicafe\",\"@id\":\"https:\/\/gremicafe.cat\/#\/schema\/person\/dabfdbb3d0fa36260855a380f94e4733\"},\"headline\":\"Cases prefabricades amb closques de caf\u00e8 i pl\u00e0stic reciclat\",\"datePublished\":\"2021-06-02T11:27:26+00:00\",\"mainEntityOfPage\":{\"@id\":\"https:\/\/gremicafe.cat\/2021\/06\/02\/cases-prefabricades-amb-closques-de-cafe-i-plastic-reciclat\/\"},\"wordCount\":252,\"publisher\":{\"@id\":\"https:\/\/gremicafe.cat\/#organization\"},\"image\":{\"@id\":\"https:\/\/gremicafe.cat\/2021\/06\/02\/cases-prefabricades-amb-closques-de-cafe-i-plastic-reciclat\/#primaryimage\"},\"thumbnailUrl\":\"https:\/\/gremicafe.cat\/wp-content\/uploads\/2021\/06\/casa-prefabricada-closques-cafe.jpeg\",\"articleSection\":[\"Not\u00edcies\"],\"inLanguage\":\"es\"},{\"@type\":\"WebPage\",\"@id\":\"https:\/\/gremicafe.cat\/2021\/06\/02\/cases-prefabricades-amb-closques-de-cafe-i-plastic-reciclat\/\",\"url\":\"https:\/\/gremicafe.cat\/2021\/06\/02\/cases-prefabricades-amb-closques-de-cafe-i-plastic-reciclat\/\",\"name\":\"Cases prefabricades amb closques de caf\u00e8 i pl\u00e0stic reciclat - Gremi del Caf\u00e8, torradors de Catalunya\",\"isPartOf\":{\"@id\":\"https:\/\/gremicafe.cat\/#website\"},\"primaryImageOfPage\":{\"@id\":\"https:\/\/gremicafe.cat\/2021\/06\/02\/cases-prefabricades-amb-closques-de-cafe-i-plastic-reciclat\/#primaryimage\"},\"image\":{\"@id\":\"https:\/\/gremicafe.cat\/2021\/06\/02\/cases-prefabricades-amb-closques-de-cafe-i-plastic-reciclat\/#primaryimage\"},\"thumbnailUrl\":\"https:\/\/gremicafe.cat\/wp-content\/uploads\/2021\/06\/casa-prefabricada-closques-cafe.jpeg\",\"datePublished\":\"2021-06-02T11:27:26+00:00\",\"breadcrumb\":{\"@id\":\"https:\/\/gremicafe.cat\/2021\/06\/02\/cases-prefabricades-amb-closques-de-cafe-i-plastic-reciclat\/#breadcrumb\"},\"inLanguage\":\"es\",\"potentialAction\":[{\"@type\":\"ReadAction\",\"target\":[\"https:\/\/gremicafe.cat\/2021\/06\/02\/cases-prefabricades-amb-closques-de-cafe-i-plastic-reciclat\/\"]}]},{\"@type\":\"ImageObject\",\"inLanguage\":\"es\",\"@id\":\"https:\/\/gremicafe.cat\/2021\/06\/02\/cases-prefabricades-amb-closques-de-cafe-i-plastic-reciclat\/#primaryimage\",\"url\":\"https:\/\/gremicafe.cat\/wp-content\/uploads\/2021\/06\/casa-prefabricada-closques-cafe.jpeg\",\"contentUrl\":\"https:\/\/gremicafe.cat\/wp-content\/uploads\/2021\/06\/casa-prefabricada-closques-cafe.jpeg\",\"width\":876,\"height\":583,\"caption\":\"casa prefabricada closques cafe\"},{\"@type\":\"BreadcrumbList\",\"@id\":\"https:\/\/gremicafe.cat\/2021\/06\/02\/cases-prefabricades-amb-closques-de-cafe-i-plastic-reciclat\/#breadcrumb\",\"itemListElement\":[{\"@type\":\"ListItem\",\"position\":1,\"name\":\"Inici\",\"item\":\"https:\/\/gremicafe.cat\/\"},{\"@type\":\"ListItem\",\"position\":2,\"name\":\"Cases prefabricades amb closques de caf\u00e8 i pl\u00e0stic reciclat\"}]},{\"@type\":\"WebSite\",\"@id\":\"https:\/\/gremicafe.cat\/#website\",\"url\":\"https:\/\/gremicafe.cat\/\",\"name\":\"Gremi del Caf\u00e8, torradors de Catalunya\",\"description\":\"Web oficial del gremi de torradors de caf\u00e8 de Catalunya\",\"publisher\":{\"@id\":\"https:\/\/gremicafe.cat\/#organization\"},\"potentialAction\":[{\"@type\":\"SearchAction\",\"target\":{\"@type\":\"EntryPoint\",\"urlTemplate\":\"https:\/\/gremicafe.cat\/?s={search_term_string}\"},\"query-input\":{\"@type\":\"PropertyValueSpecification\",\"valueRequired\":true,\"valueName\":\"search_term_string\"}}],\"inLanguage\":\"es\"},{\"@type\":\"Organization\",\"@id\":\"https:\/\/gremicafe.cat\/#organization\",\"name\":\"Gremi del Caf\u00e8, Torradors de Catalunya\",\"url\":\"https:\/\/gremicafe.cat\/\",\"logo\":{\"@type\":\"ImageObject\",\"inLanguage\":\"es\",\"@id\":\"https:\/\/gremicafe.cat\/#\/schema\/logo\/image\/\",\"url\":\"https:\/\/gremicafe.cat\/wp-content\/uploads\/2018\/03\/gremicafe-logo250.png\",\"contentUrl\":\"https:\/\/gremicafe.cat\/wp-content\/uploads\/2018\/03\/gremicafe-logo250.png\",\"width\":250,\"height\":49,\"caption\":\"Gremi del Caf\u00e8, Torradors de Catalunya\"},\"image\":{\"@id\":\"https:\/\/gremicafe.cat\/#\/schema\/logo\/image\/\"},\"sameAs\":[\"https:\/\/www.facebook.com\/gremicafecat\",\"https:\/\/x.com\/gremicafecat\",\"https:\/\/www.instagram.com\/gremicafecat\/\",\"https:\/\/www.pinterest.es\/gremicafecat\/\",\"https:\/\/www.youtube.com\/channel\/UCGLo5Y35vLwLvP4FrPZrCrw\/\"]},{\"@type\":\"Person\",\"@id\":\"https:\/\/gremicafe.cat\/#\/schema\/person\/dabfdbb3d0fa36260855a380f94e4733\",\"name\":\"gremicafe\",\"image\":{\"@type\":\"ImageObject\",\"inLanguage\":\"es\",\"@id\":\"https:\/\/gremicafe.cat\/#\/schema\/person\/image\/\",\"url\":\"https:\/\/secure.gravatar.com\/avatar\/e59baa4ca8f6f97576d6375fb6d3c8f0?s=96&d=mm&r=g\",\"contentUrl\":\"https:\/\/secure.gravatar.com\/avatar\/e59baa4ca8f6f97576d6375fb6d3c8f0?s=96&d=mm&r=g\",\"caption\":\"gremicafe\"}}]}<\/script>\n<!-- \/ Yoast SEO plugin. -->","yoast_head_json":{"title":"Cases prefabricades amb closques de caf\u00e8 i pl\u00e0stic reciclat - Gremi del Caf\u00e8, torradors de Catalunya","robots":{"index":"index","follow":"follow","max-snippet":"max-snippet:-1","max-image-preview":"max-image-preview:large","max-video-preview":"max-video-preview:-1"},"canonical":"https:\/\/gremicafe.cat\/es\/2021\/06\/02\/cases-prefabricades-amb-closques-de-cafe-i-plastic-reciclat\/","og_locale":"es_ES","og_type":"article","og_title":"Cases prefabricades amb closques de caf\u00e8 i pl\u00e0stic reciclat - Gremi del Caf\u00e8, torradors de Catalunya","og_description":"&nbsp; Una startup colombiana ha incorporat les closques de caf\u00e8 com a mat\u00e8ria primera per la construcci\u00f3 de cases prefabricades lleugeres. Aprofitant que Col\u00f2mbia \u00e9s el major exportador de caf\u00e8 en l&#8217;\u00e0mbit mundial,\u00a0 l&#8217;empresa colombiana Fast Company, ha trobat un \u00fas al residu que es genera durant el proc\u00e9s de torrat per fabricar el seu [&hellip;]","og_url":"https:\/\/gremicafe.cat\/es\/2021\/06\/02\/cases-prefabricades-amb-closques-de-cafe-i-plastic-reciclat\/","og_site_name":"Gremi del Caf\u00e8, torradors de Catalunya","article_publisher":"https:\/\/www.facebook.com\/gremicafecat","article_published_time":"2021-06-02T11:27:26+00:00","og_image":[{"width":876,"height":583,"url":"https:\/\/gremicafe.cat\/wp-content\/uploads\/2021\/06\/casa-prefabricada-closques-cafe.jpeg","type":"image\/jpeg"}],"author":"gremicafe","twitter_card":"summary_large_image","twitter_creator":"@gremicafecat","twitter_site":"@gremicafecat","twitter_misc":{"Escrito por":"gremicafe","Tiempo de lectura":"2 minutos"},"schema":{"@context":"https:\/\/schema.org","@graph":[{"@type":"Article","@id":"https:\/\/gremicafe.cat\/2021\/06\/02\/cases-prefabricades-amb-closques-de-cafe-i-plastic-reciclat\/#article","isPartOf":{"@id":"https:\/\/gremicafe.cat\/2021\/06\/02\/cases-prefabricades-amb-closques-de-cafe-i-plastic-reciclat\/"},"author":{"name":"gremicafe","@id":"https:\/\/gremicafe.cat\/#\/schema\/person\/dabfdbb3d0fa36260855a380f94e4733"},"headline":"Cases prefabricades amb closques de caf\u00e8 i pl\u00e0stic reciclat","datePublished":"2021-06-02T11:27:26+00:00","mainEntityOfPage":{"@id":"https:\/\/gremicafe.cat\/2021\/06\/02\/cases-prefabricades-amb-closques-de-cafe-i-plastic-reciclat\/"},"wordCount":252,"publisher":{"@id":"https:\/\/gremicafe.cat\/#organization"},"image":{"@id":"https:\/\/gremicafe.cat\/2021\/06\/02\/cases-prefabricades-amb-closques-de-cafe-i-plastic-reciclat\/#primaryimage"},"thumbnailUrl":"https:\/\/gremicafe.cat\/wp-content\/uploads\/2021\/06\/casa-prefabricada-closques-cafe.jpeg","articleSection":["Not\u00edcies"],"inLanguage":"es"},{"@type":"WebPage","@id":"https:\/\/gremicafe.cat\/2021\/06\/02\/cases-prefabricades-amb-closques-de-cafe-i-plastic-reciclat\/","url":"https:\/\/gremicafe.cat\/2021\/06\/02\/cases-prefabricades-amb-closques-de-cafe-i-plastic-reciclat\/","name":"Cases prefabricades amb closques de caf\u00e8 i pl\u00e0stic reciclat - Gremi del Caf\u00e8, torradors de Catalunya","isPartOf":{"@id":"https:\/\/gremicafe.cat\/#website"},"primaryImageOfPage":{"@id":"https:\/\/gremicafe.cat\/2021\/06\/02\/cases-prefabricades-amb-closques-de-cafe-i-plastic-reciclat\/#primaryimage"},"image":{"@id":"https:\/\/gremicafe.cat\/2021\/06\/02\/cases-prefabricades-amb-closques-de-cafe-i-plastic-reciclat\/#primaryimage"},"thumbnailUrl":"https:\/\/gremicafe.cat\/wp-content\/uploads\/2021\/06\/casa-prefabricada-closques-cafe.jpeg","datePublished":"2021-06-02T11:27:26+00:00","breadcrumb":{"@id":"https:\/\/gremicafe.cat\/2021\/06\/02\/cases-prefabricades-amb-closques-de-cafe-i-plastic-reciclat\/#breadcrumb"},"inLanguage":"es","potentialAction":[{"@type":"ReadAction","target":["https:\/\/gremicafe.cat\/2021\/06\/02\/cases-prefabricades-amb-closques-de-cafe-i-plastic-reciclat\/"]}]},{"@type":"ImageObject","inLanguage":"es","@id":"https:\/\/gremicafe.cat\/2021\/06\/02\/cases-prefabricades-amb-closques-de-cafe-i-plastic-reciclat\/#primaryimage","url":"https:\/\/gremicafe.cat\/wp-content\/uploads\/2021\/06\/casa-prefabricada-closques-cafe.jpeg","contentUrl":"https:\/\/gremicafe.cat\/wp-content\/uploads\/2021\/06\/casa-prefabricada-closques-cafe.jpeg","width":876,"height":583,"caption":"casa prefabricada closques cafe"},{"@type":"BreadcrumbList","@id":"https:\/\/gremicafe.cat\/2021\/06\/02\/cases-prefabricades-amb-closques-de-cafe-i-plastic-reciclat\/#breadcrumb","itemListElement":[{"@type":"ListItem","position":1,"name":"Inici","item":"https:\/\/gremicafe.cat\/"},{"@type":"ListItem","position":2,"name":"Cases prefabricades amb closques de caf\u00e8 i pl\u00e0stic reciclat"}]},{"@type":"WebSite","@id":"https:\/\/gremicafe.cat\/#website","url":"https:\/\/gremicafe.cat\/","name":"Gremio del Caf\u00e9, tostadores de Catalu\u00f1a","description":"Web oficial del gremio de tostadores de caf\u00e9 de Catalunya","publisher":{"@id":"https:\/\/gremicafe.cat\/#organization"},"potentialAction":[{"@type":"SearchAction","target":{"@type":"EntryPoint","urlTemplate":"https:\/\/gremicafe.cat\/?s={search_term_string}"},"query-input":{"@type":"PropertyValueSpecification","valueRequired":true,"valueName":"search_term_string"}}],"inLanguage":"es"},{"@type":"Organization","@id":"https:\/\/gremicafe.cat\/#organization","name":"Gremio del Caf\u00e9, Tostadores de Catalu\u00f1a","url":"https:\/\/gremicafe.cat\/","logo":{"@type":"ImageObject","inLanguage":"es","@id":"https:\/\/gremicafe.cat\/#\/schema\/logo\/image\/","url":"https:\/\/gremicafe.cat\/wp-content\/uploads\/2018\/03\/gremicafe-logo250.png","contentUrl":"https:\/\/gremicafe.cat\/wp-content\/uploads\/2018\/03\/gremicafe-logo250.png","width":250,"height":49,"caption":"Gremi del Caf\u00e8, Torradors de Catalunya"},"image":{"@id":"https:\/\/gremicafe.cat\/#\/schema\/logo\/image\/"},"sameAs":["https:\/\/www.facebook.com\/gremicafecat","https:\/\/x.com\/gremicafecat","https:\/\/www.instagram.com\/gremicafecat\/","https:\/\/www.pinterest.es\/gremicafecat\/","https:\/\/www.youtube.com\/channel\/UCGLo5Y35vLwLvP4FrPZrCrw\/"]},{"@type":"Person","@id":"https:\/\/gremicafe.cat\/#\/schema\/person\/dabfdbb3d0fa36260855a380f94e4733","name":"gremicafe","image":{"@type":"ImageObject","inLanguage":"es","@id":"https:\/\/gremicafe.cat\/#\/schema\/person\/image\/","url":"https:\/\/secure.gravatar.com\/avatar\/e59baa4ca8f6f97576d6375fb6d3c8f0?s=96&d=mm&r=g","contentUrl":"https:\/\/secure.gravatar.com\/avatar\/e59baa4ca8f6f97576d6375fb6d3c8f0?s=96&d=mm&r=g","caption":"gremicafe"}}]}},"_links":{"self":[{"href":"https:\/\/gremicafe.cat\/es\/wp-json\/wp\/v2\/posts\/5955"}],"collection":[{"href":"https:\/\/gremicafe.cat\/es\/wp-json\/wp\/v2\/posts"}],"about":[{"href":"https:\/\/gremicafe.cat\/es\/wp-json\/wp\/v2\/types\/post"}],"author":[{"embeddable":true,"href":"https:\/\/gremicafe.cat\/es\/wp-json\/wp\/v2\/users\/1"}],"replies":[{"embeddable":true,"href":"https:\/\/gremicafe.cat\/es\/wp-json\/wp\/v2\/comments?post=5955"}],"version-history":[{"count":0,"href":"https:\/\/gremicafe.cat\/es\/wp-json\/wp\/v2\/posts\/5955\/revisions"}],"wp:featuredmedia":[{"embeddable":true,"href":"https:\/\/gremicafe.cat\/es\/wp-json\/wp\/v2\/media\/5956"}],"wp:attachment":[{"href":"https:\/\/gremicafe.cat\/es\/wp-json\/wp\/v2\/media?parent=5955"}],"wp:term":[{"taxonomy":"category","embeddable":true,"href":"https:\/\/gremicafe.cat\/es\/wp-json\/wp\/v2\/categories?post=5955"},{"taxonomy":"post_tag","embeddable":true,"href":"https:\/\/gremicafe.cat\/es\/wp-json\/wp\/v2\/tags?post=5955"}],"curies":[{"name":"wp","href":"https:\/\/api.w.org\/{rel}","templated":true}]}}