{"id":5958,"date":"2021-06-03T12:44:12","date_gmt":"2021-06-03T10:44:12","guid":{"rendered":"https:\/\/gremicafe.cat\/?p=5958"},"modified":"2021-06-03T13:12:53","modified_gmt":"2021-06-03T11:12:53","slug":"xavier-de-erausquin-de-bracafe-nou-president-del-gremi-del-cafe-de-catalunya","status":"publish","type":"post","link":"https:\/\/gremicafe.cat\/es\/2021\/06\/03\/xavier-de-erausquin-de-bracafe-nou-president-del-gremi-del-cafe-de-catalunya\/","title":{"rendered":"Xavier de Erausquin, de BRACAF\u00c9, nuevo presidente del Gremio del Caf\u00e9 de Catalunya"},"content":{"rendered":"<p><img loading=\"lazy\" decoding=\"async\" class=\"aligncenter size-full wp-image-5960\" src=\"https:\/\/gremicafe.cat\/wp-content\/uploads\/2021\/06\/nou-president-gremi-cafe-catalunya-2021-scaled.jpg\" alt=\"\" width=\"2560\" height=\"1920\" srcset=\"https:\/\/gremicafe.cat\/wp-content\/uploads\/2021\/06\/nou-president-gremi-cafe-catalunya-2021-scaled.jpg 2560w, https:\/\/gremicafe.cat\/wp-content\/uploads\/2021\/06\/nou-president-gremi-cafe-catalunya-2021-768x576.jpg 768w, https:\/\/gremicafe.cat\/wp-content\/uploads\/2021\/06\/nou-president-gremi-cafe-catalunya-2021-1536x1152.jpg 1536w, https:\/\/gremicafe.cat\/wp-content\/uploads\/2021\/06\/nou-president-gremi-cafe-catalunya-2021-2048x1536.jpg 2048w, https:\/\/gremicafe.cat\/wp-content\/uploads\/2021\/06\/nou-president-gremi-cafe-catalunya-2021-960x720.jpg 960w\" sizes=\"(max-width: 2560px) 100vw, 2560px\" \/><\/p>\n<p>&nbsp;<\/p>\n<p><strong>L<\/strong><strong>&#039;Asamblea del Gremio de Tostadores de Caf\u00e9 de Catalunya aprob\u00f3 la candidatura presentada por Xavier de Erausquin, de Bracaf\u00e9, <\/strong><strong>por los pr<\/strong><strong>\u00f2<\/strong><strong>dos a\u00f1os ante el Gremio.<\/strong><\/p>\n<p><strong>Xavier de Erausquin releva a Llu\u00eds Saula que lo ha sido en los \u00faltimos dos a\u00f1os.<\/strong><\/p>\n<p><strong>La Asamblea manifiesta su preocupaci\u00f3n por la lenta remontada de las ventas del sector, despu\u00e9s de meses de baja <\/strong><strong>o nulo<\/strong><strong>\u00b7<\/strong><strong>la <\/strong><strong>activado de la restauraci\u00f3n en Catalu\u00f1a.<\/strong><\/p>\n<p><strong>El Gremio del Caf\u00e9 reclama a la Generalitat que e<\/strong><strong>los bares, restaurantes y locales de<\/strong><strong>ocio nocturno recuperen el<\/strong><strong>aforo y los horarios que precisan para trabajar y<\/strong><strong>\u00f1arse la vida.<\/strong><\/p>\n<p>&nbsp;<\/p>\n<p>El pasado lunes se celebr\u00f3 en Barcelona la Asamblea Ordinaria del Gremio de Tostadores de Caf\u00e9 de Catalunya, Gremio del Caf\u00e9 presidida por Llu\u00eds Saula, presidente de la entidad. Durante el acto se repasaron las actividades del Gremio correspondientes a los ejercicios 2019 y 2020, se aprob\u00f3 el plan de acciones para 2021 y varios puntos del orden del d\u00eda que inclu\u00eda una modificaci\u00f3n de los estatutos de la entidad. Tambi\u00e9n se aprob\u00f3 la continuidad del grupo de compra agregada de energ\u00eda del Gremio del Caf\u00e9, y avanzar en los proyectos de econom\u00eda circular que est\u00e1n en estudio.<\/p>\n<p>En el punto correspondiente del orden del d\u00eda se procedi\u00f3 a la votaci\u00f3n y elecci\u00f3n del nuevo presidente y de la Junta Directiva que le acompa\u00f1ar\u00e1 en los pr\u00f3ximos dos a\u00f1os. El acto de toma de posesi\u00f3n lo presidi\u00f3 Llu\u00eds Saula, presidente saliente.<\/p>\n<p>La junta est\u00e1 compuesta por:<\/p>\n<ul>\n<li>Presidente: Xavier de Erausquin de HERMAN DE ERAUSQUIN,SA \u2013 BRACAF\u00c9<\/li>\n<li>Vicepresidente: Francesc Vitoria de CAF\u00c9S VITORIA, SL<\/li>\n<li>Secretario: Carlos G\u00f3tor de INCAFHISA\/CAF\u00c9S BOU<\/li>\n<li>Tesorero: Juli\u00e1n Marcilla de AGR\u00cdCOLA MARCILLA, SL-DIBARCAF\u00c9-<\/li>\n<li>Vocal: Ramon Novell de CAF\u00c8SNOVELL, SA<\/li>\n<li>Vocal: Ramon Batalla de CAF\u00c9S BATALLA 2000,SL<\/li>\n<li>Vocal: Don Antoni Riera de CAF\u00c8S TUPINAMBA,SA<\/li>\n<li>Vocal: Juan Gener de CAF\u00c9S ENERO, SL<\/li>\n<li>Vocal: Ra\u00fcl Pont de CAF\u00c9S PONT<\/li>\n<li>Vocal: Beatriz Mesas de CAF\u00c9S CIANO<\/li>\n<li>Vocal: Luis Saula de CAF\u00c9S SAULA, SA<\/li>\n<\/ul>\n<p>&nbsp;<\/p>\n<p><img loading=\"lazy\" decoding=\"async\" class=\"aligncenter size-full wp-image-5959\" src=\"https:\/\/gremicafe.cat\/wp-content\/uploads\/2021\/06\/Nova-junta-gremi-cafe-catalunya-2021-scaled.jpg\" alt=\"\" width=\"2560\" height=\"1920\" srcset=\"https:\/\/gremicafe.cat\/wp-content\/uploads\/2021\/06\/Nova-junta-gremi-cafe-catalunya-2021-scaled.jpg 2560w, https:\/\/gremicafe.cat\/wp-content\/uploads\/2021\/06\/Nova-junta-gremi-cafe-catalunya-2021-768x576.jpg 768w, https:\/\/gremicafe.cat\/wp-content\/uploads\/2021\/06\/Nova-junta-gremi-cafe-catalunya-2021-1536x1152.jpg 1536w, https:\/\/gremicafe.cat\/wp-content\/uploads\/2021\/06\/Nova-junta-gremi-cafe-catalunya-2021-2048x1536.jpg 2048w, https:\/\/gremicafe.cat\/wp-content\/uploads\/2021\/06\/Nova-junta-gremi-cafe-catalunya-2021-960x720.jpg 960w\" sizes=\"(max-width: 2560px) 100vw, 2560px\" \/><\/p>\n<p>&nbsp;<\/p>\n<p>Asimismo se puso de manifiesto el malestar del sector debido a la pandemia del Covid-19 que ha detenido la actividad de la hosteler\u00eda y de la restauraci\u00f3n, principales clientes de las empresas tostadoras de caf\u00e9. A consecuencia de las decisiones sanitarias, las empresas del Gremio han visto mermadas sus ventas, y obligados a mantener buena parte de la plantilla en ERTO.<\/p>\n<p>Por unanimidad se acord\u00f3 hacer un ruego desde el Gremio del Caf\u00e9 al Gobierno de la Generalidad de Catalu\u00f1a, con el fin de que los bares, restaurantes y locales de ocio nocturno recuperen el aforo y los horarios que precisan para trabajar y ganarse la vida.<\/p>\n<p>En este sentido, el nuevo presidente del Gremio del Caf\u00e9, Xavier de Erausquin manifest\u00f3: <strong>\u201cDeseamos, URGENTEMENTE, formar parte de una nueva normalidad en nuestro trabajo, de poder disfrutar, con todas las precauciones necesarias, de un caf\u00e9<\/strong><strong>\u00e8 <\/strong><strong>de proximidad a los sitios habituales. Tenemos ganas de poder ofrecer nuestro mejor caf\u00e9<\/strong><strong>\u00e8<\/strong><strong>, reci\u00e9n tostado; tenemos ganas de volver a vender caf\u00e9<\/strong><strong>\u00e8<\/strong><strong>.\u201d<\/strong><\/p>\n<p>Entre otros temas, se presentaron los resultados de la campa\u00f1a publicitaria La Tienda de Caf\u00e9 m\u00e1s Grande de Catalunya y se aprob\u00f3 la continuidad de la campa\u00f1a de cara al 2021.<\/p>\n<p>&nbsp;<\/p>\n<p><a href=\"https:\/\/gremicafe.cat\/wp-content\/uploads\/2021\/06\/NDPNouPresident2021.pdf\" target=\"_blank\" rel=\"noopener\">Puede descargar la nota de prensa aqu\u00ed.\u00a0<\/a><\/p>","protected":false},"excerpt":{"rendered":"<p>&nbsp; L\u2019Assemblea del Gremi de Torradors de Caf\u00e8 de Catalunya va aprovar la candidatura presentada per Xavier de Erausquin, de Bracaf\u00e9, pels pr\u00f2xims dos anys davant del Gremi. Xavier de Erausquin relleva a Llu\u00eds Saula que ho ha estat els darrers dos anys. L\u2019Assemblea manifesta la seva preocupaci\u00f3 per la lenta remuntada de les vendes [&hellip;]<\/p>\n","protected":false},"author":1,"featured_media":5960,"comment_status":"closed","ping_status":"open","sticky":false,"template":"","format":"standard","meta":{"_acf_changed":false,"inline_featured_image":false,"footnotes":""},"categories":[1],"tags":[],"class_list":["post-5958","post","type-post","status-publish","format-standard","has-post-thumbnail","hentry","category-noticies"],"acf":[],"yoast_head":"<!-- This site is optimized with the Yoast SEO plugin v25.5 - https:\/\/yoast.com\/wordpress\/plugins\/seo\/ -->\n<title>Xavier de Erausquin, de BRACAF\u00c9, nou president del Gremi del Caf\u00e8 de Catalunya - Gremi del Caf\u00e8, torradors de Catalunya<\/title>\n<meta name=\"robots\" content=\"index, follow, max-snippet:-1, max-image-preview:large, max-video-preview:-1\" \/>\n<link rel=\"canonical\" href=\"https:\/\/gremicafe.cat\/es\/2021\/06\/03\/xavier-de-erausquin-de-bracafe-nou-president-del-gremi-del-cafe-de-catalunya\/\" \/>\n<meta property=\"og:locale\" content=\"es_ES\" \/>\n<meta property=\"og:type\" content=\"article\" \/>\n<meta property=\"og:title\" content=\"Xavier de Erausquin, de BRACAF\u00c9, nou president del Gremi del Caf\u00e8 de Catalunya - Gremi del Caf\u00e8, torradors de Catalunya\" \/>\n<meta property=\"og:description\" content=\"&nbsp; L\u2019Assemblea del Gremi de Torradors de Caf\u00e8 de Catalunya va aprovar la candidatura presentada per Xavier de Erausquin, de Bracaf\u00e9, pels pr\u00f2xims dos anys davant del Gremi. Xavier de Erausquin relleva a Llu\u00eds Saula que ho ha estat els darrers dos anys. L\u2019Assemblea manifesta la seva preocupaci\u00f3 per la lenta remuntada de les vendes [&hellip;]\" \/>\n<meta property=\"og:url\" content=\"https:\/\/gremicafe.cat\/es\/2021\/06\/03\/xavier-de-erausquin-de-bracafe-nou-president-del-gremi-del-cafe-de-catalunya\/\" \/>\n<meta property=\"og:site_name\" content=\"Gremi del Caf\u00e8, torradors de Catalunya\" \/>\n<meta property=\"article:publisher\" content=\"https:\/\/www.facebook.com\/gremicafecat\" \/>\n<meta property=\"article:published_time\" content=\"2021-06-03T10:44:12+00:00\" \/>\n<meta property=\"article:modified_time\" content=\"2021-06-03T11:12:53+00:00\" \/>\n<meta property=\"og:image\" content=\"https:\/\/gremicafe.cat\/wp-content\/uploads\/2021\/06\/nou-president-gremi-cafe-catalunya-2021-scaled.jpg\" \/>\n\t<meta property=\"og:image:width\" content=\"2560\" \/>\n\t<meta property=\"og:image:height\" content=\"1920\" \/>\n\t<meta property=\"og:image:type\" content=\"image\/jpeg\" \/>\n<meta name=\"author\" content=\"gremicafe\" \/>\n<meta name=\"twitter:card\" content=\"summary_large_image\" \/>\n<meta name=\"twitter:creator\" content=\"@gremicafecat\" \/>\n<meta name=\"twitter:site\" content=\"@gremicafecat\" \/>\n<meta name=\"twitter:label1\" content=\"Escrito por\" \/>\n\t<meta name=\"twitter:data1\" content=\"gremicafe\" \/>\n\t<meta name=\"twitter:label2\" content=\"Tiempo de lectura\" \/>\n\t<meta name=\"twitter:data2\" content=\"3 minutos\" \/>\n<script type=\"application\/ld+json\" class=\"yoast-schema-graph\">{\"@context\":\"https:\/\/schema.org\",\"@graph\":[{\"@type\":\"Article\",\"@id\":\"https:\/\/gremicafe.cat\/2021\/06\/03\/xavier-de-erausquin-de-bracafe-nou-president-del-gremi-del-cafe-de-catalunya\/#article\",\"isPartOf\":{\"@id\":\"https:\/\/gremicafe.cat\/2021\/06\/03\/xavier-de-erausquin-de-bracafe-nou-president-del-gremi-del-cafe-de-catalunya\/\"},\"author\":{\"name\":\"gremicafe\",\"@id\":\"https:\/\/gremicafe.cat\/#\/schema\/person\/dabfdbb3d0fa36260855a380f94e4733\"},\"headline\":\"Xavier de Erausquin, de BRACAF\u00c9, nou president del Gremi del Caf\u00e8 de Catalunya\",\"datePublished\":\"2021-06-03T10:44:12+00:00\",\"dateModified\":\"2021-06-03T11:12:53+00:00\",\"mainEntityOfPage\":{\"@id\":\"https:\/\/gremicafe.cat\/2021\/06\/03\/xavier-de-erausquin-de-bracafe-nou-president-del-gremi-del-cafe-de-catalunya\/\"},\"wordCount\":578,\"publisher\":{\"@id\":\"https:\/\/gremicafe.cat\/#organization\"},\"image\":{\"@id\":\"https:\/\/gremicafe.cat\/2021\/06\/03\/xavier-de-erausquin-de-bracafe-nou-president-del-gremi-del-cafe-de-catalunya\/#primaryimage\"},\"thumbnailUrl\":\"https:\/\/gremicafe.cat\/wp-content\/uploads\/2021\/06\/nou-president-gremi-cafe-catalunya-2021-scaled.jpg\",\"articleSection\":[\"Not\u00edcies\"],\"inLanguage\":\"es\"},{\"@type\":\"WebPage\",\"@id\":\"https:\/\/gremicafe.cat\/2021\/06\/03\/xavier-de-erausquin-de-bracafe-nou-president-del-gremi-del-cafe-de-catalunya\/\",\"url\":\"https:\/\/gremicafe.cat\/2021\/06\/03\/xavier-de-erausquin-de-bracafe-nou-president-del-gremi-del-cafe-de-catalunya\/\",\"name\":\"Xavier de Erausquin, de BRACAF\u00c9, nou president del Gremi del Caf\u00e8 de Catalunya - Gremi del Caf\u00e8, torradors de Catalunya\",\"isPartOf\":{\"@id\":\"https:\/\/gremicafe.cat\/#website\"},\"primaryImageOfPage\":{\"@id\":\"https:\/\/gremicafe.cat\/2021\/06\/03\/xavier-de-erausquin-de-bracafe-nou-president-del-gremi-del-cafe-de-catalunya\/#primaryimage\"},\"image\":{\"@id\":\"https:\/\/gremicafe.cat\/2021\/06\/03\/xavier-de-erausquin-de-bracafe-nou-president-del-gremi-del-cafe-de-catalunya\/#primaryimage\"},\"thumbnailUrl\":\"https:\/\/gremicafe.cat\/wp-content\/uploads\/2021\/06\/nou-president-gremi-cafe-catalunya-2021-scaled.jpg\",\"datePublished\":\"2021-06-03T10:44:12+00:00\",\"dateModified\":\"2021-06-03T11:12:53+00:00\",\"breadcrumb\":{\"@id\":\"https:\/\/gremicafe.cat\/2021\/06\/03\/xavier-de-erausquin-de-bracafe-nou-president-del-gremi-del-cafe-de-catalunya\/#breadcrumb\"},\"inLanguage\":\"es\",\"potentialAction\":[{\"@type\":\"ReadAction\",\"target\":[\"https:\/\/gremicafe.cat\/2021\/06\/03\/xavier-de-erausquin-de-bracafe-nou-president-del-gremi-del-cafe-de-catalunya\/\"]}]},{\"@type\":\"ImageObject\",\"inLanguage\":\"es\",\"@id\":\"https:\/\/gremicafe.cat\/2021\/06\/03\/xavier-de-erausquin-de-bracafe-nou-president-del-gremi-del-cafe-de-catalunya\/#primaryimage\",\"url\":\"https:\/\/gremicafe.cat\/wp-content\/uploads\/2021\/06\/nou-president-gremi-cafe-catalunya-2021-scaled.jpg\",\"contentUrl\":\"https:\/\/gremicafe.cat\/wp-content\/uploads\/2021\/06\/nou-president-gremi-cafe-catalunya-2021-scaled.jpg\",\"width\":2560,\"height\":1920,\"caption\":\"nou president gremi cafe catalunya 2021\"},{\"@type\":\"BreadcrumbList\",\"@id\":\"https:\/\/gremicafe.cat\/2021\/06\/03\/xavier-de-erausquin-de-bracafe-nou-president-del-gremi-del-cafe-de-catalunya\/#breadcrumb\",\"itemListElement\":[{\"@type\":\"ListItem\",\"position\":1,\"name\":\"Inici\",\"item\":\"https:\/\/gremicafe.cat\/\"},{\"@type\":\"ListItem\",\"position\":2,\"name\":\"Xavier de Erausquin, de BRACAF\u00c9, nou president del Gremi del Caf\u00e8 de Catalunya\"}]},{\"@type\":\"WebSite\",\"@id\":\"https:\/\/gremicafe.cat\/#website\",\"url\":\"https:\/\/gremicafe.cat\/\",\"name\":\"Gremi del Caf\u00e8, torradors de Catalunya\",\"description\":\"Web oficial del gremi de torradors de caf\u00e8 de Catalunya\",\"publisher\":{\"@id\":\"https:\/\/gremicafe.cat\/#organization\"},\"potentialAction\":[{\"@type\":\"SearchAction\",\"target\":{\"@type\":\"EntryPoint\",\"urlTemplate\":\"https:\/\/gremicafe.cat\/?s={search_term_string}\"},\"query-input\":{\"@type\":\"PropertyValueSpecification\",\"valueRequired\":true,\"valueName\":\"search_term_string\"}}],\"inLanguage\":\"es\"},{\"@type\":\"Organization\",\"@id\":\"https:\/\/gremicafe.cat\/#organization\",\"name\":\"Gremi del Caf\u00e8, Torradors de Catalunya\",\"url\":\"https:\/\/gremicafe.cat\/\",\"logo\":{\"@type\":\"ImageObject\",\"inLanguage\":\"es\",\"@id\":\"https:\/\/gremicafe.cat\/#\/schema\/logo\/image\/\",\"url\":\"https:\/\/gremicafe.cat\/wp-content\/uploads\/2018\/03\/gremicafe-logo250.png\",\"contentUrl\":\"https:\/\/gremicafe.cat\/wp-content\/uploads\/2018\/03\/gremicafe-logo250.png\",\"width\":250,\"height\":49,\"caption\":\"Gremi del Caf\u00e8, Torradors de Catalunya\"},\"image\":{\"@id\":\"https:\/\/gremicafe.cat\/#\/schema\/logo\/image\/\"},\"sameAs\":[\"https:\/\/www.facebook.com\/gremicafecat\",\"https:\/\/x.com\/gremicafecat\",\"https:\/\/www.instagram.com\/gremicafecat\/\",\"https:\/\/www.pinterest.es\/gremicafecat\/\",\"https:\/\/www.youtube.com\/channel\/UCGLo5Y35vLwLvP4FrPZrCrw\/\"]},{\"@type\":\"Person\",\"@id\":\"https:\/\/gremicafe.cat\/#\/schema\/person\/dabfdbb3d0fa36260855a380f94e4733\",\"name\":\"gremicafe\",\"image\":{\"@type\":\"ImageObject\",\"inLanguage\":\"es\",\"@id\":\"https:\/\/gremicafe.cat\/#\/schema\/person\/image\/\",\"url\":\"https:\/\/secure.gravatar.com\/avatar\/e59baa4ca8f6f97576d6375fb6d3c8f0?s=96&d=mm&r=g\",\"contentUrl\":\"https:\/\/secure.gravatar.com\/avatar\/e59baa4ca8f6f97576d6375fb6d3c8f0?s=96&d=mm&r=g\",\"caption\":\"gremicafe\"}}]}<\/script>\n<!-- \/ Yoast SEO plugin. -->","yoast_head_json":{"title":"Xavier de Erausquin, de BRACAF\u00c9, nou president del Gremi del Caf\u00e8 de Catalunya - Gremi del Caf\u00e8, torradors de Catalunya","robots":{"index":"index","follow":"follow","max-snippet":"max-snippet:-1","max-image-preview":"max-image-preview:large","max-video-preview":"max-video-preview:-1"},"canonical":"https:\/\/gremicafe.cat\/es\/2021\/06\/03\/xavier-de-erausquin-de-bracafe-nou-president-del-gremi-del-cafe-de-catalunya\/","og_locale":"es_ES","og_type":"article","og_title":"Xavier de Erausquin, de BRACAF\u00c9, nou president del Gremi del Caf\u00e8 de Catalunya - Gremi del Caf\u00e8, torradors de Catalunya","og_description":"&nbsp; L\u2019Assemblea del Gremi de Torradors de Caf\u00e8 de Catalunya va aprovar la candidatura presentada per Xavier de Erausquin, de Bracaf\u00e9, pels pr\u00f2xims dos anys davant del Gremi. Xavier de Erausquin relleva a Llu\u00eds Saula que ho ha estat els darrers dos anys. L\u2019Assemblea manifesta la seva preocupaci\u00f3 per la lenta remuntada de les vendes [&hellip;]","og_url":"https:\/\/gremicafe.cat\/es\/2021\/06\/03\/xavier-de-erausquin-de-bracafe-nou-president-del-gremi-del-cafe-de-catalunya\/","og_site_name":"Gremi del Caf\u00e8, torradors de Catalunya","article_publisher":"https:\/\/www.facebook.com\/gremicafecat","article_published_time":"2021-06-03T10:44:12+00:00","article_modified_time":"2021-06-03T11:12:53+00:00","og_image":[{"width":2560,"height":1920,"url":"https:\/\/gremicafe.cat\/wp-content\/uploads\/2021\/06\/nou-president-gremi-cafe-catalunya-2021-scaled.jpg","type":"image\/jpeg"}],"author":"gremicafe","twitter_card":"summary_large_image","twitter_creator":"@gremicafecat","twitter_site":"@gremicafecat","twitter_misc":{"Escrito por":"gremicafe","Tiempo de lectura":"3 minutos"},"schema":{"@context":"https:\/\/schema.org","@graph":[{"@type":"Article","@id":"https:\/\/gremicafe.cat\/2021\/06\/03\/xavier-de-erausquin-de-bracafe-nou-president-del-gremi-del-cafe-de-catalunya\/#article","isPartOf":{"@id":"https:\/\/gremicafe.cat\/2021\/06\/03\/xavier-de-erausquin-de-bracafe-nou-president-del-gremi-del-cafe-de-catalunya\/"},"author":{"name":"gremicafe","@id":"https:\/\/gremicafe.cat\/#\/schema\/person\/dabfdbb3d0fa36260855a380f94e4733"},"headline":"Xavier de Erausquin, de BRACAF\u00c9, nou president del Gremi del Caf\u00e8 de Catalunya","datePublished":"2021-06-03T10:44:12+00:00","dateModified":"2021-06-03T11:12:53+00:00","mainEntityOfPage":{"@id":"https:\/\/gremicafe.cat\/2021\/06\/03\/xavier-de-erausquin-de-bracafe-nou-president-del-gremi-del-cafe-de-catalunya\/"},"wordCount":578,"publisher":{"@id":"https:\/\/gremicafe.cat\/#organization"},"image":{"@id":"https:\/\/gremicafe.cat\/2021\/06\/03\/xavier-de-erausquin-de-bracafe-nou-president-del-gremi-del-cafe-de-catalunya\/#primaryimage"},"thumbnailUrl":"https:\/\/gremicafe.cat\/wp-content\/uploads\/2021\/06\/nou-president-gremi-cafe-catalunya-2021-scaled.jpg","articleSection":["Not\u00edcies"],"inLanguage":"es"},{"@type":"WebPage","@id":"https:\/\/gremicafe.cat\/2021\/06\/03\/xavier-de-erausquin-de-bracafe-nou-president-del-gremi-del-cafe-de-catalunya\/","url":"https:\/\/gremicafe.cat\/2021\/06\/03\/xavier-de-erausquin-de-bracafe-nou-president-del-gremi-del-cafe-de-catalunya\/","name":"Xavier de Erausquin, de BRACAF\u00c9, nou president del Gremi del Caf\u00e8 de Catalunya - Gremi del Caf\u00e8, torradors de Catalunya","isPartOf":{"@id":"https:\/\/gremicafe.cat\/#website"},"primaryImageOfPage":{"@id":"https:\/\/gremicafe.cat\/2021\/06\/03\/xavier-de-erausquin-de-bracafe-nou-president-del-gremi-del-cafe-de-catalunya\/#primaryimage"},"image":{"@id":"https:\/\/gremicafe.cat\/2021\/06\/03\/xavier-de-erausquin-de-bracafe-nou-president-del-gremi-del-cafe-de-catalunya\/#primaryimage"},"thumbnailUrl":"https:\/\/gremicafe.cat\/wp-content\/uploads\/2021\/06\/nou-president-gremi-cafe-catalunya-2021-scaled.jpg","datePublished":"2021-06-03T10:44:12+00:00","dateModified":"2021-06-03T11:12:53+00:00","breadcrumb":{"@id":"https:\/\/gremicafe.cat\/2021\/06\/03\/xavier-de-erausquin-de-bracafe-nou-president-del-gremi-del-cafe-de-catalunya\/#breadcrumb"},"inLanguage":"es","potentialAction":[{"@type":"ReadAction","target":["https:\/\/gremicafe.cat\/2021\/06\/03\/xavier-de-erausquin-de-bracafe-nou-president-del-gremi-del-cafe-de-catalunya\/"]}]},{"@type":"ImageObject","inLanguage":"es","@id":"https:\/\/gremicafe.cat\/2021\/06\/03\/xavier-de-erausquin-de-bracafe-nou-president-del-gremi-del-cafe-de-catalunya\/#primaryimage","url":"https:\/\/gremicafe.cat\/wp-content\/uploads\/2021\/06\/nou-president-gremi-cafe-catalunya-2021-scaled.jpg","contentUrl":"https:\/\/gremicafe.cat\/wp-content\/uploads\/2021\/06\/nou-president-gremi-cafe-catalunya-2021-scaled.jpg","width":2560,"height":1920,"caption":"nou president gremi cafe catalunya 2021"},{"@type":"BreadcrumbList","@id":"https:\/\/gremicafe.cat\/2021\/06\/03\/xavier-de-erausquin-de-bracafe-nou-president-del-gremi-del-cafe-de-catalunya\/#breadcrumb","itemListElement":[{"@type":"ListItem","position":1,"name":"Inici","item":"https:\/\/gremicafe.cat\/"},{"@type":"ListItem","position":2,"name":"Xavier de Erausquin, de BRACAF\u00c9, nou president del Gremi del Caf\u00e8 de Catalunya"}]},{"@type":"WebSite","@id":"https:\/\/gremicafe.cat\/#website","url":"https:\/\/gremicafe.cat\/","name":"Gremio del Caf\u00e9, tostadores de Catalu\u00f1a","description":"Web oficial del gremio de tostadores de caf\u00e9 de Catalunya","publisher":{"@id":"https:\/\/gremicafe.cat\/#organization"},"potentialAction":[{"@type":"SearchAction","target":{"@type":"EntryPoint","urlTemplate":"https:\/\/gremicafe.cat\/?s={search_term_string}"},"query-input":{"@type":"PropertyValueSpecification","valueRequired":true,"valueName":"search_term_string"}}],"inLanguage":"es"},{"@type":"Organization","@id":"https:\/\/gremicafe.cat\/#organization","name":"Gremio del Caf\u00e9, Tostadores de Catalu\u00f1a","url":"https:\/\/gremicafe.cat\/","logo":{"@type":"ImageObject","inLanguage":"es","@id":"https:\/\/gremicafe.cat\/#\/schema\/logo\/image\/","url":"https:\/\/gremicafe.cat\/wp-content\/uploads\/2018\/03\/gremicafe-logo250.png","contentUrl":"https:\/\/gremicafe.cat\/wp-content\/uploads\/2018\/03\/gremicafe-logo250.png","width":250,"height":49,"caption":"Gremi del Caf\u00e8, Torradors de Catalunya"},"image":{"@id":"https:\/\/gremicafe.cat\/#\/schema\/logo\/image\/"},"sameAs":["https:\/\/www.facebook.com\/gremicafecat","https:\/\/x.com\/gremicafecat","https:\/\/www.instagram.com\/gremicafecat\/","https:\/\/www.pinterest.es\/gremicafecat\/","https:\/\/www.youtube.com\/channel\/UCGLo5Y35vLwLvP4FrPZrCrw\/"]},{"@type":"Person","@id":"https:\/\/gremicafe.cat\/#\/schema\/person\/dabfdbb3d0fa36260855a380f94e4733","name":"gremicafe","image":{"@type":"ImageObject","inLanguage":"es","@id":"https:\/\/gremicafe.cat\/#\/schema\/person\/image\/","url":"https:\/\/secure.gravatar.com\/avatar\/e59baa4ca8f6f97576d6375fb6d3c8f0?s=96&d=mm&r=g","contentUrl":"https:\/\/secure.gravatar.com\/avatar\/e59baa4ca8f6f97576d6375fb6d3c8f0?s=96&d=mm&r=g","caption":"gremicafe"}}]}},"_links":{"self":[{"href":"https:\/\/gremicafe.cat\/es\/wp-json\/wp\/v2\/posts\/5958"}],"collection":[{"href":"https:\/\/gremicafe.cat\/es\/wp-json\/wp\/v2\/posts"}],"about":[{"href":"https:\/\/gremicafe.cat\/es\/wp-json\/wp\/v2\/types\/post"}],"author":[{"embeddable":true,"href":"https:\/\/gremicafe.cat\/es\/wp-json\/wp\/v2\/users\/1"}],"replies":[{"embeddable":true,"href":"https:\/\/gremicafe.cat\/es\/wp-json\/wp\/v2\/comments?post=5958"}],"version-history":[{"count":0,"href":"https:\/\/gremicafe.cat\/es\/wp-json\/wp\/v2\/posts\/5958\/revisions"}],"wp:featuredmedia":[{"embeddable":true,"href":"https:\/\/gremicafe.cat\/es\/wp-json\/wp\/v2\/media\/5960"}],"wp:attachment":[{"href":"https:\/\/gremicafe.cat\/es\/wp-json\/wp\/v2\/media?parent=5958"}],"wp:term":[{"taxonomy":"category","embeddable":true,"href":"https:\/\/gremicafe.cat\/es\/wp-json\/wp\/v2\/categories?post=5958"},{"taxonomy":"post_tag","embeddable":true,"href":"https:\/\/gremicafe.cat\/es\/wp-json\/wp\/v2\/tags?post=5958"}],"curies":[{"name":"wp","href":"https:\/\/api.w.org\/{rel}","templated":true}]}}