{"id":5999,"date":"2021-06-07T11:09:29","date_gmt":"2021-06-07T09:09:29","guid":{"rendered":"https:\/\/gremicafe.cat\/?p=5999"},"modified":"2021-06-07T11:09:29","modified_gmt":"2021-06-07T09:09:29","slug":"el-consum-de-cafe-pot-ajudar-a-disminuir-el-risc-de-desenvolupar-cancer-de-prostata","status":"publish","type":"post","link":"https:\/\/gremicafe.cat\/es\/2021\/06\/07\/el-consum-de-cafe-pot-ajudar-a-disminuir-el-risc-de-desenvolupar-cancer-de-prostata\/","title":{"rendered":"El consumo de caf\u00e9 puede ayudar a disminuir el riesgo de desarrollar c\u00e1ncer de pr\u00f3stata"},"content":{"rendered":"<p><img loading=\"lazy\" decoding=\"async\" class=\"aligncenter size-full wp-image-6000\" src=\"https:\/\/gremicafe.cat\/wp-content\/uploads\/2021\/06\/tassa-cafe-scaled.jpg\" alt=\"\" width=\"2560\" height=\"1707\" srcset=\"https:\/\/gremicafe.cat\/wp-content\/uploads\/2021\/06\/tassa-cafe-scaled.jpg 2560w, https:\/\/gremicafe.cat\/wp-content\/uploads\/2021\/06\/tassa-cafe-768x512.jpg 768w, https:\/\/gremicafe.cat\/wp-content\/uploads\/2021\/06\/tassa-cafe-1536x1024.jpg 1536w, https:\/\/gremicafe.cat\/wp-content\/uploads\/2021\/06\/tassa-cafe-2048x1365.jpg 2048w, https:\/\/gremicafe.cat\/wp-content\/uploads\/2021\/06\/tassa-cafe-1080x720.jpg 1080w\" sizes=\"(max-width: 2560px) 100vw, 2560px\" \/><\/p>\n<p>&nbsp;<\/p>\n<p>Un nuevo estudio publicado en la revista <a href=\"https:\/\/bmjopen.bmj.com\/content\/11\/2\/e038902\" target=\"_blank\" rel=\"noopener\"><i>BMJ (British Medical Journal)<\/i><\/a> revela que el consumo de caf\u00e9 podr\u00eda reducir el riesgo de desarrollar c\u00e1ncer de pr\u00f3stata.<\/p>\n<p>En esta investigaci\u00f3n, los cient\u00edficos analizaron 16 estudios en los que participaron m\u00e1s de un mill\u00f3n de miembros, de los que 57.732 con c\u00e1ncer de pr\u00f3stata.<\/p>\n<p>Del estudio, se asoci\u00f3 que un mayor consumo de caf\u00e9 reduc\u00eda significativamente el riesgo de c\u00e1ncer de pr\u00f3stata. Despu\u00e9s de analizar los datos de los estudios, los investigadores encontraron que el mayor nivel de consumo de caf\u00e9, se asoci\u00f3 en una reducci\u00f3n del 9% de riesgo de c\u00e1ncer de pr\u00f3stata.<\/p>\n<p>&nbsp;<\/p>\n<p>A pesar de los estudios, siempre es recomendable consultar con los profesionales m\u00e9dicos cu\u00e1l es el adecuado consumo de caf\u00e9 en cada caso.<\/p>\n<p>&nbsp;<\/p>\n<p>Fuente: <a href=\"https:\/\/bmjopen.bmj.com\/content\/11\/2\/e038902\" target=\"_blank\" rel=\"noopener\"><i>BMJ (British Medical Journal)<\/i><\/a><\/p>","protected":false},"excerpt":{"rendered":"<p>&nbsp; Un nou estudi publicat a la revista BMJ (British Medical Journal) revela que el consum de caf\u00e8 podria reduir el risc de desenvolupar c\u00e0ncer de pr\u00f2stata. En aquesta investigaci\u00f3, els cient\u00edfics van analitzar 16 estudis en els quals van participar m\u00e9s d&#8217;un mili\u00f3 de membres, dels quals 57.732 amb c\u00e0ncer de pr\u00f2stata. De l&#8217;estudi, [&hellip;]<\/p>\n","protected":false},"author":1,"featured_media":6000,"comment_status":"closed","ping_status":"open","sticky":false,"template":"","format":"standard","meta":{"_acf_changed":false,"inline_featured_image":false,"footnotes":""},"categories":[1],"tags":[],"class_list":["post-5999","post","type-post","status-publish","format-standard","has-post-thumbnail","hentry","category-noticies"],"acf":[],"yoast_head":"<!-- This site is optimized with the Yoast SEO plugin v25.5 - https:\/\/yoast.com\/wordpress\/plugins\/seo\/ -->\n<title>El consum de caf\u00e8 pot ajudar a disminuir el risc de desenvolupar c\u00e0ncer de pr\u00f2stata - Gremi del Caf\u00e8, torradors de Catalunya<\/title>\n<meta name=\"robots\" content=\"index, follow, max-snippet:-1, max-image-preview:large, max-video-preview:-1\" \/>\n<link rel=\"canonical\" href=\"https:\/\/gremicafe.cat\/es\/2021\/06\/07\/el-consum-de-cafe-pot-ajudar-a-disminuir-el-risc-de-desenvolupar-cancer-de-prostata\/\" \/>\n<meta property=\"og:locale\" content=\"es_ES\" \/>\n<meta property=\"og:type\" content=\"article\" \/>\n<meta property=\"og:title\" content=\"El consum de caf\u00e8 pot ajudar a disminuir el risc de desenvolupar c\u00e0ncer de pr\u00f2stata - Gremi del Caf\u00e8, torradors de Catalunya\" \/>\n<meta property=\"og:description\" content=\"&nbsp; Un nou estudi publicat a la revista BMJ (British Medical Journal) revela que el consum de caf\u00e8 podria reduir el risc de desenvolupar c\u00e0ncer de pr\u00f2stata. En aquesta investigaci\u00f3, els cient\u00edfics van analitzar 16 estudis en els quals van participar m\u00e9s d&#8217;un mili\u00f3 de membres, dels quals 57.732 amb c\u00e0ncer de pr\u00f2stata. De l&#8217;estudi, [&hellip;]\" \/>\n<meta property=\"og:url\" content=\"https:\/\/gremicafe.cat\/es\/2021\/06\/07\/el-consum-de-cafe-pot-ajudar-a-disminuir-el-risc-de-desenvolupar-cancer-de-prostata\/\" \/>\n<meta property=\"og:site_name\" content=\"Gremi del Caf\u00e8, torradors de Catalunya\" \/>\n<meta property=\"article:publisher\" content=\"https:\/\/www.facebook.com\/gremicafecat\" \/>\n<meta property=\"article:published_time\" content=\"2021-06-07T09:09:29+00:00\" \/>\n<meta property=\"og:image\" content=\"https:\/\/gremicafe.cat\/wp-content\/uploads\/2021\/06\/tassa-cafe-scaled.jpg\" \/>\n\t<meta property=\"og:image:width\" content=\"2560\" \/>\n\t<meta property=\"og:image:height\" content=\"1707\" \/>\n\t<meta property=\"og:image:type\" content=\"image\/jpeg\" \/>\n<meta name=\"author\" content=\"gremicafe\" \/>\n<meta name=\"twitter:card\" content=\"summary_large_image\" \/>\n<meta name=\"twitter:creator\" content=\"@gremicafecat\" \/>\n<meta name=\"twitter:site\" content=\"@gremicafecat\" \/>\n<meta name=\"twitter:label1\" content=\"Escrito por\" \/>\n\t<meta name=\"twitter:data1\" content=\"gremicafe\" \/>\n\t<meta name=\"twitter:label2\" content=\"Tiempo de lectura\" \/>\n\t<meta name=\"twitter:data2\" content=\"1 minuto\" \/>\n<script type=\"application\/ld+json\" class=\"yoast-schema-graph\">{\"@context\":\"https:\/\/schema.org\",\"@graph\":[{\"@type\":\"Article\",\"@id\":\"https:\/\/gremicafe.cat\/2021\/06\/07\/el-consum-de-cafe-pot-ajudar-a-disminuir-el-risc-de-desenvolupar-cancer-de-prostata\/#article\",\"isPartOf\":{\"@id\":\"https:\/\/gremicafe.cat\/2021\/06\/07\/el-consum-de-cafe-pot-ajudar-a-disminuir-el-risc-de-desenvolupar-cancer-de-prostata\/\"},\"author\":{\"name\":\"gremicafe\",\"@id\":\"https:\/\/gremicafe.cat\/#\/schema\/person\/dabfdbb3d0fa36260855a380f94e4733\"},\"headline\":\"El consum de caf\u00e8 pot ajudar a disminuir el risc de desenvolupar c\u00e0ncer de pr\u00f2stata\",\"datePublished\":\"2021-06-07T09:09:29+00:00\",\"mainEntityOfPage\":{\"@id\":\"https:\/\/gremicafe.cat\/2021\/06\/07\/el-consum-de-cafe-pot-ajudar-a-disminuir-el-risc-de-desenvolupar-cancer-de-prostata\/\"},\"wordCount\":162,\"publisher\":{\"@id\":\"https:\/\/gremicafe.cat\/#organization\"},\"image\":{\"@id\":\"https:\/\/gremicafe.cat\/2021\/06\/07\/el-consum-de-cafe-pot-ajudar-a-disminuir-el-risc-de-desenvolupar-cancer-de-prostata\/#primaryimage\"},\"thumbnailUrl\":\"https:\/\/gremicafe.cat\/wp-content\/uploads\/2021\/06\/tassa-cafe-scaled.jpg\",\"articleSection\":[\"Not\u00edcies\"],\"inLanguage\":\"es\"},{\"@type\":\"WebPage\",\"@id\":\"https:\/\/gremicafe.cat\/2021\/06\/07\/el-consum-de-cafe-pot-ajudar-a-disminuir-el-risc-de-desenvolupar-cancer-de-prostata\/\",\"url\":\"https:\/\/gremicafe.cat\/2021\/06\/07\/el-consum-de-cafe-pot-ajudar-a-disminuir-el-risc-de-desenvolupar-cancer-de-prostata\/\",\"name\":\"El consum de caf\u00e8 pot ajudar a disminuir el risc de desenvolupar c\u00e0ncer de pr\u00f2stata - Gremi del Caf\u00e8, torradors de Catalunya\",\"isPartOf\":{\"@id\":\"https:\/\/gremicafe.cat\/#website\"},\"primaryImageOfPage\":{\"@id\":\"https:\/\/gremicafe.cat\/2021\/06\/07\/el-consum-de-cafe-pot-ajudar-a-disminuir-el-risc-de-desenvolupar-cancer-de-prostata\/#primaryimage\"},\"image\":{\"@id\":\"https:\/\/gremicafe.cat\/2021\/06\/07\/el-consum-de-cafe-pot-ajudar-a-disminuir-el-risc-de-desenvolupar-cancer-de-prostata\/#primaryimage\"},\"thumbnailUrl\":\"https:\/\/gremicafe.cat\/wp-content\/uploads\/2021\/06\/tassa-cafe-scaled.jpg\",\"datePublished\":\"2021-06-07T09:09:29+00:00\",\"breadcrumb\":{\"@id\":\"https:\/\/gremicafe.cat\/2021\/06\/07\/el-consum-de-cafe-pot-ajudar-a-disminuir-el-risc-de-desenvolupar-cancer-de-prostata\/#breadcrumb\"},\"inLanguage\":\"es\",\"potentialAction\":[{\"@type\":\"ReadAction\",\"target\":[\"https:\/\/gremicafe.cat\/2021\/06\/07\/el-consum-de-cafe-pot-ajudar-a-disminuir-el-risc-de-desenvolupar-cancer-de-prostata\/\"]}]},{\"@type\":\"ImageObject\",\"inLanguage\":\"es\",\"@id\":\"https:\/\/gremicafe.cat\/2021\/06\/07\/el-consum-de-cafe-pot-ajudar-a-disminuir-el-risc-de-desenvolupar-cancer-de-prostata\/#primaryimage\",\"url\":\"https:\/\/gremicafe.cat\/wp-content\/uploads\/2021\/06\/tassa-cafe-scaled.jpg\",\"contentUrl\":\"https:\/\/gremicafe.cat\/wp-content\/uploads\/2021\/06\/tassa-cafe-scaled.jpg\",\"width\":2560,\"height\":1707,\"caption\":\"tassa-cafe\"},{\"@type\":\"BreadcrumbList\",\"@id\":\"https:\/\/gremicafe.cat\/2021\/06\/07\/el-consum-de-cafe-pot-ajudar-a-disminuir-el-risc-de-desenvolupar-cancer-de-prostata\/#breadcrumb\",\"itemListElement\":[{\"@type\":\"ListItem\",\"position\":1,\"name\":\"Inici\",\"item\":\"https:\/\/gremicafe.cat\/\"},{\"@type\":\"ListItem\",\"position\":2,\"name\":\"El consum de caf\u00e8 pot ajudar a disminuir el risc de desenvolupar c\u00e0ncer de pr\u00f2stata\"}]},{\"@type\":\"WebSite\",\"@id\":\"https:\/\/gremicafe.cat\/#website\",\"url\":\"https:\/\/gremicafe.cat\/\",\"name\":\"Gremi del Caf\u00e8, torradors de Catalunya\",\"description\":\"Web oficial del gremi de torradors de caf\u00e8 de Catalunya\",\"publisher\":{\"@id\":\"https:\/\/gremicafe.cat\/#organization\"},\"potentialAction\":[{\"@type\":\"SearchAction\",\"target\":{\"@type\":\"EntryPoint\",\"urlTemplate\":\"https:\/\/gremicafe.cat\/?s={search_term_string}\"},\"query-input\":{\"@type\":\"PropertyValueSpecification\",\"valueRequired\":true,\"valueName\":\"search_term_string\"}}],\"inLanguage\":\"es\"},{\"@type\":\"Organization\",\"@id\":\"https:\/\/gremicafe.cat\/#organization\",\"name\":\"Gremi del Caf\u00e8, Torradors de Catalunya\",\"url\":\"https:\/\/gremicafe.cat\/\",\"logo\":{\"@type\":\"ImageObject\",\"inLanguage\":\"es\",\"@id\":\"https:\/\/gremicafe.cat\/#\/schema\/logo\/image\/\",\"url\":\"https:\/\/gremicafe.cat\/wp-content\/uploads\/2018\/03\/gremicafe-logo250.png\",\"contentUrl\":\"https:\/\/gremicafe.cat\/wp-content\/uploads\/2018\/03\/gremicafe-logo250.png\",\"width\":250,\"height\":49,\"caption\":\"Gremi del Caf\u00e8, Torradors de Catalunya\"},\"image\":{\"@id\":\"https:\/\/gremicafe.cat\/#\/schema\/logo\/image\/\"},\"sameAs\":[\"https:\/\/www.facebook.com\/gremicafecat\",\"https:\/\/x.com\/gremicafecat\",\"https:\/\/www.instagram.com\/gremicafecat\/\",\"https:\/\/www.pinterest.es\/gremicafecat\/\",\"https:\/\/www.youtube.com\/channel\/UCGLo5Y35vLwLvP4FrPZrCrw\/\"]},{\"@type\":\"Person\",\"@id\":\"https:\/\/gremicafe.cat\/#\/schema\/person\/dabfdbb3d0fa36260855a380f94e4733\",\"name\":\"gremicafe\",\"image\":{\"@type\":\"ImageObject\",\"inLanguage\":\"es\",\"@id\":\"https:\/\/gremicafe.cat\/#\/schema\/person\/image\/\",\"url\":\"https:\/\/secure.gravatar.com\/avatar\/e59baa4ca8f6f97576d6375fb6d3c8f0?s=96&d=mm&r=g\",\"contentUrl\":\"https:\/\/secure.gravatar.com\/avatar\/e59baa4ca8f6f97576d6375fb6d3c8f0?s=96&d=mm&r=g\",\"caption\":\"gremicafe\"}}]}<\/script>\n<!-- \/ Yoast SEO plugin. -->","yoast_head_json":{"title":"El consum de caf\u00e8 pot ajudar a disminuir el risc de desenvolupar c\u00e0ncer de pr\u00f2stata - Gremi del Caf\u00e8, torradors de Catalunya","robots":{"index":"index","follow":"follow","max-snippet":"max-snippet:-1","max-image-preview":"max-image-preview:large","max-video-preview":"max-video-preview:-1"},"canonical":"https:\/\/gremicafe.cat\/es\/2021\/06\/07\/el-consum-de-cafe-pot-ajudar-a-disminuir-el-risc-de-desenvolupar-cancer-de-prostata\/","og_locale":"es_ES","og_type":"article","og_title":"El consum de caf\u00e8 pot ajudar a disminuir el risc de desenvolupar c\u00e0ncer de pr\u00f2stata - Gremi del Caf\u00e8, torradors de Catalunya","og_description":"&nbsp; Un nou estudi publicat a la revista BMJ (British Medical Journal) revela que el consum de caf\u00e8 podria reduir el risc de desenvolupar c\u00e0ncer de pr\u00f2stata. En aquesta investigaci\u00f3, els cient\u00edfics van analitzar 16 estudis en els quals van participar m\u00e9s d&#8217;un mili\u00f3 de membres, dels quals 57.732 amb c\u00e0ncer de pr\u00f2stata. De l&#8217;estudi, [&hellip;]","og_url":"https:\/\/gremicafe.cat\/es\/2021\/06\/07\/el-consum-de-cafe-pot-ajudar-a-disminuir-el-risc-de-desenvolupar-cancer-de-prostata\/","og_site_name":"Gremi del Caf\u00e8, torradors de Catalunya","article_publisher":"https:\/\/www.facebook.com\/gremicafecat","article_published_time":"2021-06-07T09:09:29+00:00","og_image":[{"width":2560,"height":1707,"url":"https:\/\/gremicafe.cat\/wp-content\/uploads\/2021\/06\/tassa-cafe-scaled.jpg","type":"image\/jpeg"}],"author":"gremicafe","twitter_card":"summary_large_image","twitter_creator":"@gremicafecat","twitter_site":"@gremicafecat","twitter_misc":{"Escrito por":"gremicafe","Tiempo de lectura":"1 minuto"},"schema":{"@context":"https:\/\/schema.org","@graph":[{"@type":"Article","@id":"https:\/\/gremicafe.cat\/2021\/06\/07\/el-consum-de-cafe-pot-ajudar-a-disminuir-el-risc-de-desenvolupar-cancer-de-prostata\/#article","isPartOf":{"@id":"https:\/\/gremicafe.cat\/2021\/06\/07\/el-consum-de-cafe-pot-ajudar-a-disminuir-el-risc-de-desenvolupar-cancer-de-prostata\/"},"author":{"name":"gremicafe","@id":"https:\/\/gremicafe.cat\/#\/schema\/person\/dabfdbb3d0fa36260855a380f94e4733"},"headline":"El consum de caf\u00e8 pot ajudar a disminuir el risc de desenvolupar c\u00e0ncer de pr\u00f2stata","datePublished":"2021-06-07T09:09:29+00:00","mainEntityOfPage":{"@id":"https:\/\/gremicafe.cat\/2021\/06\/07\/el-consum-de-cafe-pot-ajudar-a-disminuir-el-risc-de-desenvolupar-cancer-de-prostata\/"},"wordCount":162,"publisher":{"@id":"https:\/\/gremicafe.cat\/#organization"},"image":{"@id":"https:\/\/gremicafe.cat\/2021\/06\/07\/el-consum-de-cafe-pot-ajudar-a-disminuir-el-risc-de-desenvolupar-cancer-de-prostata\/#primaryimage"},"thumbnailUrl":"https:\/\/gremicafe.cat\/wp-content\/uploads\/2021\/06\/tassa-cafe-scaled.jpg","articleSection":["Not\u00edcies"],"inLanguage":"es"},{"@type":"WebPage","@id":"https:\/\/gremicafe.cat\/2021\/06\/07\/el-consum-de-cafe-pot-ajudar-a-disminuir-el-risc-de-desenvolupar-cancer-de-prostata\/","url":"https:\/\/gremicafe.cat\/2021\/06\/07\/el-consum-de-cafe-pot-ajudar-a-disminuir-el-risc-de-desenvolupar-cancer-de-prostata\/","name":"El consum de caf\u00e8 pot ajudar a disminuir el risc de desenvolupar c\u00e0ncer de pr\u00f2stata - Gremi del Caf\u00e8, torradors de Catalunya","isPartOf":{"@id":"https:\/\/gremicafe.cat\/#website"},"primaryImageOfPage":{"@id":"https:\/\/gremicafe.cat\/2021\/06\/07\/el-consum-de-cafe-pot-ajudar-a-disminuir-el-risc-de-desenvolupar-cancer-de-prostata\/#primaryimage"},"image":{"@id":"https:\/\/gremicafe.cat\/2021\/06\/07\/el-consum-de-cafe-pot-ajudar-a-disminuir-el-risc-de-desenvolupar-cancer-de-prostata\/#primaryimage"},"thumbnailUrl":"https:\/\/gremicafe.cat\/wp-content\/uploads\/2021\/06\/tassa-cafe-scaled.jpg","datePublished":"2021-06-07T09:09:29+00:00","breadcrumb":{"@id":"https:\/\/gremicafe.cat\/2021\/06\/07\/el-consum-de-cafe-pot-ajudar-a-disminuir-el-risc-de-desenvolupar-cancer-de-prostata\/#breadcrumb"},"inLanguage":"es","potentialAction":[{"@type":"ReadAction","target":["https:\/\/gremicafe.cat\/2021\/06\/07\/el-consum-de-cafe-pot-ajudar-a-disminuir-el-risc-de-desenvolupar-cancer-de-prostata\/"]}]},{"@type":"ImageObject","inLanguage":"es","@id":"https:\/\/gremicafe.cat\/2021\/06\/07\/el-consum-de-cafe-pot-ajudar-a-disminuir-el-risc-de-desenvolupar-cancer-de-prostata\/#primaryimage","url":"https:\/\/gremicafe.cat\/wp-content\/uploads\/2021\/06\/tassa-cafe-scaled.jpg","contentUrl":"https:\/\/gremicafe.cat\/wp-content\/uploads\/2021\/06\/tassa-cafe-scaled.jpg","width":2560,"height":1707,"caption":"tassa-cafe"},{"@type":"BreadcrumbList","@id":"https:\/\/gremicafe.cat\/2021\/06\/07\/el-consum-de-cafe-pot-ajudar-a-disminuir-el-risc-de-desenvolupar-cancer-de-prostata\/#breadcrumb","itemListElement":[{"@type":"ListItem","position":1,"name":"Inici","item":"https:\/\/gremicafe.cat\/"},{"@type":"ListItem","position":2,"name":"El consum de caf\u00e8 pot ajudar a disminuir el risc de desenvolupar c\u00e0ncer de pr\u00f2stata"}]},{"@type":"WebSite","@id":"https:\/\/gremicafe.cat\/#website","url":"https:\/\/gremicafe.cat\/","name":"Gremio del Caf\u00e9, tostadores de Catalu\u00f1a","description":"Web oficial del gremio de tostadores de caf\u00e9 de Catalunya","publisher":{"@id":"https:\/\/gremicafe.cat\/#organization"},"potentialAction":[{"@type":"SearchAction","target":{"@type":"EntryPoint","urlTemplate":"https:\/\/gremicafe.cat\/?s={search_term_string}"},"query-input":{"@type":"PropertyValueSpecification","valueRequired":true,"valueName":"search_term_string"}}],"inLanguage":"es"},{"@type":"Organization","@id":"https:\/\/gremicafe.cat\/#organization","name":"Gremio del Caf\u00e9, Tostadores de Catalu\u00f1a","url":"https:\/\/gremicafe.cat\/","logo":{"@type":"ImageObject","inLanguage":"es","@id":"https:\/\/gremicafe.cat\/#\/schema\/logo\/image\/","url":"https:\/\/gremicafe.cat\/wp-content\/uploads\/2018\/03\/gremicafe-logo250.png","contentUrl":"https:\/\/gremicafe.cat\/wp-content\/uploads\/2018\/03\/gremicafe-logo250.png","width":250,"height":49,"caption":"Gremi del Caf\u00e8, Torradors de Catalunya"},"image":{"@id":"https:\/\/gremicafe.cat\/#\/schema\/logo\/image\/"},"sameAs":["https:\/\/www.facebook.com\/gremicafecat","https:\/\/x.com\/gremicafecat","https:\/\/www.instagram.com\/gremicafecat\/","https:\/\/www.pinterest.es\/gremicafecat\/","https:\/\/www.youtube.com\/channel\/UCGLo5Y35vLwLvP4FrPZrCrw\/"]},{"@type":"Person","@id":"https:\/\/gremicafe.cat\/#\/schema\/person\/dabfdbb3d0fa36260855a380f94e4733","name":"gremicafe","image":{"@type":"ImageObject","inLanguage":"es","@id":"https:\/\/gremicafe.cat\/#\/schema\/person\/image\/","url":"https:\/\/secure.gravatar.com\/avatar\/e59baa4ca8f6f97576d6375fb6d3c8f0?s=96&d=mm&r=g","contentUrl":"https:\/\/secure.gravatar.com\/avatar\/e59baa4ca8f6f97576d6375fb6d3c8f0?s=96&d=mm&r=g","caption":"gremicafe"}}]}},"_links":{"self":[{"href":"https:\/\/gremicafe.cat\/es\/wp-json\/wp\/v2\/posts\/5999"}],"collection":[{"href":"https:\/\/gremicafe.cat\/es\/wp-json\/wp\/v2\/posts"}],"about":[{"href":"https:\/\/gremicafe.cat\/es\/wp-json\/wp\/v2\/types\/post"}],"author":[{"embeddable":true,"href":"https:\/\/gremicafe.cat\/es\/wp-json\/wp\/v2\/users\/1"}],"replies":[{"embeddable":true,"href":"https:\/\/gremicafe.cat\/es\/wp-json\/wp\/v2\/comments?post=5999"}],"version-history":[{"count":0,"href":"https:\/\/gremicafe.cat\/es\/wp-json\/wp\/v2\/posts\/5999\/revisions"}],"wp:featuredmedia":[{"embeddable":true,"href":"https:\/\/gremicafe.cat\/es\/wp-json\/wp\/v2\/media\/6000"}],"wp:attachment":[{"href":"https:\/\/gremicafe.cat\/es\/wp-json\/wp\/v2\/media?parent=5999"}],"wp:term":[{"taxonomy":"category","embeddable":true,"href":"https:\/\/gremicafe.cat\/es\/wp-json\/wp\/v2\/categories?post=5999"},{"taxonomy":"post_tag","embeddable":true,"href":"https:\/\/gremicafe.cat\/es\/wp-json\/wp\/v2\/tags?post=5999"}],"curies":[{"name":"wp","href":"https:\/\/api.w.org\/{rel}","templated":true}]}}