{"id":6012,"date":"2021-06-11T11:08:12","date_gmt":"2021-06-11T09:08:12","guid":{"rendered":"https:\/\/gremicafe.cat\/?p=6012"},"modified":"2021-06-11T11:08:12","modified_gmt":"2021-06-11T09:08:12","slug":"et-descobrim-altres-utilitats-del-cafe","status":"publish","type":"post","link":"https:\/\/gremicafe.cat\/es\/2021\/06\/11\/et-descobrim-altres-utilitats-del-cafe\/","title":{"rendered":"Te descubrimos otras utilidades del caf\u00e9"},"content":{"rendered":"<p><img loading=\"lazy\" decoding=\"async\" class=\"aligncenter size-full wp-image-6013\" src=\"https:\/\/gremicafe.cat\/wp-content\/uploads\/2021\/06\/tassa-acef-fons-blanc.jpg\" alt=\"\" width=\"1200\" height=\"800\" srcset=\"https:\/\/gremicafe.cat\/wp-content\/uploads\/2021\/06\/tassa-acef-fons-blanc.jpg 1200w, https:\/\/gremicafe.cat\/wp-content\/uploads\/2021\/06\/tassa-acef-fons-blanc-768x512.jpg 768w, https:\/\/gremicafe.cat\/wp-content\/uploads\/2021\/06\/tassa-acef-fons-blanc-1080x720.jpg 1080w\" sizes=\"(max-width: 1200px) 100vw, 1200px\" \/><\/p>\n<p>Sabemos que el caf\u00e9 es una bebida que aporta muchos beneficios, y que con la correcta medida, puede prevenir incluso algunas enfermedades.<\/p>\n<p>Ahora bien, \u00bfsabemos qu\u00e9 otros usos puede tener el caf\u00e9? El caf\u00e9, adem\u00e1s de consumirla en nuestro d\u00eda a d\u00eda, puede utilizarse desde la higiene personal, hasta el hogar y la est\u00e9tica. A continuaci\u00f3n, te descubriremos algunas utilidades que quiz\u00e1s desconoc\u00edas.<\/p>\n<p><strong>Es un fant\u00e1stico abono natural para tus plantas.<\/strong> Los posos de caf\u00e9 los puedes utilizar para adobar tus plantas y jard\u00edn. Mezcla los posos de caf\u00e9 y un abono y tus plantas lucir\u00e1n un aspecto con mayor brillo.<\/p>\n<p><strong>Hace desaparecer los olores desagradables.\u00a0<\/strong>Si alg\u00fan d\u00eda te encuentras que no puedes deshacerte de un olor extra\u00f1o, sea dentro de la nevera o en una habitaci\u00f3n, el caf\u00e9 te puede ayudar. Pon caf\u00e9 en un plato y sit\u00faalo en la zona donde se sienta este olor, o bien en un saco peque\u00f1o dentro del armario.<\/p>\n<p><strong>Ayuda a reducir la celulitis.<\/strong> Si tienes celulitis o la piel naranja, puedes utilizar el caf\u00e9 como un exfoliante casero. Para ello, llena media taza con posos de caf\u00e9, a\u00f1ade aceite de oliva y una cucharada de az\u00facar. Mezclarlo todo y con la piel h\u00fameda puedes aplicar este exfoliante y dejarlo 20 minutos antes de retirarlo.<\/p>\n<div class=\"traductor-textarea form-group\">\n<div class=\"textarea-desti col-xs-12 col-sm-6\">\n<div class=\"form-control second-textarea\"><strong>Repelente perfecto contra las hormigas.<\/strong> Si tienes hormigas en casa y no quieres recurrir a productos t\u00f3xicos, el caf\u00e9 es el gran alternativo ecol\u00f3gico y eficaz. Esparce los trozos de posos de caf\u00e9 en la zona de las hormigas y las asustar\u00e1s.<\/p>\n<p><strong>Elimina los olores que te queden en tus manos.<\/strong> Si despu\u00e9s de cocinar, ajos, cebolla o pescado, o limpiar con productos fuertes, te queda un olor que te cuesta deshacerte incluso con lim\u00f3n, te recomendamos que utilices el caf\u00e9. Coge unos cuantos granos de caf\u00e9 o caf\u00e9 molido, y fr\u00f3tate bien las manos durante un minuto. Luego l\u00edmpiate las manos con mucha agua.<\/div>\n<div><\/div>\n<\/div>\n<\/div>\n<div><strong>Uso decorativo para llenar floreros y ambientador. <\/strong>Decora tu casa llenando los floreros con caf\u00e9, que imita la tierra y adem\u00e1s ayudar\u00e1 a que las flores aguanten durante m\u00e1s tiempo, a la vez que ambientes tu casa con el agradable olor a caf\u00e9.<\/div>\n<div><\/div>\n<div>Por \u00faltimo, el caf\u00e9 se puede utilizar de postre, desde el t\u00edpico tiramis\u00fa hasta smoothies, y muchas otras recetas culinarias.<\/div>\n<div><\/div>\n<div><\/div>\n<div><\/div>\n<div><\/div>\n<div class=\"traductor-textarea form-group\">\n<div class=\"textarea-desti col-xs-12 col-sm-6\">\n<div><\/div>\n<div class=\"form-control second-textarea\">\n<p>&nbsp;<\/p>\n<p>&nbsp;<\/p>\n<\/div>\n<\/div>\n<\/div>\n<div class=\"traductor-checkbox form-group\">\n<div class=\"row\">\n<div class=\"col-sm-offset-2 col-sm-5\"><\/div>\n<\/div>\n<\/div>\n<p>&nbsp;<\/p>","protected":false},"excerpt":{"rendered":"<p>Sabem que el caf\u00e8 \u00e9s una beguda que ens aporta molts beneficis, i que amb la correcta mesura, pot prevenir fins i tot algunes malalties. Ara b\u00e9, sabem quins altres usos pot tenir el caf\u00e8? El caf\u00e8, a m\u00e9s a m\u00e9s de consumir-la en el nostre dia a dia, es pot utilitzar des de la [&hellip;]<\/p>\n","protected":false},"author":1,"featured_media":6013,"comment_status":"closed","ping_status":"open","sticky":false,"template":"","format":"standard","meta":{"_acf_changed":false,"inline_featured_image":false,"footnotes":""},"categories":[1],"tags":[],"class_list":["post-6012","post","type-post","status-publish","format-standard","has-post-thumbnail","hentry","category-noticies"],"acf":[],"yoast_head":"<!-- This site is optimized with the Yoast SEO plugin v25.5 - https:\/\/yoast.com\/wordpress\/plugins\/seo\/ -->\n<title>Et descobrim altres utilitats del caf\u00e8 - Gremi del Caf\u00e8, torradors de Catalunya<\/title>\n<meta name=\"robots\" content=\"index, follow, max-snippet:-1, max-image-preview:large, max-video-preview:-1\" \/>\n<link rel=\"canonical\" href=\"https:\/\/gremicafe.cat\/es\/2021\/06\/11\/et-descobrim-altres-utilitats-del-cafe\/\" \/>\n<meta property=\"og:locale\" content=\"es_ES\" \/>\n<meta property=\"og:type\" content=\"article\" \/>\n<meta property=\"og:title\" content=\"Et descobrim altres utilitats del caf\u00e8 - Gremi del Caf\u00e8, torradors de Catalunya\" \/>\n<meta property=\"og:description\" content=\"Sabem que el caf\u00e8 \u00e9s una beguda que ens aporta molts beneficis, i que amb la correcta mesura, pot prevenir fins i tot algunes malalties. Ara b\u00e9, sabem quins altres usos pot tenir el caf\u00e8? El caf\u00e8, a m\u00e9s a m\u00e9s de consumir-la en el nostre dia a dia, es pot utilitzar des de la [&hellip;]\" \/>\n<meta property=\"og:url\" content=\"https:\/\/gremicafe.cat\/es\/2021\/06\/11\/et-descobrim-altres-utilitats-del-cafe\/\" \/>\n<meta property=\"og:site_name\" content=\"Gremi del Caf\u00e8, torradors de Catalunya\" \/>\n<meta property=\"article:publisher\" content=\"https:\/\/www.facebook.com\/gremicafecat\" \/>\n<meta property=\"article:published_time\" content=\"2021-06-11T09:08:12+00:00\" \/>\n<meta property=\"og:image\" content=\"https:\/\/gremicafe.cat\/wp-content\/uploads\/2021\/06\/tassa-acef-fons-blanc.jpg\" \/>\n\t<meta property=\"og:image:width\" content=\"1200\" \/>\n\t<meta property=\"og:image:height\" content=\"800\" \/>\n\t<meta property=\"og:image:type\" content=\"image\/jpeg\" \/>\n<meta name=\"author\" content=\"gremicafe\" \/>\n<meta name=\"twitter:card\" content=\"summary_large_image\" \/>\n<meta name=\"twitter:creator\" content=\"@gremicafecat\" \/>\n<meta name=\"twitter:site\" content=\"@gremicafecat\" \/>\n<meta name=\"twitter:label1\" content=\"Escrito por\" \/>\n\t<meta name=\"twitter:data1\" content=\"gremicafe\" \/>\n\t<meta name=\"twitter:label2\" content=\"Tiempo de lectura\" \/>\n\t<meta name=\"twitter:data2\" content=\"2 minutos\" \/>\n<script type=\"application\/ld+json\" class=\"yoast-schema-graph\">{\"@context\":\"https:\/\/schema.org\",\"@graph\":[{\"@type\":\"Article\",\"@id\":\"https:\/\/gremicafe.cat\/2021\/06\/11\/et-descobrim-altres-utilitats-del-cafe\/#article\",\"isPartOf\":{\"@id\":\"https:\/\/gremicafe.cat\/2021\/06\/11\/et-descobrim-altres-utilitats-del-cafe\/\"},\"author\":{\"name\":\"gremicafe\",\"@id\":\"https:\/\/gremicafe.cat\/#\/schema\/person\/dabfdbb3d0fa36260855a380f94e4733\"},\"headline\":\"Et descobrim altres utilitats del caf\u00e8\",\"datePublished\":\"2021-06-11T09:08:12+00:00\",\"mainEntityOfPage\":{\"@id\":\"https:\/\/gremicafe.cat\/2021\/06\/11\/et-descobrim-altres-utilitats-del-cafe\/\"},\"wordCount\":431,\"publisher\":{\"@id\":\"https:\/\/gremicafe.cat\/#organization\"},\"image\":{\"@id\":\"https:\/\/gremicafe.cat\/2021\/06\/11\/et-descobrim-altres-utilitats-del-cafe\/#primaryimage\"},\"thumbnailUrl\":\"https:\/\/gremicafe.cat\/wp-content\/uploads\/2021\/06\/tassa-acef-fons-blanc.jpg\",\"articleSection\":[\"Not\u00edcies\"],\"inLanguage\":\"es\"},{\"@type\":\"WebPage\",\"@id\":\"https:\/\/gremicafe.cat\/2021\/06\/11\/et-descobrim-altres-utilitats-del-cafe\/\",\"url\":\"https:\/\/gremicafe.cat\/2021\/06\/11\/et-descobrim-altres-utilitats-del-cafe\/\",\"name\":\"Et descobrim altres utilitats del caf\u00e8 - Gremi del Caf\u00e8, torradors de Catalunya\",\"isPartOf\":{\"@id\":\"https:\/\/gremicafe.cat\/#website\"},\"primaryImageOfPage\":{\"@id\":\"https:\/\/gremicafe.cat\/2021\/06\/11\/et-descobrim-altres-utilitats-del-cafe\/#primaryimage\"},\"image\":{\"@id\":\"https:\/\/gremicafe.cat\/2021\/06\/11\/et-descobrim-altres-utilitats-del-cafe\/#primaryimage\"},\"thumbnailUrl\":\"https:\/\/gremicafe.cat\/wp-content\/uploads\/2021\/06\/tassa-acef-fons-blanc.jpg\",\"datePublished\":\"2021-06-11T09:08:12+00:00\",\"breadcrumb\":{\"@id\":\"https:\/\/gremicafe.cat\/2021\/06\/11\/et-descobrim-altres-utilitats-del-cafe\/#breadcrumb\"},\"inLanguage\":\"es\",\"potentialAction\":[{\"@type\":\"ReadAction\",\"target\":[\"https:\/\/gremicafe.cat\/2021\/06\/11\/et-descobrim-altres-utilitats-del-cafe\/\"]}]},{\"@type\":\"ImageObject\",\"inLanguage\":\"es\",\"@id\":\"https:\/\/gremicafe.cat\/2021\/06\/11\/et-descobrim-altres-utilitats-del-cafe\/#primaryimage\",\"url\":\"https:\/\/gremicafe.cat\/wp-content\/uploads\/2021\/06\/tassa-acef-fons-blanc.jpg\",\"contentUrl\":\"https:\/\/gremicafe.cat\/wp-content\/uploads\/2021\/06\/tassa-acef-fons-blanc.jpg\",\"width\":1200,\"height\":800,\"caption\":\"tassa fons blanc\"},{\"@type\":\"BreadcrumbList\",\"@id\":\"https:\/\/gremicafe.cat\/2021\/06\/11\/et-descobrim-altres-utilitats-del-cafe\/#breadcrumb\",\"itemListElement\":[{\"@type\":\"ListItem\",\"position\":1,\"name\":\"Inici\",\"item\":\"https:\/\/gremicafe.cat\/\"},{\"@type\":\"ListItem\",\"position\":2,\"name\":\"Et descobrim altres utilitats del caf\u00e8\"}]},{\"@type\":\"WebSite\",\"@id\":\"https:\/\/gremicafe.cat\/#website\",\"url\":\"https:\/\/gremicafe.cat\/\",\"name\":\"Gremi del Caf\u00e8, torradors de Catalunya\",\"description\":\"Web oficial del gremi de torradors de caf\u00e8 de Catalunya\",\"publisher\":{\"@id\":\"https:\/\/gremicafe.cat\/#organization\"},\"potentialAction\":[{\"@type\":\"SearchAction\",\"target\":{\"@type\":\"EntryPoint\",\"urlTemplate\":\"https:\/\/gremicafe.cat\/?s={search_term_string}\"},\"query-input\":{\"@type\":\"PropertyValueSpecification\",\"valueRequired\":true,\"valueName\":\"search_term_string\"}}],\"inLanguage\":\"es\"},{\"@type\":\"Organization\",\"@id\":\"https:\/\/gremicafe.cat\/#organization\",\"name\":\"Gremi del Caf\u00e8, Torradors de Catalunya\",\"url\":\"https:\/\/gremicafe.cat\/\",\"logo\":{\"@type\":\"ImageObject\",\"inLanguage\":\"es\",\"@id\":\"https:\/\/gremicafe.cat\/#\/schema\/logo\/image\/\",\"url\":\"https:\/\/gremicafe.cat\/wp-content\/uploads\/2018\/03\/gremicafe-logo250.png\",\"contentUrl\":\"https:\/\/gremicafe.cat\/wp-content\/uploads\/2018\/03\/gremicafe-logo250.png\",\"width\":250,\"height\":49,\"caption\":\"Gremi del Caf\u00e8, Torradors de Catalunya\"},\"image\":{\"@id\":\"https:\/\/gremicafe.cat\/#\/schema\/logo\/image\/\"},\"sameAs\":[\"https:\/\/www.facebook.com\/gremicafecat\",\"https:\/\/x.com\/gremicafecat\",\"https:\/\/www.instagram.com\/gremicafecat\/\",\"https:\/\/www.pinterest.es\/gremicafecat\/\",\"https:\/\/www.youtube.com\/channel\/UCGLo5Y35vLwLvP4FrPZrCrw\/\"]},{\"@type\":\"Person\",\"@id\":\"https:\/\/gremicafe.cat\/#\/schema\/person\/dabfdbb3d0fa36260855a380f94e4733\",\"name\":\"gremicafe\",\"image\":{\"@type\":\"ImageObject\",\"inLanguage\":\"es\",\"@id\":\"https:\/\/gremicafe.cat\/#\/schema\/person\/image\/\",\"url\":\"https:\/\/secure.gravatar.com\/avatar\/e59baa4ca8f6f97576d6375fb6d3c8f0?s=96&d=mm&r=g\",\"contentUrl\":\"https:\/\/secure.gravatar.com\/avatar\/e59baa4ca8f6f97576d6375fb6d3c8f0?s=96&d=mm&r=g\",\"caption\":\"gremicafe\"}}]}<\/script>\n<!-- \/ Yoast SEO plugin. -->","yoast_head_json":{"title":"Et descobrim altres utilitats del caf\u00e8 - Gremi del Caf\u00e8, torradors de Catalunya","robots":{"index":"index","follow":"follow","max-snippet":"max-snippet:-1","max-image-preview":"max-image-preview:large","max-video-preview":"max-video-preview:-1"},"canonical":"https:\/\/gremicafe.cat\/es\/2021\/06\/11\/et-descobrim-altres-utilitats-del-cafe\/","og_locale":"es_ES","og_type":"article","og_title":"Et descobrim altres utilitats del caf\u00e8 - Gremi del Caf\u00e8, torradors de Catalunya","og_description":"Sabem que el caf\u00e8 \u00e9s una beguda que ens aporta molts beneficis, i que amb la correcta mesura, pot prevenir fins i tot algunes malalties. Ara b\u00e9, sabem quins altres usos pot tenir el caf\u00e8? El caf\u00e8, a m\u00e9s a m\u00e9s de consumir-la en el nostre dia a dia, es pot utilitzar des de la [&hellip;]","og_url":"https:\/\/gremicafe.cat\/es\/2021\/06\/11\/et-descobrim-altres-utilitats-del-cafe\/","og_site_name":"Gremi del Caf\u00e8, torradors de Catalunya","article_publisher":"https:\/\/www.facebook.com\/gremicafecat","article_published_time":"2021-06-11T09:08:12+00:00","og_image":[{"width":1200,"height":800,"url":"https:\/\/gremicafe.cat\/wp-content\/uploads\/2021\/06\/tassa-acef-fons-blanc.jpg","type":"image\/jpeg"}],"author":"gremicafe","twitter_card":"summary_large_image","twitter_creator":"@gremicafecat","twitter_site":"@gremicafecat","twitter_misc":{"Escrito por":"gremicafe","Tiempo de lectura":"2 minutos"},"schema":{"@context":"https:\/\/schema.org","@graph":[{"@type":"Article","@id":"https:\/\/gremicafe.cat\/2021\/06\/11\/et-descobrim-altres-utilitats-del-cafe\/#article","isPartOf":{"@id":"https:\/\/gremicafe.cat\/2021\/06\/11\/et-descobrim-altres-utilitats-del-cafe\/"},"author":{"name":"gremicafe","@id":"https:\/\/gremicafe.cat\/#\/schema\/person\/dabfdbb3d0fa36260855a380f94e4733"},"headline":"Et descobrim altres utilitats del caf\u00e8","datePublished":"2021-06-11T09:08:12+00:00","mainEntityOfPage":{"@id":"https:\/\/gremicafe.cat\/2021\/06\/11\/et-descobrim-altres-utilitats-del-cafe\/"},"wordCount":431,"publisher":{"@id":"https:\/\/gremicafe.cat\/#organization"},"image":{"@id":"https:\/\/gremicafe.cat\/2021\/06\/11\/et-descobrim-altres-utilitats-del-cafe\/#primaryimage"},"thumbnailUrl":"https:\/\/gremicafe.cat\/wp-content\/uploads\/2021\/06\/tassa-acef-fons-blanc.jpg","articleSection":["Not\u00edcies"],"inLanguage":"es"},{"@type":"WebPage","@id":"https:\/\/gremicafe.cat\/2021\/06\/11\/et-descobrim-altres-utilitats-del-cafe\/","url":"https:\/\/gremicafe.cat\/2021\/06\/11\/et-descobrim-altres-utilitats-del-cafe\/","name":"Et descobrim altres utilitats del caf\u00e8 - Gremi del Caf\u00e8, torradors de Catalunya","isPartOf":{"@id":"https:\/\/gremicafe.cat\/#website"},"primaryImageOfPage":{"@id":"https:\/\/gremicafe.cat\/2021\/06\/11\/et-descobrim-altres-utilitats-del-cafe\/#primaryimage"},"image":{"@id":"https:\/\/gremicafe.cat\/2021\/06\/11\/et-descobrim-altres-utilitats-del-cafe\/#primaryimage"},"thumbnailUrl":"https:\/\/gremicafe.cat\/wp-content\/uploads\/2021\/06\/tassa-acef-fons-blanc.jpg","datePublished":"2021-06-11T09:08:12+00:00","breadcrumb":{"@id":"https:\/\/gremicafe.cat\/2021\/06\/11\/et-descobrim-altres-utilitats-del-cafe\/#breadcrumb"},"inLanguage":"es","potentialAction":[{"@type":"ReadAction","target":["https:\/\/gremicafe.cat\/2021\/06\/11\/et-descobrim-altres-utilitats-del-cafe\/"]}]},{"@type":"ImageObject","inLanguage":"es","@id":"https:\/\/gremicafe.cat\/2021\/06\/11\/et-descobrim-altres-utilitats-del-cafe\/#primaryimage","url":"https:\/\/gremicafe.cat\/wp-content\/uploads\/2021\/06\/tassa-acef-fons-blanc.jpg","contentUrl":"https:\/\/gremicafe.cat\/wp-content\/uploads\/2021\/06\/tassa-acef-fons-blanc.jpg","width":1200,"height":800,"caption":"tassa fons blanc"},{"@type":"BreadcrumbList","@id":"https:\/\/gremicafe.cat\/2021\/06\/11\/et-descobrim-altres-utilitats-del-cafe\/#breadcrumb","itemListElement":[{"@type":"ListItem","position":1,"name":"Inici","item":"https:\/\/gremicafe.cat\/"},{"@type":"ListItem","position":2,"name":"Et descobrim altres utilitats del caf\u00e8"}]},{"@type":"WebSite","@id":"https:\/\/gremicafe.cat\/#website","url":"https:\/\/gremicafe.cat\/","name":"Gremio del Caf\u00e9, tostadores de Catalu\u00f1a","description":"Web oficial del gremio de tostadores de caf\u00e9 de Catalunya","publisher":{"@id":"https:\/\/gremicafe.cat\/#organization"},"potentialAction":[{"@type":"SearchAction","target":{"@type":"EntryPoint","urlTemplate":"https:\/\/gremicafe.cat\/?s={search_term_string}"},"query-input":{"@type":"PropertyValueSpecification","valueRequired":true,"valueName":"search_term_string"}}],"inLanguage":"es"},{"@type":"Organization","@id":"https:\/\/gremicafe.cat\/#organization","name":"Gremio del Caf\u00e9, Tostadores de Catalu\u00f1a","url":"https:\/\/gremicafe.cat\/","logo":{"@type":"ImageObject","inLanguage":"es","@id":"https:\/\/gremicafe.cat\/#\/schema\/logo\/image\/","url":"https:\/\/gremicafe.cat\/wp-content\/uploads\/2018\/03\/gremicafe-logo250.png","contentUrl":"https:\/\/gremicafe.cat\/wp-content\/uploads\/2018\/03\/gremicafe-logo250.png","width":250,"height":49,"caption":"Gremi del Caf\u00e8, Torradors de Catalunya"},"image":{"@id":"https:\/\/gremicafe.cat\/#\/schema\/logo\/image\/"},"sameAs":["https:\/\/www.facebook.com\/gremicafecat","https:\/\/x.com\/gremicafecat","https:\/\/www.instagram.com\/gremicafecat\/","https:\/\/www.pinterest.es\/gremicafecat\/","https:\/\/www.youtube.com\/channel\/UCGLo5Y35vLwLvP4FrPZrCrw\/"]},{"@type":"Person","@id":"https:\/\/gremicafe.cat\/#\/schema\/person\/dabfdbb3d0fa36260855a380f94e4733","name":"gremicafe","image":{"@type":"ImageObject","inLanguage":"es","@id":"https:\/\/gremicafe.cat\/#\/schema\/person\/image\/","url":"https:\/\/secure.gravatar.com\/avatar\/e59baa4ca8f6f97576d6375fb6d3c8f0?s=96&d=mm&r=g","contentUrl":"https:\/\/secure.gravatar.com\/avatar\/e59baa4ca8f6f97576d6375fb6d3c8f0?s=96&d=mm&r=g","caption":"gremicafe"}}]}},"_links":{"self":[{"href":"https:\/\/gremicafe.cat\/es\/wp-json\/wp\/v2\/posts\/6012"}],"collection":[{"href":"https:\/\/gremicafe.cat\/es\/wp-json\/wp\/v2\/posts"}],"about":[{"href":"https:\/\/gremicafe.cat\/es\/wp-json\/wp\/v2\/types\/post"}],"author":[{"embeddable":true,"href":"https:\/\/gremicafe.cat\/es\/wp-json\/wp\/v2\/users\/1"}],"replies":[{"embeddable":true,"href":"https:\/\/gremicafe.cat\/es\/wp-json\/wp\/v2\/comments?post=6012"}],"version-history":[{"count":0,"href":"https:\/\/gremicafe.cat\/es\/wp-json\/wp\/v2\/posts\/6012\/revisions"}],"wp:featuredmedia":[{"embeddable":true,"href":"https:\/\/gremicafe.cat\/es\/wp-json\/wp\/v2\/media\/6013"}],"wp:attachment":[{"href":"https:\/\/gremicafe.cat\/es\/wp-json\/wp\/v2\/media?parent=6012"}],"wp:term":[{"taxonomy":"category","embeddable":true,"href":"https:\/\/gremicafe.cat\/es\/wp-json\/wp\/v2\/categories?post=6012"},{"taxonomy":"post_tag","embeddable":true,"href":"https:\/\/gremicafe.cat\/es\/wp-json\/wp\/v2\/tags?post=6012"}],"curies":[{"name":"wp","href":"https:\/\/api.w.org\/{rel}","templated":true}]}}