{"id":6022,"date":"2021-06-22T16:12:56","date_gmt":"2021-06-22T14:12:56","guid":{"rendered":"https:\/\/gremicafe.cat\/?p=6022"},"modified":"2021-06-23T16:46:16","modified_gmt":"2021-06-23T14:46:16","slug":"bracafe-es-situa-a-la-posicio-63-del-ranking-de-cadenes-de-coffee-shops-mes-grans-deuropa","status":"publish","type":"post","link":"https:\/\/gremicafe.cat\/es\/2021\/06\/22\/bracafe-es-situa-a-la-posicio-63-del-ranking-de-cadenes-de-coffee-shops-mes-grans-deuropa\/","title":{"rendered":"Bracaf\u00e9 se sit\u00faa en la posici\u00f3n 63 del ranking de cadenas de coffee-shops m\u00e1s grandes de Europa"},"content":{"rendered":"<p><img loading=\"lazy\" decoding=\"async\" class=\"aligncenter size-full wp-image-6032\" src=\"https:\/\/gremicafe.cat\/wp-content\/uploads\/2021\/06\/bracafe-tassa.jpeg\" alt=\"Gremi cafe - bracafe\" width=\"2048\" height=\"1365\" srcset=\"https:\/\/gremicafe.cat\/wp-content\/uploads\/2021\/06\/bracafe-tassa.jpeg 2048w, https:\/\/gremicafe.cat\/wp-content\/uploads\/2021\/06\/bracafe-tassa-768x512.jpeg 768w, https:\/\/gremicafe.cat\/wp-content\/uploads\/2021\/06\/bracafe-tassa-1536x1024.jpeg 1536w, https:\/\/gremicafe.cat\/wp-content\/uploads\/2021\/06\/bracafe-tassa-1080x720.jpeg 1080w\" sizes=\"(max-width: 2048px) 100vw, 2048px\" \/><\/p>\n<p>&nbsp;<\/p>\n<p>En la revista \u201c<strong>Europe &amp; Middle-East Food Service News 02\/2021<\/strong>\u201c, han hecho el Ranking de las 85 cadenas de franquicias de coffee-shops, mayores en Europa. La empresa catalana Bracaf\u00e8 se ha situado en la posici\u00f3n 63 de toda Europa.<\/p>\n<p><a href=\"https:\/\/bracafe.com\/\" target=\"_blank\" rel=\"noopener\"><strong>Bracaf\u00e9<\/strong><\/a> inici\u00f3 su actividad en 1929, y actualmente dispone de 29 establecimientos repartidos por la capital catalana.<\/p>\n<p>A continuaci\u00f3n le dejamos el v\u00eddeo publicado en TikTok:<\/p>\n<p>&nbsp;<\/p>\n<blockquote class=\"tiktok-embed\" style=\"max-width: 605px; min-width: 325px;\" cite=\"https:\/\/www.tiktok.com\/@xavierdeerausquin\/video\/6976566620927839494\" data-video-id=\"6976566620927839494\">\n<section><a title=\"@xavierdeerausquin\" href=\"https:\/\/www.tiktok.com\/@xavierdeerausquin\" target=\"_blank\" rel=\"noopener\">@xavierdeerausquin<\/a><\/section>\n<\/blockquote>\n<p><script async src=\"https:\/\/www.tiktok.com\/embed.js\"><\/script><\/p>\n<p>&nbsp;<\/p>","protected":false},"excerpt":{"rendered":"<p>&nbsp; A la revista &#8220;Europe &amp; Middle-East Food Service News 02\/2021&#8220;, han fet el Ranking de les 85 cadenes de franqu\u00edcies de coffee-shops, m\u00e9s grans a Europa. L&#8217;empresa catalana Bracaf\u00e8 s&#8217;ha situat a la posici\u00f3 63 de tota Europa. Bracaf\u00e8 va iniciar la seva activitat el 1929, i actualment disposa de 29 establiments repartits per [&hellip;]<\/p>\n","protected":false},"author":1,"featured_media":6032,"comment_status":"closed","ping_status":"open","sticky":false,"template":"","format":"standard","meta":{"_acf_changed":false,"inline_featured_image":false,"footnotes":""},"categories":[1],"tags":[],"class_list":["post-6022","post","type-post","status-publish","format-standard","has-post-thumbnail","hentry","category-noticies"],"acf":[],"yoast_head":"<!-- This site is optimized with the Yoast SEO plugin v25.5 - https:\/\/yoast.com\/wordpress\/plugins\/seo\/ -->\n<title>Bracaf\u00e8 es situa a la posici\u00f3 63 del ranking de cadenes de coffee-shops m\u00e9s grans d&#039;Europa - Gremi del Caf\u00e8, torradors de Catalunya<\/title>\n<meta name=\"robots\" content=\"index, follow, max-snippet:-1, max-image-preview:large, max-video-preview:-1\" \/>\n<link rel=\"canonical\" href=\"https:\/\/gremicafe.cat\/es\/2021\/06\/22\/bracafe-es-situa-a-la-posicio-63-del-ranking-de-cadenes-de-coffee-shops-mes-grans-deuropa\/\" \/>\n<meta property=\"og:locale\" content=\"es_ES\" \/>\n<meta property=\"og:type\" content=\"article\" \/>\n<meta property=\"og:title\" content=\"Bracaf\u00e8 es situa a la posici\u00f3 63 del ranking de cadenes de coffee-shops m\u00e9s grans d&#039;Europa - Gremi del Caf\u00e8, torradors de Catalunya\" \/>\n<meta property=\"og:description\" content=\"&nbsp; A la revista &#8220;Europe &amp; Middle-East Food Service News 02\/2021&#8220;, han fet el Ranking de les 85 cadenes de franqu\u00edcies de coffee-shops, m\u00e9s grans a Europa. L&#8217;empresa catalana Bracaf\u00e8 s&#8217;ha situat a la posici\u00f3 63 de tota Europa. Bracaf\u00e8 va iniciar la seva activitat el 1929, i actualment disposa de 29 establiments repartits per [&hellip;]\" \/>\n<meta property=\"og:url\" content=\"https:\/\/gremicafe.cat\/es\/2021\/06\/22\/bracafe-es-situa-a-la-posicio-63-del-ranking-de-cadenes-de-coffee-shops-mes-grans-deuropa\/\" \/>\n<meta property=\"og:site_name\" content=\"Gremi del Caf\u00e8, torradors de Catalunya\" \/>\n<meta property=\"article:publisher\" content=\"https:\/\/www.facebook.com\/gremicafecat\" \/>\n<meta property=\"article:published_time\" content=\"2021-06-22T14:12:56+00:00\" \/>\n<meta property=\"article:modified_time\" content=\"2021-06-23T14:46:16+00:00\" \/>\n<meta property=\"og:image\" content=\"https:\/\/gremicafe.cat\/wp-content\/uploads\/2021\/06\/bracafe-tassa.jpeg\" \/>\n\t<meta property=\"og:image:width\" content=\"2048\" \/>\n\t<meta property=\"og:image:height\" content=\"1365\" \/>\n\t<meta property=\"og:image:type\" content=\"image\/jpeg\" \/>\n<meta name=\"author\" content=\"gremicafe\" \/>\n<meta name=\"twitter:card\" content=\"summary_large_image\" \/>\n<meta name=\"twitter:creator\" content=\"@gremicafecat\" \/>\n<meta name=\"twitter:site\" content=\"@gremicafecat\" \/>\n<meta name=\"twitter:label1\" content=\"Escrito por\" \/>\n\t<meta name=\"twitter:data1\" content=\"gremicafe\" \/>\n\t<meta name=\"twitter:label2\" content=\"Tiempo de lectura\" \/>\n\t<meta name=\"twitter:data2\" content=\"1 minuto\" \/>\n<script type=\"application\/ld+json\" class=\"yoast-schema-graph\">{\"@context\":\"https:\/\/schema.org\",\"@graph\":[{\"@type\":\"Article\",\"@id\":\"https:\/\/gremicafe.cat\/2021\/06\/22\/bracafe-es-situa-a-la-posicio-63-del-ranking-de-cadenes-de-coffee-shops-mes-grans-deuropa\/#article\",\"isPartOf\":{\"@id\":\"https:\/\/gremicafe.cat\/2021\/06\/22\/bracafe-es-situa-a-la-posicio-63-del-ranking-de-cadenes-de-coffee-shops-mes-grans-deuropa\/\"},\"author\":{\"name\":\"gremicafe\",\"@id\":\"https:\/\/gremicafe.cat\/#\/schema\/person\/dabfdbb3d0fa36260855a380f94e4733\"},\"headline\":\"Bracaf\u00e8 es situa a la posici\u00f3 63 del ranking de cadenes de coffee-shops m\u00e9s grans d&#8217;Europa\",\"datePublished\":\"2021-06-22T14:12:56+00:00\",\"dateModified\":\"2021-06-23T14:46:16+00:00\",\"mainEntityOfPage\":{\"@id\":\"https:\/\/gremicafe.cat\/2021\/06\/22\/bracafe-es-situa-a-la-posicio-63-del-ranking-de-cadenes-de-coffee-shops-mes-grans-deuropa\/\"},\"wordCount\":84,\"publisher\":{\"@id\":\"https:\/\/gremicafe.cat\/#organization\"},\"image\":{\"@id\":\"https:\/\/gremicafe.cat\/2021\/06\/22\/bracafe-es-situa-a-la-posicio-63-del-ranking-de-cadenes-de-coffee-shops-mes-grans-deuropa\/#primaryimage\"},\"thumbnailUrl\":\"https:\/\/gremicafe.cat\/wp-content\/uploads\/2021\/06\/bracafe-tassa.jpeg\",\"articleSection\":[\"Not\u00edcies\"],\"inLanguage\":\"es\"},{\"@type\":\"WebPage\",\"@id\":\"https:\/\/gremicafe.cat\/2021\/06\/22\/bracafe-es-situa-a-la-posicio-63-del-ranking-de-cadenes-de-coffee-shops-mes-grans-deuropa\/\",\"url\":\"https:\/\/gremicafe.cat\/2021\/06\/22\/bracafe-es-situa-a-la-posicio-63-del-ranking-de-cadenes-de-coffee-shops-mes-grans-deuropa\/\",\"name\":\"Bracaf\u00e8 es situa a la posici\u00f3 63 del ranking de cadenes de coffee-shops m\u00e9s grans d'Europa - Gremi del Caf\u00e8, torradors de Catalunya\",\"isPartOf\":{\"@id\":\"https:\/\/gremicafe.cat\/#website\"},\"primaryImageOfPage\":{\"@id\":\"https:\/\/gremicafe.cat\/2021\/06\/22\/bracafe-es-situa-a-la-posicio-63-del-ranking-de-cadenes-de-coffee-shops-mes-grans-deuropa\/#primaryimage\"},\"image\":{\"@id\":\"https:\/\/gremicafe.cat\/2021\/06\/22\/bracafe-es-situa-a-la-posicio-63-del-ranking-de-cadenes-de-coffee-shops-mes-grans-deuropa\/#primaryimage\"},\"thumbnailUrl\":\"https:\/\/gremicafe.cat\/wp-content\/uploads\/2021\/06\/bracafe-tassa.jpeg\",\"datePublished\":\"2021-06-22T14:12:56+00:00\",\"dateModified\":\"2021-06-23T14:46:16+00:00\",\"breadcrumb\":{\"@id\":\"https:\/\/gremicafe.cat\/2021\/06\/22\/bracafe-es-situa-a-la-posicio-63-del-ranking-de-cadenes-de-coffee-shops-mes-grans-deuropa\/#breadcrumb\"},\"inLanguage\":\"es\",\"potentialAction\":[{\"@type\":\"ReadAction\",\"target\":[\"https:\/\/gremicafe.cat\/2021\/06\/22\/bracafe-es-situa-a-la-posicio-63-del-ranking-de-cadenes-de-coffee-shops-mes-grans-deuropa\/\"]}]},{\"@type\":\"ImageObject\",\"inLanguage\":\"es\",\"@id\":\"https:\/\/gremicafe.cat\/2021\/06\/22\/bracafe-es-situa-a-la-posicio-63-del-ranking-de-cadenes-de-coffee-shops-mes-grans-deuropa\/#primaryimage\",\"url\":\"https:\/\/gremicafe.cat\/wp-content\/uploads\/2021\/06\/bracafe-tassa.jpeg\",\"contentUrl\":\"https:\/\/gremicafe.cat\/wp-content\/uploads\/2021\/06\/bracafe-tassa.jpeg\",\"width\":2048,\"height\":1365,\"caption\":\"Gremi cafe - bracafe\"},{\"@type\":\"BreadcrumbList\",\"@id\":\"https:\/\/gremicafe.cat\/2021\/06\/22\/bracafe-es-situa-a-la-posicio-63-del-ranking-de-cadenes-de-coffee-shops-mes-grans-deuropa\/#breadcrumb\",\"itemListElement\":[{\"@type\":\"ListItem\",\"position\":1,\"name\":\"Inici\",\"item\":\"https:\/\/gremicafe.cat\/\"},{\"@type\":\"ListItem\",\"position\":2,\"name\":\"Bracaf\u00e8 es situa a la posici\u00f3 63 del ranking de cadenes de coffee-shops m\u00e9s grans d&#8217;Europa\"}]},{\"@type\":\"WebSite\",\"@id\":\"https:\/\/gremicafe.cat\/#website\",\"url\":\"https:\/\/gremicafe.cat\/\",\"name\":\"Gremi del Caf\u00e8, torradors de Catalunya\",\"description\":\"Web oficial del gremi de torradors de caf\u00e8 de Catalunya\",\"publisher\":{\"@id\":\"https:\/\/gremicafe.cat\/#organization\"},\"potentialAction\":[{\"@type\":\"SearchAction\",\"target\":{\"@type\":\"EntryPoint\",\"urlTemplate\":\"https:\/\/gremicafe.cat\/?s={search_term_string}\"},\"query-input\":{\"@type\":\"PropertyValueSpecification\",\"valueRequired\":true,\"valueName\":\"search_term_string\"}}],\"inLanguage\":\"es\"},{\"@type\":\"Organization\",\"@id\":\"https:\/\/gremicafe.cat\/#organization\",\"name\":\"Gremi del Caf\u00e8, Torradors de Catalunya\",\"url\":\"https:\/\/gremicafe.cat\/\",\"logo\":{\"@type\":\"ImageObject\",\"inLanguage\":\"es\",\"@id\":\"https:\/\/gremicafe.cat\/#\/schema\/logo\/image\/\",\"url\":\"https:\/\/gremicafe.cat\/wp-content\/uploads\/2018\/03\/gremicafe-logo250.png\",\"contentUrl\":\"https:\/\/gremicafe.cat\/wp-content\/uploads\/2018\/03\/gremicafe-logo250.png\",\"width\":250,\"height\":49,\"caption\":\"Gremi del Caf\u00e8, Torradors de Catalunya\"},\"image\":{\"@id\":\"https:\/\/gremicafe.cat\/#\/schema\/logo\/image\/\"},\"sameAs\":[\"https:\/\/www.facebook.com\/gremicafecat\",\"https:\/\/x.com\/gremicafecat\",\"https:\/\/www.instagram.com\/gremicafecat\/\",\"https:\/\/www.pinterest.es\/gremicafecat\/\",\"https:\/\/www.youtube.com\/channel\/UCGLo5Y35vLwLvP4FrPZrCrw\/\"]},{\"@type\":\"Person\",\"@id\":\"https:\/\/gremicafe.cat\/#\/schema\/person\/dabfdbb3d0fa36260855a380f94e4733\",\"name\":\"gremicafe\",\"image\":{\"@type\":\"ImageObject\",\"inLanguage\":\"es\",\"@id\":\"https:\/\/gremicafe.cat\/#\/schema\/person\/image\/\",\"url\":\"https:\/\/secure.gravatar.com\/avatar\/e59baa4ca8f6f97576d6375fb6d3c8f0?s=96&d=mm&r=g\",\"contentUrl\":\"https:\/\/secure.gravatar.com\/avatar\/e59baa4ca8f6f97576d6375fb6d3c8f0?s=96&d=mm&r=g\",\"caption\":\"gremicafe\"}}]}<\/script>\n<!-- \/ Yoast SEO plugin. -->","yoast_head_json":{"title":"Bracaf\u00e8 es situa a la posici\u00f3 63 del ranking de cadenes de coffee-shops m\u00e9s grans d'Europa - Gremi del Caf\u00e8, torradors de Catalunya","robots":{"index":"index","follow":"follow","max-snippet":"max-snippet:-1","max-image-preview":"max-image-preview:large","max-video-preview":"max-video-preview:-1"},"canonical":"https:\/\/gremicafe.cat\/es\/2021\/06\/22\/bracafe-es-situa-a-la-posicio-63-del-ranking-de-cadenes-de-coffee-shops-mes-grans-deuropa\/","og_locale":"es_ES","og_type":"article","og_title":"Bracaf\u00e8 es situa a la posici\u00f3 63 del ranking de cadenes de coffee-shops m\u00e9s grans d'Europa - Gremi del Caf\u00e8, torradors de Catalunya","og_description":"&nbsp; A la revista &#8220;Europe &amp; Middle-East Food Service News 02\/2021&#8220;, han fet el Ranking de les 85 cadenes de franqu\u00edcies de coffee-shops, m\u00e9s grans a Europa. L&#8217;empresa catalana Bracaf\u00e8 s&#8217;ha situat a la posici\u00f3 63 de tota Europa. Bracaf\u00e8 va iniciar la seva activitat el 1929, i actualment disposa de 29 establiments repartits per [&hellip;]","og_url":"https:\/\/gremicafe.cat\/es\/2021\/06\/22\/bracafe-es-situa-a-la-posicio-63-del-ranking-de-cadenes-de-coffee-shops-mes-grans-deuropa\/","og_site_name":"Gremi del Caf\u00e8, torradors de Catalunya","article_publisher":"https:\/\/www.facebook.com\/gremicafecat","article_published_time":"2021-06-22T14:12:56+00:00","article_modified_time":"2021-06-23T14:46:16+00:00","og_image":[{"width":2048,"height":1365,"url":"https:\/\/gremicafe.cat\/wp-content\/uploads\/2021\/06\/bracafe-tassa.jpeg","type":"image\/jpeg"}],"author":"gremicafe","twitter_card":"summary_large_image","twitter_creator":"@gremicafecat","twitter_site":"@gremicafecat","twitter_misc":{"Escrito por":"gremicafe","Tiempo de lectura":"1 minuto"},"schema":{"@context":"https:\/\/schema.org","@graph":[{"@type":"Article","@id":"https:\/\/gremicafe.cat\/2021\/06\/22\/bracafe-es-situa-a-la-posicio-63-del-ranking-de-cadenes-de-coffee-shops-mes-grans-deuropa\/#article","isPartOf":{"@id":"https:\/\/gremicafe.cat\/2021\/06\/22\/bracafe-es-situa-a-la-posicio-63-del-ranking-de-cadenes-de-coffee-shops-mes-grans-deuropa\/"},"author":{"name":"gremicafe","@id":"https:\/\/gremicafe.cat\/#\/schema\/person\/dabfdbb3d0fa36260855a380f94e4733"},"headline":"Bracaf\u00e8 es situa a la posici\u00f3 63 del ranking de cadenes de coffee-shops m\u00e9s grans d&#8217;Europa","datePublished":"2021-06-22T14:12:56+00:00","dateModified":"2021-06-23T14:46:16+00:00","mainEntityOfPage":{"@id":"https:\/\/gremicafe.cat\/2021\/06\/22\/bracafe-es-situa-a-la-posicio-63-del-ranking-de-cadenes-de-coffee-shops-mes-grans-deuropa\/"},"wordCount":84,"publisher":{"@id":"https:\/\/gremicafe.cat\/#organization"},"image":{"@id":"https:\/\/gremicafe.cat\/2021\/06\/22\/bracafe-es-situa-a-la-posicio-63-del-ranking-de-cadenes-de-coffee-shops-mes-grans-deuropa\/#primaryimage"},"thumbnailUrl":"https:\/\/gremicafe.cat\/wp-content\/uploads\/2021\/06\/bracafe-tassa.jpeg","articleSection":["Not\u00edcies"],"inLanguage":"es"},{"@type":"WebPage","@id":"https:\/\/gremicafe.cat\/2021\/06\/22\/bracafe-es-situa-a-la-posicio-63-del-ranking-de-cadenes-de-coffee-shops-mes-grans-deuropa\/","url":"https:\/\/gremicafe.cat\/2021\/06\/22\/bracafe-es-situa-a-la-posicio-63-del-ranking-de-cadenes-de-coffee-shops-mes-grans-deuropa\/","name":"Bracaf\u00e8 es situa a la posici\u00f3 63 del ranking de cadenes de coffee-shops m\u00e9s grans d'Europa - Gremi del Caf\u00e8, torradors de Catalunya","isPartOf":{"@id":"https:\/\/gremicafe.cat\/#website"},"primaryImageOfPage":{"@id":"https:\/\/gremicafe.cat\/2021\/06\/22\/bracafe-es-situa-a-la-posicio-63-del-ranking-de-cadenes-de-coffee-shops-mes-grans-deuropa\/#primaryimage"},"image":{"@id":"https:\/\/gremicafe.cat\/2021\/06\/22\/bracafe-es-situa-a-la-posicio-63-del-ranking-de-cadenes-de-coffee-shops-mes-grans-deuropa\/#primaryimage"},"thumbnailUrl":"https:\/\/gremicafe.cat\/wp-content\/uploads\/2021\/06\/bracafe-tassa.jpeg","datePublished":"2021-06-22T14:12:56+00:00","dateModified":"2021-06-23T14:46:16+00:00","breadcrumb":{"@id":"https:\/\/gremicafe.cat\/2021\/06\/22\/bracafe-es-situa-a-la-posicio-63-del-ranking-de-cadenes-de-coffee-shops-mes-grans-deuropa\/#breadcrumb"},"inLanguage":"es","potentialAction":[{"@type":"ReadAction","target":["https:\/\/gremicafe.cat\/2021\/06\/22\/bracafe-es-situa-a-la-posicio-63-del-ranking-de-cadenes-de-coffee-shops-mes-grans-deuropa\/"]}]},{"@type":"ImageObject","inLanguage":"es","@id":"https:\/\/gremicafe.cat\/2021\/06\/22\/bracafe-es-situa-a-la-posicio-63-del-ranking-de-cadenes-de-coffee-shops-mes-grans-deuropa\/#primaryimage","url":"https:\/\/gremicafe.cat\/wp-content\/uploads\/2021\/06\/bracafe-tassa.jpeg","contentUrl":"https:\/\/gremicafe.cat\/wp-content\/uploads\/2021\/06\/bracafe-tassa.jpeg","width":2048,"height":1365,"caption":"Gremi cafe - bracafe"},{"@type":"BreadcrumbList","@id":"https:\/\/gremicafe.cat\/2021\/06\/22\/bracafe-es-situa-a-la-posicio-63-del-ranking-de-cadenes-de-coffee-shops-mes-grans-deuropa\/#breadcrumb","itemListElement":[{"@type":"ListItem","position":1,"name":"Inici","item":"https:\/\/gremicafe.cat\/"},{"@type":"ListItem","position":2,"name":"Bracaf\u00e8 es situa a la posici\u00f3 63 del ranking de cadenes de coffee-shops m\u00e9s grans d&#8217;Europa"}]},{"@type":"WebSite","@id":"https:\/\/gremicafe.cat\/#website","url":"https:\/\/gremicafe.cat\/","name":"Gremio del Caf\u00e9, tostadores de Catalu\u00f1a","description":"Web oficial del gremio de tostadores de caf\u00e9 de Catalunya","publisher":{"@id":"https:\/\/gremicafe.cat\/#organization"},"potentialAction":[{"@type":"SearchAction","target":{"@type":"EntryPoint","urlTemplate":"https:\/\/gremicafe.cat\/?s={search_term_string}"},"query-input":{"@type":"PropertyValueSpecification","valueRequired":true,"valueName":"search_term_string"}}],"inLanguage":"es"},{"@type":"Organization","@id":"https:\/\/gremicafe.cat\/#organization","name":"Gremio del Caf\u00e9, Tostadores de Catalu\u00f1a","url":"https:\/\/gremicafe.cat\/","logo":{"@type":"ImageObject","inLanguage":"es","@id":"https:\/\/gremicafe.cat\/#\/schema\/logo\/image\/","url":"https:\/\/gremicafe.cat\/wp-content\/uploads\/2018\/03\/gremicafe-logo250.png","contentUrl":"https:\/\/gremicafe.cat\/wp-content\/uploads\/2018\/03\/gremicafe-logo250.png","width":250,"height":49,"caption":"Gremi del Caf\u00e8, Torradors de Catalunya"},"image":{"@id":"https:\/\/gremicafe.cat\/#\/schema\/logo\/image\/"},"sameAs":["https:\/\/www.facebook.com\/gremicafecat","https:\/\/x.com\/gremicafecat","https:\/\/www.instagram.com\/gremicafecat\/","https:\/\/www.pinterest.es\/gremicafecat\/","https:\/\/www.youtube.com\/channel\/UCGLo5Y35vLwLvP4FrPZrCrw\/"]},{"@type":"Person","@id":"https:\/\/gremicafe.cat\/#\/schema\/person\/dabfdbb3d0fa36260855a380f94e4733","name":"gremicafe","image":{"@type":"ImageObject","inLanguage":"es","@id":"https:\/\/gremicafe.cat\/#\/schema\/person\/image\/","url":"https:\/\/secure.gravatar.com\/avatar\/e59baa4ca8f6f97576d6375fb6d3c8f0?s=96&d=mm&r=g","contentUrl":"https:\/\/secure.gravatar.com\/avatar\/e59baa4ca8f6f97576d6375fb6d3c8f0?s=96&d=mm&r=g","caption":"gremicafe"}}]}},"_links":{"self":[{"href":"https:\/\/gremicafe.cat\/es\/wp-json\/wp\/v2\/posts\/6022"}],"collection":[{"href":"https:\/\/gremicafe.cat\/es\/wp-json\/wp\/v2\/posts"}],"about":[{"href":"https:\/\/gremicafe.cat\/es\/wp-json\/wp\/v2\/types\/post"}],"author":[{"embeddable":true,"href":"https:\/\/gremicafe.cat\/es\/wp-json\/wp\/v2\/users\/1"}],"replies":[{"embeddable":true,"href":"https:\/\/gremicafe.cat\/es\/wp-json\/wp\/v2\/comments?post=6022"}],"version-history":[{"count":0,"href":"https:\/\/gremicafe.cat\/es\/wp-json\/wp\/v2\/posts\/6022\/revisions"}],"wp:featuredmedia":[{"embeddable":true,"href":"https:\/\/gremicafe.cat\/es\/wp-json\/wp\/v2\/media\/6032"}],"wp:attachment":[{"href":"https:\/\/gremicafe.cat\/es\/wp-json\/wp\/v2\/media?parent=6022"}],"wp:term":[{"taxonomy":"category","embeddable":true,"href":"https:\/\/gremicafe.cat\/es\/wp-json\/wp\/v2\/categories?post=6022"},{"taxonomy":"post_tag","embeddable":true,"href":"https:\/\/gremicafe.cat\/es\/wp-json\/wp\/v2\/tags?post=6022"}],"curies":[{"name":"wp","href":"https:\/\/api.w.org\/{rel}","templated":true}]}}