{"id":6026,"date":"2021-06-23T16:38:12","date_gmt":"2021-06-23T14:38:12","guid":{"rendered":"https:\/\/gremicafe.cat\/?p=6026"},"modified":"2021-06-23T16:38:12","modified_gmt":"2021-06-23T14:38:12","slug":"arranca-la-nova-campanya-destiu-del-gremi-de-cafe-de-catalunya","status":"publish","type":"post","link":"https:\/\/gremicafe.cat\/es\/2021\/06\/23\/arranca-la-nova-campanya-destiu-del-gremi-de-cafe-de-catalunya\/","title":{"rendered":"Arranca la nueva campa\u00f1a de verano del Gremio de caf\u00e9 de Catalunya"},"content":{"rendered":"<p><img loading=\"lazy\" decoding=\"async\" class=\"aligncenter size-full wp-image-6030\" src=\"https:\/\/gremicafe.cat\/wp-content\/uploads\/2021\/06\/11178-CAMPANIA-ESTIU-CAFE-CAT-FB-1.jpg\" alt=\"gremi cafe - botiga de caf\u00e8 m\u00e9s gran de catalunya\" width=\"852\" height=\"316\" srcset=\"https:\/\/gremicafe.cat\/wp-content\/uploads\/2021\/06\/11178-CAMPANIA-ESTIU-CAFE-CAT-FB-1.jpg 852w, https:\/\/gremicafe.cat\/wp-content\/uploads\/2021\/06\/11178-CAMPANIA-ESTIU-CAFE-CAT-FB-1-768x285.jpg 768w\" sizes=\"(max-width: 852px) 100vw, 852px\" \/><\/p>\n<p>&nbsp;<\/p>\n<p><strong>Coincidiendo con el inicio de la temporada de verano, el Gremio de caf\u00e9 tostadores de Catalunya, ha puesto en marcha la nueva campa\u00f1a veraniega.<\/strong><\/p>\n<p>Esta campa\u00f1a, sigue con el objetivo de difundir el mensaje de \u201c<strong>La Tienda M\u00e1s Grande de Catalu\u00f1a<\/strong>\u201d con un estilo gr\u00e1fico renovado y ajustado a la temporada de mayor calor del a\u00f1o. Por este motivo, tambi\u00e9n se acompa\u00f1a el mensaje con uno temporal como el de \u201cRefrescate con caf\u00e9 con hielo tostado en Catalu\u00f1a\u201d.<\/p>\n<p>La campa\u00f1a se difundir\u00e1 a trav\u00e9s de las redes sociales del Gremio; <a href=\"https:\/\/www.instagram.com\/gremicafecat\/\" target=\"_blank\" rel=\"noopener\"><strong>Instagram<\/strong><\/a>, <a href=\"https:\/\/www.facebook.com\/gremicafecat\/\" target=\"_blank\" rel=\"noopener\"><strong>Facebook<\/strong><\/a> y <a href=\"https:\/\/twitter.com\/gremicafecat\" target=\"_blank\" rel=\"noopener\"><strong>Twitter<\/strong><\/a>.<\/p>\n<p>&nbsp;<\/p>","protected":false},"excerpt":{"rendered":"<p>&nbsp; Coincidint amb l&#8217;inici de la temporada d&#8217;estiu, el Gremi de caf\u00e8 torradors de Catalunya, ha posat en marxa la nova campanya estiuenca. Aquesta campanya, segueix amb l&#8217;objectiu de difondre el missatge de &#8220;La Botiga M\u00e9s Gran de Catalunya&#8221; amb un estil gr\u00e0fic renovat i ajustat a la temporada de m\u00e9s calor de l&#8217;any. Per [&hellip;]<\/p>\n","protected":false},"author":1,"featured_media":6027,"comment_status":"closed","ping_status":"open","sticky":false,"template":"","format":"standard","meta":{"_acf_changed":false,"inline_featured_image":false,"footnotes":""},"categories":[1],"tags":[],"class_list":["post-6026","post","type-post","status-publish","format-standard","has-post-thumbnail","hentry","category-noticies"],"acf":[],"yoast_head":"<!-- This site is optimized with the Yoast SEO plugin v25.5 - https:\/\/yoast.com\/wordpress\/plugins\/seo\/ -->\n<title>Arranca la nova campanya d&#039;estiu del Gremi de caf\u00e8 de Catalunya - Gremi del Caf\u00e8, torradors de Catalunya<\/title>\n<meta name=\"robots\" content=\"index, follow, max-snippet:-1, max-image-preview:large, max-video-preview:-1\" \/>\n<link rel=\"canonical\" href=\"https:\/\/gremicafe.cat\/es\/2021\/06\/23\/arranca-la-nova-campanya-destiu-del-gremi-de-cafe-de-catalunya\/\" \/>\n<meta property=\"og:locale\" content=\"es_ES\" \/>\n<meta property=\"og:type\" content=\"article\" \/>\n<meta property=\"og:title\" content=\"Arranca la nova campanya d&#039;estiu del Gremi de caf\u00e8 de Catalunya - Gremi del Caf\u00e8, torradors de Catalunya\" \/>\n<meta property=\"og:description\" content=\"&nbsp; Coincidint amb l&#8217;inici de la temporada d&#8217;estiu, el Gremi de caf\u00e8 torradors de Catalunya, ha posat en marxa la nova campanya estiuenca. Aquesta campanya, segueix amb l&#8217;objectiu de difondre el missatge de &#8220;La Botiga M\u00e9s Gran de Catalunya&#8221; amb un estil gr\u00e0fic renovat i ajustat a la temporada de m\u00e9s calor de l&#8217;any. Per [&hellip;]\" \/>\n<meta property=\"og:url\" content=\"https:\/\/gremicafe.cat\/es\/2021\/06\/23\/arranca-la-nova-campanya-destiu-del-gremi-de-cafe-de-catalunya\/\" \/>\n<meta property=\"og:site_name\" content=\"Gremi del Caf\u00e8, torradors de Catalunya\" \/>\n<meta property=\"article:publisher\" content=\"https:\/\/www.facebook.com\/gremicafecat\" \/>\n<meta property=\"article:published_time\" content=\"2021-06-23T14:38:12+00:00\" \/>\n<meta property=\"og:image\" content=\"https:\/\/gremicafe.cat\/wp-content\/uploads\/2021\/06\/11178-CAMPANIA-ESTIU-CAFE-CAT-A1-a.jpg\" \/>\n\t<meta property=\"og:image:width\" content=\"1080\" \/>\n\t<meta property=\"og:image:height\" content=\"1080\" \/>\n\t<meta property=\"og:image:type\" content=\"image\/jpeg\" \/>\n<meta name=\"author\" content=\"gremicafe\" \/>\n<meta name=\"twitter:card\" content=\"summary_large_image\" \/>\n<meta name=\"twitter:creator\" content=\"@gremicafecat\" \/>\n<meta name=\"twitter:site\" content=\"@gremicafecat\" \/>\n<meta name=\"twitter:label1\" content=\"Escrito por\" \/>\n\t<meta name=\"twitter:data1\" content=\"gremicafe\" \/>\n\t<meta name=\"twitter:label2\" content=\"Tiempo de lectura\" \/>\n\t<meta name=\"twitter:data2\" content=\"1 minuto\" \/>\n<script type=\"application\/ld+json\" class=\"yoast-schema-graph\">{\"@context\":\"https:\/\/schema.org\",\"@graph\":[{\"@type\":\"Article\",\"@id\":\"https:\/\/gremicafe.cat\/2021\/06\/23\/arranca-la-nova-campanya-destiu-del-gremi-de-cafe-de-catalunya\/#article\",\"isPartOf\":{\"@id\":\"https:\/\/gremicafe.cat\/2021\/06\/23\/arranca-la-nova-campanya-destiu-del-gremi-de-cafe-de-catalunya\/\"},\"author\":{\"name\":\"gremicafe\",\"@id\":\"https:\/\/gremicafe.cat\/#\/schema\/person\/dabfdbb3d0fa36260855a380f94e4733\"},\"headline\":\"Arranca la nova campanya d&#8217;estiu del Gremi de caf\u00e8 de Catalunya\",\"datePublished\":\"2021-06-23T14:38:12+00:00\",\"mainEntityOfPage\":{\"@id\":\"https:\/\/gremicafe.cat\/2021\/06\/23\/arranca-la-nova-campanya-destiu-del-gremi-de-cafe-de-catalunya\/\"},\"wordCount\":108,\"publisher\":{\"@id\":\"https:\/\/gremicafe.cat\/#organization\"},\"image\":{\"@id\":\"https:\/\/gremicafe.cat\/2021\/06\/23\/arranca-la-nova-campanya-destiu-del-gremi-de-cafe-de-catalunya\/#primaryimage\"},\"thumbnailUrl\":\"https:\/\/gremicafe.cat\/wp-content\/uploads\/2021\/06\/11178-CAMPANIA-ESTIU-CAFE-CAT-A1-a.jpg\",\"articleSection\":[\"Not\u00edcies\"],\"inLanguage\":\"es\"},{\"@type\":\"WebPage\",\"@id\":\"https:\/\/gremicafe.cat\/2021\/06\/23\/arranca-la-nova-campanya-destiu-del-gremi-de-cafe-de-catalunya\/\",\"url\":\"https:\/\/gremicafe.cat\/2021\/06\/23\/arranca-la-nova-campanya-destiu-del-gremi-de-cafe-de-catalunya\/\",\"name\":\"Arranca la nova campanya d'estiu del Gremi de caf\u00e8 de Catalunya - Gremi del Caf\u00e8, torradors de Catalunya\",\"isPartOf\":{\"@id\":\"https:\/\/gremicafe.cat\/#website\"},\"primaryImageOfPage\":{\"@id\":\"https:\/\/gremicafe.cat\/2021\/06\/23\/arranca-la-nova-campanya-destiu-del-gremi-de-cafe-de-catalunya\/#primaryimage\"},\"image\":{\"@id\":\"https:\/\/gremicafe.cat\/2021\/06\/23\/arranca-la-nova-campanya-destiu-del-gremi-de-cafe-de-catalunya\/#primaryimage\"},\"thumbnailUrl\":\"https:\/\/gremicafe.cat\/wp-content\/uploads\/2021\/06\/11178-CAMPANIA-ESTIU-CAFE-CAT-A1-a.jpg\",\"datePublished\":\"2021-06-23T14:38:12+00:00\",\"breadcrumb\":{\"@id\":\"https:\/\/gremicafe.cat\/2021\/06\/23\/arranca-la-nova-campanya-destiu-del-gremi-de-cafe-de-catalunya\/#breadcrumb\"},\"inLanguage\":\"es\",\"potentialAction\":[{\"@type\":\"ReadAction\",\"target\":[\"https:\/\/gremicafe.cat\/2021\/06\/23\/arranca-la-nova-campanya-destiu-del-gremi-de-cafe-de-catalunya\/\"]}]},{\"@type\":\"ImageObject\",\"inLanguage\":\"es\",\"@id\":\"https:\/\/gremicafe.cat\/2021\/06\/23\/arranca-la-nova-campanya-destiu-del-gremi-de-cafe-de-catalunya\/#primaryimage\",\"url\":\"https:\/\/gremicafe.cat\/wp-content\/uploads\/2021\/06\/11178-CAMPANIA-ESTIU-CAFE-CAT-A1-a.jpg\",\"contentUrl\":\"https:\/\/gremicafe.cat\/wp-content\/uploads\/2021\/06\/11178-CAMPANIA-ESTIU-CAFE-CAT-A1-a.jpg\",\"width\":1080,\"height\":1080,\"caption\":\"gremi cafe - botiga mes gran de cafe catalunya\"},{\"@type\":\"BreadcrumbList\",\"@id\":\"https:\/\/gremicafe.cat\/2021\/06\/23\/arranca-la-nova-campanya-destiu-del-gremi-de-cafe-de-catalunya\/#breadcrumb\",\"itemListElement\":[{\"@type\":\"ListItem\",\"position\":1,\"name\":\"Inici\",\"item\":\"https:\/\/gremicafe.cat\/\"},{\"@type\":\"ListItem\",\"position\":2,\"name\":\"Arranca la nova campanya d&#8217;estiu del Gremi de caf\u00e8 de Catalunya\"}]},{\"@type\":\"WebSite\",\"@id\":\"https:\/\/gremicafe.cat\/#website\",\"url\":\"https:\/\/gremicafe.cat\/\",\"name\":\"Gremi del Caf\u00e8, torradors de Catalunya\",\"description\":\"Web oficial del gremi de torradors de caf\u00e8 de Catalunya\",\"publisher\":{\"@id\":\"https:\/\/gremicafe.cat\/#organization\"},\"potentialAction\":[{\"@type\":\"SearchAction\",\"target\":{\"@type\":\"EntryPoint\",\"urlTemplate\":\"https:\/\/gremicafe.cat\/?s={search_term_string}\"},\"query-input\":{\"@type\":\"PropertyValueSpecification\",\"valueRequired\":true,\"valueName\":\"search_term_string\"}}],\"inLanguage\":\"es\"},{\"@type\":\"Organization\",\"@id\":\"https:\/\/gremicafe.cat\/#organization\",\"name\":\"Gremi del Caf\u00e8, Torradors de Catalunya\",\"url\":\"https:\/\/gremicafe.cat\/\",\"logo\":{\"@type\":\"ImageObject\",\"inLanguage\":\"es\",\"@id\":\"https:\/\/gremicafe.cat\/#\/schema\/logo\/image\/\",\"url\":\"https:\/\/gremicafe.cat\/wp-content\/uploads\/2018\/03\/gremicafe-logo250.png\",\"contentUrl\":\"https:\/\/gremicafe.cat\/wp-content\/uploads\/2018\/03\/gremicafe-logo250.png\",\"width\":250,\"height\":49,\"caption\":\"Gremi del Caf\u00e8, Torradors de Catalunya\"},\"image\":{\"@id\":\"https:\/\/gremicafe.cat\/#\/schema\/logo\/image\/\"},\"sameAs\":[\"https:\/\/www.facebook.com\/gremicafecat\",\"https:\/\/x.com\/gremicafecat\",\"https:\/\/www.instagram.com\/gremicafecat\/\",\"https:\/\/www.pinterest.es\/gremicafecat\/\",\"https:\/\/www.youtube.com\/channel\/UCGLo5Y35vLwLvP4FrPZrCrw\/\"]},{\"@type\":\"Person\",\"@id\":\"https:\/\/gremicafe.cat\/#\/schema\/person\/dabfdbb3d0fa36260855a380f94e4733\",\"name\":\"gremicafe\",\"image\":{\"@type\":\"ImageObject\",\"inLanguage\":\"es\",\"@id\":\"https:\/\/gremicafe.cat\/#\/schema\/person\/image\/\",\"url\":\"https:\/\/secure.gravatar.com\/avatar\/e59baa4ca8f6f97576d6375fb6d3c8f0?s=96&d=mm&r=g\",\"contentUrl\":\"https:\/\/secure.gravatar.com\/avatar\/e59baa4ca8f6f97576d6375fb6d3c8f0?s=96&d=mm&r=g\",\"caption\":\"gremicafe\"}}]}<\/script>\n<!-- \/ Yoast SEO plugin. -->","yoast_head_json":{"title":"Arranca la nova campanya d'estiu del Gremi de caf\u00e8 de Catalunya - Gremi del Caf\u00e8, torradors de Catalunya","robots":{"index":"index","follow":"follow","max-snippet":"max-snippet:-1","max-image-preview":"max-image-preview:large","max-video-preview":"max-video-preview:-1"},"canonical":"https:\/\/gremicafe.cat\/es\/2021\/06\/23\/arranca-la-nova-campanya-destiu-del-gremi-de-cafe-de-catalunya\/","og_locale":"es_ES","og_type":"article","og_title":"Arranca la nova campanya d'estiu del Gremi de caf\u00e8 de Catalunya - Gremi del Caf\u00e8, torradors de Catalunya","og_description":"&nbsp; Coincidint amb l&#8217;inici de la temporada d&#8217;estiu, el Gremi de caf\u00e8 torradors de Catalunya, ha posat en marxa la nova campanya estiuenca. Aquesta campanya, segueix amb l&#8217;objectiu de difondre el missatge de &#8220;La Botiga M\u00e9s Gran de Catalunya&#8221; amb un estil gr\u00e0fic renovat i ajustat a la temporada de m\u00e9s calor de l&#8217;any. Per [&hellip;]","og_url":"https:\/\/gremicafe.cat\/es\/2021\/06\/23\/arranca-la-nova-campanya-destiu-del-gremi-de-cafe-de-catalunya\/","og_site_name":"Gremi del Caf\u00e8, torradors de Catalunya","article_publisher":"https:\/\/www.facebook.com\/gremicafecat","article_published_time":"2021-06-23T14:38:12+00:00","og_image":[{"width":1080,"height":1080,"url":"https:\/\/gremicafe.cat\/wp-content\/uploads\/2021\/06\/11178-CAMPANIA-ESTIU-CAFE-CAT-A1-a.jpg","type":"image\/jpeg"}],"author":"gremicafe","twitter_card":"summary_large_image","twitter_creator":"@gremicafecat","twitter_site":"@gremicafecat","twitter_misc":{"Escrito por":"gremicafe","Tiempo de lectura":"1 minuto"},"schema":{"@context":"https:\/\/schema.org","@graph":[{"@type":"Article","@id":"https:\/\/gremicafe.cat\/2021\/06\/23\/arranca-la-nova-campanya-destiu-del-gremi-de-cafe-de-catalunya\/#article","isPartOf":{"@id":"https:\/\/gremicafe.cat\/2021\/06\/23\/arranca-la-nova-campanya-destiu-del-gremi-de-cafe-de-catalunya\/"},"author":{"name":"gremicafe","@id":"https:\/\/gremicafe.cat\/#\/schema\/person\/dabfdbb3d0fa36260855a380f94e4733"},"headline":"Arranca la nova campanya d&#8217;estiu del Gremi de caf\u00e8 de Catalunya","datePublished":"2021-06-23T14:38:12+00:00","mainEntityOfPage":{"@id":"https:\/\/gremicafe.cat\/2021\/06\/23\/arranca-la-nova-campanya-destiu-del-gremi-de-cafe-de-catalunya\/"},"wordCount":108,"publisher":{"@id":"https:\/\/gremicafe.cat\/#organization"},"image":{"@id":"https:\/\/gremicafe.cat\/2021\/06\/23\/arranca-la-nova-campanya-destiu-del-gremi-de-cafe-de-catalunya\/#primaryimage"},"thumbnailUrl":"https:\/\/gremicafe.cat\/wp-content\/uploads\/2021\/06\/11178-CAMPANIA-ESTIU-CAFE-CAT-A1-a.jpg","articleSection":["Not\u00edcies"],"inLanguage":"es"},{"@type":"WebPage","@id":"https:\/\/gremicafe.cat\/2021\/06\/23\/arranca-la-nova-campanya-destiu-del-gremi-de-cafe-de-catalunya\/","url":"https:\/\/gremicafe.cat\/2021\/06\/23\/arranca-la-nova-campanya-destiu-del-gremi-de-cafe-de-catalunya\/","name":"Arranca la nova campanya d'estiu del Gremi de caf\u00e8 de Catalunya - Gremi del Caf\u00e8, torradors de Catalunya","isPartOf":{"@id":"https:\/\/gremicafe.cat\/#website"},"primaryImageOfPage":{"@id":"https:\/\/gremicafe.cat\/2021\/06\/23\/arranca-la-nova-campanya-destiu-del-gremi-de-cafe-de-catalunya\/#primaryimage"},"image":{"@id":"https:\/\/gremicafe.cat\/2021\/06\/23\/arranca-la-nova-campanya-destiu-del-gremi-de-cafe-de-catalunya\/#primaryimage"},"thumbnailUrl":"https:\/\/gremicafe.cat\/wp-content\/uploads\/2021\/06\/11178-CAMPANIA-ESTIU-CAFE-CAT-A1-a.jpg","datePublished":"2021-06-23T14:38:12+00:00","breadcrumb":{"@id":"https:\/\/gremicafe.cat\/2021\/06\/23\/arranca-la-nova-campanya-destiu-del-gremi-de-cafe-de-catalunya\/#breadcrumb"},"inLanguage":"es","potentialAction":[{"@type":"ReadAction","target":["https:\/\/gremicafe.cat\/2021\/06\/23\/arranca-la-nova-campanya-destiu-del-gremi-de-cafe-de-catalunya\/"]}]},{"@type":"ImageObject","inLanguage":"es","@id":"https:\/\/gremicafe.cat\/2021\/06\/23\/arranca-la-nova-campanya-destiu-del-gremi-de-cafe-de-catalunya\/#primaryimage","url":"https:\/\/gremicafe.cat\/wp-content\/uploads\/2021\/06\/11178-CAMPANIA-ESTIU-CAFE-CAT-A1-a.jpg","contentUrl":"https:\/\/gremicafe.cat\/wp-content\/uploads\/2021\/06\/11178-CAMPANIA-ESTIU-CAFE-CAT-A1-a.jpg","width":1080,"height":1080,"caption":"gremi cafe - botiga mes gran de cafe catalunya"},{"@type":"BreadcrumbList","@id":"https:\/\/gremicafe.cat\/2021\/06\/23\/arranca-la-nova-campanya-destiu-del-gremi-de-cafe-de-catalunya\/#breadcrumb","itemListElement":[{"@type":"ListItem","position":1,"name":"Inici","item":"https:\/\/gremicafe.cat\/"},{"@type":"ListItem","position":2,"name":"Arranca la nova campanya d&#8217;estiu del Gremi de caf\u00e8 de Catalunya"}]},{"@type":"WebSite","@id":"https:\/\/gremicafe.cat\/#website","url":"https:\/\/gremicafe.cat\/","name":"Gremio del Caf\u00e9, tostadores de Catalu\u00f1a","description":"Web oficial del gremio de tostadores de caf\u00e9 de Catalunya","publisher":{"@id":"https:\/\/gremicafe.cat\/#organization"},"potentialAction":[{"@type":"SearchAction","target":{"@type":"EntryPoint","urlTemplate":"https:\/\/gremicafe.cat\/?s={search_term_string}"},"query-input":{"@type":"PropertyValueSpecification","valueRequired":true,"valueName":"search_term_string"}}],"inLanguage":"es"},{"@type":"Organization","@id":"https:\/\/gremicafe.cat\/#organization","name":"Gremio del Caf\u00e9, Tostadores de Catalu\u00f1a","url":"https:\/\/gremicafe.cat\/","logo":{"@type":"ImageObject","inLanguage":"es","@id":"https:\/\/gremicafe.cat\/#\/schema\/logo\/image\/","url":"https:\/\/gremicafe.cat\/wp-content\/uploads\/2018\/03\/gremicafe-logo250.png","contentUrl":"https:\/\/gremicafe.cat\/wp-content\/uploads\/2018\/03\/gremicafe-logo250.png","width":250,"height":49,"caption":"Gremi del Caf\u00e8, Torradors de Catalunya"},"image":{"@id":"https:\/\/gremicafe.cat\/#\/schema\/logo\/image\/"},"sameAs":["https:\/\/www.facebook.com\/gremicafecat","https:\/\/x.com\/gremicafecat","https:\/\/www.instagram.com\/gremicafecat\/","https:\/\/www.pinterest.es\/gremicafecat\/","https:\/\/www.youtube.com\/channel\/UCGLo5Y35vLwLvP4FrPZrCrw\/"]},{"@type":"Person","@id":"https:\/\/gremicafe.cat\/#\/schema\/person\/dabfdbb3d0fa36260855a380f94e4733","name":"gremicafe","image":{"@type":"ImageObject","inLanguage":"es","@id":"https:\/\/gremicafe.cat\/#\/schema\/person\/image\/","url":"https:\/\/secure.gravatar.com\/avatar\/e59baa4ca8f6f97576d6375fb6d3c8f0?s=96&d=mm&r=g","contentUrl":"https:\/\/secure.gravatar.com\/avatar\/e59baa4ca8f6f97576d6375fb6d3c8f0?s=96&d=mm&r=g","caption":"gremicafe"}}]}},"_links":{"self":[{"href":"https:\/\/gremicafe.cat\/es\/wp-json\/wp\/v2\/posts\/6026"}],"collection":[{"href":"https:\/\/gremicafe.cat\/es\/wp-json\/wp\/v2\/posts"}],"about":[{"href":"https:\/\/gremicafe.cat\/es\/wp-json\/wp\/v2\/types\/post"}],"author":[{"embeddable":true,"href":"https:\/\/gremicafe.cat\/es\/wp-json\/wp\/v2\/users\/1"}],"replies":[{"embeddable":true,"href":"https:\/\/gremicafe.cat\/es\/wp-json\/wp\/v2\/comments?post=6026"}],"version-history":[{"count":0,"href":"https:\/\/gremicafe.cat\/es\/wp-json\/wp\/v2\/posts\/6026\/revisions"}],"wp:featuredmedia":[{"embeddable":true,"href":"https:\/\/gremicafe.cat\/es\/wp-json\/wp\/v2\/media\/6027"}],"wp:attachment":[{"href":"https:\/\/gremicafe.cat\/es\/wp-json\/wp\/v2\/media?parent=6026"}],"wp:term":[{"taxonomy":"category","embeddable":true,"href":"https:\/\/gremicafe.cat\/es\/wp-json\/wp\/v2\/categories?post=6026"},{"taxonomy":"post_tag","embeddable":true,"href":"https:\/\/gremicafe.cat\/es\/wp-json\/wp\/v2\/tags?post=6026"}],"curies":[{"name":"wp","href":"https:\/\/api.w.org\/{rel}","templated":true}]}}