{"id":6092,"date":"2021-06-26T09:39:05","date_gmt":"2021-06-26T07:39:05","guid":{"rendered":"https:\/\/gremicafe.cat\/?p=6092"},"modified":"2021-10-18T13:11:35","modified_gmt":"2021-10-18T11:11:35","slug":"pere-cornella-de-cafes-cornella-rellanca-la-marca-mahogany-amb-els-millors-cafes-del-mon","status":"publish","type":"post","link":"https:\/\/gremicafe.cat\/es\/2021\/06\/26\/pere-cornella-de-cafes-cornella-rellanca-la-marca-mahogany-amb-els-millors-cafes-del-mon\/","title":{"rendered":"Pere Cornell\u00e0, de Caf\u00e9s Cornell\u00e0, relanza la marca Mahogany, con los mejores caf\u00e9s del mundo"},"content":{"rendered":"<p><img loading=\"lazy\" decoding=\"async\" class=\"aligncenter size-full wp-image-6093\" src=\"https:\/\/gremicafe.cat\/wp-content\/uploads\/2021\/06\/Rellanc\u0327ament-mahogany-cafes-cornella.jpeg\" alt=\"cafes cornella marca Mahogany\" width=\"1024\" height=\"683\" srcset=\"https:\/\/gremicafe.cat\/wp-content\/uploads\/2021\/06\/Rellanc\u0327ament-mahogany-cafes-cornella.jpeg 1024w, https:\/\/gremicafe.cat\/wp-content\/uploads\/2021\/06\/Rellanc\u0327ament-mahogany-cafes-cornella-768x512.jpeg 768w\" sizes=\"(max-width: 1024px) 100vw, 1024px\" \/><\/p>\n<p>&nbsp;<\/p>\n<p>Pere Cornell\u00e0 Valls, ha relanzado su <strong>selecci\u00f3n de los mejores caf\u00e9s del mundo, 100% Ar\u00e1biga<\/strong>, bajo su marca <strong>Mahogany Speciality Coffee<\/strong>.<\/p>\n<p>Esta selecci\u00f3n de caf\u00e9s de or\u00edgenes singulares y peque\u00f1os productores y fincas seleccionadas de los pa\u00edses Tailandia, Nicaragua, Colombia y Etiop\u00eda.<\/p>\n<p>La marca Mahogany fue creada en 1991 como una l\u00ednea de caf\u00e9s ar\u00e1biga de alta calidad con el objetivo de vender este producto a un segmento de mercado especializado. En su momento recibi\u00f3 premios de dise\u00f1o, y ahora reanuda la idea, a ra\u00edz del centenario de la empresa y en un momento en el que el sector cafetero tiene un p\u00fablico m\u00e1s profesional.<\/p>\n<p>La selecci\u00f3n de caf\u00e9s de <strong>Mahogany Speciality Coffee<\/strong> se puede encontrar en su tienda online, en comercios especializados y cafeter\u00edas, como el Nonita Coffee Bar, de Girona, y que se pueden degustar en el propio Nonita, en Casa Cacao, de los hermanos Roca, y A Tempo, de Jordi Cruz .<\/p>\n<p><strong>Specialty Coffee<\/strong>, implica calidad, trazabilidad y responsabilidad social, por lo que, Mahogany empezar\u00e1 con una selecci\u00f3n de cuatro peque\u00f1os productores y de fincas seleccionadas, de cuatro procedencias, de cuatro regiones cafeteras.<\/p>\n<p>&nbsp;<\/p>\n<p><strong>Mahogany, inspirado con Erna Knutsen, mantiene sus ideas de compromiso social y ambiental.\u00a0<\/strong><\/p>\n<p>Las etiquetas son de materiales reciclables y la compra de caf\u00e9 es directa en la finca ya justo precio. Una vez en Girona, se colabora con la Cooperativa Els Joncs, una entidad sin \u00e1nimo de lucro que atiende a personas con discapacidad intelectual, dot\u00e1ndoles de un plan personal, social y laboral.<\/p>\n<p>Toda la informaci\u00f3n la encontrar\u00e1 en la web de <a href=\"https:\/\/cafescornella.coffee\/pere-cornella-rellanca-la-marca-mahogany-amb-els-millors-cafes-del-mon\/\" target=\"_blank\" rel=\"noopener\"><strong>Caf\u00e9s Cornell\u00e0<\/strong><\/a>.<\/p>\n<p>&nbsp;<\/p>\n<p>&nbsp;<\/p>\n<p>Fuente noticia y foto: <a href=\"https:\/\/cafescornella.coffee\/pere-cornella-rellanca-la-marca-mahogany-amb-els-millors-cafes-del-mon\/\" target=\"_blank\" rel=\"noopener\"><strong>Caf\u00e9s Cornell\u00e0<\/strong><\/a><\/p>\n<p>&nbsp;<\/p>","protected":false},"excerpt":{"rendered":"<p>&nbsp; Pere Cornell\u00e0 Valls, ha rellan\u00e7at la seva selecci\u00f3 dels millors caf\u00e8s del m\u00f3n, 100% Ar\u00e0biga, sota la seva marca Mahogany Speciality Coffee. Aquesta selecci\u00f3 de caf\u00e8s d&#8217;or\u00edgens singulars i de petits productors i finques seleccionades dels pa\u00efsos Tail\u00e0ndia, Nicaragua, Col\u00f2mbia i Eti\u00f2pia. La marca Mahogany va ser creada el 1991 com una l\u00ednia de [&hellip;]<\/p>\n","protected":false},"author":1,"featured_media":6093,"comment_status":"closed","ping_status":"open","sticky":false,"template":"","format":"standard","meta":{"_acf_changed":false,"inline_featured_image":false,"footnotes":""},"categories":[1,81],"tags":[],"class_list":["post-6092","post","type-post","status-publish","format-standard","has-post-thumbnail","hentry","category-noticies","category-novetats"],"acf":[],"yoast_head":"<!-- This site is optimized with the Yoast SEO plugin v25.5 - https:\/\/yoast.com\/wordpress\/plugins\/seo\/ -->\n<title>Pere Cornell\u00e0, de Caf\u00e8s Cornell\u00e0, rellan\u00e7a la marca Mahogany, amb els millors caf\u00e8s del m\u00f3n - Gremi del Caf\u00e8, torradors de Catalunya<\/title>\n<meta name=\"robots\" content=\"index, follow, max-snippet:-1, max-image-preview:large, max-video-preview:-1\" \/>\n<link rel=\"canonical\" href=\"https:\/\/gremicafe.cat\/es\/2021\/06\/26\/pere-cornella-de-cafes-cornella-rellanca-la-marca-mahogany-amb-els-millors-cafes-del-mon\/\" \/>\n<meta property=\"og:locale\" content=\"es_ES\" \/>\n<meta property=\"og:type\" content=\"article\" \/>\n<meta property=\"og:title\" content=\"Pere Cornell\u00e0, de Caf\u00e8s Cornell\u00e0, rellan\u00e7a la marca Mahogany, amb els millors caf\u00e8s del m\u00f3n - Gremi del Caf\u00e8, torradors de Catalunya\" \/>\n<meta property=\"og:description\" content=\"&nbsp; Pere Cornell\u00e0 Valls, ha rellan\u00e7at la seva selecci\u00f3 dels millors caf\u00e8s del m\u00f3n, 100% Ar\u00e0biga, sota la seva marca Mahogany Speciality Coffee. Aquesta selecci\u00f3 de caf\u00e8s d&#8217;or\u00edgens singulars i de petits productors i finques seleccionades dels pa\u00efsos Tail\u00e0ndia, Nicaragua, Col\u00f2mbia i Eti\u00f2pia. La marca Mahogany va ser creada el 1991 com una l\u00ednia de [&hellip;]\" \/>\n<meta property=\"og:url\" content=\"https:\/\/gremicafe.cat\/es\/2021\/06\/26\/pere-cornella-de-cafes-cornella-rellanca-la-marca-mahogany-amb-els-millors-cafes-del-mon\/\" \/>\n<meta property=\"og:site_name\" content=\"Gremi del Caf\u00e8, torradors de Catalunya\" \/>\n<meta property=\"article:publisher\" content=\"https:\/\/www.facebook.com\/gremicafecat\" \/>\n<meta property=\"article:published_time\" content=\"2021-06-26T07:39:05+00:00\" \/>\n<meta property=\"article:modified_time\" content=\"2021-10-18T11:11:35+00:00\" \/>\n<meta property=\"og:image\" content=\"https:\/\/gremicafe.cat\/wp-content\/uploads\/2021\/06\/Rellanc\u0327ament-mahogany-cafes-cornella.jpeg\" \/>\n\t<meta property=\"og:image:width\" content=\"1024\" \/>\n\t<meta property=\"og:image:height\" content=\"683\" \/>\n\t<meta property=\"og:image:type\" content=\"image\/jpeg\" \/>\n<meta name=\"author\" content=\"gremicafe\" \/>\n<meta name=\"twitter:card\" content=\"summary_large_image\" \/>\n<meta name=\"twitter:creator\" content=\"@gremicafecat\" \/>\n<meta name=\"twitter:site\" content=\"@gremicafecat\" \/>\n<meta name=\"twitter:label1\" content=\"Escrito por\" \/>\n\t<meta name=\"twitter:data1\" content=\"gremicafe\" \/>\n\t<meta name=\"twitter:label2\" content=\"Tiempo de lectura\" \/>\n\t<meta name=\"twitter:data2\" content=\"2 minutos\" \/>\n<script type=\"application\/ld+json\" class=\"yoast-schema-graph\">{\"@context\":\"https:\/\/schema.org\",\"@graph\":[{\"@type\":\"Article\",\"@id\":\"https:\/\/gremicafe.cat\/2021\/06\/26\/pere-cornella-de-cafes-cornella-rellanca-la-marca-mahogany-amb-els-millors-cafes-del-mon\/#article\",\"isPartOf\":{\"@id\":\"https:\/\/gremicafe.cat\/2021\/06\/26\/pere-cornella-de-cafes-cornella-rellanca-la-marca-mahogany-amb-els-millors-cafes-del-mon\/\"},\"author\":{\"name\":\"gremicafe\",\"@id\":\"https:\/\/gremicafe.cat\/#\/schema\/person\/dabfdbb3d0fa36260855a380f94e4733\"},\"headline\":\"Pere Cornell\u00e0, de Caf\u00e8s Cornell\u00e0, rellan\u00e7a la marca Mahogany, amb els millors caf\u00e8s del m\u00f3n\",\"datePublished\":\"2021-06-26T07:39:05+00:00\",\"dateModified\":\"2021-10-18T11:11:35+00:00\",\"mainEntityOfPage\":{\"@id\":\"https:\/\/gremicafe.cat\/2021\/06\/26\/pere-cornella-de-cafes-cornella-rellanca-la-marca-mahogany-amb-els-millors-cafes-del-mon\/\"},\"wordCount\":315,\"publisher\":{\"@id\":\"https:\/\/gremicafe.cat\/#organization\"},\"image\":{\"@id\":\"https:\/\/gremicafe.cat\/2021\/06\/26\/pere-cornella-de-cafes-cornella-rellanca-la-marca-mahogany-amb-els-millors-cafes-del-mon\/#primaryimage\"},\"thumbnailUrl\":\"https:\/\/gremicafe.cat\/wp-content\/uploads\/2021\/06\/Rellanc\u0327ament-mahogany-cafes-cornella.jpeg\",\"articleSection\":[\"Not\u00edcies\",\"Novetats\"],\"inLanguage\":\"es\"},{\"@type\":\"WebPage\",\"@id\":\"https:\/\/gremicafe.cat\/2021\/06\/26\/pere-cornella-de-cafes-cornella-rellanca-la-marca-mahogany-amb-els-millors-cafes-del-mon\/\",\"url\":\"https:\/\/gremicafe.cat\/2021\/06\/26\/pere-cornella-de-cafes-cornella-rellanca-la-marca-mahogany-amb-els-millors-cafes-del-mon\/\",\"name\":\"Pere Cornell\u00e0, de Caf\u00e8s Cornell\u00e0, rellan\u00e7a la marca Mahogany, amb els millors caf\u00e8s del m\u00f3n - Gremi del Caf\u00e8, torradors de Catalunya\",\"isPartOf\":{\"@id\":\"https:\/\/gremicafe.cat\/#website\"},\"primaryImageOfPage\":{\"@id\":\"https:\/\/gremicafe.cat\/2021\/06\/26\/pere-cornella-de-cafes-cornella-rellanca-la-marca-mahogany-amb-els-millors-cafes-del-mon\/#primaryimage\"},\"image\":{\"@id\":\"https:\/\/gremicafe.cat\/2021\/06\/26\/pere-cornella-de-cafes-cornella-rellanca-la-marca-mahogany-amb-els-millors-cafes-del-mon\/#primaryimage\"},\"thumbnailUrl\":\"https:\/\/gremicafe.cat\/wp-content\/uploads\/2021\/06\/Rellanc\u0327ament-mahogany-cafes-cornella.jpeg\",\"datePublished\":\"2021-06-26T07:39:05+00:00\",\"dateModified\":\"2021-10-18T11:11:35+00:00\",\"breadcrumb\":{\"@id\":\"https:\/\/gremicafe.cat\/2021\/06\/26\/pere-cornella-de-cafes-cornella-rellanca-la-marca-mahogany-amb-els-millors-cafes-del-mon\/#breadcrumb\"},\"inLanguage\":\"es\",\"potentialAction\":[{\"@type\":\"ReadAction\",\"target\":[\"https:\/\/gremicafe.cat\/2021\/06\/26\/pere-cornella-de-cafes-cornella-rellanca-la-marca-mahogany-amb-els-millors-cafes-del-mon\/\"]}]},{\"@type\":\"ImageObject\",\"inLanguage\":\"es\",\"@id\":\"https:\/\/gremicafe.cat\/2021\/06\/26\/pere-cornella-de-cafes-cornella-rellanca-la-marca-mahogany-amb-els-millors-cafes-del-mon\/#primaryimage\",\"url\":\"https:\/\/gremicafe.cat\/wp-content\/uploads\/2021\/06\/Rellanc\u0327ament-mahogany-cafes-cornella.jpeg\",\"contentUrl\":\"https:\/\/gremicafe.cat\/wp-content\/uploads\/2021\/06\/Rellanc\u0327ament-mahogany-cafes-cornella.jpeg\",\"width\":1024,\"height\":683,\"caption\":\"cafes cornella marca Mahogany\"},{\"@type\":\"BreadcrumbList\",\"@id\":\"https:\/\/gremicafe.cat\/2021\/06\/26\/pere-cornella-de-cafes-cornella-rellanca-la-marca-mahogany-amb-els-millors-cafes-del-mon\/#breadcrumb\",\"itemListElement\":[{\"@type\":\"ListItem\",\"position\":1,\"name\":\"Inici\",\"item\":\"https:\/\/gremicafe.cat\/\"},{\"@type\":\"ListItem\",\"position\":2,\"name\":\"Pere Cornell\u00e0, de Caf\u00e8s Cornell\u00e0, rellan\u00e7a la marca Mahogany, amb els millors caf\u00e8s del m\u00f3n\"}]},{\"@type\":\"WebSite\",\"@id\":\"https:\/\/gremicafe.cat\/#website\",\"url\":\"https:\/\/gremicafe.cat\/\",\"name\":\"Gremi del Caf\u00e8, torradors de Catalunya\",\"description\":\"Web oficial del gremi de torradors de caf\u00e8 de Catalunya\",\"publisher\":{\"@id\":\"https:\/\/gremicafe.cat\/#organization\"},\"potentialAction\":[{\"@type\":\"SearchAction\",\"target\":{\"@type\":\"EntryPoint\",\"urlTemplate\":\"https:\/\/gremicafe.cat\/?s={search_term_string}\"},\"query-input\":{\"@type\":\"PropertyValueSpecification\",\"valueRequired\":true,\"valueName\":\"search_term_string\"}}],\"inLanguage\":\"es\"},{\"@type\":\"Organization\",\"@id\":\"https:\/\/gremicafe.cat\/#organization\",\"name\":\"Gremi del Caf\u00e8, Torradors de Catalunya\",\"url\":\"https:\/\/gremicafe.cat\/\",\"logo\":{\"@type\":\"ImageObject\",\"inLanguage\":\"es\",\"@id\":\"https:\/\/gremicafe.cat\/#\/schema\/logo\/image\/\",\"url\":\"https:\/\/gremicafe.cat\/wp-content\/uploads\/2018\/03\/gremicafe-logo250.png\",\"contentUrl\":\"https:\/\/gremicafe.cat\/wp-content\/uploads\/2018\/03\/gremicafe-logo250.png\",\"width\":250,\"height\":49,\"caption\":\"Gremi del Caf\u00e8, Torradors de Catalunya\"},\"image\":{\"@id\":\"https:\/\/gremicafe.cat\/#\/schema\/logo\/image\/\"},\"sameAs\":[\"https:\/\/www.facebook.com\/gremicafecat\",\"https:\/\/x.com\/gremicafecat\",\"https:\/\/www.instagram.com\/gremicafecat\/\",\"https:\/\/www.pinterest.es\/gremicafecat\/\",\"https:\/\/www.youtube.com\/channel\/UCGLo5Y35vLwLvP4FrPZrCrw\/\"]},{\"@type\":\"Person\",\"@id\":\"https:\/\/gremicafe.cat\/#\/schema\/person\/dabfdbb3d0fa36260855a380f94e4733\",\"name\":\"gremicafe\",\"image\":{\"@type\":\"ImageObject\",\"inLanguage\":\"es\",\"@id\":\"https:\/\/gremicafe.cat\/#\/schema\/person\/image\/\",\"url\":\"https:\/\/secure.gravatar.com\/avatar\/e59baa4ca8f6f97576d6375fb6d3c8f0?s=96&d=mm&r=g\",\"contentUrl\":\"https:\/\/secure.gravatar.com\/avatar\/e59baa4ca8f6f97576d6375fb6d3c8f0?s=96&d=mm&r=g\",\"caption\":\"gremicafe\"}}]}<\/script>\n<!-- \/ Yoast SEO plugin. -->","yoast_head_json":{"title":"Pere Cornell\u00e0, de Caf\u00e8s Cornell\u00e0, rellan\u00e7a la marca Mahogany, amb els millors caf\u00e8s del m\u00f3n - Gremi del Caf\u00e8, torradors de Catalunya","robots":{"index":"index","follow":"follow","max-snippet":"max-snippet:-1","max-image-preview":"max-image-preview:large","max-video-preview":"max-video-preview:-1"},"canonical":"https:\/\/gremicafe.cat\/es\/2021\/06\/26\/pere-cornella-de-cafes-cornella-rellanca-la-marca-mahogany-amb-els-millors-cafes-del-mon\/","og_locale":"es_ES","og_type":"article","og_title":"Pere Cornell\u00e0, de Caf\u00e8s Cornell\u00e0, rellan\u00e7a la marca Mahogany, amb els millors caf\u00e8s del m\u00f3n - Gremi del Caf\u00e8, torradors de Catalunya","og_description":"&nbsp; Pere Cornell\u00e0 Valls, ha rellan\u00e7at la seva selecci\u00f3 dels millors caf\u00e8s del m\u00f3n, 100% Ar\u00e0biga, sota la seva marca Mahogany Speciality Coffee. Aquesta selecci\u00f3 de caf\u00e8s d&#8217;or\u00edgens singulars i de petits productors i finques seleccionades dels pa\u00efsos Tail\u00e0ndia, Nicaragua, Col\u00f2mbia i Eti\u00f2pia. La marca Mahogany va ser creada el 1991 com una l\u00ednia de [&hellip;]","og_url":"https:\/\/gremicafe.cat\/es\/2021\/06\/26\/pere-cornella-de-cafes-cornella-rellanca-la-marca-mahogany-amb-els-millors-cafes-del-mon\/","og_site_name":"Gremi del Caf\u00e8, torradors de Catalunya","article_publisher":"https:\/\/www.facebook.com\/gremicafecat","article_published_time":"2021-06-26T07:39:05+00:00","article_modified_time":"2021-10-18T11:11:35+00:00","og_image":[{"width":1024,"height":683,"url":"https:\/\/gremicafe.cat\/wp-content\/uploads\/2021\/06\/Rellanc\u0327ament-mahogany-cafes-cornella.jpeg","type":"image\/jpeg"}],"author":"gremicafe","twitter_card":"summary_large_image","twitter_creator":"@gremicafecat","twitter_site":"@gremicafecat","twitter_misc":{"Escrito por":"gremicafe","Tiempo de lectura":"2 minutos"},"schema":{"@context":"https:\/\/schema.org","@graph":[{"@type":"Article","@id":"https:\/\/gremicafe.cat\/2021\/06\/26\/pere-cornella-de-cafes-cornella-rellanca-la-marca-mahogany-amb-els-millors-cafes-del-mon\/#article","isPartOf":{"@id":"https:\/\/gremicafe.cat\/2021\/06\/26\/pere-cornella-de-cafes-cornella-rellanca-la-marca-mahogany-amb-els-millors-cafes-del-mon\/"},"author":{"name":"gremicafe","@id":"https:\/\/gremicafe.cat\/#\/schema\/person\/dabfdbb3d0fa36260855a380f94e4733"},"headline":"Pere Cornell\u00e0, de Caf\u00e8s Cornell\u00e0, rellan\u00e7a la marca Mahogany, amb els millors caf\u00e8s del m\u00f3n","datePublished":"2021-06-26T07:39:05+00:00","dateModified":"2021-10-18T11:11:35+00:00","mainEntityOfPage":{"@id":"https:\/\/gremicafe.cat\/2021\/06\/26\/pere-cornella-de-cafes-cornella-rellanca-la-marca-mahogany-amb-els-millors-cafes-del-mon\/"},"wordCount":315,"publisher":{"@id":"https:\/\/gremicafe.cat\/#organization"},"image":{"@id":"https:\/\/gremicafe.cat\/2021\/06\/26\/pere-cornella-de-cafes-cornella-rellanca-la-marca-mahogany-amb-els-millors-cafes-del-mon\/#primaryimage"},"thumbnailUrl":"https:\/\/gremicafe.cat\/wp-content\/uploads\/2021\/06\/Rellanc\u0327ament-mahogany-cafes-cornella.jpeg","articleSection":["Not\u00edcies","Novetats"],"inLanguage":"es"},{"@type":"WebPage","@id":"https:\/\/gremicafe.cat\/2021\/06\/26\/pere-cornella-de-cafes-cornella-rellanca-la-marca-mahogany-amb-els-millors-cafes-del-mon\/","url":"https:\/\/gremicafe.cat\/2021\/06\/26\/pere-cornella-de-cafes-cornella-rellanca-la-marca-mahogany-amb-els-millors-cafes-del-mon\/","name":"Pere Cornell\u00e0, de Caf\u00e8s Cornell\u00e0, rellan\u00e7a la marca Mahogany, amb els millors caf\u00e8s del m\u00f3n - Gremi del Caf\u00e8, torradors de Catalunya","isPartOf":{"@id":"https:\/\/gremicafe.cat\/#website"},"primaryImageOfPage":{"@id":"https:\/\/gremicafe.cat\/2021\/06\/26\/pere-cornella-de-cafes-cornella-rellanca-la-marca-mahogany-amb-els-millors-cafes-del-mon\/#primaryimage"},"image":{"@id":"https:\/\/gremicafe.cat\/2021\/06\/26\/pere-cornella-de-cafes-cornella-rellanca-la-marca-mahogany-amb-els-millors-cafes-del-mon\/#primaryimage"},"thumbnailUrl":"https:\/\/gremicafe.cat\/wp-content\/uploads\/2021\/06\/Rellanc\u0327ament-mahogany-cafes-cornella.jpeg","datePublished":"2021-06-26T07:39:05+00:00","dateModified":"2021-10-18T11:11:35+00:00","breadcrumb":{"@id":"https:\/\/gremicafe.cat\/2021\/06\/26\/pere-cornella-de-cafes-cornella-rellanca-la-marca-mahogany-amb-els-millors-cafes-del-mon\/#breadcrumb"},"inLanguage":"es","potentialAction":[{"@type":"ReadAction","target":["https:\/\/gremicafe.cat\/2021\/06\/26\/pere-cornella-de-cafes-cornella-rellanca-la-marca-mahogany-amb-els-millors-cafes-del-mon\/"]}]},{"@type":"ImageObject","inLanguage":"es","@id":"https:\/\/gremicafe.cat\/2021\/06\/26\/pere-cornella-de-cafes-cornella-rellanca-la-marca-mahogany-amb-els-millors-cafes-del-mon\/#primaryimage","url":"https:\/\/gremicafe.cat\/wp-content\/uploads\/2021\/06\/Rellanc\u0327ament-mahogany-cafes-cornella.jpeg","contentUrl":"https:\/\/gremicafe.cat\/wp-content\/uploads\/2021\/06\/Rellanc\u0327ament-mahogany-cafes-cornella.jpeg","width":1024,"height":683,"caption":"cafes cornella marca Mahogany"},{"@type":"BreadcrumbList","@id":"https:\/\/gremicafe.cat\/2021\/06\/26\/pere-cornella-de-cafes-cornella-rellanca-la-marca-mahogany-amb-els-millors-cafes-del-mon\/#breadcrumb","itemListElement":[{"@type":"ListItem","position":1,"name":"Inici","item":"https:\/\/gremicafe.cat\/"},{"@type":"ListItem","position":2,"name":"Pere Cornell\u00e0, de Caf\u00e8s Cornell\u00e0, rellan\u00e7a la marca Mahogany, amb els millors caf\u00e8s del m\u00f3n"}]},{"@type":"WebSite","@id":"https:\/\/gremicafe.cat\/#website","url":"https:\/\/gremicafe.cat\/","name":"Gremio del Caf\u00e9, tostadores de Catalu\u00f1a","description":"Web oficial del gremio de tostadores de caf\u00e9 de Catalunya","publisher":{"@id":"https:\/\/gremicafe.cat\/#organization"},"potentialAction":[{"@type":"SearchAction","target":{"@type":"EntryPoint","urlTemplate":"https:\/\/gremicafe.cat\/?s={search_term_string}"},"query-input":{"@type":"PropertyValueSpecification","valueRequired":true,"valueName":"search_term_string"}}],"inLanguage":"es"},{"@type":"Organization","@id":"https:\/\/gremicafe.cat\/#organization","name":"Gremio del Caf\u00e9, Tostadores de Catalu\u00f1a","url":"https:\/\/gremicafe.cat\/","logo":{"@type":"ImageObject","inLanguage":"es","@id":"https:\/\/gremicafe.cat\/#\/schema\/logo\/image\/","url":"https:\/\/gremicafe.cat\/wp-content\/uploads\/2018\/03\/gremicafe-logo250.png","contentUrl":"https:\/\/gremicafe.cat\/wp-content\/uploads\/2018\/03\/gremicafe-logo250.png","width":250,"height":49,"caption":"Gremi del Caf\u00e8, Torradors de Catalunya"},"image":{"@id":"https:\/\/gremicafe.cat\/#\/schema\/logo\/image\/"},"sameAs":["https:\/\/www.facebook.com\/gremicafecat","https:\/\/x.com\/gremicafecat","https:\/\/www.instagram.com\/gremicafecat\/","https:\/\/www.pinterest.es\/gremicafecat\/","https:\/\/www.youtube.com\/channel\/UCGLo5Y35vLwLvP4FrPZrCrw\/"]},{"@type":"Person","@id":"https:\/\/gremicafe.cat\/#\/schema\/person\/dabfdbb3d0fa36260855a380f94e4733","name":"gremicafe","image":{"@type":"ImageObject","inLanguage":"es","@id":"https:\/\/gremicafe.cat\/#\/schema\/person\/image\/","url":"https:\/\/secure.gravatar.com\/avatar\/e59baa4ca8f6f97576d6375fb6d3c8f0?s=96&d=mm&r=g","contentUrl":"https:\/\/secure.gravatar.com\/avatar\/e59baa4ca8f6f97576d6375fb6d3c8f0?s=96&d=mm&r=g","caption":"gremicafe"}}]}},"_links":{"self":[{"href":"https:\/\/gremicafe.cat\/es\/wp-json\/wp\/v2\/posts\/6092"}],"collection":[{"href":"https:\/\/gremicafe.cat\/es\/wp-json\/wp\/v2\/posts"}],"about":[{"href":"https:\/\/gremicafe.cat\/es\/wp-json\/wp\/v2\/types\/post"}],"author":[{"embeddable":true,"href":"https:\/\/gremicafe.cat\/es\/wp-json\/wp\/v2\/users\/1"}],"replies":[{"embeddable":true,"href":"https:\/\/gremicafe.cat\/es\/wp-json\/wp\/v2\/comments?post=6092"}],"version-history":[{"count":0,"href":"https:\/\/gremicafe.cat\/es\/wp-json\/wp\/v2\/posts\/6092\/revisions"}],"wp:featuredmedia":[{"embeddable":true,"href":"https:\/\/gremicafe.cat\/es\/wp-json\/wp\/v2\/media\/6093"}],"wp:attachment":[{"href":"https:\/\/gremicafe.cat\/es\/wp-json\/wp\/v2\/media?parent=6092"}],"wp:term":[{"taxonomy":"category","embeddable":true,"href":"https:\/\/gremicafe.cat\/es\/wp-json\/wp\/v2\/categories?post=6092"},{"taxonomy":"post_tag","embeddable":true,"href":"https:\/\/gremicafe.cat\/es\/wp-json\/wp\/v2\/tags?post=6092"}],"curies":[{"name":"wp","href":"https:\/\/api.w.org\/{rel}","templated":true}]}}