{"id":6138,"date":"2021-07-08T14:26:57","date_gmt":"2021-07-08T12:26:57","guid":{"rendered":"https:\/\/gremicafe.cat\/?p=6138"},"modified":"2021-07-08T14:40:25","modified_gmt":"2021-07-08T12:40:25","slug":"forum-cafe-entrevista-al-president-del-gremi-del-cafe-torradors-de-catalunya-xavier-de-erausquin","status":"publish","type":"post","link":"https:\/\/gremicafe.cat\/es\/2021\/07\/08\/forum-cafe-entrevista-al-president-del-gremi-del-cafe-torradors-de-catalunya-xavier-de-erausquin\/","title":{"rendered":"F\u00f3rum Caf\u00e9 entrevista al presidente del Gremio del Caf\u00e9, tostadores de Catalu\u00f1a, Xavier de Erausquin"},"content":{"rendered":"<p>&nbsp;<\/p>\n<p><strong><img loading=\"lazy\" decoding=\"async\" class=\"aligncenter size-full wp-image-5960\" src=\"https:\/\/gremicafe.cat\/wp-content\/uploads\/2021\/06\/nou-president-gremi-cafe-catalunya-2021-scaled.jpg\" alt=\"\" width=\"2560\" height=\"1920\" srcset=\"https:\/\/gremicafe.cat\/wp-content\/uploads\/2021\/06\/nou-president-gremi-cafe-catalunya-2021-scaled.jpg 2560w, https:\/\/gremicafe.cat\/wp-content\/uploads\/2021\/06\/nou-president-gremi-cafe-catalunya-2021-768x576.jpg 768w, https:\/\/gremicafe.cat\/wp-content\/uploads\/2021\/06\/nou-president-gremi-cafe-catalunya-2021-1536x1152.jpg 1536w, https:\/\/gremicafe.cat\/wp-content\/uploads\/2021\/06\/nou-president-gremi-cafe-catalunya-2021-2048x1536.jpg 2048w, https:\/\/gremicafe.cat\/wp-content\/uploads\/2021\/06\/nou-president-gremi-cafe-catalunya-2021-960x720.jpg 960w\" sizes=\"(max-width: 2560px) 100vw, 2560px\" \/><\/strong><\/p>\n<p>&nbsp;<\/p>\n<p><strong>F\u00f3rum del Caf\u00e9<\/strong> entrevist\u00f3 al nuevo presidente del <strong>Gremio del Caf\u00e9, tostadores de Catalu\u00f1a<\/strong>, Xavier de Erausquin.<\/p>\n<p>Al inicio de la entrevista, en respuesta a los pr\u00f3ximos proyectos previstos por el Gremi del Caf\u00e8, <strong>Javier de Erausquin<\/strong> critic\u00f3 el estado del sector en el que se encuentra: \u201clos tostadores que forman parte del gremio del caf\u00e9, han visto c\u00f3mo sus ventas bajaban considerablemente debido a las restricciones impuestas por la Generalitat de Catalunya. Por este motivo, a trav\u00e9s de las redes sociales estamos intentando dinamizar el consumo del caf\u00e9 tostado en nuestro pa\u00eds, Km0\u201d.<\/p>\n<p>Siguiendo con la importancia de <strong>consumir caf\u00e9 de proximidad, tostado en Catalu\u00f1a<\/strong>, el presidente del Gremio explic\u00f3 los beneficios que comporta: \u201cEntendemos que el caf\u00e9 tostado cerca del consumidor final, no s\u00f3lo obtiene un beneficio clar\u00edsimo en materia de calidad, porque hay menos tiempo entre el momento de tostar y el de consumo, y esto nos garantiza un mejor sabor y aroma, al menos, tambi\u00e9n por el tema de reducir la contaminaci\u00f3n provocada por el transporte de los productos una vez producidos y envasados. Evidentemente, el caf\u00e9 nos viene de los pa\u00edses de origen, pero una vez llega a Barcelona, contra menos movimiento le damos, menos contaminaci\u00f3n producimos.\u201d<\/p>\n<p>El<strong>econom\u00eda circular<\/strong> fue otro tema tratado en la entrevista, donde Xavier de Erausquin explic\u00f3 que los agremiados est\u00e1n trabajando conjuntamente para conseguir objetivos como el residuo cero. La compra agregada de energ\u00eda (<strong>Energ\u00eda verde<\/strong>), los proyectos con empresas transformadoras de nuestros subproductos y la comunicaci\u00f3n de las ventajas para la salud del consumo regular de caf\u00e9.<\/p>\n<p>En relaci\u00f3n a la campa\u00f1a de la \u201c<strong>Tienda de caf\u00e9 m\u00e1s grande de Catalu\u00f1a<\/strong>\u201c, destaca la importancia de juntar a trav\u00e9s de la web del Gremio, la gran mayor\u00eda de opciones que se pueden encontrar en Catalu\u00f1a. Pudiendo ofrecer a las personas que viven en Catalu\u00f1a todo lo que necesiten en relaci\u00f3n al caf\u00e9 en un solo punto, y poder unificar los esfuerzos de todos los agremiados.<\/p>\n<p>&nbsp;<\/p>\n<p>Puede leer el<a href=\"http:\/\/forumdelcafe.com\/noticias\/entrevista-xavier-erausquin-bracafe-nuevo-presidente-gremi-torradors-cafe-catalunya?utm_source=NUEVAS+DIRECCIONES+NEWSLETTER&amp;utm_campaign=1b895c0b3f-EMAIL_CAMPAIGN_2018_04_24_COPY_07&amp;utm_medium=email&amp;utm_term=0_0b13f684c5-1b895c0b3f-220402302\">entrevista completa<\/a> en su web.<\/p>\n<p>&nbsp;<\/p>\n<p>Fuente noticia: <a href=\"http:\/\/forumdelcafe.com\/noticias\/entrevista-xavier-erausquin-bracafe-nuevo-presidente-gremi-torradors-cafe-catalunya?utm_source=NUEVAS+DIRECCIONES+NEWSLETTER&amp;utm_campaign=1b895c0b3f-EMAIL_CAMPAIGN_2018_04_24_COPY_07&amp;utm_medium=email&amp;utm_term=0_0b13f684c5-1b895c0b3f-220402302\">F\u00f3rum Caf\u00e9<\/a><\/p>","protected":false},"excerpt":{"rendered":"<p>&nbsp; &nbsp; F\u00f3rum del Caf\u00e9 va entrevistar el nou president del Gremi del Caf\u00e8, torradors de Catalunya, Xavier de Erausquin. A l&#8217;inici de l&#8217;entrevista, en resposta als pr\u00f2xims projectes previstos pel Gremi del Caf\u00e8, Xavier de Erausquin va criticar l&#8217;estat del sector en qu\u00e8 es troba: &#8220;els torradors que formen part del gremi del caf\u00e8, [&hellip;]<\/p>\n","protected":false},"author":1,"featured_media":5960,"comment_status":"closed","ping_status":"open","sticky":false,"template":"","format":"standard","meta":{"_acf_changed":false,"inline_featured_image":false,"footnotes":""},"categories":[1],"tags":[],"class_list":["post-6138","post","type-post","status-publish","format-standard","has-post-thumbnail","hentry","category-noticies"],"acf":[],"yoast_head":"<!-- This site is optimized with the Yoast SEO plugin v25.5 - https:\/\/yoast.com\/wordpress\/plugins\/seo\/ -->\n<title>F\u00f3rum Caf\u00e9 entrevista al president del Gremi del Caf\u00e8, torradors de Catalunya, Xavier de Erausquin - Gremi del Caf\u00e8, torradors de Catalunya<\/title>\n<meta name=\"robots\" content=\"index, follow, max-snippet:-1, max-image-preview:large, max-video-preview:-1\" \/>\n<link rel=\"canonical\" href=\"https:\/\/gremicafe.cat\/es\/2021\/07\/08\/forum-cafe-entrevista-al-president-del-gremi-del-cafe-torradors-de-catalunya-xavier-de-erausquin\/\" \/>\n<meta property=\"og:locale\" content=\"es_ES\" \/>\n<meta property=\"og:type\" content=\"article\" \/>\n<meta property=\"og:title\" content=\"F\u00f3rum Caf\u00e9 entrevista al president del Gremi del Caf\u00e8, torradors de Catalunya, Xavier de Erausquin - Gremi del Caf\u00e8, torradors de Catalunya\" \/>\n<meta property=\"og:description\" content=\"&nbsp; &nbsp; F\u00f3rum del Caf\u00e9 va entrevistar el nou president del Gremi del Caf\u00e8, torradors de Catalunya, Xavier de Erausquin. A l&#8217;inici de l&#8217;entrevista, en resposta als pr\u00f2xims projectes previstos pel Gremi del Caf\u00e8, Xavier de Erausquin va criticar l&#8217;estat del sector en qu\u00e8 es troba: &#8220;els torradors que formen part del gremi del caf\u00e8, [&hellip;]\" \/>\n<meta property=\"og:url\" content=\"https:\/\/gremicafe.cat\/es\/2021\/07\/08\/forum-cafe-entrevista-al-president-del-gremi-del-cafe-torradors-de-catalunya-xavier-de-erausquin\/\" \/>\n<meta property=\"og:site_name\" content=\"Gremi del Caf\u00e8, torradors de Catalunya\" \/>\n<meta property=\"article:publisher\" content=\"https:\/\/www.facebook.com\/gremicafecat\" \/>\n<meta property=\"article:published_time\" content=\"2021-07-08T12:26:57+00:00\" \/>\n<meta property=\"article:modified_time\" content=\"2021-07-08T12:40:25+00:00\" \/>\n<meta property=\"og:image\" content=\"https:\/\/gremicafe.cat\/wp-content\/uploads\/2021\/06\/nou-president-gremi-cafe-catalunya-2021-scaled.jpg\" \/>\n\t<meta property=\"og:image:width\" content=\"2560\" \/>\n\t<meta property=\"og:image:height\" content=\"1920\" \/>\n\t<meta property=\"og:image:type\" content=\"image\/jpeg\" \/>\n<meta name=\"author\" content=\"gremicafe\" \/>\n<meta name=\"twitter:card\" content=\"summary_large_image\" \/>\n<meta name=\"twitter:creator\" content=\"@gremicafecat\" \/>\n<meta name=\"twitter:site\" content=\"@gremicafecat\" \/>\n<meta name=\"twitter:label1\" content=\"Escrito por\" \/>\n\t<meta name=\"twitter:data1\" content=\"gremicafe\" \/>\n\t<meta name=\"twitter:label2\" content=\"Tiempo de lectura\" \/>\n\t<meta name=\"twitter:data2\" content=\"2 minutos\" \/>\n<script type=\"application\/ld+json\" class=\"yoast-schema-graph\">{\"@context\":\"https:\/\/schema.org\",\"@graph\":[{\"@type\":\"Article\",\"@id\":\"https:\/\/gremicafe.cat\/2021\/07\/08\/forum-cafe-entrevista-al-president-del-gremi-del-cafe-torradors-de-catalunya-xavier-de-erausquin\/#article\",\"isPartOf\":{\"@id\":\"https:\/\/gremicafe.cat\/2021\/07\/08\/forum-cafe-entrevista-al-president-del-gremi-del-cafe-torradors-de-catalunya-xavier-de-erausquin\/\"},\"author\":{\"name\":\"gremicafe\",\"@id\":\"https:\/\/gremicafe.cat\/#\/schema\/person\/dabfdbb3d0fa36260855a380f94e4733\"},\"headline\":\"F\u00f3rum Caf\u00e9 entrevista al president del Gremi del Caf\u00e8, torradors de Catalunya, Xavier de Erausquin\",\"datePublished\":\"2021-07-08T12:26:57+00:00\",\"dateModified\":\"2021-07-08T12:40:25+00:00\",\"mainEntityOfPage\":{\"@id\":\"https:\/\/gremicafe.cat\/2021\/07\/08\/forum-cafe-entrevista-al-president-del-gremi-del-cafe-torradors-de-catalunya-xavier-de-erausquin\/\"},\"wordCount\":369,\"publisher\":{\"@id\":\"https:\/\/gremicafe.cat\/#organization\"},\"image\":{\"@id\":\"https:\/\/gremicafe.cat\/2021\/07\/08\/forum-cafe-entrevista-al-president-del-gremi-del-cafe-torradors-de-catalunya-xavier-de-erausquin\/#primaryimage\"},\"thumbnailUrl\":\"https:\/\/gremicafe.cat\/wp-content\/uploads\/2021\/06\/nou-president-gremi-cafe-catalunya-2021-scaled.jpg\",\"articleSection\":[\"Not\u00edcies\"],\"inLanguage\":\"es\"},{\"@type\":\"WebPage\",\"@id\":\"https:\/\/gremicafe.cat\/2021\/07\/08\/forum-cafe-entrevista-al-president-del-gremi-del-cafe-torradors-de-catalunya-xavier-de-erausquin\/\",\"url\":\"https:\/\/gremicafe.cat\/2021\/07\/08\/forum-cafe-entrevista-al-president-del-gremi-del-cafe-torradors-de-catalunya-xavier-de-erausquin\/\",\"name\":\"F\u00f3rum Caf\u00e9 entrevista al president del Gremi del Caf\u00e8, torradors de Catalunya, Xavier de Erausquin - Gremi del Caf\u00e8, torradors de Catalunya\",\"isPartOf\":{\"@id\":\"https:\/\/gremicafe.cat\/#website\"},\"primaryImageOfPage\":{\"@id\":\"https:\/\/gremicafe.cat\/2021\/07\/08\/forum-cafe-entrevista-al-president-del-gremi-del-cafe-torradors-de-catalunya-xavier-de-erausquin\/#primaryimage\"},\"image\":{\"@id\":\"https:\/\/gremicafe.cat\/2021\/07\/08\/forum-cafe-entrevista-al-president-del-gremi-del-cafe-torradors-de-catalunya-xavier-de-erausquin\/#primaryimage\"},\"thumbnailUrl\":\"https:\/\/gremicafe.cat\/wp-content\/uploads\/2021\/06\/nou-president-gremi-cafe-catalunya-2021-scaled.jpg\",\"datePublished\":\"2021-07-08T12:26:57+00:00\",\"dateModified\":\"2021-07-08T12:40:25+00:00\",\"breadcrumb\":{\"@id\":\"https:\/\/gremicafe.cat\/2021\/07\/08\/forum-cafe-entrevista-al-president-del-gremi-del-cafe-torradors-de-catalunya-xavier-de-erausquin\/#breadcrumb\"},\"inLanguage\":\"es\",\"potentialAction\":[{\"@type\":\"ReadAction\",\"target\":[\"https:\/\/gremicafe.cat\/2021\/07\/08\/forum-cafe-entrevista-al-president-del-gremi-del-cafe-torradors-de-catalunya-xavier-de-erausquin\/\"]}]},{\"@type\":\"ImageObject\",\"inLanguage\":\"es\",\"@id\":\"https:\/\/gremicafe.cat\/2021\/07\/08\/forum-cafe-entrevista-al-president-del-gremi-del-cafe-torradors-de-catalunya-xavier-de-erausquin\/#primaryimage\",\"url\":\"https:\/\/gremicafe.cat\/wp-content\/uploads\/2021\/06\/nou-president-gremi-cafe-catalunya-2021-scaled.jpg\",\"contentUrl\":\"https:\/\/gremicafe.cat\/wp-content\/uploads\/2021\/06\/nou-president-gremi-cafe-catalunya-2021-scaled.jpg\",\"width\":2560,\"height\":1920,\"caption\":\"nou president gremi cafe catalunya 2021\"},{\"@type\":\"BreadcrumbList\",\"@id\":\"https:\/\/gremicafe.cat\/2021\/07\/08\/forum-cafe-entrevista-al-president-del-gremi-del-cafe-torradors-de-catalunya-xavier-de-erausquin\/#breadcrumb\",\"itemListElement\":[{\"@type\":\"ListItem\",\"position\":1,\"name\":\"Inici\",\"item\":\"https:\/\/gremicafe.cat\/\"},{\"@type\":\"ListItem\",\"position\":2,\"name\":\"F\u00f3rum Caf\u00e9 entrevista al president del Gremi del Caf\u00e8, torradors de Catalunya, Xavier de Erausquin\"}]},{\"@type\":\"WebSite\",\"@id\":\"https:\/\/gremicafe.cat\/#website\",\"url\":\"https:\/\/gremicafe.cat\/\",\"name\":\"Gremi del Caf\u00e8, torradors de Catalunya\",\"description\":\"Web oficial del gremi de torradors de caf\u00e8 de Catalunya\",\"publisher\":{\"@id\":\"https:\/\/gremicafe.cat\/#organization\"},\"potentialAction\":[{\"@type\":\"SearchAction\",\"target\":{\"@type\":\"EntryPoint\",\"urlTemplate\":\"https:\/\/gremicafe.cat\/?s={search_term_string}\"},\"query-input\":{\"@type\":\"PropertyValueSpecification\",\"valueRequired\":true,\"valueName\":\"search_term_string\"}}],\"inLanguage\":\"es\"},{\"@type\":\"Organization\",\"@id\":\"https:\/\/gremicafe.cat\/#organization\",\"name\":\"Gremi del Caf\u00e8, Torradors de Catalunya\",\"url\":\"https:\/\/gremicafe.cat\/\",\"logo\":{\"@type\":\"ImageObject\",\"inLanguage\":\"es\",\"@id\":\"https:\/\/gremicafe.cat\/#\/schema\/logo\/image\/\",\"url\":\"https:\/\/gremicafe.cat\/wp-content\/uploads\/2018\/03\/gremicafe-logo250.png\",\"contentUrl\":\"https:\/\/gremicafe.cat\/wp-content\/uploads\/2018\/03\/gremicafe-logo250.png\",\"width\":250,\"height\":49,\"caption\":\"Gremi del Caf\u00e8, Torradors de Catalunya\"},\"image\":{\"@id\":\"https:\/\/gremicafe.cat\/#\/schema\/logo\/image\/\"},\"sameAs\":[\"https:\/\/www.facebook.com\/gremicafecat\",\"https:\/\/x.com\/gremicafecat\",\"https:\/\/www.instagram.com\/gremicafecat\/\",\"https:\/\/www.pinterest.es\/gremicafecat\/\",\"https:\/\/www.youtube.com\/channel\/UCGLo5Y35vLwLvP4FrPZrCrw\/\"]},{\"@type\":\"Person\",\"@id\":\"https:\/\/gremicafe.cat\/#\/schema\/person\/dabfdbb3d0fa36260855a380f94e4733\",\"name\":\"gremicafe\",\"image\":{\"@type\":\"ImageObject\",\"inLanguage\":\"es\",\"@id\":\"https:\/\/gremicafe.cat\/#\/schema\/person\/image\/\",\"url\":\"https:\/\/secure.gravatar.com\/avatar\/e59baa4ca8f6f97576d6375fb6d3c8f0?s=96&d=mm&r=g\",\"contentUrl\":\"https:\/\/secure.gravatar.com\/avatar\/e59baa4ca8f6f97576d6375fb6d3c8f0?s=96&d=mm&r=g\",\"caption\":\"gremicafe\"}}]}<\/script>\n<!-- \/ Yoast SEO plugin. -->","yoast_head_json":{"title":"F\u00f3rum Caf\u00e9 entrevista al president del Gremi del Caf\u00e8, torradors de Catalunya, Xavier de Erausquin - Gremi del Caf\u00e8, torradors de Catalunya","robots":{"index":"index","follow":"follow","max-snippet":"max-snippet:-1","max-image-preview":"max-image-preview:large","max-video-preview":"max-video-preview:-1"},"canonical":"https:\/\/gremicafe.cat\/es\/2021\/07\/08\/forum-cafe-entrevista-al-president-del-gremi-del-cafe-torradors-de-catalunya-xavier-de-erausquin\/","og_locale":"es_ES","og_type":"article","og_title":"F\u00f3rum Caf\u00e9 entrevista al president del Gremi del Caf\u00e8, torradors de Catalunya, Xavier de Erausquin - Gremi del Caf\u00e8, torradors de Catalunya","og_description":"&nbsp; &nbsp; F\u00f3rum del Caf\u00e9 va entrevistar el nou president del Gremi del Caf\u00e8, torradors de Catalunya, Xavier de Erausquin. A l&#8217;inici de l&#8217;entrevista, en resposta als pr\u00f2xims projectes previstos pel Gremi del Caf\u00e8, Xavier de Erausquin va criticar l&#8217;estat del sector en qu\u00e8 es troba: &#8220;els torradors que formen part del gremi del caf\u00e8, [&hellip;]","og_url":"https:\/\/gremicafe.cat\/es\/2021\/07\/08\/forum-cafe-entrevista-al-president-del-gremi-del-cafe-torradors-de-catalunya-xavier-de-erausquin\/","og_site_name":"Gremi del Caf\u00e8, torradors de Catalunya","article_publisher":"https:\/\/www.facebook.com\/gremicafecat","article_published_time":"2021-07-08T12:26:57+00:00","article_modified_time":"2021-07-08T12:40:25+00:00","og_image":[{"width":2560,"height":1920,"url":"https:\/\/gremicafe.cat\/wp-content\/uploads\/2021\/06\/nou-president-gremi-cafe-catalunya-2021-scaled.jpg","type":"image\/jpeg"}],"author":"gremicafe","twitter_card":"summary_large_image","twitter_creator":"@gremicafecat","twitter_site":"@gremicafecat","twitter_misc":{"Escrito por":"gremicafe","Tiempo de lectura":"2 minutos"},"schema":{"@context":"https:\/\/schema.org","@graph":[{"@type":"Article","@id":"https:\/\/gremicafe.cat\/2021\/07\/08\/forum-cafe-entrevista-al-president-del-gremi-del-cafe-torradors-de-catalunya-xavier-de-erausquin\/#article","isPartOf":{"@id":"https:\/\/gremicafe.cat\/2021\/07\/08\/forum-cafe-entrevista-al-president-del-gremi-del-cafe-torradors-de-catalunya-xavier-de-erausquin\/"},"author":{"name":"gremicafe","@id":"https:\/\/gremicafe.cat\/#\/schema\/person\/dabfdbb3d0fa36260855a380f94e4733"},"headline":"F\u00f3rum Caf\u00e9 entrevista al president del Gremi del Caf\u00e8, torradors de Catalunya, Xavier de Erausquin","datePublished":"2021-07-08T12:26:57+00:00","dateModified":"2021-07-08T12:40:25+00:00","mainEntityOfPage":{"@id":"https:\/\/gremicafe.cat\/2021\/07\/08\/forum-cafe-entrevista-al-president-del-gremi-del-cafe-torradors-de-catalunya-xavier-de-erausquin\/"},"wordCount":369,"publisher":{"@id":"https:\/\/gremicafe.cat\/#organization"},"image":{"@id":"https:\/\/gremicafe.cat\/2021\/07\/08\/forum-cafe-entrevista-al-president-del-gremi-del-cafe-torradors-de-catalunya-xavier-de-erausquin\/#primaryimage"},"thumbnailUrl":"https:\/\/gremicafe.cat\/wp-content\/uploads\/2021\/06\/nou-president-gremi-cafe-catalunya-2021-scaled.jpg","articleSection":["Not\u00edcies"],"inLanguage":"es"},{"@type":"WebPage","@id":"https:\/\/gremicafe.cat\/2021\/07\/08\/forum-cafe-entrevista-al-president-del-gremi-del-cafe-torradors-de-catalunya-xavier-de-erausquin\/","url":"https:\/\/gremicafe.cat\/2021\/07\/08\/forum-cafe-entrevista-al-president-del-gremi-del-cafe-torradors-de-catalunya-xavier-de-erausquin\/","name":"F\u00f3rum Caf\u00e9 entrevista al president del Gremi del Caf\u00e8, torradors de Catalunya, Xavier de Erausquin - Gremi del Caf\u00e8, torradors de Catalunya","isPartOf":{"@id":"https:\/\/gremicafe.cat\/#website"},"primaryImageOfPage":{"@id":"https:\/\/gremicafe.cat\/2021\/07\/08\/forum-cafe-entrevista-al-president-del-gremi-del-cafe-torradors-de-catalunya-xavier-de-erausquin\/#primaryimage"},"image":{"@id":"https:\/\/gremicafe.cat\/2021\/07\/08\/forum-cafe-entrevista-al-president-del-gremi-del-cafe-torradors-de-catalunya-xavier-de-erausquin\/#primaryimage"},"thumbnailUrl":"https:\/\/gremicafe.cat\/wp-content\/uploads\/2021\/06\/nou-president-gremi-cafe-catalunya-2021-scaled.jpg","datePublished":"2021-07-08T12:26:57+00:00","dateModified":"2021-07-08T12:40:25+00:00","breadcrumb":{"@id":"https:\/\/gremicafe.cat\/2021\/07\/08\/forum-cafe-entrevista-al-president-del-gremi-del-cafe-torradors-de-catalunya-xavier-de-erausquin\/#breadcrumb"},"inLanguage":"es","potentialAction":[{"@type":"ReadAction","target":["https:\/\/gremicafe.cat\/2021\/07\/08\/forum-cafe-entrevista-al-president-del-gremi-del-cafe-torradors-de-catalunya-xavier-de-erausquin\/"]}]},{"@type":"ImageObject","inLanguage":"es","@id":"https:\/\/gremicafe.cat\/2021\/07\/08\/forum-cafe-entrevista-al-president-del-gremi-del-cafe-torradors-de-catalunya-xavier-de-erausquin\/#primaryimage","url":"https:\/\/gremicafe.cat\/wp-content\/uploads\/2021\/06\/nou-president-gremi-cafe-catalunya-2021-scaled.jpg","contentUrl":"https:\/\/gremicafe.cat\/wp-content\/uploads\/2021\/06\/nou-president-gremi-cafe-catalunya-2021-scaled.jpg","width":2560,"height":1920,"caption":"nou president gremi cafe catalunya 2021"},{"@type":"BreadcrumbList","@id":"https:\/\/gremicafe.cat\/2021\/07\/08\/forum-cafe-entrevista-al-president-del-gremi-del-cafe-torradors-de-catalunya-xavier-de-erausquin\/#breadcrumb","itemListElement":[{"@type":"ListItem","position":1,"name":"Inici","item":"https:\/\/gremicafe.cat\/"},{"@type":"ListItem","position":2,"name":"F\u00f3rum Caf\u00e9 entrevista al president del Gremi del Caf\u00e8, torradors de Catalunya, Xavier de Erausquin"}]},{"@type":"WebSite","@id":"https:\/\/gremicafe.cat\/#website","url":"https:\/\/gremicafe.cat\/","name":"Gremio del Caf\u00e9, tostadores de Catalu\u00f1a","description":"Web oficial del gremio de tostadores de caf\u00e9 de Catalunya","publisher":{"@id":"https:\/\/gremicafe.cat\/#organization"},"potentialAction":[{"@type":"SearchAction","target":{"@type":"EntryPoint","urlTemplate":"https:\/\/gremicafe.cat\/?s={search_term_string}"},"query-input":{"@type":"PropertyValueSpecification","valueRequired":true,"valueName":"search_term_string"}}],"inLanguage":"es"},{"@type":"Organization","@id":"https:\/\/gremicafe.cat\/#organization","name":"Gremio del Caf\u00e9, Tostadores de Catalu\u00f1a","url":"https:\/\/gremicafe.cat\/","logo":{"@type":"ImageObject","inLanguage":"es","@id":"https:\/\/gremicafe.cat\/#\/schema\/logo\/image\/","url":"https:\/\/gremicafe.cat\/wp-content\/uploads\/2018\/03\/gremicafe-logo250.png","contentUrl":"https:\/\/gremicafe.cat\/wp-content\/uploads\/2018\/03\/gremicafe-logo250.png","width":250,"height":49,"caption":"Gremi del Caf\u00e8, Torradors de Catalunya"},"image":{"@id":"https:\/\/gremicafe.cat\/#\/schema\/logo\/image\/"},"sameAs":["https:\/\/www.facebook.com\/gremicafecat","https:\/\/x.com\/gremicafecat","https:\/\/www.instagram.com\/gremicafecat\/","https:\/\/www.pinterest.es\/gremicafecat\/","https:\/\/www.youtube.com\/channel\/UCGLo5Y35vLwLvP4FrPZrCrw\/"]},{"@type":"Person","@id":"https:\/\/gremicafe.cat\/#\/schema\/person\/dabfdbb3d0fa36260855a380f94e4733","name":"gremicafe","image":{"@type":"ImageObject","inLanguage":"es","@id":"https:\/\/gremicafe.cat\/#\/schema\/person\/image\/","url":"https:\/\/secure.gravatar.com\/avatar\/e59baa4ca8f6f97576d6375fb6d3c8f0?s=96&d=mm&r=g","contentUrl":"https:\/\/secure.gravatar.com\/avatar\/e59baa4ca8f6f97576d6375fb6d3c8f0?s=96&d=mm&r=g","caption":"gremicafe"}}]}},"_links":{"self":[{"href":"https:\/\/gremicafe.cat\/es\/wp-json\/wp\/v2\/posts\/6138"}],"collection":[{"href":"https:\/\/gremicafe.cat\/es\/wp-json\/wp\/v2\/posts"}],"about":[{"href":"https:\/\/gremicafe.cat\/es\/wp-json\/wp\/v2\/types\/post"}],"author":[{"embeddable":true,"href":"https:\/\/gremicafe.cat\/es\/wp-json\/wp\/v2\/users\/1"}],"replies":[{"embeddable":true,"href":"https:\/\/gremicafe.cat\/es\/wp-json\/wp\/v2\/comments?post=6138"}],"version-history":[{"count":0,"href":"https:\/\/gremicafe.cat\/es\/wp-json\/wp\/v2\/posts\/6138\/revisions"}],"wp:featuredmedia":[{"embeddable":true,"href":"https:\/\/gremicafe.cat\/es\/wp-json\/wp\/v2\/media\/5960"}],"wp:attachment":[{"href":"https:\/\/gremicafe.cat\/es\/wp-json\/wp\/v2\/media?parent=6138"}],"wp:term":[{"taxonomy":"category","embeddable":true,"href":"https:\/\/gremicafe.cat\/es\/wp-json\/wp\/v2\/categories?post=6138"},{"taxonomy":"post_tag","embeddable":true,"href":"https:\/\/gremicafe.cat\/es\/wp-json\/wp\/v2\/tags?post=6138"}],"curies":[{"name":"wp","href":"https:\/\/api.w.org\/{rel}","templated":true}]}}