{"id":6147,"date":"2021-07-12T17:03:42","date_gmt":"2021-07-12T15:03:42","guid":{"rendered":"https:\/\/gremicafe.cat\/?p=6147"},"modified":"2021-07-12T17:10:41","modified_gmt":"2021-07-12T15:10:41","slug":"barcelona-guardam-lloc-3r-espot","status":"publish","type":"post","link":"https:\/\/gremicafe.cat\/es\/2021\/07\/12\/barcelona-guardam-lloc-3r-espot\/","title":{"rendered":"BARCELONA, \u00a1GUARDAME LUGAR! 3er spot!"},"content":{"rendered":"<div id=\"attachment_6148\" style=\"width: 819px\" class=\"wp-caption aligncenter\"><a href=\"https:\/\/www.facebook.com\/827360297361711\/videos\/1567561713437912\"><img loading=\"lazy\" decoding=\"async\" aria-describedby=\"caption-attachment-6148\" class=\"size-full wp-image-6148\" src=\"https:\/\/gremicafe.cat\/wp-content\/uploads\/2021\/07\/BCN3rspot.jpg\" alt=\"\" width=\"809\" height=\"366\" srcset=\"https:\/\/gremicafe.cat\/wp-content\/uploads\/2021\/07\/BCN3rspot.jpg 809w, https:\/\/gremicafe.cat\/wp-content\/uploads\/2021\/07\/BCN3rspot-768x347.jpg 768w\" sizes=\"(max-width: 809px) 100vw, 809px\" \/><\/a><p id=\"caption-attachment-6148\" class=\"wp-caption-text\">BARCELONA, \u00a1GUARDAME LUGAR! 3er. Spot<\/p><\/div>\n<p>BARCELONA, \u00a1GUARDAME LUGAR! 3er spot! Con David Verdaguer, Jose Corbacho, \u00c1gata Roca y Aina Clotet.<\/p>\n<p>El Gremio del Caf\u00e9, Tostadores de Catalu\u00f1a, damos supuesto a la campa\u00f1a que ha puesto en marcha el Gremio de Restauraci\u00f3n de Barcelona con el apoyo del Ayuntamiento de Barcelona y la complicidad de cervezas Alhambra y Clear Channel. Con este \u00faltimo espot (3\u00ba) ponen fin a la campa\u00f1a BARCELONA, \u00a1GUARDA&#039;M LUGAR!<\/p>\n<p>La ciudad saldr\u00e1 de la mano de la restauraci\u00f3n y del comercio. Ay\u00fadanos a difundir la campa\u00f1a. Gracias!!<\/p>\n<p>&nbsp;<\/p>","protected":false},"excerpt":{"rendered":"<p>BARCELONA, GUARDA\u2019M LLOC! 3r espot! Amb David Verdaguer, Jose Corbacho, \u00c0gata Roca i Aina Clotet. El Gremi del Caf\u00e8, Torradors de Catalunya, donem supost a la campanya que ha posat en marxa el Gremi de Restauraci\u00f3 de Barcelona amb el suport de l\u2019Ajuntament de Barcelona i la complicitat de cerveses Alhambra i Clear Channel. Amb [&hellip;]<\/p>\n","protected":false},"author":1,"featured_media":6148,"comment_status":"closed","ping_status":"open","sticky":false,"template":"","format":"standard","meta":{"_acf_changed":false,"inline_featured_image":false,"footnotes":""},"categories":[1],"tags":[47,59,72,75],"class_list":["post-6147","post","type-post","status-publish","format-standard","has-post-thumbnail","hentry","category-noticies","tag-cafe","tag-cafe-torrat","tag-gremi-cafe-catalunya","tag-gremi-de-restauracio-de-barcelona"],"acf":[],"yoast_head":"<!-- This site is optimized with the Yoast SEO plugin v25.5 - https:\/\/yoast.com\/wordpress\/plugins\/seo\/ -->\n<title>BARCELONA, GUARDA\u2019M LLOC! 3r espot! - Gremi del Caf\u00e8, torradors de Catalunya<\/title>\n<meta name=\"robots\" content=\"index, follow, max-snippet:-1, max-image-preview:large, max-video-preview:-1\" \/>\n<link rel=\"canonical\" href=\"https:\/\/gremicafe.cat\/es\/2021\/07\/12\/barcelona-guardam-lloc-3r-espot\/\" \/>\n<meta property=\"og:locale\" content=\"es_ES\" \/>\n<meta property=\"og:type\" content=\"article\" \/>\n<meta property=\"og:title\" content=\"BARCELONA, GUARDA\u2019M LLOC! 3r espot! - Gremi del Caf\u00e8, torradors de Catalunya\" \/>\n<meta property=\"og:description\" content=\"BARCELONA, GUARDA\u2019M LLOC! 3r espot! Amb David Verdaguer, Jose Corbacho, \u00c0gata Roca i Aina Clotet. El Gremi del Caf\u00e8, Torradors de Catalunya, donem supost a la campanya que ha posat en marxa el Gremi de Restauraci\u00f3 de Barcelona amb el suport de l\u2019Ajuntament de Barcelona i la complicitat de cerveses Alhambra i Clear Channel. Amb [&hellip;]\" \/>\n<meta property=\"og:url\" content=\"https:\/\/gremicafe.cat\/es\/2021\/07\/12\/barcelona-guardam-lloc-3r-espot\/\" \/>\n<meta property=\"og:site_name\" content=\"Gremi del Caf\u00e8, torradors de Catalunya\" \/>\n<meta property=\"article:publisher\" content=\"https:\/\/www.facebook.com\/gremicafecat\" \/>\n<meta property=\"article:published_time\" content=\"2021-07-12T15:03:42+00:00\" \/>\n<meta property=\"article:modified_time\" content=\"2021-07-12T15:10:41+00:00\" \/>\n<meta property=\"og:image\" content=\"https:\/\/gremicafe.cat\/wp-content\/uploads\/2021\/07\/BCN3rspot.jpg\" \/>\n\t<meta property=\"og:image:width\" content=\"809\" \/>\n\t<meta property=\"og:image:height\" content=\"366\" \/>\n\t<meta property=\"og:image:type\" content=\"image\/jpeg\" \/>\n<meta name=\"author\" content=\"gremicafe\" \/>\n<meta name=\"twitter:card\" content=\"summary_large_image\" \/>\n<meta name=\"twitter:creator\" content=\"@gremicafecat\" \/>\n<meta name=\"twitter:site\" content=\"@gremicafecat\" \/>\n<meta name=\"twitter:label1\" content=\"Escrito por\" \/>\n\t<meta name=\"twitter:data1\" content=\"gremicafe\" \/>\n\t<meta name=\"twitter:label2\" content=\"Tiempo de lectura\" \/>\n\t<meta name=\"twitter:data2\" content=\"1 minuto\" \/>\n<script type=\"application\/ld+json\" class=\"yoast-schema-graph\">{\"@context\":\"https:\/\/schema.org\",\"@graph\":[{\"@type\":\"Article\",\"@id\":\"https:\/\/gremicafe.cat\/2021\/07\/12\/barcelona-guardam-lloc-3r-espot\/#article\",\"isPartOf\":{\"@id\":\"https:\/\/gremicafe.cat\/2021\/07\/12\/barcelona-guardam-lloc-3r-espot\/\"},\"author\":{\"name\":\"gremicafe\",\"@id\":\"https:\/\/gremicafe.cat\/#\/schema\/person\/dabfdbb3d0fa36260855a380f94e4733\"},\"headline\":\"BARCELONA, GUARDA\u2019M LLOC! 3r espot!\",\"datePublished\":\"2021-07-12T15:03:42+00:00\",\"dateModified\":\"2021-07-12T15:10:41+00:00\",\"mainEntityOfPage\":{\"@id\":\"https:\/\/gremicafe.cat\/2021\/07\/12\/barcelona-guardam-lloc-3r-espot\/\"},\"wordCount\":112,\"publisher\":{\"@id\":\"https:\/\/gremicafe.cat\/#organization\"},\"image\":{\"@id\":\"https:\/\/gremicafe.cat\/2021\/07\/12\/barcelona-guardam-lloc-3r-espot\/#primaryimage\"},\"thumbnailUrl\":\"https:\/\/gremicafe.cat\/wp-content\/uploads\/2021\/07\/BCN3rspot.jpg\",\"keywords\":[\"cafe\",\"cafe torrat\",\"gremi cafe catalunya\",\"Gremi de Restauraci\u00f3 de Barcelona\"],\"articleSection\":[\"Not\u00edcies\"],\"inLanguage\":\"es\"},{\"@type\":\"WebPage\",\"@id\":\"https:\/\/gremicafe.cat\/2021\/07\/12\/barcelona-guardam-lloc-3r-espot\/\",\"url\":\"https:\/\/gremicafe.cat\/2021\/07\/12\/barcelona-guardam-lloc-3r-espot\/\",\"name\":\"BARCELONA, GUARDA\u2019M LLOC! 3r espot! - Gremi del Caf\u00e8, torradors de Catalunya\",\"isPartOf\":{\"@id\":\"https:\/\/gremicafe.cat\/#website\"},\"primaryImageOfPage\":{\"@id\":\"https:\/\/gremicafe.cat\/2021\/07\/12\/barcelona-guardam-lloc-3r-espot\/#primaryimage\"},\"image\":{\"@id\":\"https:\/\/gremicafe.cat\/2021\/07\/12\/barcelona-guardam-lloc-3r-espot\/#primaryimage\"},\"thumbnailUrl\":\"https:\/\/gremicafe.cat\/wp-content\/uploads\/2021\/07\/BCN3rspot.jpg\",\"datePublished\":\"2021-07-12T15:03:42+00:00\",\"dateModified\":\"2021-07-12T15:10:41+00:00\",\"breadcrumb\":{\"@id\":\"https:\/\/gremicafe.cat\/2021\/07\/12\/barcelona-guardam-lloc-3r-espot\/#breadcrumb\"},\"inLanguage\":\"es\",\"potentialAction\":[{\"@type\":\"ReadAction\",\"target\":[\"https:\/\/gremicafe.cat\/2021\/07\/12\/barcelona-guardam-lloc-3r-espot\/\"]}]},{\"@type\":\"ImageObject\",\"inLanguage\":\"es\",\"@id\":\"https:\/\/gremicafe.cat\/2021\/07\/12\/barcelona-guardam-lloc-3r-espot\/#primaryimage\",\"url\":\"https:\/\/gremicafe.cat\/wp-content\/uploads\/2021\/07\/BCN3rspot.jpg\",\"contentUrl\":\"https:\/\/gremicafe.cat\/wp-content\/uploads\/2021\/07\/BCN3rspot.jpg\",\"width\":809,\"height\":366,\"caption\":\"BARCELONA, GUARDA\u2019M LLOC! 3r. Spot\"},{\"@type\":\"BreadcrumbList\",\"@id\":\"https:\/\/gremicafe.cat\/2021\/07\/12\/barcelona-guardam-lloc-3r-espot\/#breadcrumb\",\"itemListElement\":[{\"@type\":\"ListItem\",\"position\":1,\"name\":\"Inici\",\"item\":\"https:\/\/gremicafe.cat\/\"},{\"@type\":\"ListItem\",\"position\":2,\"name\":\"BARCELONA, GUARDA\u2019M LLOC! 3r espot!\"}]},{\"@type\":\"WebSite\",\"@id\":\"https:\/\/gremicafe.cat\/#website\",\"url\":\"https:\/\/gremicafe.cat\/\",\"name\":\"Gremi del Caf\u00e8, torradors de Catalunya\",\"description\":\"Web oficial del gremi de torradors de caf\u00e8 de Catalunya\",\"publisher\":{\"@id\":\"https:\/\/gremicafe.cat\/#organization\"},\"potentialAction\":[{\"@type\":\"SearchAction\",\"target\":{\"@type\":\"EntryPoint\",\"urlTemplate\":\"https:\/\/gremicafe.cat\/?s={search_term_string}\"},\"query-input\":{\"@type\":\"PropertyValueSpecification\",\"valueRequired\":true,\"valueName\":\"search_term_string\"}}],\"inLanguage\":\"es\"},{\"@type\":\"Organization\",\"@id\":\"https:\/\/gremicafe.cat\/#organization\",\"name\":\"Gremi del Caf\u00e8, Torradors de Catalunya\",\"url\":\"https:\/\/gremicafe.cat\/\",\"logo\":{\"@type\":\"ImageObject\",\"inLanguage\":\"es\",\"@id\":\"https:\/\/gremicafe.cat\/#\/schema\/logo\/image\/\",\"url\":\"https:\/\/gremicafe.cat\/wp-content\/uploads\/2018\/03\/gremicafe-logo250.png\",\"contentUrl\":\"https:\/\/gremicafe.cat\/wp-content\/uploads\/2018\/03\/gremicafe-logo250.png\",\"width\":250,\"height\":49,\"caption\":\"Gremi del Caf\u00e8, Torradors de Catalunya\"},\"image\":{\"@id\":\"https:\/\/gremicafe.cat\/#\/schema\/logo\/image\/\"},\"sameAs\":[\"https:\/\/www.facebook.com\/gremicafecat\",\"https:\/\/x.com\/gremicafecat\",\"https:\/\/www.instagram.com\/gremicafecat\/\",\"https:\/\/www.pinterest.es\/gremicafecat\/\",\"https:\/\/www.youtube.com\/channel\/UCGLo5Y35vLwLvP4FrPZrCrw\/\"]},{\"@type\":\"Person\",\"@id\":\"https:\/\/gremicafe.cat\/#\/schema\/person\/dabfdbb3d0fa36260855a380f94e4733\",\"name\":\"gremicafe\",\"image\":{\"@type\":\"ImageObject\",\"inLanguage\":\"es\",\"@id\":\"https:\/\/gremicafe.cat\/#\/schema\/person\/image\/\",\"url\":\"https:\/\/secure.gravatar.com\/avatar\/e59baa4ca8f6f97576d6375fb6d3c8f0?s=96&d=mm&r=g\",\"contentUrl\":\"https:\/\/secure.gravatar.com\/avatar\/e59baa4ca8f6f97576d6375fb6d3c8f0?s=96&d=mm&r=g\",\"caption\":\"gremicafe\"}}]}<\/script>\n<!-- \/ Yoast SEO plugin. -->","yoast_head_json":{"title":"BARCELONA, GUARDA\u2019M LLOC! 3r espot! - Gremi del Caf\u00e8, torradors de Catalunya","robots":{"index":"index","follow":"follow","max-snippet":"max-snippet:-1","max-image-preview":"max-image-preview:large","max-video-preview":"max-video-preview:-1"},"canonical":"https:\/\/gremicafe.cat\/es\/2021\/07\/12\/barcelona-guardam-lloc-3r-espot\/","og_locale":"es_ES","og_type":"article","og_title":"BARCELONA, GUARDA\u2019M LLOC! 3r espot! - Gremi del Caf\u00e8, torradors de Catalunya","og_description":"BARCELONA, GUARDA\u2019M LLOC! 3r espot! Amb David Verdaguer, Jose Corbacho, \u00c0gata Roca i Aina Clotet. El Gremi del Caf\u00e8, Torradors de Catalunya, donem supost a la campanya que ha posat en marxa el Gremi de Restauraci\u00f3 de Barcelona amb el suport de l\u2019Ajuntament de Barcelona i la complicitat de cerveses Alhambra i Clear Channel. Amb [&hellip;]","og_url":"https:\/\/gremicafe.cat\/es\/2021\/07\/12\/barcelona-guardam-lloc-3r-espot\/","og_site_name":"Gremi del Caf\u00e8, torradors de Catalunya","article_publisher":"https:\/\/www.facebook.com\/gremicafecat","article_published_time":"2021-07-12T15:03:42+00:00","article_modified_time":"2021-07-12T15:10:41+00:00","og_image":[{"width":809,"height":366,"url":"https:\/\/gremicafe.cat\/wp-content\/uploads\/2021\/07\/BCN3rspot.jpg","type":"image\/jpeg"}],"author":"gremicafe","twitter_card":"summary_large_image","twitter_creator":"@gremicafecat","twitter_site":"@gremicafecat","twitter_misc":{"Escrito por":"gremicafe","Tiempo de lectura":"1 minuto"},"schema":{"@context":"https:\/\/schema.org","@graph":[{"@type":"Article","@id":"https:\/\/gremicafe.cat\/2021\/07\/12\/barcelona-guardam-lloc-3r-espot\/#article","isPartOf":{"@id":"https:\/\/gremicafe.cat\/2021\/07\/12\/barcelona-guardam-lloc-3r-espot\/"},"author":{"name":"gremicafe","@id":"https:\/\/gremicafe.cat\/#\/schema\/person\/dabfdbb3d0fa36260855a380f94e4733"},"headline":"BARCELONA, GUARDA\u2019M LLOC! 3r espot!","datePublished":"2021-07-12T15:03:42+00:00","dateModified":"2021-07-12T15:10:41+00:00","mainEntityOfPage":{"@id":"https:\/\/gremicafe.cat\/2021\/07\/12\/barcelona-guardam-lloc-3r-espot\/"},"wordCount":112,"publisher":{"@id":"https:\/\/gremicafe.cat\/#organization"},"image":{"@id":"https:\/\/gremicafe.cat\/2021\/07\/12\/barcelona-guardam-lloc-3r-espot\/#primaryimage"},"thumbnailUrl":"https:\/\/gremicafe.cat\/wp-content\/uploads\/2021\/07\/BCN3rspot.jpg","keywords":["cafe","cafe torrat","gremi cafe catalunya","Gremi de Restauraci\u00f3 de Barcelona"],"articleSection":["Not\u00edcies"],"inLanguage":"es"},{"@type":"WebPage","@id":"https:\/\/gremicafe.cat\/2021\/07\/12\/barcelona-guardam-lloc-3r-espot\/","url":"https:\/\/gremicafe.cat\/2021\/07\/12\/barcelona-guardam-lloc-3r-espot\/","name":"BARCELONA, GUARDA\u2019M LLOC! 3r espot! - Gremi del Caf\u00e8, torradors de Catalunya","isPartOf":{"@id":"https:\/\/gremicafe.cat\/#website"},"primaryImageOfPage":{"@id":"https:\/\/gremicafe.cat\/2021\/07\/12\/barcelona-guardam-lloc-3r-espot\/#primaryimage"},"image":{"@id":"https:\/\/gremicafe.cat\/2021\/07\/12\/barcelona-guardam-lloc-3r-espot\/#primaryimage"},"thumbnailUrl":"https:\/\/gremicafe.cat\/wp-content\/uploads\/2021\/07\/BCN3rspot.jpg","datePublished":"2021-07-12T15:03:42+00:00","dateModified":"2021-07-12T15:10:41+00:00","breadcrumb":{"@id":"https:\/\/gremicafe.cat\/2021\/07\/12\/barcelona-guardam-lloc-3r-espot\/#breadcrumb"},"inLanguage":"es","potentialAction":[{"@type":"ReadAction","target":["https:\/\/gremicafe.cat\/2021\/07\/12\/barcelona-guardam-lloc-3r-espot\/"]}]},{"@type":"ImageObject","inLanguage":"es","@id":"https:\/\/gremicafe.cat\/2021\/07\/12\/barcelona-guardam-lloc-3r-espot\/#primaryimage","url":"https:\/\/gremicafe.cat\/wp-content\/uploads\/2021\/07\/BCN3rspot.jpg","contentUrl":"https:\/\/gremicafe.cat\/wp-content\/uploads\/2021\/07\/BCN3rspot.jpg","width":809,"height":366,"caption":"BARCELONA, GUARDA\u2019M LLOC! 3r. Spot"},{"@type":"BreadcrumbList","@id":"https:\/\/gremicafe.cat\/2021\/07\/12\/barcelona-guardam-lloc-3r-espot\/#breadcrumb","itemListElement":[{"@type":"ListItem","position":1,"name":"Inici","item":"https:\/\/gremicafe.cat\/"},{"@type":"ListItem","position":2,"name":"BARCELONA, GUARDA\u2019M LLOC! 3r espot!"}]},{"@type":"WebSite","@id":"https:\/\/gremicafe.cat\/#website","url":"https:\/\/gremicafe.cat\/","name":"Gremio del Caf\u00e9, tostadores de Catalu\u00f1a","description":"Web oficial del gremio de tostadores de caf\u00e9 de Catalunya","publisher":{"@id":"https:\/\/gremicafe.cat\/#organization"},"potentialAction":[{"@type":"SearchAction","target":{"@type":"EntryPoint","urlTemplate":"https:\/\/gremicafe.cat\/?s={search_term_string}"},"query-input":{"@type":"PropertyValueSpecification","valueRequired":true,"valueName":"search_term_string"}}],"inLanguage":"es"},{"@type":"Organization","@id":"https:\/\/gremicafe.cat\/#organization","name":"Gremio del Caf\u00e9, Tostadores de Catalu\u00f1a","url":"https:\/\/gremicafe.cat\/","logo":{"@type":"ImageObject","inLanguage":"es","@id":"https:\/\/gremicafe.cat\/#\/schema\/logo\/image\/","url":"https:\/\/gremicafe.cat\/wp-content\/uploads\/2018\/03\/gremicafe-logo250.png","contentUrl":"https:\/\/gremicafe.cat\/wp-content\/uploads\/2018\/03\/gremicafe-logo250.png","width":250,"height":49,"caption":"Gremi del Caf\u00e8, Torradors de Catalunya"},"image":{"@id":"https:\/\/gremicafe.cat\/#\/schema\/logo\/image\/"},"sameAs":["https:\/\/www.facebook.com\/gremicafecat","https:\/\/x.com\/gremicafecat","https:\/\/www.instagram.com\/gremicafecat\/","https:\/\/www.pinterest.es\/gremicafecat\/","https:\/\/www.youtube.com\/channel\/UCGLo5Y35vLwLvP4FrPZrCrw\/"]},{"@type":"Person","@id":"https:\/\/gremicafe.cat\/#\/schema\/person\/dabfdbb3d0fa36260855a380f94e4733","name":"gremicafe","image":{"@type":"ImageObject","inLanguage":"es","@id":"https:\/\/gremicafe.cat\/#\/schema\/person\/image\/","url":"https:\/\/secure.gravatar.com\/avatar\/e59baa4ca8f6f97576d6375fb6d3c8f0?s=96&d=mm&r=g","contentUrl":"https:\/\/secure.gravatar.com\/avatar\/e59baa4ca8f6f97576d6375fb6d3c8f0?s=96&d=mm&r=g","caption":"gremicafe"}}]}},"_links":{"self":[{"href":"https:\/\/gremicafe.cat\/es\/wp-json\/wp\/v2\/posts\/6147"}],"collection":[{"href":"https:\/\/gremicafe.cat\/es\/wp-json\/wp\/v2\/posts"}],"about":[{"href":"https:\/\/gremicafe.cat\/es\/wp-json\/wp\/v2\/types\/post"}],"author":[{"embeddable":true,"href":"https:\/\/gremicafe.cat\/es\/wp-json\/wp\/v2\/users\/1"}],"replies":[{"embeddable":true,"href":"https:\/\/gremicafe.cat\/es\/wp-json\/wp\/v2\/comments?post=6147"}],"version-history":[{"count":0,"href":"https:\/\/gremicafe.cat\/es\/wp-json\/wp\/v2\/posts\/6147\/revisions"}],"wp:featuredmedia":[{"embeddable":true,"href":"https:\/\/gremicafe.cat\/es\/wp-json\/wp\/v2\/media\/6148"}],"wp:attachment":[{"href":"https:\/\/gremicafe.cat\/es\/wp-json\/wp\/v2\/media?parent=6147"}],"wp:term":[{"taxonomy":"category","embeddable":true,"href":"https:\/\/gremicafe.cat\/es\/wp-json\/wp\/v2\/categories?post=6147"},{"taxonomy":"post_tag","embeddable":true,"href":"https:\/\/gremicafe.cat\/es\/wp-json\/wp\/v2\/tags?post=6147"}],"curies":[{"name":"wp","href":"https:\/\/api.w.org\/{rel}","templated":true}]}}