{"id":6207,"date":"2021-07-27T09:12:21","date_gmt":"2021-07-27T07:12:21","guid":{"rendered":"https:\/\/gremicafe.cat\/?p=6207"},"modified":"2021-07-28T12:41:24","modified_gmt":"2021-07-28T10:41:24","slug":"cafes-cornella-rep-el-premi-digitalitza-2020","status":"publish","type":"post","link":"https:\/\/gremicafe.cat\/es\/2021\/07\/27\/cafes-cornella-rep-el-premi-digitalitza-2020\/","title":{"rendered":"Caf\u00e8s Cornell\u00e0 recibe el premio Digitalitza 2020"},"content":{"rendered":"<p><img loading=\"lazy\" decoding=\"async\" class=\"aligncenter size-full wp-image-6208\" src=\"https:\/\/gremicafe.cat\/wp-content\/uploads\/2021\/07\/premi-digitalitza-cafes-cornella.jpeg\" alt=\"cafes cornella premis digitalitza\" width=\"1024\" height=\"683\" srcset=\"https:\/\/gremicafe.cat\/wp-content\/uploads\/2021\/07\/premi-digitalitza-cafes-cornella.jpeg 1024w, https:\/\/gremicafe.cat\/wp-content\/uploads\/2021\/07\/premi-digitalitza-cafes-cornella-768x512.jpeg 768w\" sizes=\"(max-width: 1024px) 100vw, 1024px\" \/><\/p>\n<p>&nbsp;<\/p>\n<p>El pasado 22 de julio durante la ceremonia de los Premios Empresa del A\u00f1o organizado por <a href=\"https:\/\/www.elperiodico.com\/es\/\">El Peri\u00f3dico<\/a>, con el objetivo de distinguir a las mejores iniciativas de 2020, <a href=\"https:\/\/cafescornella.coffee\/\"><strong>Caf\u00e9s Cornell\u00e0<\/strong><\/a> recibi\u00f3 el premio Digitalitza.<\/p>\n<p>Los diferentes reconocimientos galardonan a las mejores empresas con sede en Catalu\u00f1a que durante el a\u00f1o anterior han destacado en diferentes disciplinas, ya sea por su innovaci\u00f3n, su trabajo por la equidad o la transformaci\u00f3n digital.<\/p>\n<p>As\u00ed, el jurado de expertos formado por destacadas personalidades de instituciones y entidades socioecon\u00f3micas y empresariales catalanas, reconoci\u00f3 <strong>Caf\u00e9s Cornell\u00e0<\/strong> como<strong> mejor iniciativa empresarial en el \u00e1mbito de la digitalizaci\u00f3n por su plan de transformaci\u00f3n digital.<\/strong> El objetivo es mejorar la competitividad de la empresa a trav\u00e9s de la optimizaci\u00f3n de costes y la generaci\u00f3n de un nuevo modelo de negocio que pasa de vender productos a vender servicios.<\/p>\n<p>Los premios Empresa del Any se han convertido en todo un referente en el panorama socioecon\u00f3mico y ponen en valor el esfuerzo del tejido industrial catal\u00e1n y su aportaci\u00f3n a la construcci\u00f3n de una sociedad cada d\u00eda m\u00e1s equitativa, rica y progresista.<\/p>\n<p>&nbsp;<\/p>\n<p>Fuente noticia y foto: <a href=\"https:\/\/cafescornella.coffee\/\"><strong>Caf\u00e9s Cornell\u00e0<\/strong><\/a><\/p>","protected":false},"excerpt":{"rendered":"<p>&nbsp; El passat 22 de juliol durant la cerim\u00f2nia dels Premis Empresa de l&#8217;Any organitzat per El Peri\u00f3dico, amb l&#8217;objectiu de distingir a les millors iniciatives del 2020, Caf\u00e8s Cornell\u00e0 va rebre el premi Digitalitza. Els diferents reconeixements guardonen a les millors empreses amb seu a Catalunya que durant l&#8217;anterior any han destacat en diferents [&hellip;]<\/p>\n","protected":false},"author":1,"featured_media":6208,"comment_status":"closed","ping_status":"open","sticky":false,"template":"","format":"standard","meta":{"_acf_changed":false,"inline_featured_image":false,"footnotes":""},"categories":[1],"tags":[],"class_list":["post-6207","post","type-post","status-publish","format-standard","has-post-thumbnail","hentry","category-noticies"],"acf":[],"yoast_head":"<!-- This site is optimized with the Yoast SEO plugin v25.5 - https:\/\/yoast.com\/wordpress\/plugins\/seo\/ -->\n<title>Caf\u00e8s Cornell\u00e0 rep el premi Digitalitza 2020 - Gremi del Caf\u00e8, torradors de Catalunya<\/title>\n<meta name=\"robots\" content=\"index, follow, max-snippet:-1, max-image-preview:large, max-video-preview:-1\" \/>\n<link rel=\"canonical\" href=\"https:\/\/gremicafe.cat\/es\/2021\/07\/27\/cafes-cornella-rep-el-premi-digitalitza-2020\/\" \/>\n<meta property=\"og:locale\" content=\"es_ES\" \/>\n<meta property=\"og:type\" content=\"article\" \/>\n<meta property=\"og:title\" content=\"Caf\u00e8s Cornell\u00e0 rep el premi Digitalitza 2020 - Gremi del Caf\u00e8, torradors de Catalunya\" \/>\n<meta property=\"og:description\" content=\"&nbsp; El passat 22 de juliol durant la cerim\u00f2nia dels Premis Empresa de l&#8217;Any organitzat per El Peri\u00f3dico, amb l&#8217;objectiu de distingir a les millors iniciatives del 2020, Caf\u00e8s Cornell\u00e0 va rebre el premi Digitalitza. Els diferents reconeixements guardonen a les millors empreses amb seu a Catalunya que durant l&#8217;anterior any han destacat en diferents [&hellip;]\" \/>\n<meta property=\"og:url\" content=\"https:\/\/gremicafe.cat\/es\/2021\/07\/27\/cafes-cornella-rep-el-premi-digitalitza-2020\/\" \/>\n<meta property=\"og:site_name\" content=\"Gremi del Caf\u00e8, torradors de Catalunya\" \/>\n<meta property=\"article:publisher\" content=\"https:\/\/www.facebook.com\/gremicafecat\" \/>\n<meta property=\"article:published_time\" content=\"2021-07-27T07:12:21+00:00\" \/>\n<meta property=\"article:modified_time\" content=\"2021-07-28T10:41:24+00:00\" \/>\n<meta property=\"og:image\" content=\"https:\/\/gremicafe.cat\/wp-content\/uploads\/2021\/07\/premi-digitalitza-cafes-cornella.jpeg\" \/>\n\t<meta property=\"og:image:width\" content=\"1024\" \/>\n\t<meta property=\"og:image:height\" content=\"683\" \/>\n\t<meta property=\"og:image:type\" content=\"image\/jpeg\" \/>\n<meta name=\"author\" content=\"gremicafe\" \/>\n<meta name=\"twitter:card\" content=\"summary_large_image\" \/>\n<meta name=\"twitter:creator\" content=\"@gremicafecat\" \/>\n<meta name=\"twitter:site\" content=\"@gremicafecat\" \/>\n<meta name=\"twitter:label1\" content=\"Escrito por\" \/>\n\t<meta name=\"twitter:data1\" content=\"gremicafe\" \/>\n\t<meta name=\"twitter:label2\" content=\"Tiempo de lectura\" \/>\n\t<meta name=\"twitter:data2\" content=\"1 minuto\" \/>\n<script type=\"application\/ld+json\" class=\"yoast-schema-graph\">{\"@context\":\"https:\/\/schema.org\",\"@graph\":[{\"@type\":\"Article\",\"@id\":\"https:\/\/gremicafe.cat\/2021\/07\/27\/cafes-cornella-rep-el-premi-digitalitza-2020\/#article\",\"isPartOf\":{\"@id\":\"https:\/\/gremicafe.cat\/2021\/07\/27\/cafes-cornella-rep-el-premi-digitalitza-2020\/\"},\"author\":{\"name\":\"gremicafe\",\"@id\":\"https:\/\/gremicafe.cat\/#\/schema\/person\/dabfdbb3d0fa36260855a380f94e4733\"},\"headline\":\"Caf\u00e8s Cornell\u00e0 rep el premi Digitalitza 2020\",\"datePublished\":\"2021-07-27T07:12:21+00:00\",\"dateModified\":\"2021-07-28T10:41:24+00:00\",\"mainEntityOfPage\":{\"@id\":\"https:\/\/gremicafe.cat\/2021\/07\/27\/cafes-cornella-rep-el-premi-digitalitza-2020\/\"},\"wordCount\":210,\"publisher\":{\"@id\":\"https:\/\/gremicafe.cat\/#organization\"},\"image\":{\"@id\":\"https:\/\/gremicafe.cat\/2021\/07\/27\/cafes-cornella-rep-el-premi-digitalitza-2020\/#primaryimage\"},\"thumbnailUrl\":\"https:\/\/gremicafe.cat\/wp-content\/uploads\/2021\/07\/premi-digitalitza-cafes-cornella.jpeg\",\"articleSection\":[\"Not\u00edcies\"],\"inLanguage\":\"es\"},{\"@type\":\"WebPage\",\"@id\":\"https:\/\/gremicafe.cat\/2021\/07\/27\/cafes-cornella-rep-el-premi-digitalitza-2020\/\",\"url\":\"https:\/\/gremicafe.cat\/2021\/07\/27\/cafes-cornella-rep-el-premi-digitalitza-2020\/\",\"name\":\"Caf\u00e8s Cornell\u00e0 rep el premi Digitalitza 2020 - Gremi del Caf\u00e8, torradors de Catalunya\",\"isPartOf\":{\"@id\":\"https:\/\/gremicafe.cat\/#website\"},\"primaryImageOfPage\":{\"@id\":\"https:\/\/gremicafe.cat\/2021\/07\/27\/cafes-cornella-rep-el-premi-digitalitza-2020\/#primaryimage\"},\"image\":{\"@id\":\"https:\/\/gremicafe.cat\/2021\/07\/27\/cafes-cornella-rep-el-premi-digitalitza-2020\/#primaryimage\"},\"thumbnailUrl\":\"https:\/\/gremicafe.cat\/wp-content\/uploads\/2021\/07\/premi-digitalitza-cafes-cornella.jpeg\",\"datePublished\":\"2021-07-27T07:12:21+00:00\",\"dateModified\":\"2021-07-28T10:41:24+00:00\",\"breadcrumb\":{\"@id\":\"https:\/\/gremicafe.cat\/2021\/07\/27\/cafes-cornella-rep-el-premi-digitalitza-2020\/#breadcrumb\"},\"inLanguage\":\"es\",\"potentialAction\":[{\"@type\":\"ReadAction\",\"target\":[\"https:\/\/gremicafe.cat\/2021\/07\/27\/cafes-cornella-rep-el-premi-digitalitza-2020\/\"]}]},{\"@type\":\"ImageObject\",\"inLanguage\":\"es\",\"@id\":\"https:\/\/gremicafe.cat\/2021\/07\/27\/cafes-cornella-rep-el-premi-digitalitza-2020\/#primaryimage\",\"url\":\"https:\/\/gremicafe.cat\/wp-content\/uploads\/2021\/07\/premi-digitalitza-cafes-cornella.jpeg\",\"contentUrl\":\"https:\/\/gremicafe.cat\/wp-content\/uploads\/2021\/07\/premi-digitalitza-cafes-cornella.jpeg\",\"width\":1024,\"height\":683,\"caption\":\"cafes cornella premis digitalitza\"},{\"@type\":\"BreadcrumbList\",\"@id\":\"https:\/\/gremicafe.cat\/2021\/07\/27\/cafes-cornella-rep-el-premi-digitalitza-2020\/#breadcrumb\",\"itemListElement\":[{\"@type\":\"ListItem\",\"position\":1,\"name\":\"Inici\",\"item\":\"https:\/\/gremicafe.cat\/\"},{\"@type\":\"ListItem\",\"position\":2,\"name\":\"Caf\u00e8s Cornell\u00e0 rep el premi Digitalitza 2020\"}]},{\"@type\":\"WebSite\",\"@id\":\"https:\/\/gremicafe.cat\/#website\",\"url\":\"https:\/\/gremicafe.cat\/\",\"name\":\"Gremi del Caf\u00e8, torradors de Catalunya\",\"description\":\"Web oficial del gremi de torradors de caf\u00e8 de Catalunya\",\"publisher\":{\"@id\":\"https:\/\/gremicafe.cat\/#organization\"},\"potentialAction\":[{\"@type\":\"SearchAction\",\"target\":{\"@type\":\"EntryPoint\",\"urlTemplate\":\"https:\/\/gremicafe.cat\/?s={search_term_string}\"},\"query-input\":{\"@type\":\"PropertyValueSpecification\",\"valueRequired\":true,\"valueName\":\"search_term_string\"}}],\"inLanguage\":\"es\"},{\"@type\":\"Organization\",\"@id\":\"https:\/\/gremicafe.cat\/#organization\",\"name\":\"Gremi del Caf\u00e8, Torradors de Catalunya\",\"url\":\"https:\/\/gremicafe.cat\/\",\"logo\":{\"@type\":\"ImageObject\",\"inLanguage\":\"es\",\"@id\":\"https:\/\/gremicafe.cat\/#\/schema\/logo\/image\/\",\"url\":\"https:\/\/gremicafe.cat\/wp-content\/uploads\/2018\/03\/gremicafe-logo250.png\",\"contentUrl\":\"https:\/\/gremicafe.cat\/wp-content\/uploads\/2018\/03\/gremicafe-logo250.png\",\"width\":250,\"height\":49,\"caption\":\"Gremi del Caf\u00e8, Torradors de Catalunya\"},\"image\":{\"@id\":\"https:\/\/gremicafe.cat\/#\/schema\/logo\/image\/\"},\"sameAs\":[\"https:\/\/www.facebook.com\/gremicafecat\",\"https:\/\/x.com\/gremicafecat\",\"https:\/\/www.instagram.com\/gremicafecat\/\",\"https:\/\/www.pinterest.es\/gremicafecat\/\",\"https:\/\/www.youtube.com\/channel\/UCGLo5Y35vLwLvP4FrPZrCrw\/\"]},{\"@type\":\"Person\",\"@id\":\"https:\/\/gremicafe.cat\/#\/schema\/person\/dabfdbb3d0fa36260855a380f94e4733\",\"name\":\"gremicafe\",\"image\":{\"@type\":\"ImageObject\",\"inLanguage\":\"es\",\"@id\":\"https:\/\/gremicafe.cat\/#\/schema\/person\/image\/\",\"url\":\"https:\/\/secure.gravatar.com\/avatar\/e59baa4ca8f6f97576d6375fb6d3c8f0?s=96&d=mm&r=g\",\"contentUrl\":\"https:\/\/secure.gravatar.com\/avatar\/e59baa4ca8f6f97576d6375fb6d3c8f0?s=96&d=mm&r=g\",\"caption\":\"gremicafe\"}}]}<\/script>\n<!-- \/ Yoast SEO plugin. -->","yoast_head_json":{"title":"Caf\u00e8s Cornell\u00e0 rep el premi Digitalitza 2020 - Gremi del Caf\u00e8, torradors de Catalunya","robots":{"index":"index","follow":"follow","max-snippet":"max-snippet:-1","max-image-preview":"max-image-preview:large","max-video-preview":"max-video-preview:-1"},"canonical":"https:\/\/gremicafe.cat\/es\/2021\/07\/27\/cafes-cornella-rep-el-premi-digitalitza-2020\/","og_locale":"es_ES","og_type":"article","og_title":"Caf\u00e8s Cornell\u00e0 rep el premi Digitalitza 2020 - Gremi del Caf\u00e8, torradors de Catalunya","og_description":"&nbsp; El passat 22 de juliol durant la cerim\u00f2nia dels Premis Empresa de l&#8217;Any organitzat per El Peri\u00f3dico, amb l&#8217;objectiu de distingir a les millors iniciatives del 2020, Caf\u00e8s Cornell\u00e0 va rebre el premi Digitalitza. Els diferents reconeixements guardonen a les millors empreses amb seu a Catalunya que durant l&#8217;anterior any han destacat en diferents [&hellip;]","og_url":"https:\/\/gremicafe.cat\/es\/2021\/07\/27\/cafes-cornella-rep-el-premi-digitalitza-2020\/","og_site_name":"Gremi del Caf\u00e8, torradors de Catalunya","article_publisher":"https:\/\/www.facebook.com\/gremicafecat","article_published_time":"2021-07-27T07:12:21+00:00","article_modified_time":"2021-07-28T10:41:24+00:00","og_image":[{"width":1024,"height":683,"url":"https:\/\/gremicafe.cat\/wp-content\/uploads\/2021\/07\/premi-digitalitza-cafes-cornella.jpeg","type":"image\/jpeg"}],"author":"gremicafe","twitter_card":"summary_large_image","twitter_creator":"@gremicafecat","twitter_site":"@gremicafecat","twitter_misc":{"Escrito por":"gremicafe","Tiempo de lectura":"1 minuto"},"schema":{"@context":"https:\/\/schema.org","@graph":[{"@type":"Article","@id":"https:\/\/gremicafe.cat\/2021\/07\/27\/cafes-cornella-rep-el-premi-digitalitza-2020\/#article","isPartOf":{"@id":"https:\/\/gremicafe.cat\/2021\/07\/27\/cafes-cornella-rep-el-premi-digitalitza-2020\/"},"author":{"name":"gremicafe","@id":"https:\/\/gremicafe.cat\/#\/schema\/person\/dabfdbb3d0fa36260855a380f94e4733"},"headline":"Caf\u00e8s Cornell\u00e0 rep el premi Digitalitza 2020","datePublished":"2021-07-27T07:12:21+00:00","dateModified":"2021-07-28T10:41:24+00:00","mainEntityOfPage":{"@id":"https:\/\/gremicafe.cat\/2021\/07\/27\/cafes-cornella-rep-el-premi-digitalitza-2020\/"},"wordCount":210,"publisher":{"@id":"https:\/\/gremicafe.cat\/#organization"},"image":{"@id":"https:\/\/gremicafe.cat\/2021\/07\/27\/cafes-cornella-rep-el-premi-digitalitza-2020\/#primaryimage"},"thumbnailUrl":"https:\/\/gremicafe.cat\/wp-content\/uploads\/2021\/07\/premi-digitalitza-cafes-cornella.jpeg","articleSection":["Not\u00edcies"],"inLanguage":"es"},{"@type":"WebPage","@id":"https:\/\/gremicafe.cat\/2021\/07\/27\/cafes-cornella-rep-el-premi-digitalitza-2020\/","url":"https:\/\/gremicafe.cat\/2021\/07\/27\/cafes-cornella-rep-el-premi-digitalitza-2020\/","name":"Caf\u00e8s Cornell\u00e0 rep el premi Digitalitza 2020 - Gremi del Caf\u00e8, torradors de Catalunya","isPartOf":{"@id":"https:\/\/gremicafe.cat\/#website"},"primaryImageOfPage":{"@id":"https:\/\/gremicafe.cat\/2021\/07\/27\/cafes-cornella-rep-el-premi-digitalitza-2020\/#primaryimage"},"image":{"@id":"https:\/\/gremicafe.cat\/2021\/07\/27\/cafes-cornella-rep-el-premi-digitalitza-2020\/#primaryimage"},"thumbnailUrl":"https:\/\/gremicafe.cat\/wp-content\/uploads\/2021\/07\/premi-digitalitza-cafes-cornella.jpeg","datePublished":"2021-07-27T07:12:21+00:00","dateModified":"2021-07-28T10:41:24+00:00","breadcrumb":{"@id":"https:\/\/gremicafe.cat\/2021\/07\/27\/cafes-cornella-rep-el-premi-digitalitza-2020\/#breadcrumb"},"inLanguage":"es","potentialAction":[{"@type":"ReadAction","target":["https:\/\/gremicafe.cat\/2021\/07\/27\/cafes-cornella-rep-el-premi-digitalitza-2020\/"]}]},{"@type":"ImageObject","inLanguage":"es","@id":"https:\/\/gremicafe.cat\/2021\/07\/27\/cafes-cornella-rep-el-premi-digitalitza-2020\/#primaryimage","url":"https:\/\/gremicafe.cat\/wp-content\/uploads\/2021\/07\/premi-digitalitza-cafes-cornella.jpeg","contentUrl":"https:\/\/gremicafe.cat\/wp-content\/uploads\/2021\/07\/premi-digitalitza-cafes-cornella.jpeg","width":1024,"height":683,"caption":"cafes cornella premis digitalitza"},{"@type":"BreadcrumbList","@id":"https:\/\/gremicafe.cat\/2021\/07\/27\/cafes-cornella-rep-el-premi-digitalitza-2020\/#breadcrumb","itemListElement":[{"@type":"ListItem","position":1,"name":"Inici","item":"https:\/\/gremicafe.cat\/"},{"@type":"ListItem","position":2,"name":"Caf\u00e8s Cornell\u00e0 rep el premi Digitalitza 2020"}]},{"@type":"WebSite","@id":"https:\/\/gremicafe.cat\/#website","url":"https:\/\/gremicafe.cat\/","name":"Gremio del Caf\u00e9, tostadores de Catalu\u00f1a","description":"Web oficial del gremio de tostadores de caf\u00e9 de Catalunya","publisher":{"@id":"https:\/\/gremicafe.cat\/#organization"},"potentialAction":[{"@type":"SearchAction","target":{"@type":"EntryPoint","urlTemplate":"https:\/\/gremicafe.cat\/?s={search_term_string}"},"query-input":{"@type":"PropertyValueSpecification","valueRequired":true,"valueName":"search_term_string"}}],"inLanguage":"es"},{"@type":"Organization","@id":"https:\/\/gremicafe.cat\/#organization","name":"Gremio del Caf\u00e9, Tostadores de Catalu\u00f1a","url":"https:\/\/gremicafe.cat\/","logo":{"@type":"ImageObject","inLanguage":"es","@id":"https:\/\/gremicafe.cat\/#\/schema\/logo\/image\/","url":"https:\/\/gremicafe.cat\/wp-content\/uploads\/2018\/03\/gremicafe-logo250.png","contentUrl":"https:\/\/gremicafe.cat\/wp-content\/uploads\/2018\/03\/gremicafe-logo250.png","width":250,"height":49,"caption":"Gremi del Caf\u00e8, Torradors de Catalunya"},"image":{"@id":"https:\/\/gremicafe.cat\/#\/schema\/logo\/image\/"},"sameAs":["https:\/\/www.facebook.com\/gremicafecat","https:\/\/x.com\/gremicafecat","https:\/\/www.instagram.com\/gremicafecat\/","https:\/\/www.pinterest.es\/gremicafecat\/","https:\/\/www.youtube.com\/channel\/UCGLo5Y35vLwLvP4FrPZrCrw\/"]},{"@type":"Person","@id":"https:\/\/gremicafe.cat\/#\/schema\/person\/dabfdbb3d0fa36260855a380f94e4733","name":"gremicafe","image":{"@type":"ImageObject","inLanguage":"es","@id":"https:\/\/gremicafe.cat\/#\/schema\/person\/image\/","url":"https:\/\/secure.gravatar.com\/avatar\/e59baa4ca8f6f97576d6375fb6d3c8f0?s=96&d=mm&r=g","contentUrl":"https:\/\/secure.gravatar.com\/avatar\/e59baa4ca8f6f97576d6375fb6d3c8f0?s=96&d=mm&r=g","caption":"gremicafe"}}]}},"_links":{"self":[{"href":"https:\/\/gremicafe.cat\/es\/wp-json\/wp\/v2\/posts\/6207"}],"collection":[{"href":"https:\/\/gremicafe.cat\/es\/wp-json\/wp\/v2\/posts"}],"about":[{"href":"https:\/\/gremicafe.cat\/es\/wp-json\/wp\/v2\/types\/post"}],"author":[{"embeddable":true,"href":"https:\/\/gremicafe.cat\/es\/wp-json\/wp\/v2\/users\/1"}],"replies":[{"embeddable":true,"href":"https:\/\/gremicafe.cat\/es\/wp-json\/wp\/v2\/comments?post=6207"}],"version-history":[{"count":0,"href":"https:\/\/gremicafe.cat\/es\/wp-json\/wp\/v2\/posts\/6207\/revisions"}],"wp:featuredmedia":[{"embeddable":true,"href":"https:\/\/gremicafe.cat\/es\/wp-json\/wp\/v2\/media\/6208"}],"wp:attachment":[{"href":"https:\/\/gremicafe.cat\/es\/wp-json\/wp\/v2\/media?parent=6207"}],"wp:term":[{"taxonomy":"category","embeddable":true,"href":"https:\/\/gremicafe.cat\/es\/wp-json\/wp\/v2\/categories?post=6207"},{"taxonomy":"post_tag","embeddable":true,"href":"https:\/\/gremicafe.cat\/es\/wp-json\/wp\/v2\/tags?post=6207"}],"curies":[{"name":"wp","href":"https:\/\/api.w.org\/{rel}","templated":true}]}}