{"id":6225,"date":"2021-09-06T10:49:15","date_gmt":"2021-09-06T08:49:15","guid":{"rendered":"https:\/\/gremicafe.cat\/?p=6225"},"modified":"2021-09-06T10:49:15","modified_gmt":"2021-09-06T08:49:15","slug":"reutilitza-els-posits-de-cafe-pel-jardi-i-per-la-cura-de-la-pell","status":"publish","type":"post","link":"https:\/\/gremicafe.cat\/es\/2021\/09\/06\/reutilitza-els-posits-de-cafe-pel-jardi-i-per-la-cura-de-la-pell\/","title":{"rendered":"Reutiliza los posos de caf\u00e9 por el jard\u00edn y por el cuidado de la piel"},"content":{"rendered":"<p><img loading=\"lazy\" decoding=\"async\" class=\"aligncenter size-full wp-image-6226\" src=\"https:\/\/gremicafe.cat\/wp-content\/uploads\/2021\/09\/cafe-molt.jpg\" alt=\"\" width=\"1200\" height=\"926\" srcset=\"https:\/\/gremicafe.cat\/wp-content\/uploads\/2021\/09\/cafe-molt.jpg 1200w, https:\/\/gremicafe.cat\/wp-content\/uploads\/2021\/09\/cafe-molt-768x593.jpg 768w, https:\/\/gremicafe.cat\/wp-content\/uploads\/2021\/09\/cafe-molt-933x720.jpg 933w\" sizes=\"(max-width: 1200px) 100vw, 1200px\" \/><\/p>\n<p>Si utilizas cafeteras tradicionales, sin c\u00e1psulas, te damos algunos consejos para poder reutilizar los posos de caf\u00e9 en tu jard\u00edn, el cuidado de tu piel o incluso cocinar.<\/p>\n<p><strong>Reutilizar los posos de caf\u00e9 en tu jard\u00edn<\/strong><\/p>\n<p>El caf\u00e9 est\u00e1 lleno de nutrientes que pueden ayudar a las plantas a prosperar. Te damos algunas ideas de c\u00f3mo reutilizar los posos de caf\u00e9 en tu jard\u00edn de la forma m\u00e1s ecol\u00f3gica:<\/p>\n<p><strong>Compostaje de posos de caf\u00e9<\/strong><\/p>\n<p>Puedes poner los posos de caf\u00e9 directamente en el compost. Le dar\u00e1 variedad a tu abono, y gracias a la materia verde que lleva el caf\u00e9, liberar\u00e1 a micronutrientes como el nitr\u00f3geno, que permitir\u00e1 producir abono rico para beneficiar a tus plantas y flores.<\/p>\n<p><strong>Granos de caf\u00e9 como fertilizante<\/strong><\/p>\n<p>Puedes espolvorear los posos de caf\u00e9 utilizados directamente en las macetas de flores. Gracias al nitr\u00f3geno, un elemento esencial para el jard\u00edn, as\u00ed como al calcio, potasio, f\u00f3sforo, hierro y magnesio, podr\u00e1n estimular el crecimiento del jard\u00edn.<\/p>\n<p><strong>Disuadir plagas<\/strong><\/p>\n<p>Si el gato de tu vecino utiliza tu jard\u00edn como caja de arena, puedes intentar poner los posos de caf\u00e9 esparcidos, esto puede ayudar a disuadirlo. Por otra parte, las babosas y caracoles tampoco les gustar\u00e1 venir, gracias a la cafe\u00edna de los posos del caf\u00e9.<\/p>\n<p>&nbsp;<\/p>\n<p>Por otro lado, el caf\u00e9 tambi\u00e9n puede servir para el cuidado personal, te damos algunos consejos:<\/p>\n<p><strong>Protecci\u00f3n de la piel<\/strong><\/p>\n<p>Los posos de caf\u00e9 llevan antioxidantes y propiedades antiinflamatorias para apoyar la regeneraci\u00f3n celular, lo que le convierte en un ingrediente antienvejecimiento brillante. El contenido de cafe\u00edna tambi\u00e9n puede ayudar a reducir las gafas y las bolsas debajo de los ojos.<\/p>\n<p>Para aplicarlo, mezcla aceite de coco con los posos de caf\u00e9 ya resfriados, y remove hasta hacer una pasta. Apl\u00edcalo directamente sobre la piel bajo los ojos, y d\u00e9jalo actuar diez minutos, antes de enjuagarlo con agua tibia.<\/p>\n<p><strong>Exfoliante<\/strong><\/p>\n<p>Utiliza los posos de caf\u00e9 como un exfoliante natural, y obtendr\u00e1s una piel tersa y suave.<\/p>\n<p>Mezclar los posos de caf\u00e9 con aceite de coco, y crear una pasta. Podr\u00e1s eliminar la suciedad y la piel muerta de tu cuerpo.<\/p>\n<p>&nbsp;<\/p>\n<p>Fuente noticia: <a href=\"https:\/\/www.comunicaffe.com\/how-to-reuse-coffee-grounds-in-the-garden-for-your-skin-care-and-cooking\/\">Comunicaffe<\/a><\/p>","protected":false},"excerpt":{"rendered":"<p>Si utilitzes cafeteres tradicionals, sense c\u00e0psules, et donem alguns consells per poder reutilitzar els p\u00f2sits de caf\u00e8 pel teu jard\u00ed, la cura de la teva pell o fins i tot cuinar. Reutilitzar els p\u00f2sits de caf\u00e8 al teu jard\u00ed El caf\u00e8 est\u00e0 ple de nutrients que poden ajudar a les plantes a prosperar. Et donem [&hellip;]<\/p>\n","protected":false},"author":1,"featured_media":6226,"comment_status":"closed","ping_status":"open","sticky":false,"template":"","format":"standard","meta":{"_acf_changed":false,"inline_featured_image":false,"footnotes":""},"categories":[1],"tags":[],"class_list":["post-6225","post","type-post","status-publish","format-standard","has-post-thumbnail","hentry","category-noticies"],"acf":[],"yoast_head":"<!-- This site is optimized with the Yoast SEO plugin v25.5 - https:\/\/yoast.com\/wordpress\/plugins\/seo\/ -->\n<title>Reutilitza els p\u00f2sits de caf\u00e8 pel jard\u00ed i per la cura de la pell - Gremi del Caf\u00e8, torradors de Catalunya<\/title>\n<meta name=\"robots\" content=\"index, follow, max-snippet:-1, max-image-preview:large, max-video-preview:-1\" \/>\n<link rel=\"canonical\" href=\"https:\/\/gremicafe.cat\/es\/2021\/09\/06\/reutilitza-els-posits-de-cafe-pel-jardi-i-per-la-cura-de-la-pell\/\" \/>\n<meta property=\"og:locale\" content=\"es_ES\" \/>\n<meta property=\"og:type\" content=\"article\" \/>\n<meta property=\"og:title\" content=\"Reutilitza els p\u00f2sits de caf\u00e8 pel jard\u00ed i per la cura de la pell - Gremi del Caf\u00e8, torradors de Catalunya\" \/>\n<meta property=\"og:description\" content=\"Si utilitzes cafeteres tradicionals, sense c\u00e0psules, et donem alguns consells per poder reutilitzar els p\u00f2sits de caf\u00e8 pel teu jard\u00ed, la cura de la teva pell o fins i tot cuinar. Reutilitzar els p\u00f2sits de caf\u00e8 al teu jard\u00ed El caf\u00e8 est\u00e0 ple de nutrients que poden ajudar a les plantes a prosperar. Et donem [&hellip;]\" \/>\n<meta property=\"og:url\" content=\"https:\/\/gremicafe.cat\/es\/2021\/09\/06\/reutilitza-els-posits-de-cafe-pel-jardi-i-per-la-cura-de-la-pell\/\" \/>\n<meta property=\"og:site_name\" content=\"Gremi del Caf\u00e8, torradors de Catalunya\" \/>\n<meta property=\"article:publisher\" content=\"https:\/\/www.facebook.com\/gremicafecat\" \/>\n<meta property=\"article:published_time\" content=\"2021-09-06T08:49:15+00:00\" \/>\n<meta property=\"og:image\" content=\"https:\/\/gremicafe.cat\/wp-content\/uploads\/2021\/09\/cafe-molt.jpg\" \/>\n\t<meta property=\"og:image:width\" content=\"1200\" \/>\n\t<meta property=\"og:image:height\" content=\"926\" \/>\n\t<meta property=\"og:image:type\" content=\"image\/jpeg\" \/>\n<meta name=\"author\" content=\"gremicafe\" \/>\n<meta name=\"twitter:card\" content=\"summary_large_image\" \/>\n<meta name=\"twitter:creator\" content=\"@gremicafecat\" \/>\n<meta name=\"twitter:site\" content=\"@gremicafecat\" \/>\n<meta name=\"twitter:label1\" content=\"Escrito por\" \/>\n\t<meta name=\"twitter:data1\" content=\"gremicafe\" \/>\n\t<meta name=\"twitter:label2\" content=\"Tiempo de lectura\" \/>\n\t<meta name=\"twitter:data2\" content=\"2 minutos\" \/>\n<script type=\"application\/ld+json\" class=\"yoast-schema-graph\">{\"@context\":\"https:\/\/schema.org\",\"@graph\":[{\"@type\":\"Article\",\"@id\":\"https:\/\/gremicafe.cat\/2021\/09\/06\/reutilitza-els-posits-de-cafe-pel-jardi-i-per-la-cura-de-la-pell\/#article\",\"isPartOf\":{\"@id\":\"https:\/\/gremicafe.cat\/2021\/09\/06\/reutilitza-els-posits-de-cafe-pel-jardi-i-per-la-cura-de-la-pell\/\"},\"author\":{\"name\":\"gremicafe\",\"@id\":\"https:\/\/gremicafe.cat\/#\/schema\/person\/dabfdbb3d0fa36260855a380f94e4733\"},\"headline\":\"Reutilitza els p\u00f2sits de caf\u00e8 pel jard\u00ed i per la cura de la pell\",\"datePublished\":\"2021-09-06T08:49:15+00:00\",\"mainEntityOfPage\":{\"@id\":\"https:\/\/gremicafe.cat\/2021\/09\/06\/reutilitza-els-posits-de-cafe-pel-jardi-i-per-la-cura-de-la-pell\/\"},\"wordCount\":403,\"publisher\":{\"@id\":\"https:\/\/gremicafe.cat\/#organization\"},\"image\":{\"@id\":\"https:\/\/gremicafe.cat\/2021\/09\/06\/reutilitza-els-posits-de-cafe-pel-jardi-i-per-la-cura-de-la-pell\/#primaryimage\"},\"thumbnailUrl\":\"https:\/\/gremicafe.cat\/wp-content\/uploads\/2021\/09\/cafe-molt.jpg\",\"articleSection\":[\"Not\u00edcies\"],\"inLanguage\":\"es\"},{\"@type\":\"WebPage\",\"@id\":\"https:\/\/gremicafe.cat\/2021\/09\/06\/reutilitza-els-posits-de-cafe-pel-jardi-i-per-la-cura-de-la-pell\/\",\"url\":\"https:\/\/gremicafe.cat\/2021\/09\/06\/reutilitza-els-posits-de-cafe-pel-jardi-i-per-la-cura-de-la-pell\/\",\"name\":\"Reutilitza els p\u00f2sits de caf\u00e8 pel jard\u00ed i per la cura de la pell - Gremi del Caf\u00e8, torradors de Catalunya\",\"isPartOf\":{\"@id\":\"https:\/\/gremicafe.cat\/#website\"},\"primaryImageOfPage\":{\"@id\":\"https:\/\/gremicafe.cat\/2021\/09\/06\/reutilitza-els-posits-de-cafe-pel-jardi-i-per-la-cura-de-la-pell\/#primaryimage\"},\"image\":{\"@id\":\"https:\/\/gremicafe.cat\/2021\/09\/06\/reutilitza-els-posits-de-cafe-pel-jardi-i-per-la-cura-de-la-pell\/#primaryimage\"},\"thumbnailUrl\":\"https:\/\/gremicafe.cat\/wp-content\/uploads\/2021\/09\/cafe-molt.jpg\",\"datePublished\":\"2021-09-06T08:49:15+00:00\",\"breadcrumb\":{\"@id\":\"https:\/\/gremicafe.cat\/2021\/09\/06\/reutilitza-els-posits-de-cafe-pel-jardi-i-per-la-cura-de-la-pell\/#breadcrumb\"},\"inLanguage\":\"es\",\"potentialAction\":[{\"@type\":\"ReadAction\",\"target\":[\"https:\/\/gremicafe.cat\/2021\/09\/06\/reutilitza-els-posits-de-cafe-pel-jardi-i-per-la-cura-de-la-pell\/\"]}]},{\"@type\":\"ImageObject\",\"inLanguage\":\"es\",\"@id\":\"https:\/\/gremicafe.cat\/2021\/09\/06\/reutilitza-els-posits-de-cafe-pel-jardi-i-per-la-cura-de-la-pell\/#primaryimage\",\"url\":\"https:\/\/gremicafe.cat\/wp-content\/uploads\/2021\/09\/cafe-molt.jpg\",\"contentUrl\":\"https:\/\/gremicafe.cat\/wp-content\/uploads\/2021\/09\/cafe-molt.jpg\",\"width\":1200,\"height\":926,\"caption\":\"cafe molt\"},{\"@type\":\"BreadcrumbList\",\"@id\":\"https:\/\/gremicafe.cat\/2021\/09\/06\/reutilitza-els-posits-de-cafe-pel-jardi-i-per-la-cura-de-la-pell\/#breadcrumb\",\"itemListElement\":[{\"@type\":\"ListItem\",\"position\":1,\"name\":\"Inici\",\"item\":\"https:\/\/gremicafe.cat\/\"},{\"@type\":\"ListItem\",\"position\":2,\"name\":\"Reutilitza els p\u00f2sits de caf\u00e8 pel jard\u00ed i per la cura de la pell\"}]},{\"@type\":\"WebSite\",\"@id\":\"https:\/\/gremicafe.cat\/#website\",\"url\":\"https:\/\/gremicafe.cat\/\",\"name\":\"Gremi del Caf\u00e8, torradors de Catalunya\",\"description\":\"Web oficial del gremi de torradors de caf\u00e8 de Catalunya\",\"publisher\":{\"@id\":\"https:\/\/gremicafe.cat\/#organization\"},\"potentialAction\":[{\"@type\":\"SearchAction\",\"target\":{\"@type\":\"EntryPoint\",\"urlTemplate\":\"https:\/\/gremicafe.cat\/?s={search_term_string}\"},\"query-input\":{\"@type\":\"PropertyValueSpecification\",\"valueRequired\":true,\"valueName\":\"search_term_string\"}}],\"inLanguage\":\"es\"},{\"@type\":\"Organization\",\"@id\":\"https:\/\/gremicafe.cat\/#organization\",\"name\":\"Gremi del Caf\u00e8, Torradors de Catalunya\",\"url\":\"https:\/\/gremicafe.cat\/\",\"logo\":{\"@type\":\"ImageObject\",\"inLanguage\":\"es\",\"@id\":\"https:\/\/gremicafe.cat\/#\/schema\/logo\/image\/\",\"url\":\"https:\/\/gremicafe.cat\/wp-content\/uploads\/2018\/03\/gremicafe-logo250.png\",\"contentUrl\":\"https:\/\/gremicafe.cat\/wp-content\/uploads\/2018\/03\/gremicafe-logo250.png\",\"width\":250,\"height\":49,\"caption\":\"Gremi del Caf\u00e8, Torradors de Catalunya\"},\"image\":{\"@id\":\"https:\/\/gremicafe.cat\/#\/schema\/logo\/image\/\"},\"sameAs\":[\"https:\/\/www.facebook.com\/gremicafecat\",\"https:\/\/x.com\/gremicafecat\",\"https:\/\/www.instagram.com\/gremicafecat\/\",\"https:\/\/www.pinterest.es\/gremicafecat\/\",\"https:\/\/www.youtube.com\/channel\/UCGLo5Y35vLwLvP4FrPZrCrw\/\"]},{\"@type\":\"Person\",\"@id\":\"https:\/\/gremicafe.cat\/#\/schema\/person\/dabfdbb3d0fa36260855a380f94e4733\",\"name\":\"gremicafe\",\"image\":{\"@type\":\"ImageObject\",\"inLanguage\":\"es\",\"@id\":\"https:\/\/gremicafe.cat\/#\/schema\/person\/image\/\",\"url\":\"https:\/\/secure.gravatar.com\/avatar\/e59baa4ca8f6f97576d6375fb6d3c8f0?s=96&d=mm&r=g\",\"contentUrl\":\"https:\/\/secure.gravatar.com\/avatar\/e59baa4ca8f6f97576d6375fb6d3c8f0?s=96&d=mm&r=g\",\"caption\":\"gremicafe\"}}]}<\/script>\n<!-- \/ Yoast SEO plugin. -->","yoast_head_json":{"title":"Reutilitza els p\u00f2sits de caf\u00e8 pel jard\u00ed i per la cura de la pell - Gremi del Caf\u00e8, torradors de Catalunya","robots":{"index":"index","follow":"follow","max-snippet":"max-snippet:-1","max-image-preview":"max-image-preview:large","max-video-preview":"max-video-preview:-1"},"canonical":"https:\/\/gremicafe.cat\/es\/2021\/09\/06\/reutilitza-els-posits-de-cafe-pel-jardi-i-per-la-cura-de-la-pell\/","og_locale":"es_ES","og_type":"article","og_title":"Reutilitza els p\u00f2sits de caf\u00e8 pel jard\u00ed i per la cura de la pell - Gremi del Caf\u00e8, torradors de Catalunya","og_description":"Si utilitzes cafeteres tradicionals, sense c\u00e0psules, et donem alguns consells per poder reutilitzar els p\u00f2sits de caf\u00e8 pel teu jard\u00ed, la cura de la teva pell o fins i tot cuinar. Reutilitzar els p\u00f2sits de caf\u00e8 al teu jard\u00ed El caf\u00e8 est\u00e0 ple de nutrients que poden ajudar a les plantes a prosperar. Et donem [&hellip;]","og_url":"https:\/\/gremicafe.cat\/es\/2021\/09\/06\/reutilitza-els-posits-de-cafe-pel-jardi-i-per-la-cura-de-la-pell\/","og_site_name":"Gremi del Caf\u00e8, torradors de Catalunya","article_publisher":"https:\/\/www.facebook.com\/gremicafecat","article_published_time":"2021-09-06T08:49:15+00:00","og_image":[{"width":1200,"height":926,"url":"https:\/\/gremicafe.cat\/wp-content\/uploads\/2021\/09\/cafe-molt.jpg","type":"image\/jpeg"}],"author":"gremicafe","twitter_card":"summary_large_image","twitter_creator":"@gremicafecat","twitter_site":"@gremicafecat","twitter_misc":{"Escrito por":"gremicafe","Tiempo de lectura":"2 minutos"},"schema":{"@context":"https:\/\/schema.org","@graph":[{"@type":"Article","@id":"https:\/\/gremicafe.cat\/2021\/09\/06\/reutilitza-els-posits-de-cafe-pel-jardi-i-per-la-cura-de-la-pell\/#article","isPartOf":{"@id":"https:\/\/gremicafe.cat\/2021\/09\/06\/reutilitza-els-posits-de-cafe-pel-jardi-i-per-la-cura-de-la-pell\/"},"author":{"name":"gremicafe","@id":"https:\/\/gremicafe.cat\/#\/schema\/person\/dabfdbb3d0fa36260855a380f94e4733"},"headline":"Reutilitza els p\u00f2sits de caf\u00e8 pel jard\u00ed i per la cura de la pell","datePublished":"2021-09-06T08:49:15+00:00","mainEntityOfPage":{"@id":"https:\/\/gremicafe.cat\/2021\/09\/06\/reutilitza-els-posits-de-cafe-pel-jardi-i-per-la-cura-de-la-pell\/"},"wordCount":403,"publisher":{"@id":"https:\/\/gremicafe.cat\/#organization"},"image":{"@id":"https:\/\/gremicafe.cat\/2021\/09\/06\/reutilitza-els-posits-de-cafe-pel-jardi-i-per-la-cura-de-la-pell\/#primaryimage"},"thumbnailUrl":"https:\/\/gremicafe.cat\/wp-content\/uploads\/2021\/09\/cafe-molt.jpg","articleSection":["Not\u00edcies"],"inLanguage":"es"},{"@type":"WebPage","@id":"https:\/\/gremicafe.cat\/2021\/09\/06\/reutilitza-els-posits-de-cafe-pel-jardi-i-per-la-cura-de-la-pell\/","url":"https:\/\/gremicafe.cat\/2021\/09\/06\/reutilitza-els-posits-de-cafe-pel-jardi-i-per-la-cura-de-la-pell\/","name":"Reutilitza els p\u00f2sits de caf\u00e8 pel jard\u00ed i per la cura de la pell - Gremi del Caf\u00e8, torradors de Catalunya","isPartOf":{"@id":"https:\/\/gremicafe.cat\/#website"},"primaryImageOfPage":{"@id":"https:\/\/gremicafe.cat\/2021\/09\/06\/reutilitza-els-posits-de-cafe-pel-jardi-i-per-la-cura-de-la-pell\/#primaryimage"},"image":{"@id":"https:\/\/gremicafe.cat\/2021\/09\/06\/reutilitza-els-posits-de-cafe-pel-jardi-i-per-la-cura-de-la-pell\/#primaryimage"},"thumbnailUrl":"https:\/\/gremicafe.cat\/wp-content\/uploads\/2021\/09\/cafe-molt.jpg","datePublished":"2021-09-06T08:49:15+00:00","breadcrumb":{"@id":"https:\/\/gremicafe.cat\/2021\/09\/06\/reutilitza-els-posits-de-cafe-pel-jardi-i-per-la-cura-de-la-pell\/#breadcrumb"},"inLanguage":"es","potentialAction":[{"@type":"ReadAction","target":["https:\/\/gremicafe.cat\/2021\/09\/06\/reutilitza-els-posits-de-cafe-pel-jardi-i-per-la-cura-de-la-pell\/"]}]},{"@type":"ImageObject","inLanguage":"es","@id":"https:\/\/gremicafe.cat\/2021\/09\/06\/reutilitza-els-posits-de-cafe-pel-jardi-i-per-la-cura-de-la-pell\/#primaryimage","url":"https:\/\/gremicafe.cat\/wp-content\/uploads\/2021\/09\/cafe-molt.jpg","contentUrl":"https:\/\/gremicafe.cat\/wp-content\/uploads\/2021\/09\/cafe-molt.jpg","width":1200,"height":926,"caption":"cafe molt"},{"@type":"BreadcrumbList","@id":"https:\/\/gremicafe.cat\/2021\/09\/06\/reutilitza-els-posits-de-cafe-pel-jardi-i-per-la-cura-de-la-pell\/#breadcrumb","itemListElement":[{"@type":"ListItem","position":1,"name":"Inici","item":"https:\/\/gremicafe.cat\/"},{"@type":"ListItem","position":2,"name":"Reutilitza els p\u00f2sits de caf\u00e8 pel jard\u00ed i per la cura de la pell"}]},{"@type":"WebSite","@id":"https:\/\/gremicafe.cat\/#website","url":"https:\/\/gremicafe.cat\/","name":"Gremio del Caf\u00e9, tostadores de Catalu\u00f1a","description":"Web oficial del gremio de tostadores de caf\u00e9 de Catalunya","publisher":{"@id":"https:\/\/gremicafe.cat\/#organization"},"potentialAction":[{"@type":"SearchAction","target":{"@type":"EntryPoint","urlTemplate":"https:\/\/gremicafe.cat\/?s={search_term_string}"},"query-input":{"@type":"PropertyValueSpecification","valueRequired":true,"valueName":"search_term_string"}}],"inLanguage":"es"},{"@type":"Organization","@id":"https:\/\/gremicafe.cat\/#organization","name":"Gremio del Caf\u00e9, Tostadores de Catalu\u00f1a","url":"https:\/\/gremicafe.cat\/","logo":{"@type":"ImageObject","inLanguage":"es","@id":"https:\/\/gremicafe.cat\/#\/schema\/logo\/image\/","url":"https:\/\/gremicafe.cat\/wp-content\/uploads\/2018\/03\/gremicafe-logo250.png","contentUrl":"https:\/\/gremicafe.cat\/wp-content\/uploads\/2018\/03\/gremicafe-logo250.png","width":250,"height":49,"caption":"Gremi del Caf\u00e8, Torradors de Catalunya"},"image":{"@id":"https:\/\/gremicafe.cat\/#\/schema\/logo\/image\/"},"sameAs":["https:\/\/www.facebook.com\/gremicafecat","https:\/\/x.com\/gremicafecat","https:\/\/www.instagram.com\/gremicafecat\/","https:\/\/www.pinterest.es\/gremicafecat\/","https:\/\/www.youtube.com\/channel\/UCGLo5Y35vLwLvP4FrPZrCrw\/"]},{"@type":"Person","@id":"https:\/\/gremicafe.cat\/#\/schema\/person\/dabfdbb3d0fa36260855a380f94e4733","name":"gremicafe","image":{"@type":"ImageObject","inLanguage":"es","@id":"https:\/\/gremicafe.cat\/#\/schema\/person\/image\/","url":"https:\/\/secure.gravatar.com\/avatar\/e59baa4ca8f6f97576d6375fb6d3c8f0?s=96&d=mm&r=g","contentUrl":"https:\/\/secure.gravatar.com\/avatar\/e59baa4ca8f6f97576d6375fb6d3c8f0?s=96&d=mm&r=g","caption":"gremicafe"}}]}},"_links":{"self":[{"href":"https:\/\/gremicafe.cat\/es\/wp-json\/wp\/v2\/posts\/6225"}],"collection":[{"href":"https:\/\/gremicafe.cat\/es\/wp-json\/wp\/v2\/posts"}],"about":[{"href":"https:\/\/gremicafe.cat\/es\/wp-json\/wp\/v2\/types\/post"}],"author":[{"embeddable":true,"href":"https:\/\/gremicafe.cat\/es\/wp-json\/wp\/v2\/users\/1"}],"replies":[{"embeddable":true,"href":"https:\/\/gremicafe.cat\/es\/wp-json\/wp\/v2\/comments?post=6225"}],"version-history":[{"count":0,"href":"https:\/\/gremicafe.cat\/es\/wp-json\/wp\/v2\/posts\/6225\/revisions"}],"wp:featuredmedia":[{"embeddable":true,"href":"https:\/\/gremicafe.cat\/es\/wp-json\/wp\/v2\/media\/6226"}],"wp:attachment":[{"href":"https:\/\/gremicafe.cat\/es\/wp-json\/wp\/v2\/media?parent=6225"}],"wp:term":[{"taxonomy":"category","embeddable":true,"href":"https:\/\/gremicafe.cat\/es\/wp-json\/wp\/v2\/categories?post=6225"},{"taxonomy":"post_tag","embeddable":true,"href":"https:\/\/gremicafe.cat\/es\/wp-json\/wp\/v2\/tags?post=6225"}],"curies":[{"name":"wp","href":"https:\/\/api.w.org\/{rel}","templated":true}]}}