{"id":6229,"date":"2021-09-13T10:19:11","date_gmt":"2021-09-13T08:19:11","guid":{"rendered":"https:\/\/gremicafe.cat\/?p=6229"},"modified":"2021-09-13T10:19:11","modified_gmt":"2021-09-13T08:19:11","slug":"cafes-novell-entra-al-mercat-alemany","status":"publish","type":"post","link":"https:\/\/gremicafe.cat\/es\/2021\/09\/13\/cafes-novell-entra-al-mercat-alemany\/","title":{"rendered":"Caf\u00e9s Novell entra en el mercado alem\u00e1n"},"content":{"rendered":"<p><img loading=\"lazy\" decoding=\"async\" class=\"aligncenter size-full wp-image-6230\" src=\"https:\/\/gremicafe.cat\/wp-content\/uploads\/2021\/09\/cafes-novell-alemanya-2.jpeg\" alt=\"\" width=\"1024\" height=\"768\" srcset=\"https:\/\/gremicafe.cat\/wp-content\/uploads\/2021\/09\/cafes-novell-alemanya-2.jpeg 1024w, https:\/\/gremicafe.cat\/wp-content\/uploads\/2021\/09\/cafes-novell-alemanya-2-768x576.jpeg 768w, https:\/\/gremicafe.cat\/wp-content\/uploads\/2021\/09\/cafes-novell-alemanya-2-960x720.jpeg 960w\" sizes=\"(max-width: 1024px) 100vw, 1024px\" \/><\/p>\n<p>&nbsp;<\/p>\n<p>La semana pasada, <a href=\"https:\/\/cafesnovell.com\/ca\/coneix-nos\/actualitat\/\"><strong>Caf\u00e9s Novell<\/strong><\/a> anunciaba en su perfil de Twitter, su entrada en el mercado alem\u00e1n.<\/p>\n<p>La marca catalana fundada por <strong>Ramon Novell<\/strong> en 1958, inici\u00f3 su expansi\u00f3n por territorio catal\u00e1n y espa\u00f1ol en los a\u00f1os 90 hacia Madrid, Barcelona, Zaragoza, Valencia, Bilbao, M\u00e1laga, Eivissa y Canarias. Y en los \u00faltimos 10 a\u00f1os, sigui\u00f3 con el<strong>expansi\u00f3n internacional<\/strong> con su presencia en Italia, seguido de Estados Unidos, Reino Unido y China.<\/p>\n<p>Este 2021 sigue su expansi\u00f3n entrando en el mercado alem\u00e1n de la mano de <strong>KAFFEE+CO<\/strong>, con el objetivo de seducir a los paladares de los cafeteros alemanes.<\/p>\n<p>&nbsp;<\/p>","protected":false},"excerpt":{"rendered":"<p>&nbsp; La setmana passada, Caf\u00e8s Novell anunciava al seu perfil de Twitter, la seva entrada al mercat alemany. La marca catalana fundada per Ramon Novell el 1958, va iniciar la seva expansi\u00f3 per territori catal\u00e0 i espanyol als anys 90 cap a Madrid, Barcelona, Saragossa, Val\u00e8ncia, Bilbao, M\u00e0laga, Eivissa i Can\u00e0ries. I en els \u00faltims [&hellip;]<\/p>\n","protected":false},"author":1,"featured_media":6230,"comment_status":"closed","ping_status":"open","sticky":false,"template":"","format":"standard","meta":{"_acf_changed":false,"inline_featured_image":false,"footnotes":""},"categories":[1],"tags":[],"class_list":["post-6229","post","type-post","status-publish","format-standard","has-post-thumbnail","hentry","category-noticies"],"acf":[],"yoast_head":"<!-- This site is optimized with the Yoast SEO plugin v25.5 - https:\/\/yoast.com\/wordpress\/plugins\/seo\/ -->\n<title>Caf\u00e8s Novell entra al mercat alemany - Gremi del Caf\u00e8, torradors de Catalunya<\/title>\n<meta name=\"robots\" content=\"index, follow, max-snippet:-1, max-image-preview:large, max-video-preview:-1\" \/>\n<link rel=\"canonical\" href=\"https:\/\/gremicafe.cat\/es\/2021\/09\/13\/cafes-novell-entra-al-mercat-alemany\/\" \/>\n<meta property=\"og:locale\" content=\"es_ES\" \/>\n<meta property=\"og:type\" content=\"article\" \/>\n<meta property=\"og:title\" content=\"Caf\u00e8s Novell entra al mercat alemany - Gremi del Caf\u00e8, torradors de Catalunya\" \/>\n<meta property=\"og:description\" content=\"&nbsp; La setmana passada, Caf\u00e8s Novell anunciava al seu perfil de Twitter, la seva entrada al mercat alemany. La marca catalana fundada per Ramon Novell el 1958, va iniciar la seva expansi\u00f3 per territori catal\u00e0 i espanyol als anys 90 cap a Madrid, Barcelona, Saragossa, Val\u00e8ncia, Bilbao, M\u00e0laga, Eivissa i Can\u00e0ries. I en els \u00faltims [&hellip;]\" \/>\n<meta property=\"og:url\" content=\"https:\/\/gremicafe.cat\/es\/2021\/09\/13\/cafes-novell-entra-al-mercat-alemany\/\" \/>\n<meta property=\"og:site_name\" content=\"Gremi del Caf\u00e8, torradors de Catalunya\" \/>\n<meta property=\"article:publisher\" content=\"https:\/\/www.facebook.com\/gremicafecat\" \/>\n<meta property=\"article:published_time\" content=\"2021-09-13T08:19:11+00:00\" \/>\n<meta property=\"og:image\" content=\"https:\/\/gremicafe.cat\/wp-content\/uploads\/2021\/09\/cafes-novell-alemanya-2.jpeg\" \/>\n\t<meta property=\"og:image:width\" content=\"1024\" \/>\n\t<meta property=\"og:image:height\" content=\"768\" \/>\n\t<meta property=\"og:image:type\" content=\"image\/jpeg\" \/>\n<meta name=\"author\" content=\"gremicafe\" \/>\n<meta name=\"twitter:card\" content=\"summary_large_image\" \/>\n<meta name=\"twitter:creator\" content=\"@gremicafecat\" \/>\n<meta name=\"twitter:site\" content=\"@gremicafecat\" \/>\n<meta name=\"twitter:label1\" content=\"Escrito por\" \/>\n\t<meta name=\"twitter:data1\" content=\"gremicafe\" \/>\n\t<meta name=\"twitter:label2\" content=\"Tiempo de lectura\" \/>\n\t<meta name=\"twitter:data2\" content=\"1 minuto\" \/>\n<script type=\"application\/ld+json\" class=\"yoast-schema-graph\">{\"@context\":\"https:\/\/schema.org\",\"@graph\":[{\"@type\":\"Article\",\"@id\":\"https:\/\/gremicafe.cat\/2021\/09\/13\/cafes-novell-entra-al-mercat-alemany\/#article\",\"isPartOf\":{\"@id\":\"https:\/\/gremicafe.cat\/2021\/09\/13\/cafes-novell-entra-al-mercat-alemany\/\"},\"author\":{\"name\":\"gremicafe\",\"@id\":\"https:\/\/gremicafe.cat\/#\/schema\/person\/dabfdbb3d0fa36260855a380f94e4733\"},\"headline\":\"Caf\u00e8s Novell entra al mercat alemany\",\"datePublished\":\"2021-09-13T08:19:11+00:00\",\"mainEntityOfPage\":{\"@id\":\"https:\/\/gremicafe.cat\/2021\/09\/13\/cafes-novell-entra-al-mercat-alemany\/\"},\"wordCount\":111,\"publisher\":{\"@id\":\"https:\/\/gremicafe.cat\/#organization\"},\"image\":{\"@id\":\"https:\/\/gremicafe.cat\/2021\/09\/13\/cafes-novell-entra-al-mercat-alemany\/#primaryimage\"},\"thumbnailUrl\":\"https:\/\/gremicafe.cat\/wp-content\/uploads\/2021\/09\/cafes-novell-alemanya-2.jpeg\",\"articleSection\":[\"Not\u00edcies\"],\"inLanguage\":\"es\"},{\"@type\":\"WebPage\",\"@id\":\"https:\/\/gremicafe.cat\/2021\/09\/13\/cafes-novell-entra-al-mercat-alemany\/\",\"url\":\"https:\/\/gremicafe.cat\/2021\/09\/13\/cafes-novell-entra-al-mercat-alemany\/\",\"name\":\"Caf\u00e8s Novell entra al mercat alemany - Gremi del Caf\u00e8, torradors de Catalunya\",\"isPartOf\":{\"@id\":\"https:\/\/gremicafe.cat\/#website\"},\"primaryImageOfPage\":{\"@id\":\"https:\/\/gremicafe.cat\/2021\/09\/13\/cafes-novell-entra-al-mercat-alemany\/#primaryimage\"},\"image\":{\"@id\":\"https:\/\/gremicafe.cat\/2021\/09\/13\/cafes-novell-entra-al-mercat-alemany\/#primaryimage\"},\"thumbnailUrl\":\"https:\/\/gremicafe.cat\/wp-content\/uploads\/2021\/09\/cafes-novell-alemanya-2.jpeg\",\"datePublished\":\"2021-09-13T08:19:11+00:00\",\"breadcrumb\":{\"@id\":\"https:\/\/gremicafe.cat\/2021\/09\/13\/cafes-novell-entra-al-mercat-alemany\/#breadcrumb\"},\"inLanguage\":\"es\",\"potentialAction\":[{\"@type\":\"ReadAction\",\"target\":[\"https:\/\/gremicafe.cat\/2021\/09\/13\/cafes-novell-entra-al-mercat-alemany\/\"]}]},{\"@type\":\"ImageObject\",\"inLanguage\":\"es\",\"@id\":\"https:\/\/gremicafe.cat\/2021\/09\/13\/cafes-novell-entra-al-mercat-alemany\/#primaryimage\",\"url\":\"https:\/\/gremicafe.cat\/wp-content\/uploads\/2021\/09\/cafes-novell-alemanya-2.jpeg\",\"contentUrl\":\"https:\/\/gremicafe.cat\/wp-content\/uploads\/2021\/09\/cafes-novell-alemanya-2.jpeg\",\"width\":1024,\"height\":768,\"caption\":\"cafes novell alemanya\"},{\"@type\":\"BreadcrumbList\",\"@id\":\"https:\/\/gremicafe.cat\/2021\/09\/13\/cafes-novell-entra-al-mercat-alemany\/#breadcrumb\",\"itemListElement\":[{\"@type\":\"ListItem\",\"position\":1,\"name\":\"Inici\",\"item\":\"https:\/\/gremicafe.cat\/\"},{\"@type\":\"ListItem\",\"position\":2,\"name\":\"Caf\u00e8s Novell entra al mercat alemany\"}]},{\"@type\":\"WebSite\",\"@id\":\"https:\/\/gremicafe.cat\/#website\",\"url\":\"https:\/\/gremicafe.cat\/\",\"name\":\"Gremi del Caf\u00e8, torradors de Catalunya\",\"description\":\"Web oficial del gremi de torradors de caf\u00e8 de Catalunya\",\"publisher\":{\"@id\":\"https:\/\/gremicafe.cat\/#organization\"},\"potentialAction\":[{\"@type\":\"SearchAction\",\"target\":{\"@type\":\"EntryPoint\",\"urlTemplate\":\"https:\/\/gremicafe.cat\/?s={search_term_string}\"},\"query-input\":{\"@type\":\"PropertyValueSpecification\",\"valueRequired\":true,\"valueName\":\"search_term_string\"}}],\"inLanguage\":\"es\"},{\"@type\":\"Organization\",\"@id\":\"https:\/\/gremicafe.cat\/#organization\",\"name\":\"Gremi del Caf\u00e8, Torradors de Catalunya\",\"url\":\"https:\/\/gremicafe.cat\/\",\"logo\":{\"@type\":\"ImageObject\",\"inLanguage\":\"es\",\"@id\":\"https:\/\/gremicafe.cat\/#\/schema\/logo\/image\/\",\"url\":\"https:\/\/gremicafe.cat\/wp-content\/uploads\/2018\/03\/gremicafe-logo250.png\",\"contentUrl\":\"https:\/\/gremicafe.cat\/wp-content\/uploads\/2018\/03\/gremicafe-logo250.png\",\"width\":250,\"height\":49,\"caption\":\"Gremi del Caf\u00e8, Torradors de Catalunya\"},\"image\":{\"@id\":\"https:\/\/gremicafe.cat\/#\/schema\/logo\/image\/\"},\"sameAs\":[\"https:\/\/www.facebook.com\/gremicafecat\",\"https:\/\/x.com\/gremicafecat\",\"https:\/\/www.instagram.com\/gremicafecat\/\",\"https:\/\/www.pinterest.es\/gremicafecat\/\",\"https:\/\/www.youtube.com\/channel\/UCGLo5Y35vLwLvP4FrPZrCrw\/\"]},{\"@type\":\"Person\",\"@id\":\"https:\/\/gremicafe.cat\/#\/schema\/person\/dabfdbb3d0fa36260855a380f94e4733\",\"name\":\"gremicafe\",\"image\":{\"@type\":\"ImageObject\",\"inLanguage\":\"es\",\"@id\":\"https:\/\/gremicafe.cat\/#\/schema\/person\/image\/\",\"url\":\"https:\/\/secure.gravatar.com\/avatar\/e59baa4ca8f6f97576d6375fb6d3c8f0?s=96&d=mm&r=g\",\"contentUrl\":\"https:\/\/secure.gravatar.com\/avatar\/e59baa4ca8f6f97576d6375fb6d3c8f0?s=96&d=mm&r=g\",\"caption\":\"gremicafe\"}}]}<\/script>\n<!-- \/ Yoast SEO plugin. -->","yoast_head_json":{"title":"Caf\u00e8s Novell entra al mercat alemany - Gremi del Caf\u00e8, torradors de Catalunya","robots":{"index":"index","follow":"follow","max-snippet":"max-snippet:-1","max-image-preview":"max-image-preview:large","max-video-preview":"max-video-preview:-1"},"canonical":"https:\/\/gremicafe.cat\/es\/2021\/09\/13\/cafes-novell-entra-al-mercat-alemany\/","og_locale":"es_ES","og_type":"article","og_title":"Caf\u00e8s Novell entra al mercat alemany - Gremi del Caf\u00e8, torradors de Catalunya","og_description":"&nbsp; La setmana passada, Caf\u00e8s Novell anunciava al seu perfil de Twitter, la seva entrada al mercat alemany. La marca catalana fundada per Ramon Novell el 1958, va iniciar la seva expansi\u00f3 per territori catal\u00e0 i espanyol als anys 90 cap a Madrid, Barcelona, Saragossa, Val\u00e8ncia, Bilbao, M\u00e0laga, Eivissa i Can\u00e0ries. I en els \u00faltims [&hellip;]","og_url":"https:\/\/gremicafe.cat\/es\/2021\/09\/13\/cafes-novell-entra-al-mercat-alemany\/","og_site_name":"Gremi del Caf\u00e8, torradors de Catalunya","article_publisher":"https:\/\/www.facebook.com\/gremicafecat","article_published_time":"2021-09-13T08:19:11+00:00","og_image":[{"width":1024,"height":768,"url":"https:\/\/gremicafe.cat\/wp-content\/uploads\/2021\/09\/cafes-novell-alemanya-2.jpeg","type":"image\/jpeg"}],"author":"gremicafe","twitter_card":"summary_large_image","twitter_creator":"@gremicafecat","twitter_site":"@gremicafecat","twitter_misc":{"Escrito por":"gremicafe","Tiempo de lectura":"1 minuto"},"schema":{"@context":"https:\/\/schema.org","@graph":[{"@type":"Article","@id":"https:\/\/gremicafe.cat\/2021\/09\/13\/cafes-novell-entra-al-mercat-alemany\/#article","isPartOf":{"@id":"https:\/\/gremicafe.cat\/2021\/09\/13\/cafes-novell-entra-al-mercat-alemany\/"},"author":{"name":"gremicafe","@id":"https:\/\/gremicafe.cat\/#\/schema\/person\/dabfdbb3d0fa36260855a380f94e4733"},"headline":"Caf\u00e8s Novell entra al mercat alemany","datePublished":"2021-09-13T08:19:11+00:00","mainEntityOfPage":{"@id":"https:\/\/gremicafe.cat\/2021\/09\/13\/cafes-novell-entra-al-mercat-alemany\/"},"wordCount":111,"publisher":{"@id":"https:\/\/gremicafe.cat\/#organization"},"image":{"@id":"https:\/\/gremicafe.cat\/2021\/09\/13\/cafes-novell-entra-al-mercat-alemany\/#primaryimage"},"thumbnailUrl":"https:\/\/gremicafe.cat\/wp-content\/uploads\/2021\/09\/cafes-novell-alemanya-2.jpeg","articleSection":["Not\u00edcies"],"inLanguage":"es"},{"@type":"WebPage","@id":"https:\/\/gremicafe.cat\/2021\/09\/13\/cafes-novell-entra-al-mercat-alemany\/","url":"https:\/\/gremicafe.cat\/2021\/09\/13\/cafes-novell-entra-al-mercat-alemany\/","name":"Caf\u00e8s Novell entra al mercat alemany - Gremi del Caf\u00e8, torradors de Catalunya","isPartOf":{"@id":"https:\/\/gremicafe.cat\/#website"},"primaryImageOfPage":{"@id":"https:\/\/gremicafe.cat\/2021\/09\/13\/cafes-novell-entra-al-mercat-alemany\/#primaryimage"},"image":{"@id":"https:\/\/gremicafe.cat\/2021\/09\/13\/cafes-novell-entra-al-mercat-alemany\/#primaryimage"},"thumbnailUrl":"https:\/\/gremicafe.cat\/wp-content\/uploads\/2021\/09\/cafes-novell-alemanya-2.jpeg","datePublished":"2021-09-13T08:19:11+00:00","breadcrumb":{"@id":"https:\/\/gremicafe.cat\/2021\/09\/13\/cafes-novell-entra-al-mercat-alemany\/#breadcrumb"},"inLanguage":"es","potentialAction":[{"@type":"ReadAction","target":["https:\/\/gremicafe.cat\/2021\/09\/13\/cafes-novell-entra-al-mercat-alemany\/"]}]},{"@type":"ImageObject","inLanguage":"es","@id":"https:\/\/gremicafe.cat\/2021\/09\/13\/cafes-novell-entra-al-mercat-alemany\/#primaryimage","url":"https:\/\/gremicafe.cat\/wp-content\/uploads\/2021\/09\/cafes-novell-alemanya-2.jpeg","contentUrl":"https:\/\/gremicafe.cat\/wp-content\/uploads\/2021\/09\/cafes-novell-alemanya-2.jpeg","width":1024,"height":768,"caption":"cafes novell alemanya"},{"@type":"BreadcrumbList","@id":"https:\/\/gremicafe.cat\/2021\/09\/13\/cafes-novell-entra-al-mercat-alemany\/#breadcrumb","itemListElement":[{"@type":"ListItem","position":1,"name":"Inici","item":"https:\/\/gremicafe.cat\/"},{"@type":"ListItem","position":2,"name":"Caf\u00e8s Novell entra al mercat alemany"}]},{"@type":"WebSite","@id":"https:\/\/gremicafe.cat\/#website","url":"https:\/\/gremicafe.cat\/","name":"Gremio del Caf\u00e9, tostadores de Catalu\u00f1a","description":"Web oficial del gremio de tostadores de caf\u00e9 de Catalunya","publisher":{"@id":"https:\/\/gremicafe.cat\/#organization"},"potentialAction":[{"@type":"SearchAction","target":{"@type":"EntryPoint","urlTemplate":"https:\/\/gremicafe.cat\/?s={search_term_string}"},"query-input":{"@type":"PropertyValueSpecification","valueRequired":true,"valueName":"search_term_string"}}],"inLanguage":"es"},{"@type":"Organization","@id":"https:\/\/gremicafe.cat\/#organization","name":"Gremio del Caf\u00e9, Tostadores de Catalu\u00f1a","url":"https:\/\/gremicafe.cat\/","logo":{"@type":"ImageObject","inLanguage":"es","@id":"https:\/\/gremicafe.cat\/#\/schema\/logo\/image\/","url":"https:\/\/gremicafe.cat\/wp-content\/uploads\/2018\/03\/gremicafe-logo250.png","contentUrl":"https:\/\/gremicafe.cat\/wp-content\/uploads\/2018\/03\/gremicafe-logo250.png","width":250,"height":49,"caption":"Gremi del Caf\u00e8, Torradors de Catalunya"},"image":{"@id":"https:\/\/gremicafe.cat\/#\/schema\/logo\/image\/"},"sameAs":["https:\/\/www.facebook.com\/gremicafecat","https:\/\/x.com\/gremicafecat","https:\/\/www.instagram.com\/gremicafecat\/","https:\/\/www.pinterest.es\/gremicafecat\/","https:\/\/www.youtube.com\/channel\/UCGLo5Y35vLwLvP4FrPZrCrw\/"]},{"@type":"Person","@id":"https:\/\/gremicafe.cat\/#\/schema\/person\/dabfdbb3d0fa36260855a380f94e4733","name":"gremicafe","image":{"@type":"ImageObject","inLanguage":"es","@id":"https:\/\/gremicafe.cat\/#\/schema\/person\/image\/","url":"https:\/\/secure.gravatar.com\/avatar\/e59baa4ca8f6f97576d6375fb6d3c8f0?s=96&d=mm&r=g","contentUrl":"https:\/\/secure.gravatar.com\/avatar\/e59baa4ca8f6f97576d6375fb6d3c8f0?s=96&d=mm&r=g","caption":"gremicafe"}}]}},"_links":{"self":[{"href":"https:\/\/gremicafe.cat\/es\/wp-json\/wp\/v2\/posts\/6229"}],"collection":[{"href":"https:\/\/gremicafe.cat\/es\/wp-json\/wp\/v2\/posts"}],"about":[{"href":"https:\/\/gremicafe.cat\/es\/wp-json\/wp\/v2\/types\/post"}],"author":[{"embeddable":true,"href":"https:\/\/gremicafe.cat\/es\/wp-json\/wp\/v2\/users\/1"}],"replies":[{"embeddable":true,"href":"https:\/\/gremicafe.cat\/es\/wp-json\/wp\/v2\/comments?post=6229"}],"version-history":[{"count":0,"href":"https:\/\/gremicafe.cat\/es\/wp-json\/wp\/v2\/posts\/6229\/revisions"}],"wp:featuredmedia":[{"embeddable":true,"href":"https:\/\/gremicafe.cat\/es\/wp-json\/wp\/v2\/media\/6230"}],"wp:attachment":[{"href":"https:\/\/gremicafe.cat\/es\/wp-json\/wp\/v2\/media?parent=6229"}],"wp:term":[{"taxonomy":"category","embeddable":true,"href":"https:\/\/gremicafe.cat\/es\/wp-json\/wp\/v2\/categories?post=6229"},{"taxonomy":"post_tag","embeddable":true,"href":"https:\/\/gremicafe.cat\/es\/wp-json\/wp\/v2\/tags?post=6229"}],"curies":[{"name":"wp","href":"https:\/\/api.w.org\/{rel}","templated":true}]}}