{"id":6235,"date":"2021-09-17T11:27:28","date_gmt":"2021-09-17T09:27:28","guid":{"rendered":"https:\/\/gremicafe.cat\/?p=6235"},"modified":"2021-09-15T11:42:43","modified_gmt":"2021-09-15T09:42:43","slug":"reflexions-entorn-el-cafe-sense-cafe-no-soc-persona","status":"publish","type":"post","link":"https:\/\/gremicafe.cat\/es\/2021\/09\/17\/reflexions-entorn-el-cafe-sense-cafe-no-soc-persona\/","title":{"rendered":"Reflexiones en torno al caf\u00e9: \u201cSin caf\u00e9 no soy persona\u201d"},"content":{"rendered":"<p><img loading=\"lazy\" decoding=\"async\" class=\"aligncenter size-full wp-image-6236\" src=\"https:\/\/gremicafe.cat\/wp-content\/uploads\/2021\/09\/reflexions-cafe-1.jpg\" alt=\"reflexions cafe 1\" width=\"1200\" height=\"800\" srcset=\"https:\/\/gremicafe.cat\/wp-content\/uploads\/2021\/09\/reflexions-cafe-1.jpg 1200w, https:\/\/gremicafe.cat\/wp-content\/uploads\/2021\/09\/reflexions-cafe-1-768x512.jpg 768w, https:\/\/gremicafe.cat\/wp-content\/uploads\/2021\/09\/reflexions-cafe-1-1080x720.jpg 1080w\" sizes=\"(max-width: 1200px) 100vw, 1200px\" \/><\/p>\n<p>El <strong>caf\u00e9<\/strong>, gracias a la cafe\u00edna, nos despierta y nos ayuda a afrontar el d\u00eda con ganas y energ\u00eda. <strong>No s\u00e9 si a vosotros les pasa, pero yo sin caf\u00e9 no soy persona<\/strong>. Suena el despertador y con los ojos cerrados me levanto de la cama y me dirijo a la cocina. Coloca la taza y peo el bot\u00f3n de la cafetera para tomar el primer caf\u00e9 del d\u00eda. Es uno de los mejores placeres de la ma\u00f1ana. Quiz\u00e1s dedico demasiado poco tiempo, un par o tres de minutos, pero son unos minutos de tranquilidad, dejando de lado el trabajo que me espera a lo largo del d\u00eda. Mi primer caf\u00e9 es corto, intenso y sin az\u00facar, para saborear su aroma un buen rato.<\/p>\n<p>Esto me ha llevado a pensar que el caf\u00e9 es mucho m\u00e1s que una bebida estimulante que nos ayuda a despertarnos. En pleno siglo XXI <strong>se ha convertido en una verdadera herramienta social<\/strong>. Diariamente, ya cualquier hora, escuchamos o proponemos la expresi\u00f3n \u201c<strong>te invito a un caf\u00e9<\/strong>\u201c. Es una oferta dif\u00edcil de rechazar y la excusa perfecta para compartir ideas, hacer negocios o simplemente reencontrarnos con alguien. <strong>Nuestra cultura es cafetera y beber caf\u00e9 se ha convertido en un imprescindible h\u00e1bito cotidiano.<\/strong><\/p>\n<p>&nbsp;<\/p>\n<p>Eva Salvat, periodista<\/p>\n<p><a href=\"mailto:eva.salvat@gremicafe.cat\">eva.salvat@gremicafe.cat<\/a><\/p>","protected":false},"excerpt":{"rendered":"<p>El caf\u00e8, gr\u00e0cies a la cafe\u00efna, ens desperta i ens ajuda a afrontar el dia amb ganes i energia. No s\u00e9 si a vosaltres us passa, per\u00f2 jo sense caf\u00e8 no soc persona. Sona el despertador i amb els ulls encara tancats m&#8217;aixeco del llit i em dirigeixo a la cuina. Col\u00b7loco la tassa i [&hellip;]<\/p>\n","protected":false},"author":1,"featured_media":6236,"comment_status":"closed","ping_status":"open","sticky":false,"template":"","format":"standard","meta":{"_acf_changed":false,"inline_featured_image":false,"footnotes":""},"categories":[1],"tags":[],"class_list":["post-6235","post","type-post","status-publish","format-standard","has-post-thumbnail","hentry","category-noticies"],"acf":[],"yoast_head":"<!-- This site is optimized with the Yoast SEO plugin v25.5 - https:\/\/yoast.com\/wordpress\/plugins\/seo\/ -->\n<title>Reflexions entorn el caf\u00e8: &quot;Sense caf\u00e8 no soc persona&quot; - Gremi del Caf\u00e8, torradors de Catalunya<\/title>\n<meta name=\"robots\" content=\"index, follow, max-snippet:-1, max-image-preview:large, max-video-preview:-1\" \/>\n<link rel=\"canonical\" href=\"https:\/\/gremicafe.cat\/es\/2021\/09\/17\/reflexions-entorn-el-cafe-sense-cafe-no-soc-persona\/\" \/>\n<meta property=\"og:locale\" content=\"es_ES\" \/>\n<meta property=\"og:type\" content=\"article\" \/>\n<meta property=\"og:title\" content=\"Reflexions entorn el caf\u00e8: &quot;Sense caf\u00e8 no soc persona&quot; - Gremi del Caf\u00e8, torradors de Catalunya\" \/>\n<meta property=\"og:description\" content=\"El caf\u00e8, gr\u00e0cies a la cafe\u00efna, ens desperta i ens ajuda a afrontar el dia amb ganes i energia. No s\u00e9 si a vosaltres us passa, per\u00f2 jo sense caf\u00e8 no soc persona. Sona el despertador i amb els ulls encara tancats m&#8217;aixeco del llit i em dirigeixo a la cuina. Col\u00b7loco la tassa i [&hellip;]\" \/>\n<meta property=\"og:url\" content=\"https:\/\/gremicafe.cat\/es\/2021\/09\/17\/reflexions-entorn-el-cafe-sense-cafe-no-soc-persona\/\" \/>\n<meta property=\"og:site_name\" content=\"Gremi del Caf\u00e8, torradors de Catalunya\" \/>\n<meta property=\"article:publisher\" content=\"https:\/\/www.facebook.com\/gremicafecat\" \/>\n<meta property=\"article:published_time\" content=\"2021-09-17T09:27:28+00:00\" \/>\n<meta property=\"og:image\" content=\"https:\/\/gremicafe.cat\/wp-content\/uploads\/2021\/09\/reflexions-cafe-1.jpg\" \/>\n\t<meta property=\"og:image:width\" content=\"1200\" \/>\n\t<meta property=\"og:image:height\" content=\"800\" \/>\n\t<meta property=\"og:image:type\" content=\"image\/jpeg\" \/>\n<meta name=\"author\" content=\"gremicafe\" \/>\n<meta name=\"twitter:card\" content=\"summary_large_image\" \/>\n<meta name=\"twitter:creator\" content=\"@gremicafecat\" \/>\n<meta name=\"twitter:site\" content=\"@gremicafecat\" \/>\n<meta name=\"twitter:label1\" content=\"Escrito por\" \/>\n\t<meta name=\"twitter:data1\" content=\"gremicafe\" \/>\n\t<meta name=\"twitter:label2\" content=\"Tiempo de lectura\" \/>\n\t<meta name=\"twitter:data2\" content=\"2 minutos\" \/>\n<script type=\"application\/ld+json\" class=\"yoast-schema-graph\">{\"@context\":\"https:\/\/schema.org\",\"@graph\":[{\"@type\":\"Article\",\"@id\":\"https:\/\/gremicafe.cat\/2021\/09\/17\/reflexions-entorn-el-cafe-sense-cafe-no-soc-persona\/#article\",\"isPartOf\":{\"@id\":\"https:\/\/gremicafe.cat\/2021\/09\/17\/reflexions-entorn-el-cafe-sense-cafe-no-soc-persona\/\"},\"author\":{\"name\":\"gremicafe\",\"@id\":\"https:\/\/gremicafe.cat\/#\/schema\/person\/dabfdbb3d0fa36260855a380f94e4733\"},\"headline\":\"Reflexions entorn el caf\u00e8: &#8220;Sense caf\u00e8 no soc persona&#8221;\",\"datePublished\":\"2021-09-17T09:27:28+00:00\",\"mainEntityOfPage\":{\"@id\":\"https:\/\/gremicafe.cat\/2021\/09\/17\/reflexions-entorn-el-cafe-sense-cafe-no-soc-persona\/\"},\"wordCount\":226,\"publisher\":{\"@id\":\"https:\/\/gremicafe.cat\/#organization\"},\"image\":{\"@id\":\"https:\/\/gremicafe.cat\/2021\/09\/17\/reflexions-entorn-el-cafe-sense-cafe-no-soc-persona\/#primaryimage\"},\"thumbnailUrl\":\"https:\/\/gremicafe.cat\/wp-content\/uploads\/2021\/09\/reflexions-cafe-1.jpg\",\"articleSection\":[\"Not\u00edcies\"],\"inLanguage\":\"es\"},{\"@type\":\"WebPage\",\"@id\":\"https:\/\/gremicafe.cat\/2021\/09\/17\/reflexions-entorn-el-cafe-sense-cafe-no-soc-persona\/\",\"url\":\"https:\/\/gremicafe.cat\/2021\/09\/17\/reflexions-entorn-el-cafe-sense-cafe-no-soc-persona\/\",\"name\":\"Reflexions entorn el caf\u00e8: \\\"Sense caf\u00e8 no soc persona\\\" - Gremi del Caf\u00e8, torradors de Catalunya\",\"isPartOf\":{\"@id\":\"https:\/\/gremicafe.cat\/#website\"},\"primaryImageOfPage\":{\"@id\":\"https:\/\/gremicafe.cat\/2021\/09\/17\/reflexions-entorn-el-cafe-sense-cafe-no-soc-persona\/#primaryimage\"},\"image\":{\"@id\":\"https:\/\/gremicafe.cat\/2021\/09\/17\/reflexions-entorn-el-cafe-sense-cafe-no-soc-persona\/#primaryimage\"},\"thumbnailUrl\":\"https:\/\/gremicafe.cat\/wp-content\/uploads\/2021\/09\/reflexions-cafe-1.jpg\",\"datePublished\":\"2021-09-17T09:27:28+00:00\",\"breadcrumb\":{\"@id\":\"https:\/\/gremicafe.cat\/2021\/09\/17\/reflexions-entorn-el-cafe-sense-cafe-no-soc-persona\/#breadcrumb\"},\"inLanguage\":\"es\",\"potentialAction\":[{\"@type\":\"ReadAction\",\"target\":[\"https:\/\/gremicafe.cat\/2021\/09\/17\/reflexions-entorn-el-cafe-sense-cafe-no-soc-persona\/\"]}]},{\"@type\":\"ImageObject\",\"inLanguage\":\"es\",\"@id\":\"https:\/\/gremicafe.cat\/2021\/09\/17\/reflexions-entorn-el-cafe-sense-cafe-no-soc-persona\/#primaryimage\",\"url\":\"https:\/\/gremicafe.cat\/wp-content\/uploads\/2021\/09\/reflexions-cafe-1.jpg\",\"contentUrl\":\"https:\/\/gremicafe.cat\/wp-content\/uploads\/2021\/09\/reflexions-cafe-1.jpg\",\"width\":1200,\"height\":800,\"caption\":\"reflexions cafe\"},{\"@type\":\"BreadcrumbList\",\"@id\":\"https:\/\/gremicafe.cat\/2021\/09\/17\/reflexions-entorn-el-cafe-sense-cafe-no-soc-persona\/#breadcrumb\",\"itemListElement\":[{\"@type\":\"ListItem\",\"position\":1,\"name\":\"Inici\",\"item\":\"https:\/\/gremicafe.cat\/\"},{\"@type\":\"ListItem\",\"position\":2,\"name\":\"Reflexions entorn el caf\u00e8: &#8220;Sense caf\u00e8 no soc persona&#8221;\"}]},{\"@type\":\"WebSite\",\"@id\":\"https:\/\/gremicafe.cat\/#website\",\"url\":\"https:\/\/gremicafe.cat\/\",\"name\":\"Gremi del Caf\u00e8, torradors de Catalunya\",\"description\":\"Web oficial del gremi de torradors de caf\u00e8 de Catalunya\",\"publisher\":{\"@id\":\"https:\/\/gremicafe.cat\/#organization\"},\"potentialAction\":[{\"@type\":\"SearchAction\",\"target\":{\"@type\":\"EntryPoint\",\"urlTemplate\":\"https:\/\/gremicafe.cat\/?s={search_term_string}\"},\"query-input\":{\"@type\":\"PropertyValueSpecification\",\"valueRequired\":true,\"valueName\":\"search_term_string\"}}],\"inLanguage\":\"es\"},{\"@type\":\"Organization\",\"@id\":\"https:\/\/gremicafe.cat\/#organization\",\"name\":\"Gremi del Caf\u00e8, Torradors de Catalunya\",\"url\":\"https:\/\/gremicafe.cat\/\",\"logo\":{\"@type\":\"ImageObject\",\"inLanguage\":\"es\",\"@id\":\"https:\/\/gremicafe.cat\/#\/schema\/logo\/image\/\",\"url\":\"https:\/\/gremicafe.cat\/wp-content\/uploads\/2018\/03\/gremicafe-logo250.png\",\"contentUrl\":\"https:\/\/gremicafe.cat\/wp-content\/uploads\/2018\/03\/gremicafe-logo250.png\",\"width\":250,\"height\":49,\"caption\":\"Gremi del Caf\u00e8, Torradors de Catalunya\"},\"image\":{\"@id\":\"https:\/\/gremicafe.cat\/#\/schema\/logo\/image\/\"},\"sameAs\":[\"https:\/\/www.facebook.com\/gremicafecat\",\"https:\/\/x.com\/gremicafecat\",\"https:\/\/www.instagram.com\/gremicafecat\/\",\"https:\/\/www.pinterest.es\/gremicafecat\/\",\"https:\/\/www.youtube.com\/channel\/UCGLo5Y35vLwLvP4FrPZrCrw\/\"]},{\"@type\":\"Person\",\"@id\":\"https:\/\/gremicafe.cat\/#\/schema\/person\/dabfdbb3d0fa36260855a380f94e4733\",\"name\":\"gremicafe\",\"image\":{\"@type\":\"ImageObject\",\"inLanguage\":\"es\",\"@id\":\"https:\/\/gremicafe.cat\/#\/schema\/person\/image\/\",\"url\":\"https:\/\/secure.gravatar.com\/avatar\/e59baa4ca8f6f97576d6375fb6d3c8f0?s=96&d=mm&r=g\",\"contentUrl\":\"https:\/\/secure.gravatar.com\/avatar\/e59baa4ca8f6f97576d6375fb6d3c8f0?s=96&d=mm&r=g\",\"caption\":\"gremicafe\"}}]}<\/script>\n<!-- \/ Yoast SEO plugin. -->","yoast_head_json":{"title":"Reflexions entorn el caf\u00e8: \"Sense caf\u00e8 no soc persona\" - Gremi del Caf\u00e8, torradors de Catalunya","robots":{"index":"index","follow":"follow","max-snippet":"max-snippet:-1","max-image-preview":"max-image-preview:large","max-video-preview":"max-video-preview:-1"},"canonical":"https:\/\/gremicafe.cat\/es\/2021\/09\/17\/reflexions-entorn-el-cafe-sense-cafe-no-soc-persona\/","og_locale":"es_ES","og_type":"article","og_title":"Reflexions entorn el caf\u00e8: \"Sense caf\u00e8 no soc persona\" - Gremi del Caf\u00e8, torradors de Catalunya","og_description":"El caf\u00e8, gr\u00e0cies a la cafe\u00efna, ens desperta i ens ajuda a afrontar el dia amb ganes i energia. No s\u00e9 si a vosaltres us passa, per\u00f2 jo sense caf\u00e8 no soc persona. Sona el despertador i amb els ulls encara tancats m&#8217;aixeco del llit i em dirigeixo a la cuina. Col\u00b7loco la tassa i [&hellip;]","og_url":"https:\/\/gremicafe.cat\/es\/2021\/09\/17\/reflexions-entorn-el-cafe-sense-cafe-no-soc-persona\/","og_site_name":"Gremi del Caf\u00e8, torradors de Catalunya","article_publisher":"https:\/\/www.facebook.com\/gremicafecat","article_published_time":"2021-09-17T09:27:28+00:00","og_image":[{"width":1200,"height":800,"url":"https:\/\/gremicafe.cat\/wp-content\/uploads\/2021\/09\/reflexions-cafe-1.jpg","type":"image\/jpeg"}],"author":"gremicafe","twitter_card":"summary_large_image","twitter_creator":"@gremicafecat","twitter_site":"@gremicafecat","twitter_misc":{"Escrito por":"gremicafe","Tiempo de lectura":"2 minutos"},"schema":{"@context":"https:\/\/schema.org","@graph":[{"@type":"Article","@id":"https:\/\/gremicafe.cat\/2021\/09\/17\/reflexions-entorn-el-cafe-sense-cafe-no-soc-persona\/#article","isPartOf":{"@id":"https:\/\/gremicafe.cat\/2021\/09\/17\/reflexions-entorn-el-cafe-sense-cafe-no-soc-persona\/"},"author":{"name":"gremicafe","@id":"https:\/\/gremicafe.cat\/#\/schema\/person\/dabfdbb3d0fa36260855a380f94e4733"},"headline":"Reflexions entorn el caf\u00e8: &#8220;Sense caf\u00e8 no soc persona&#8221;","datePublished":"2021-09-17T09:27:28+00:00","mainEntityOfPage":{"@id":"https:\/\/gremicafe.cat\/2021\/09\/17\/reflexions-entorn-el-cafe-sense-cafe-no-soc-persona\/"},"wordCount":226,"publisher":{"@id":"https:\/\/gremicafe.cat\/#organization"},"image":{"@id":"https:\/\/gremicafe.cat\/2021\/09\/17\/reflexions-entorn-el-cafe-sense-cafe-no-soc-persona\/#primaryimage"},"thumbnailUrl":"https:\/\/gremicafe.cat\/wp-content\/uploads\/2021\/09\/reflexions-cafe-1.jpg","articleSection":["Not\u00edcies"],"inLanguage":"es"},{"@type":"WebPage","@id":"https:\/\/gremicafe.cat\/2021\/09\/17\/reflexions-entorn-el-cafe-sense-cafe-no-soc-persona\/","url":"https:\/\/gremicafe.cat\/2021\/09\/17\/reflexions-entorn-el-cafe-sense-cafe-no-soc-persona\/","name":"Reflexions entorn el caf\u00e8: \"Sense caf\u00e8 no soc persona\" - Gremi del Caf\u00e8, torradors de Catalunya","isPartOf":{"@id":"https:\/\/gremicafe.cat\/#website"},"primaryImageOfPage":{"@id":"https:\/\/gremicafe.cat\/2021\/09\/17\/reflexions-entorn-el-cafe-sense-cafe-no-soc-persona\/#primaryimage"},"image":{"@id":"https:\/\/gremicafe.cat\/2021\/09\/17\/reflexions-entorn-el-cafe-sense-cafe-no-soc-persona\/#primaryimage"},"thumbnailUrl":"https:\/\/gremicafe.cat\/wp-content\/uploads\/2021\/09\/reflexions-cafe-1.jpg","datePublished":"2021-09-17T09:27:28+00:00","breadcrumb":{"@id":"https:\/\/gremicafe.cat\/2021\/09\/17\/reflexions-entorn-el-cafe-sense-cafe-no-soc-persona\/#breadcrumb"},"inLanguage":"es","potentialAction":[{"@type":"ReadAction","target":["https:\/\/gremicafe.cat\/2021\/09\/17\/reflexions-entorn-el-cafe-sense-cafe-no-soc-persona\/"]}]},{"@type":"ImageObject","inLanguage":"es","@id":"https:\/\/gremicafe.cat\/2021\/09\/17\/reflexions-entorn-el-cafe-sense-cafe-no-soc-persona\/#primaryimage","url":"https:\/\/gremicafe.cat\/wp-content\/uploads\/2021\/09\/reflexions-cafe-1.jpg","contentUrl":"https:\/\/gremicafe.cat\/wp-content\/uploads\/2021\/09\/reflexions-cafe-1.jpg","width":1200,"height":800,"caption":"reflexions cafe"},{"@type":"BreadcrumbList","@id":"https:\/\/gremicafe.cat\/2021\/09\/17\/reflexions-entorn-el-cafe-sense-cafe-no-soc-persona\/#breadcrumb","itemListElement":[{"@type":"ListItem","position":1,"name":"Inici","item":"https:\/\/gremicafe.cat\/"},{"@type":"ListItem","position":2,"name":"Reflexions entorn el caf\u00e8: &#8220;Sense caf\u00e8 no soc persona&#8221;"}]},{"@type":"WebSite","@id":"https:\/\/gremicafe.cat\/#website","url":"https:\/\/gremicafe.cat\/","name":"Gremio del Caf\u00e9, tostadores de Catalu\u00f1a","description":"Web oficial del gremio de tostadores de caf\u00e9 de Catalunya","publisher":{"@id":"https:\/\/gremicafe.cat\/#organization"},"potentialAction":[{"@type":"SearchAction","target":{"@type":"EntryPoint","urlTemplate":"https:\/\/gremicafe.cat\/?s={search_term_string}"},"query-input":{"@type":"PropertyValueSpecification","valueRequired":true,"valueName":"search_term_string"}}],"inLanguage":"es"},{"@type":"Organization","@id":"https:\/\/gremicafe.cat\/#organization","name":"Gremio del Caf\u00e9, Tostadores de Catalu\u00f1a","url":"https:\/\/gremicafe.cat\/","logo":{"@type":"ImageObject","inLanguage":"es","@id":"https:\/\/gremicafe.cat\/#\/schema\/logo\/image\/","url":"https:\/\/gremicafe.cat\/wp-content\/uploads\/2018\/03\/gremicafe-logo250.png","contentUrl":"https:\/\/gremicafe.cat\/wp-content\/uploads\/2018\/03\/gremicafe-logo250.png","width":250,"height":49,"caption":"Gremi del Caf\u00e8, Torradors de Catalunya"},"image":{"@id":"https:\/\/gremicafe.cat\/#\/schema\/logo\/image\/"},"sameAs":["https:\/\/www.facebook.com\/gremicafecat","https:\/\/x.com\/gremicafecat","https:\/\/www.instagram.com\/gremicafecat\/","https:\/\/www.pinterest.es\/gremicafecat\/","https:\/\/www.youtube.com\/channel\/UCGLo5Y35vLwLvP4FrPZrCrw\/"]},{"@type":"Person","@id":"https:\/\/gremicafe.cat\/#\/schema\/person\/dabfdbb3d0fa36260855a380f94e4733","name":"gremicafe","image":{"@type":"ImageObject","inLanguage":"es","@id":"https:\/\/gremicafe.cat\/#\/schema\/person\/image\/","url":"https:\/\/secure.gravatar.com\/avatar\/e59baa4ca8f6f97576d6375fb6d3c8f0?s=96&d=mm&r=g","contentUrl":"https:\/\/secure.gravatar.com\/avatar\/e59baa4ca8f6f97576d6375fb6d3c8f0?s=96&d=mm&r=g","caption":"gremicafe"}}]}},"_links":{"self":[{"href":"https:\/\/gremicafe.cat\/es\/wp-json\/wp\/v2\/posts\/6235"}],"collection":[{"href":"https:\/\/gremicafe.cat\/es\/wp-json\/wp\/v2\/posts"}],"about":[{"href":"https:\/\/gremicafe.cat\/es\/wp-json\/wp\/v2\/types\/post"}],"author":[{"embeddable":true,"href":"https:\/\/gremicafe.cat\/es\/wp-json\/wp\/v2\/users\/1"}],"replies":[{"embeddable":true,"href":"https:\/\/gremicafe.cat\/es\/wp-json\/wp\/v2\/comments?post=6235"}],"version-history":[{"count":0,"href":"https:\/\/gremicafe.cat\/es\/wp-json\/wp\/v2\/posts\/6235\/revisions"}],"wp:featuredmedia":[{"embeddable":true,"href":"https:\/\/gremicafe.cat\/es\/wp-json\/wp\/v2\/media\/6236"}],"wp:attachment":[{"href":"https:\/\/gremicafe.cat\/es\/wp-json\/wp\/v2\/media?parent=6235"}],"wp:term":[{"taxonomy":"category","embeddable":true,"href":"https:\/\/gremicafe.cat\/es\/wp-json\/wp\/v2\/categories?post=6235"},{"taxonomy":"post_tag","embeddable":true,"href":"https:\/\/gremicafe.cat\/es\/wp-json\/wp\/v2\/tags?post=6235"}],"curies":[{"name":"wp","href":"https:\/\/api.w.org\/{rel}","templated":true}]}}