{"id":6238,"date":"2021-09-19T09:23:12","date_gmt":"2021-09-19T07:23:12","guid":{"rendered":"https:\/\/gremicafe.cat\/?p=6238"},"modified":"2021-09-20T15:13:36","modified_gmt":"2021-09-20T13:13:36","slug":"el-canvi-climatic-afecta-el-subministrament-del-gra-de-cafe","status":"publish","type":"post","link":"https:\/\/gremicafe.cat\/es\/2021\/09\/19\/el-canvi-climatic-afecta-el-subministrament-del-gra-de-cafe\/","title":{"rendered":"El cambio clim\u00e1tico afecta al suministro del grano de caf\u00e9"},"content":{"rendered":"<p><strong><img loading=\"lazy\" decoding=\"async\" class=\"aligncenter size-full wp-image-6240\" src=\"https:\/\/gremicafe.cat\/wp-content\/uploads\/2021\/09\/gra-de-cafe-gremicafecat.jpg\" alt=\"\" width=\"1200\" height=\"800\" srcset=\"https:\/\/gremicafe.cat\/wp-content\/uploads\/2021\/09\/gra-de-cafe-gremicafecat.jpg 1200w, https:\/\/gremicafe.cat\/wp-content\/uploads\/2021\/09\/gra-de-cafe-gremicafecat-768x512.jpg 768w, https:\/\/gremicafe.cat\/wp-content\/uploads\/2021\/09\/gra-de-cafe-gremicafecat-1080x720.jpg 1080w\" sizes=\"(max-width: 1200px) 100vw, 1200px\" \/><\/strong><\/p>\n<p>&nbsp;<\/p>\n<p><strong>La ola de fr\u00edo y la sequ\u00eda en Brasil amenaza la producci\u00f3n de caf\u00e9 para los pr\u00f3ximos dos a\u00f1os.<\/strong><\/p>\n<p>El mes de julio ha sido un mes raro por uno de los principales productores de caf\u00e9. El fr\u00edo acompa\u00f1ado de nieve y una sequ\u00eda extrema est\u00e1n provocando que la cosecha del 2022 no pueda recuperar los stocks. Seg\u00fan\u00a0<span class=\"hiddenSpellError\">Carlos<\/span> Mera, director de Investigaci\u00f3n del Mercado de <em>Commodities\u00a0<span class=\"hiddenSpellError\">Agr\u00edcolas<\/span><\/em>\u00a0de Rabobank a Londres, todav\u00eda es pronto para evaluar la magnitud real de los da\u00f1os provocados, pero estiman que la producci\u00f3n disminuir\u00e1 entre dos y seis millones de sacas menos, un enorme margen.<\/p>\n<p>El mercado del caf\u00e9, tocado ya por la <strong>crisis log\u00edstica<\/strong> y las <strong>restricciones derivadas de la c\u00f3vid-19<\/strong> (sobre todo en Vietnam, uno de los otros grandes productores mundiales de caf\u00e9), suma ahora esa mala noticia provocada por el cambio clim\u00e1tico. Adem\u00e1s, debido a que el caf\u00e9 es una planta que crece por ciclos (tiene un a\u00f1o bueno y un a\u00f1o malo), esta mala temporada puede afectar a los a\u00f1os siguientes. La sequ\u00eda ha provocado que muchos \u00e1rboles j\u00f3venes hayan muerto o hayan tenido que replantarse, y hay que tener en cuenta que un \u00e1rbol tarda tres a\u00f1os en dar fruto.<\/p>\n<p class=\"\">Puede seguir leyendo la noticia en <a href=\"https:\/\/elpais.com\/economia\/negocios\/2021-09-18\/el-hielo-prende-fuego-al-mercado-del-cafe.html\" target=\"_blank\" rel=\"noopener\">El Pa\u00eds<\/a>.<\/p>\n<div id=\"hybs-mslot-3691-0\" class=\"hybs-mslot\"><\/div>\n<div id=\"_wmass_392\">\n<div id=\"jw-s_392392\"><\/div>\n<\/div>\n<p>&nbsp;<\/p>\n<p>&nbsp;<\/p>","protected":false},"excerpt":{"rendered":"<p>&nbsp; L&#8217;onada de fred i la sequera a Brasil amena\u00e7a la producci\u00f3 de caf\u00e8 per als pr\u00f2xims dos anys. El mes de juliol ha sigut un mes estrany per un dels principals productors de caf\u00e8. El fred acompanyat de neu, i una sequera extrema estan provocant que la collita del 2022 no pugui recuperar els [&hellip;]<\/p>\n","protected":false},"author":1,"featured_media":6240,"comment_status":"closed","ping_status":"open","sticky":false,"template":"","format":"standard","meta":{"_acf_changed":false,"inline_featured_image":false,"footnotes":""},"categories":[1],"tags":[],"class_list":["post-6238","post","type-post","status-publish","format-standard","has-post-thumbnail","hentry","category-noticies"],"acf":[],"yoast_head":"<!-- This site is optimized with the Yoast SEO plugin v25.5 - https:\/\/yoast.com\/wordpress\/plugins\/seo\/ -->\n<title>El canvi clim\u00e0tic afecta el subministrament del gra de caf\u00e8 - Gremi del Caf\u00e8, torradors de Catalunya<\/title>\n<meta name=\"robots\" content=\"index, follow, max-snippet:-1, max-image-preview:large, max-video-preview:-1\" \/>\n<link rel=\"canonical\" href=\"https:\/\/gremicafe.cat\/es\/2021\/09\/19\/el-canvi-climatic-afecta-el-subministrament-del-gra-de-cafe\/\" \/>\n<meta property=\"og:locale\" content=\"es_ES\" \/>\n<meta property=\"og:type\" content=\"article\" \/>\n<meta property=\"og:title\" content=\"El canvi clim\u00e0tic afecta el subministrament del gra de caf\u00e8 - Gremi del Caf\u00e8, torradors de Catalunya\" \/>\n<meta property=\"og:description\" content=\"&nbsp; L&#8217;onada de fred i la sequera a Brasil amena\u00e7a la producci\u00f3 de caf\u00e8 per als pr\u00f2xims dos anys. El mes de juliol ha sigut un mes estrany per un dels principals productors de caf\u00e8. El fred acompanyat de neu, i una sequera extrema estan provocant que la collita del 2022 no pugui recuperar els [&hellip;]\" \/>\n<meta property=\"og:url\" content=\"https:\/\/gremicafe.cat\/es\/2021\/09\/19\/el-canvi-climatic-afecta-el-subministrament-del-gra-de-cafe\/\" \/>\n<meta property=\"og:site_name\" content=\"Gremi del Caf\u00e8, torradors de Catalunya\" \/>\n<meta property=\"article:publisher\" content=\"https:\/\/www.facebook.com\/gremicafecat\" \/>\n<meta property=\"article:published_time\" content=\"2021-09-19T07:23:12+00:00\" \/>\n<meta property=\"article:modified_time\" content=\"2021-09-20T13:13:36+00:00\" \/>\n<meta property=\"og:image\" content=\"https:\/\/gremicafe.cat\/wp-content\/uploads\/2021\/09\/gra-de-cafe-gremicafecat.jpg\" \/>\n\t<meta property=\"og:image:width\" content=\"1200\" \/>\n\t<meta property=\"og:image:height\" content=\"800\" \/>\n\t<meta property=\"og:image:type\" content=\"image\/jpeg\" \/>\n<meta name=\"author\" content=\"gremicafe\" \/>\n<meta name=\"twitter:card\" content=\"summary_large_image\" \/>\n<meta name=\"twitter:creator\" content=\"@gremicafecat\" \/>\n<meta name=\"twitter:site\" content=\"@gremicafecat\" \/>\n<meta name=\"twitter:label1\" content=\"Escrito por\" \/>\n\t<meta name=\"twitter:data1\" content=\"gremicafe\" \/>\n\t<meta name=\"twitter:label2\" content=\"Tiempo de lectura\" \/>\n\t<meta name=\"twitter:data2\" content=\"2 minutos\" \/>\n<script type=\"application\/ld+json\" class=\"yoast-schema-graph\">{\"@context\":\"https:\/\/schema.org\",\"@graph\":[{\"@type\":\"Article\",\"@id\":\"https:\/\/gremicafe.cat\/2021\/09\/19\/el-canvi-climatic-afecta-el-subministrament-del-gra-de-cafe\/#article\",\"isPartOf\":{\"@id\":\"https:\/\/gremicafe.cat\/2021\/09\/19\/el-canvi-climatic-afecta-el-subministrament-del-gra-de-cafe\/\"},\"author\":{\"name\":\"gremicafe\",\"@id\":\"https:\/\/gremicafe.cat\/#\/schema\/person\/dabfdbb3d0fa36260855a380f94e4733\"},\"headline\":\"El canvi clim\u00e0tic afecta el subministrament del gra de caf\u00e8\",\"datePublished\":\"2021-09-19T07:23:12+00:00\",\"dateModified\":\"2021-09-20T13:13:36+00:00\",\"mainEntityOfPage\":{\"@id\":\"https:\/\/gremicafe.cat\/2021\/09\/19\/el-canvi-climatic-afecta-el-subministrament-del-gra-de-cafe\/\"},\"wordCount\":224,\"publisher\":{\"@id\":\"https:\/\/gremicafe.cat\/#organization\"},\"image\":{\"@id\":\"https:\/\/gremicafe.cat\/2021\/09\/19\/el-canvi-climatic-afecta-el-subministrament-del-gra-de-cafe\/#primaryimage\"},\"thumbnailUrl\":\"https:\/\/gremicafe.cat\/wp-content\/uploads\/2021\/09\/gra-de-cafe-gremicafecat.jpg\",\"articleSection\":[\"Not\u00edcies\"],\"inLanguage\":\"es\"},{\"@type\":\"WebPage\",\"@id\":\"https:\/\/gremicafe.cat\/2021\/09\/19\/el-canvi-climatic-afecta-el-subministrament-del-gra-de-cafe\/\",\"url\":\"https:\/\/gremicafe.cat\/2021\/09\/19\/el-canvi-climatic-afecta-el-subministrament-del-gra-de-cafe\/\",\"name\":\"El canvi clim\u00e0tic afecta el subministrament del gra de caf\u00e8 - Gremi del Caf\u00e8, torradors de Catalunya\",\"isPartOf\":{\"@id\":\"https:\/\/gremicafe.cat\/#website\"},\"primaryImageOfPage\":{\"@id\":\"https:\/\/gremicafe.cat\/2021\/09\/19\/el-canvi-climatic-afecta-el-subministrament-del-gra-de-cafe\/#primaryimage\"},\"image\":{\"@id\":\"https:\/\/gremicafe.cat\/2021\/09\/19\/el-canvi-climatic-afecta-el-subministrament-del-gra-de-cafe\/#primaryimage\"},\"thumbnailUrl\":\"https:\/\/gremicafe.cat\/wp-content\/uploads\/2021\/09\/gra-de-cafe-gremicafecat.jpg\",\"datePublished\":\"2021-09-19T07:23:12+00:00\",\"dateModified\":\"2021-09-20T13:13:36+00:00\",\"breadcrumb\":{\"@id\":\"https:\/\/gremicafe.cat\/2021\/09\/19\/el-canvi-climatic-afecta-el-subministrament-del-gra-de-cafe\/#breadcrumb\"},\"inLanguage\":\"es\",\"potentialAction\":[{\"@type\":\"ReadAction\",\"target\":[\"https:\/\/gremicafe.cat\/2021\/09\/19\/el-canvi-climatic-afecta-el-subministrament-del-gra-de-cafe\/\"]}]},{\"@type\":\"ImageObject\",\"inLanguage\":\"es\",\"@id\":\"https:\/\/gremicafe.cat\/2021\/09\/19\/el-canvi-climatic-afecta-el-subministrament-del-gra-de-cafe\/#primaryimage\",\"url\":\"https:\/\/gremicafe.cat\/wp-content\/uploads\/2021\/09\/gra-de-cafe-gremicafecat.jpg\",\"contentUrl\":\"https:\/\/gremicafe.cat\/wp-content\/uploads\/2021\/09\/gra-de-cafe-gremicafecat.jpg\",\"width\":1200,\"height\":800,\"caption\":\"gra de caf\u00e8 - gremi caf\u00e8 cat\"},{\"@type\":\"BreadcrumbList\",\"@id\":\"https:\/\/gremicafe.cat\/2021\/09\/19\/el-canvi-climatic-afecta-el-subministrament-del-gra-de-cafe\/#breadcrumb\",\"itemListElement\":[{\"@type\":\"ListItem\",\"position\":1,\"name\":\"Inici\",\"item\":\"https:\/\/gremicafe.cat\/\"},{\"@type\":\"ListItem\",\"position\":2,\"name\":\"El canvi clim\u00e0tic afecta el subministrament del gra de caf\u00e8\"}]},{\"@type\":\"WebSite\",\"@id\":\"https:\/\/gremicafe.cat\/#website\",\"url\":\"https:\/\/gremicafe.cat\/\",\"name\":\"Gremi del Caf\u00e8, torradors de Catalunya\",\"description\":\"Web oficial del gremi de torradors de caf\u00e8 de Catalunya\",\"publisher\":{\"@id\":\"https:\/\/gremicafe.cat\/#organization\"},\"potentialAction\":[{\"@type\":\"SearchAction\",\"target\":{\"@type\":\"EntryPoint\",\"urlTemplate\":\"https:\/\/gremicafe.cat\/?s={search_term_string}\"},\"query-input\":{\"@type\":\"PropertyValueSpecification\",\"valueRequired\":true,\"valueName\":\"search_term_string\"}}],\"inLanguage\":\"es\"},{\"@type\":\"Organization\",\"@id\":\"https:\/\/gremicafe.cat\/#organization\",\"name\":\"Gremi del Caf\u00e8, Torradors de Catalunya\",\"url\":\"https:\/\/gremicafe.cat\/\",\"logo\":{\"@type\":\"ImageObject\",\"inLanguage\":\"es\",\"@id\":\"https:\/\/gremicafe.cat\/#\/schema\/logo\/image\/\",\"url\":\"https:\/\/gremicafe.cat\/wp-content\/uploads\/2018\/03\/gremicafe-logo250.png\",\"contentUrl\":\"https:\/\/gremicafe.cat\/wp-content\/uploads\/2018\/03\/gremicafe-logo250.png\",\"width\":250,\"height\":49,\"caption\":\"Gremi del Caf\u00e8, Torradors de Catalunya\"},\"image\":{\"@id\":\"https:\/\/gremicafe.cat\/#\/schema\/logo\/image\/\"},\"sameAs\":[\"https:\/\/www.facebook.com\/gremicafecat\",\"https:\/\/x.com\/gremicafecat\",\"https:\/\/www.instagram.com\/gremicafecat\/\",\"https:\/\/www.pinterest.es\/gremicafecat\/\",\"https:\/\/www.youtube.com\/channel\/UCGLo5Y35vLwLvP4FrPZrCrw\/\"]},{\"@type\":\"Person\",\"@id\":\"https:\/\/gremicafe.cat\/#\/schema\/person\/dabfdbb3d0fa36260855a380f94e4733\",\"name\":\"gremicafe\",\"image\":{\"@type\":\"ImageObject\",\"inLanguage\":\"es\",\"@id\":\"https:\/\/gremicafe.cat\/#\/schema\/person\/image\/\",\"url\":\"https:\/\/secure.gravatar.com\/avatar\/e59baa4ca8f6f97576d6375fb6d3c8f0?s=96&d=mm&r=g\",\"contentUrl\":\"https:\/\/secure.gravatar.com\/avatar\/e59baa4ca8f6f97576d6375fb6d3c8f0?s=96&d=mm&r=g\",\"caption\":\"gremicafe\"}}]}<\/script>\n<!-- \/ Yoast SEO plugin. -->","yoast_head_json":{"title":"El canvi clim\u00e0tic afecta el subministrament del gra de caf\u00e8 - Gremi del Caf\u00e8, torradors de Catalunya","robots":{"index":"index","follow":"follow","max-snippet":"max-snippet:-1","max-image-preview":"max-image-preview:large","max-video-preview":"max-video-preview:-1"},"canonical":"https:\/\/gremicafe.cat\/es\/2021\/09\/19\/el-canvi-climatic-afecta-el-subministrament-del-gra-de-cafe\/","og_locale":"es_ES","og_type":"article","og_title":"El canvi clim\u00e0tic afecta el subministrament del gra de caf\u00e8 - Gremi del Caf\u00e8, torradors de Catalunya","og_description":"&nbsp; L&#8217;onada de fred i la sequera a Brasil amena\u00e7a la producci\u00f3 de caf\u00e8 per als pr\u00f2xims dos anys. El mes de juliol ha sigut un mes estrany per un dels principals productors de caf\u00e8. El fred acompanyat de neu, i una sequera extrema estan provocant que la collita del 2022 no pugui recuperar els [&hellip;]","og_url":"https:\/\/gremicafe.cat\/es\/2021\/09\/19\/el-canvi-climatic-afecta-el-subministrament-del-gra-de-cafe\/","og_site_name":"Gremi del Caf\u00e8, torradors de Catalunya","article_publisher":"https:\/\/www.facebook.com\/gremicafecat","article_published_time":"2021-09-19T07:23:12+00:00","article_modified_time":"2021-09-20T13:13:36+00:00","og_image":[{"width":1200,"height":800,"url":"https:\/\/gremicafe.cat\/wp-content\/uploads\/2021\/09\/gra-de-cafe-gremicafecat.jpg","type":"image\/jpeg"}],"author":"gremicafe","twitter_card":"summary_large_image","twitter_creator":"@gremicafecat","twitter_site":"@gremicafecat","twitter_misc":{"Escrito por":"gremicafe","Tiempo de lectura":"2 minutos"},"schema":{"@context":"https:\/\/schema.org","@graph":[{"@type":"Article","@id":"https:\/\/gremicafe.cat\/2021\/09\/19\/el-canvi-climatic-afecta-el-subministrament-del-gra-de-cafe\/#article","isPartOf":{"@id":"https:\/\/gremicafe.cat\/2021\/09\/19\/el-canvi-climatic-afecta-el-subministrament-del-gra-de-cafe\/"},"author":{"name":"gremicafe","@id":"https:\/\/gremicafe.cat\/#\/schema\/person\/dabfdbb3d0fa36260855a380f94e4733"},"headline":"El canvi clim\u00e0tic afecta el subministrament del gra de caf\u00e8","datePublished":"2021-09-19T07:23:12+00:00","dateModified":"2021-09-20T13:13:36+00:00","mainEntityOfPage":{"@id":"https:\/\/gremicafe.cat\/2021\/09\/19\/el-canvi-climatic-afecta-el-subministrament-del-gra-de-cafe\/"},"wordCount":224,"publisher":{"@id":"https:\/\/gremicafe.cat\/#organization"},"image":{"@id":"https:\/\/gremicafe.cat\/2021\/09\/19\/el-canvi-climatic-afecta-el-subministrament-del-gra-de-cafe\/#primaryimage"},"thumbnailUrl":"https:\/\/gremicafe.cat\/wp-content\/uploads\/2021\/09\/gra-de-cafe-gremicafecat.jpg","articleSection":["Not\u00edcies"],"inLanguage":"es"},{"@type":"WebPage","@id":"https:\/\/gremicafe.cat\/2021\/09\/19\/el-canvi-climatic-afecta-el-subministrament-del-gra-de-cafe\/","url":"https:\/\/gremicafe.cat\/2021\/09\/19\/el-canvi-climatic-afecta-el-subministrament-del-gra-de-cafe\/","name":"El canvi clim\u00e0tic afecta el subministrament del gra de caf\u00e8 - Gremi del Caf\u00e8, torradors de Catalunya","isPartOf":{"@id":"https:\/\/gremicafe.cat\/#website"},"primaryImageOfPage":{"@id":"https:\/\/gremicafe.cat\/2021\/09\/19\/el-canvi-climatic-afecta-el-subministrament-del-gra-de-cafe\/#primaryimage"},"image":{"@id":"https:\/\/gremicafe.cat\/2021\/09\/19\/el-canvi-climatic-afecta-el-subministrament-del-gra-de-cafe\/#primaryimage"},"thumbnailUrl":"https:\/\/gremicafe.cat\/wp-content\/uploads\/2021\/09\/gra-de-cafe-gremicafecat.jpg","datePublished":"2021-09-19T07:23:12+00:00","dateModified":"2021-09-20T13:13:36+00:00","breadcrumb":{"@id":"https:\/\/gremicafe.cat\/2021\/09\/19\/el-canvi-climatic-afecta-el-subministrament-del-gra-de-cafe\/#breadcrumb"},"inLanguage":"es","potentialAction":[{"@type":"ReadAction","target":["https:\/\/gremicafe.cat\/2021\/09\/19\/el-canvi-climatic-afecta-el-subministrament-del-gra-de-cafe\/"]}]},{"@type":"ImageObject","inLanguage":"es","@id":"https:\/\/gremicafe.cat\/2021\/09\/19\/el-canvi-climatic-afecta-el-subministrament-del-gra-de-cafe\/#primaryimage","url":"https:\/\/gremicafe.cat\/wp-content\/uploads\/2021\/09\/gra-de-cafe-gremicafecat.jpg","contentUrl":"https:\/\/gremicafe.cat\/wp-content\/uploads\/2021\/09\/gra-de-cafe-gremicafecat.jpg","width":1200,"height":800,"caption":"gra de caf\u00e8 - gremi caf\u00e8 cat"},{"@type":"BreadcrumbList","@id":"https:\/\/gremicafe.cat\/2021\/09\/19\/el-canvi-climatic-afecta-el-subministrament-del-gra-de-cafe\/#breadcrumb","itemListElement":[{"@type":"ListItem","position":1,"name":"Inici","item":"https:\/\/gremicafe.cat\/"},{"@type":"ListItem","position":2,"name":"El canvi clim\u00e0tic afecta el subministrament del gra de caf\u00e8"}]},{"@type":"WebSite","@id":"https:\/\/gremicafe.cat\/#website","url":"https:\/\/gremicafe.cat\/","name":"Gremio del Caf\u00e9, tostadores de Catalu\u00f1a","description":"Web oficial del gremio de tostadores de caf\u00e9 de Catalunya","publisher":{"@id":"https:\/\/gremicafe.cat\/#organization"},"potentialAction":[{"@type":"SearchAction","target":{"@type":"EntryPoint","urlTemplate":"https:\/\/gremicafe.cat\/?s={search_term_string}"},"query-input":{"@type":"PropertyValueSpecification","valueRequired":true,"valueName":"search_term_string"}}],"inLanguage":"es"},{"@type":"Organization","@id":"https:\/\/gremicafe.cat\/#organization","name":"Gremio del Caf\u00e9, Tostadores de Catalu\u00f1a","url":"https:\/\/gremicafe.cat\/","logo":{"@type":"ImageObject","inLanguage":"es","@id":"https:\/\/gremicafe.cat\/#\/schema\/logo\/image\/","url":"https:\/\/gremicafe.cat\/wp-content\/uploads\/2018\/03\/gremicafe-logo250.png","contentUrl":"https:\/\/gremicafe.cat\/wp-content\/uploads\/2018\/03\/gremicafe-logo250.png","width":250,"height":49,"caption":"Gremi del Caf\u00e8, Torradors de Catalunya"},"image":{"@id":"https:\/\/gremicafe.cat\/#\/schema\/logo\/image\/"},"sameAs":["https:\/\/www.facebook.com\/gremicafecat","https:\/\/x.com\/gremicafecat","https:\/\/www.instagram.com\/gremicafecat\/","https:\/\/www.pinterest.es\/gremicafecat\/","https:\/\/www.youtube.com\/channel\/UCGLo5Y35vLwLvP4FrPZrCrw\/"]},{"@type":"Person","@id":"https:\/\/gremicafe.cat\/#\/schema\/person\/dabfdbb3d0fa36260855a380f94e4733","name":"gremicafe","image":{"@type":"ImageObject","inLanguage":"es","@id":"https:\/\/gremicafe.cat\/#\/schema\/person\/image\/","url":"https:\/\/secure.gravatar.com\/avatar\/e59baa4ca8f6f97576d6375fb6d3c8f0?s=96&d=mm&r=g","contentUrl":"https:\/\/secure.gravatar.com\/avatar\/e59baa4ca8f6f97576d6375fb6d3c8f0?s=96&d=mm&r=g","caption":"gremicafe"}}]}},"_links":{"self":[{"href":"https:\/\/gremicafe.cat\/es\/wp-json\/wp\/v2\/posts\/6238"}],"collection":[{"href":"https:\/\/gremicafe.cat\/es\/wp-json\/wp\/v2\/posts"}],"about":[{"href":"https:\/\/gremicafe.cat\/es\/wp-json\/wp\/v2\/types\/post"}],"author":[{"embeddable":true,"href":"https:\/\/gremicafe.cat\/es\/wp-json\/wp\/v2\/users\/1"}],"replies":[{"embeddable":true,"href":"https:\/\/gremicafe.cat\/es\/wp-json\/wp\/v2\/comments?post=6238"}],"version-history":[{"count":0,"href":"https:\/\/gremicafe.cat\/es\/wp-json\/wp\/v2\/posts\/6238\/revisions"}],"wp:featuredmedia":[{"embeddable":true,"href":"https:\/\/gremicafe.cat\/es\/wp-json\/wp\/v2\/media\/6240"}],"wp:attachment":[{"href":"https:\/\/gremicafe.cat\/es\/wp-json\/wp\/v2\/media?parent=6238"}],"wp:term":[{"taxonomy":"category","embeddable":true,"href":"https:\/\/gremicafe.cat\/es\/wp-json\/wp\/v2\/categories?post=6238"},{"taxonomy":"post_tag","embeddable":true,"href":"https:\/\/gremicafe.cat\/es\/wp-json\/wp\/v2\/tags?post=6238"}],"curies":[{"name":"wp","href":"https:\/\/api.w.org\/{rel}","templated":true}]}}