{"id":6242,"date":"2021-09-20T15:10:39","date_gmt":"2021-09-20T13:10:39","guid":{"rendered":"https:\/\/gremicafe.cat\/?p=6242"},"modified":"2021-10-18T13:11:27","modified_gmt":"2021-10-18T11:11:27","slug":"cafes-novell-presenta-el-nou-cafe-mexico","status":"publish","type":"post","link":"https:\/\/gremicafe.cat\/es\/2021\/09\/20\/cafes-novell-presenta-el-nou-cafe-mexico\/","title":{"rendered":"Caf\u00e9s Novell presenta el nuevo caf\u00e9 \u201cM\u00e9xico\u201d"},"content":{"rendered":"<p><img loading=\"lazy\" decoding=\"async\" class=\"aligncenter size-full wp-image-6243\" src=\"https:\/\/gremicafe.cat\/wp-content\/uploads\/2021\/09\/cafes-novell-mexico.jpg\" alt=\"cafes novell mexico gremicafe\" width=\"1200\" height=\"1200\" srcset=\"https:\/\/gremicafe.cat\/wp-content\/uploads\/2021\/09\/cafes-novell-mexico.jpg 1200w, https:\/\/gremicafe.cat\/wp-content\/uploads\/2021\/09\/cafes-novell-mexico-300x300.jpg 300w, https:\/\/gremicafe.cat\/wp-content\/uploads\/2021\/09\/cafes-novell-mexico-1160x1160.jpg 1160w, https:\/\/gremicafe.cat\/wp-content\/uploads\/2021\/09\/cafes-novell-mexico-150x150.jpg 150w, https:\/\/gremicafe.cat\/wp-content\/uploads\/2021\/09\/cafes-novell-mexico-768x768.jpg 768w, https:\/\/gremicafe.cat\/wp-content\/uploads\/2021\/09\/cafes-novell-mexico-720x720.jpg 720w\" sizes=\"(max-width: 1200px) 100vw, 1200px\" \/><\/p>\n<p>&nbsp;<\/p>\n<p>Este lunes 20 de septiembre, <strong>Caf\u00e9s Novell<\/strong> ha lanzado a la venta su nueva variedad de caf\u00e9 llamada \u201c<a href=\"https:\/\/cafesnovell.com\/monovarietal-mexico-bellavista-cat-producte\" target=\"_blank\" rel=\"noopener\"><strong>M\u00e9xico<\/strong><\/a>\u201c.<\/p>\n<p>Este nuevo tipo de caf\u00e9 proviene de la regi\u00f3n de Bella Vista, un municipio en el coraz\u00f3n de la <strong>sierra de Chiapas del sur de M\u00e9xico<\/strong>. El caf\u00e9, producido por 38 fincas familiares, es de la variedad Typica, Bourbon, plantado a 1550 metros de altitud. Desprende unos aromas de caramelo y cacahuete, y su sabor contiene notas de pomelo, mango y chocolate.<\/p>\n<p>La cooperativa de las fincas se llama <strong>Mayan Harvest Coffee<\/strong>, y est\u00e1 centrada en las mujeres, donde su fundadora y 60 de los 100 productores son mujeres.<\/p>\n<p>Esta nueva variedad de caf\u00e9 est\u00e1 <strong>disponible con los formatos: c\u00e1psulas compostables, caf\u00e9 en grano y molido<\/strong>. Los puedes encontrar en la <a href=\"https:\/\/cafesnovell.com\/ca\/categoria-producte\/cafes-ca\/\" target=\"_blank\" rel=\"noopener\"><strong>su tienda online aqu\u00ed<\/strong><\/a>.<\/p>\n<p>&nbsp;<\/p>\n<p>&nbsp;<\/p>","protected":false},"excerpt":{"rendered":"<p>&nbsp; Aquest dilluns 20 de setembre, Caf\u00e8s Novell ha llan\u00e7at a la venda la seva nova varietat de caf\u00e8 anomenada &#8220;M\u00e9xico&#8220;. Aquest nou tipus de caf\u00e8 prov\u00e9 de la regi\u00f3 de Bella Vista, un municipi al cor de la serra de Chiapas del sud de M\u00e8xic. El caf\u00e8, produ\u00eft per 38 finques familiars, \u00e9s de [&hellip;]<\/p>\n","protected":false},"author":1,"featured_media":6243,"comment_status":"closed","ping_status":"open","sticky":false,"template":"","format":"standard","meta":{"_acf_changed":false,"inline_featured_image":false,"footnotes":""},"categories":[1,81],"tags":[],"class_list":["post-6242","post","type-post","status-publish","format-standard","has-post-thumbnail","hentry","category-noticies","category-novetats"],"acf":[],"yoast_head":"<!-- This site is optimized with the Yoast SEO plugin v25.5 - https:\/\/yoast.com\/wordpress\/plugins\/seo\/ -->\n<title>Caf\u00e8s Novell presenta el nou caf\u00e8 &quot;M\u00e9xico&quot; - Gremi del Caf\u00e8, torradors de Catalunya<\/title>\n<meta name=\"robots\" content=\"index, follow, max-snippet:-1, max-image-preview:large, max-video-preview:-1\" \/>\n<link rel=\"canonical\" href=\"https:\/\/gremicafe.cat\/es\/2021\/09\/20\/cafes-novell-presenta-el-nou-cafe-mexico\/\" \/>\n<meta property=\"og:locale\" content=\"es_ES\" \/>\n<meta property=\"og:type\" content=\"article\" \/>\n<meta property=\"og:title\" content=\"Caf\u00e8s Novell presenta el nou caf\u00e8 &quot;M\u00e9xico&quot; - Gremi del Caf\u00e8, torradors de Catalunya\" \/>\n<meta property=\"og:description\" content=\"&nbsp; Aquest dilluns 20 de setembre, Caf\u00e8s Novell ha llan\u00e7at a la venda la seva nova varietat de caf\u00e8 anomenada &#8220;M\u00e9xico&#8220;. Aquest nou tipus de caf\u00e8 prov\u00e9 de la regi\u00f3 de Bella Vista, un municipi al cor de la serra de Chiapas del sud de M\u00e8xic. El caf\u00e8, produ\u00eft per 38 finques familiars, \u00e9s de [&hellip;]\" \/>\n<meta property=\"og:url\" content=\"https:\/\/gremicafe.cat\/es\/2021\/09\/20\/cafes-novell-presenta-el-nou-cafe-mexico\/\" \/>\n<meta property=\"og:site_name\" content=\"Gremi del Caf\u00e8, torradors de Catalunya\" \/>\n<meta property=\"article:publisher\" content=\"https:\/\/www.facebook.com\/gremicafecat\" \/>\n<meta property=\"article:published_time\" content=\"2021-09-20T13:10:39+00:00\" \/>\n<meta property=\"article:modified_time\" content=\"2021-10-18T11:11:27+00:00\" \/>\n<meta property=\"og:image\" content=\"https:\/\/gremicafe.cat\/wp-content\/uploads\/2021\/09\/cafes-novell-mexico.jpg\" \/>\n\t<meta property=\"og:image:width\" content=\"1200\" \/>\n\t<meta property=\"og:image:height\" content=\"1200\" \/>\n\t<meta property=\"og:image:type\" content=\"image\/jpeg\" \/>\n<meta name=\"author\" content=\"gremicafe\" \/>\n<meta name=\"twitter:card\" content=\"summary_large_image\" \/>\n<meta name=\"twitter:creator\" content=\"@gremicafecat\" \/>\n<meta name=\"twitter:site\" content=\"@gremicafecat\" \/>\n<meta name=\"twitter:label1\" content=\"Escrito por\" \/>\n\t<meta name=\"twitter:data1\" content=\"gremicafe\" \/>\n\t<meta name=\"twitter:label2\" content=\"Tiempo de lectura\" \/>\n\t<meta name=\"twitter:data2\" content=\"1 minuto\" \/>\n<script type=\"application\/ld+json\" class=\"yoast-schema-graph\">{\"@context\":\"https:\/\/schema.org\",\"@graph\":[{\"@type\":\"Article\",\"@id\":\"https:\/\/gremicafe.cat\/2021\/09\/20\/cafes-novell-presenta-el-nou-cafe-mexico\/#article\",\"isPartOf\":{\"@id\":\"https:\/\/gremicafe.cat\/2021\/09\/20\/cafes-novell-presenta-el-nou-cafe-mexico\/\"},\"author\":{\"name\":\"gremicafe\",\"@id\":\"https:\/\/gremicafe.cat\/#\/schema\/person\/dabfdbb3d0fa36260855a380f94e4733\"},\"headline\":\"Caf\u00e8s Novell presenta el nou caf\u00e8 &#8220;M\u00e9xico&#8221;\",\"datePublished\":\"2021-09-20T13:10:39+00:00\",\"dateModified\":\"2021-10-18T11:11:27+00:00\",\"mainEntityOfPage\":{\"@id\":\"https:\/\/gremicafe.cat\/2021\/09\/20\/cafes-novell-presenta-el-nou-cafe-mexico\/\"},\"wordCount\":150,\"publisher\":{\"@id\":\"https:\/\/gremicafe.cat\/#organization\"},\"image\":{\"@id\":\"https:\/\/gremicafe.cat\/2021\/09\/20\/cafes-novell-presenta-el-nou-cafe-mexico\/#primaryimage\"},\"thumbnailUrl\":\"https:\/\/gremicafe.cat\/wp-content\/uploads\/2021\/09\/cafes-novell-mexico.jpg\",\"articleSection\":[\"Not\u00edcies\",\"Novetats\"],\"inLanguage\":\"es\"},{\"@type\":\"WebPage\",\"@id\":\"https:\/\/gremicafe.cat\/2021\/09\/20\/cafes-novell-presenta-el-nou-cafe-mexico\/\",\"url\":\"https:\/\/gremicafe.cat\/2021\/09\/20\/cafes-novell-presenta-el-nou-cafe-mexico\/\",\"name\":\"Caf\u00e8s Novell presenta el nou caf\u00e8 \\\"M\u00e9xico\\\" - Gremi del Caf\u00e8, torradors de Catalunya\",\"isPartOf\":{\"@id\":\"https:\/\/gremicafe.cat\/#website\"},\"primaryImageOfPage\":{\"@id\":\"https:\/\/gremicafe.cat\/2021\/09\/20\/cafes-novell-presenta-el-nou-cafe-mexico\/#primaryimage\"},\"image\":{\"@id\":\"https:\/\/gremicafe.cat\/2021\/09\/20\/cafes-novell-presenta-el-nou-cafe-mexico\/#primaryimage\"},\"thumbnailUrl\":\"https:\/\/gremicafe.cat\/wp-content\/uploads\/2021\/09\/cafes-novell-mexico.jpg\",\"datePublished\":\"2021-09-20T13:10:39+00:00\",\"dateModified\":\"2021-10-18T11:11:27+00:00\",\"breadcrumb\":{\"@id\":\"https:\/\/gremicafe.cat\/2021\/09\/20\/cafes-novell-presenta-el-nou-cafe-mexico\/#breadcrumb\"},\"inLanguage\":\"es\",\"potentialAction\":[{\"@type\":\"ReadAction\",\"target\":[\"https:\/\/gremicafe.cat\/2021\/09\/20\/cafes-novell-presenta-el-nou-cafe-mexico\/\"]}]},{\"@type\":\"ImageObject\",\"inLanguage\":\"es\",\"@id\":\"https:\/\/gremicafe.cat\/2021\/09\/20\/cafes-novell-presenta-el-nou-cafe-mexico\/#primaryimage\",\"url\":\"https:\/\/gremicafe.cat\/wp-content\/uploads\/2021\/09\/cafes-novell-mexico.jpg\",\"contentUrl\":\"https:\/\/gremicafe.cat\/wp-content\/uploads\/2021\/09\/cafes-novell-mexico.jpg\",\"width\":1200,\"height\":1200,\"caption\":\"cafes novell mexico gremicafe\"},{\"@type\":\"BreadcrumbList\",\"@id\":\"https:\/\/gremicafe.cat\/2021\/09\/20\/cafes-novell-presenta-el-nou-cafe-mexico\/#breadcrumb\",\"itemListElement\":[{\"@type\":\"ListItem\",\"position\":1,\"name\":\"Inici\",\"item\":\"https:\/\/gremicafe.cat\/\"},{\"@type\":\"ListItem\",\"position\":2,\"name\":\"Caf\u00e8s Novell presenta el nou caf\u00e8 &#8220;M\u00e9xico&#8221;\"}]},{\"@type\":\"WebSite\",\"@id\":\"https:\/\/gremicafe.cat\/#website\",\"url\":\"https:\/\/gremicafe.cat\/\",\"name\":\"Gremi del Caf\u00e8, torradors de Catalunya\",\"description\":\"Web oficial del gremi de torradors de caf\u00e8 de Catalunya\",\"publisher\":{\"@id\":\"https:\/\/gremicafe.cat\/#organization\"},\"potentialAction\":[{\"@type\":\"SearchAction\",\"target\":{\"@type\":\"EntryPoint\",\"urlTemplate\":\"https:\/\/gremicafe.cat\/?s={search_term_string}\"},\"query-input\":{\"@type\":\"PropertyValueSpecification\",\"valueRequired\":true,\"valueName\":\"search_term_string\"}}],\"inLanguage\":\"es\"},{\"@type\":\"Organization\",\"@id\":\"https:\/\/gremicafe.cat\/#organization\",\"name\":\"Gremi del Caf\u00e8, Torradors de Catalunya\",\"url\":\"https:\/\/gremicafe.cat\/\",\"logo\":{\"@type\":\"ImageObject\",\"inLanguage\":\"es\",\"@id\":\"https:\/\/gremicafe.cat\/#\/schema\/logo\/image\/\",\"url\":\"https:\/\/gremicafe.cat\/wp-content\/uploads\/2018\/03\/gremicafe-logo250.png\",\"contentUrl\":\"https:\/\/gremicafe.cat\/wp-content\/uploads\/2018\/03\/gremicafe-logo250.png\",\"width\":250,\"height\":49,\"caption\":\"Gremi del Caf\u00e8, Torradors de Catalunya\"},\"image\":{\"@id\":\"https:\/\/gremicafe.cat\/#\/schema\/logo\/image\/\"},\"sameAs\":[\"https:\/\/www.facebook.com\/gremicafecat\",\"https:\/\/x.com\/gremicafecat\",\"https:\/\/www.instagram.com\/gremicafecat\/\",\"https:\/\/www.pinterest.es\/gremicafecat\/\",\"https:\/\/www.youtube.com\/channel\/UCGLo5Y35vLwLvP4FrPZrCrw\/\"]},{\"@type\":\"Person\",\"@id\":\"https:\/\/gremicafe.cat\/#\/schema\/person\/dabfdbb3d0fa36260855a380f94e4733\",\"name\":\"gremicafe\",\"image\":{\"@type\":\"ImageObject\",\"inLanguage\":\"es\",\"@id\":\"https:\/\/gremicafe.cat\/#\/schema\/person\/image\/\",\"url\":\"https:\/\/secure.gravatar.com\/avatar\/e59baa4ca8f6f97576d6375fb6d3c8f0?s=96&d=mm&r=g\",\"contentUrl\":\"https:\/\/secure.gravatar.com\/avatar\/e59baa4ca8f6f97576d6375fb6d3c8f0?s=96&d=mm&r=g\",\"caption\":\"gremicafe\"}}]}<\/script>\n<!-- \/ Yoast SEO plugin. -->","yoast_head_json":{"title":"Caf\u00e8s Novell presenta el nou caf\u00e8 \"M\u00e9xico\" - Gremi del Caf\u00e8, torradors de Catalunya","robots":{"index":"index","follow":"follow","max-snippet":"max-snippet:-1","max-image-preview":"max-image-preview:large","max-video-preview":"max-video-preview:-1"},"canonical":"https:\/\/gremicafe.cat\/es\/2021\/09\/20\/cafes-novell-presenta-el-nou-cafe-mexico\/","og_locale":"es_ES","og_type":"article","og_title":"Caf\u00e8s Novell presenta el nou caf\u00e8 \"M\u00e9xico\" - Gremi del Caf\u00e8, torradors de Catalunya","og_description":"&nbsp; Aquest dilluns 20 de setembre, Caf\u00e8s Novell ha llan\u00e7at a la venda la seva nova varietat de caf\u00e8 anomenada &#8220;M\u00e9xico&#8220;. Aquest nou tipus de caf\u00e8 prov\u00e9 de la regi\u00f3 de Bella Vista, un municipi al cor de la serra de Chiapas del sud de M\u00e8xic. El caf\u00e8, produ\u00eft per 38 finques familiars, \u00e9s de [&hellip;]","og_url":"https:\/\/gremicafe.cat\/es\/2021\/09\/20\/cafes-novell-presenta-el-nou-cafe-mexico\/","og_site_name":"Gremi del Caf\u00e8, torradors de Catalunya","article_publisher":"https:\/\/www.facebook.com\/gremicafecat","article_published_time":"2021-09-20T13:10:39+00:00","article_modified_time":"2021-10-18T11:11:27+00:00","og_image":[{"width":1200,"height":1200,"url":"https:\/\/gremicafe.cat\/wp-content\/uploads\/2021\/09\/cafes-novell-mexico.jpg","type":"image\/jpeg"}],"author":"gremicafe","twitter_card":"summary_large_image","twitter_creator":"@gremicafecat","twitter_site":"@gremicafecat","twitter_misc":{"Escrito por":"gremicafe","Tiempo de lectura":"1 minuto"},"schema":{"@context":"https:\/\/schema.org","@graph":[{"@type":"Article","@id":"https:\/\/gremicafe.cat\/2021\/09\/20\/cafes-novell-presenta-el-nou-cafe-mexico\/#article","isPartOf":{"@id":"https:\/\/gremicafe.cat\/2021\/09\/20\/cafes-novell-presenta-el-nou-cafe-mexico\/"},"author":{"name":"gremicafe","@id":"https:\/\/gremicafe.cat\/#\/schema\/person\/dabfdbb3d0fa36260855a380f94e4733"},"headline":"Caf\u00e8s Novell presenta el nou caf\u00e8 &#8220;M\u00e9xico&#8221;","datePublished":"2021-09-20T13:10:39+00:00","dateModified":"2021-10-18T11:11:27+00:00","mainEntityOfPage":{"@id":"https:\/\/gremicafe.cat\/2021\/09\/20\/cafes-novell-presenta-el-nou-cafe-mexico\/"},"wordCount":150,"publisher":{"@id":"https:\/\/gremicafe.cat\/#organization"},"image":{"@id":"https:\/\/gremicafe.cat\/2021\/09\/20\/cafes-novell-presenta-el-nou-cafe-mexico\/#primaryimage"},"thumbnailUrl":"https:\/\/gremicafe.cat\/wp-content\/uploads\/2021\/09\/cafes-novell-mexico.jpg","articleSection":["Not\u00edcies","Novetats"],"inLanguage":"es"},{"@type":"WebPage","@id":"https:\/\/gremicafe.cat\/2021\/09\/20\/cafes-novell-presenta-el-nou-cafe-mexico\/","url":"https:\/\/gremicafe.cat\/2021\/09\/20\/cafes-novell-presenta-el-nou-cafe-mexico\/","name":"Caf\u00e8s Novell presenta el nou caf\u00e8 \"M\u00e9xico\" - Gremi del Caf\u00e8, torradors de Catalunya","isPartOf":{"@id":"https:\/\/gremicafe.cat\/#website"},"primaryImageOfPage":{"@id":"https:\/\/gremicafe.cat\/2021\/09\/20\/cafes-novell-presenta-el-nou-cafe-mexico\/#primaryimage"},"image":{"@id":"https:\/\/gremicafe.cat\/2021\/09\/20\/cafes-novell-presenta-el-nou-cafe-mexico\/#primaryimage"},"thumbnailUrl":"https:\/\/gremicafe.cat\/wp-content\/uploads\/2021\/09\/cafes-novell-mexico.jpg","datePublished":"2021-09-20T13:10:39+00:00","dateModified":"2021-10-18T11:11:27+00:00","breadcrumb":{"@id":"https:\/\/gremicafe.cat\/2021\/09\/20\/cafes-novell-presenta-el-nou-cafe-mexico\/#breadcrumb"},"inLanguage":"es","potentialAction":[{"@type":"ReadAction","target":["https:\/\/gremicafe.cat\/2021\/09\/20\/cafes-novell-presenta-el-nou-cafe-mexico\/"]}]},{"@type":"ImageObject","inLanguage":"es","@id":"https:\/\/gremicafe.cat\/2021\/09\/20\/cafes-novell-presenta-el-nou-cafe-mexico\/#primaryimage","url":"https:\/\/gremicafe.cat\/wp-content\/uploads\/2021\/09\/cafes-novell-mexico.jpg","contentUrl":"https:\/\/gremicafe.cat\/wp-content\/uploads\/2021\/09\/cafes-novell-mexico.jpg","width":1200,"height":1200,"caption":"cafes novell mexico gremicafe"},{"@type":"BreadcrumbList","@id":"https:\/\/gremicafe.cat\/2021\/09\/20\/cafes-novell-presenta-el-nou-cafe-mexico\/#breadcrumb","itemListElement":[{"@type":"ListItem","position":1,"name":"Inici","item":"https:\/\/gremicafe.cat\/"},{"@type":"ListItem","position":2,"name":"Caf\u00e8s Novell presenta el nou caf\u00e8 &#8220;M\u00e9xico&#8221;"}]},{"@type":"WebSite","@id":"https:\/\/gremicafe.cat\/#website","url":"https:\/\/gremicafe.cat\/","name":"Gremio del Caf\u00e9, tostadores de Catalu\u00f1a","description":"Web oficial del gremio de tostadores de caf\u00e9 de Catalunya","publisher":{"@id":"https:\/\/gremicafe.cat\/#organization"},"potentialAction":[{"@type":"SearchAction","target":{"@type":"EntryPoint","urlTemplate":"https:\/\/gremicafe.cat\/?s={search_term_string}"},"query-input":{"@type":"PropertyValueSpecification","valueRequired":true,"valueName":"search_term_string"}}],"inLanguage":"es"},{"@type":"Organization","@id":"https:\/\/gremicafe.cat\/#organization","name":"Gremio del Caf\u00e9, Tostadores de Catalu\u00f1a","url":"https:\/\/gremicafe.cat\/","logo":{"@type":"ImageObject","inLanguage":"es","@id":"https:\/\/gremicafe.cat\/#\/schema\/logo\/image\/","url":"https:\/\/gremicafe.cat\/wp-content\/uploads\/2018\/03\/gremicafe-logo250.png","contentUrl":"https:\/\/gremicafe.cat\/wp-content\/uploads\/2018\/03\/gremicafe-logo250.png","width":250,"height":49,"caption":"Gremi del Caf\u00e8, Torradors de Catalunya"},"image":{"@id":"https:\/\/gremicafe.cat\/#\/schema\/logo\/image\/"},"sameAs":["https:\/\/www.facebook.com\/gremicafecat","https:\/\/x.com\/gremicafecat","https:\/\/www.instagram.com\/gremicafecat\/","https:\/\/www.pinterest.es\/gremicafecat\/","https:\/\/www.youtube.com\/channel\/UCGLo5Y35vLwLvP4FrPZrCrw\/"]},{"@type":"Person","@id":"https:\/\/gremicafe.cat\/#\/schema\/person\/dabfdbb3d0fa36260855a380f94e4733","name":"gremicafe","image":{"@type":"ImageObject","inLanguage":"es","@id":"https:\/\/gremicafe.cat\/#\/schema\/person\/image\/","url":"https:\/\/secure.gravatar.com\/avatar\/e59baa4ca8f6f97576d6375fb6d3c8f0?s=96&d=mm&r=g","contentUrl":"https:\/\/secure.gravatar.com\/avatar\/e59baa4ca8f6f97576d6375fb6d3c8f0?s=96&d=mm&r=g","caption":"gremicafe"}}]}},"_links":{"self":[{"href":"https:\/\/gremicafe.cat\/es\/wp-json\/wp\/v2\/posts\/6242"}],"collection":[{"href":"https:\/\/gremicafe.cat\/es\/wp-json\/wp\/v2\/posts"}],"about":[{"href":"https:\/\/gremicafe.cat\/es\/wp-json\/wp\/v2\/types\/post"}],"author":[{"embeddable":true,"href":"https:\/\/gremicafe.cat\/es\/wp-json\/wp\/v2\/users\/1"}],"replies":[{"embeddable":true,"href":"https:\/\/gremicafe.cat\/es\/wp-json\/wp\/v2\/comments?post=6242"}],"version-history":[{"count":0,"href":"https:\/\/gremicafe.cat\/es\/wp-json\/wp\/v2\/posts\/6242\/revisions"}],"wp:featuredmedia":[{"embeddable":true,"href":"https:\/\/gremicafe.cat\/es\/wp-json\/wp\/v2\/media\/6243"}],"wp:attachment":[{"href":"https:\/\/gremicafe.cat\/es\/wp-json\/wp\/v2\/media?parent=6242"}],"wp:term":[{"taxonomy":"category","embeddable":true,"href":"https:\/\/gremicafe.cat\/es\/wp-json\/wp\/v2\/categories?post=6242"},{"taxonomy":"post_tag","embeddable":true,"href":"https:\/\/gremicafe.cat\/es\/wp-json\/wp\/v2\/tags?post=6242"}],"curies":[{"name":"wp","href":"https:\/\/api.w.org\/{rel}","templated":true}]}}