{"id":6251,"date":"2021-09-24T09:18:41","date_gmt":"2021-09-24T07:18:41","guid":{"rendered":"https:\/\/gremicafe.cat\/?p=6251"},"modified":"2021-10-27T14:50:41","modified_gmt":"2021-10-27T12:50:41","slug":"el-preu-del-cafe-segueix-en-augment","status":"publish","type":"post","link":"https:\/\/gremicafe.cat\/es\/2021\/09\/24\/el-preu-del-cafe-segueix-en-augment\/","title":{"rendered":"El precio del caf\u00e9 sigue en aumento"},"content":{"rendered":"<p><img loading=\"lazy\" decoding=\"async\" class=\"aligncenter size-full wp-image-6253\" src=\"https:\/\/gremicafe.cat\/wp-content\/uploads\/2021\/09\/cafe-verd.jpg\" alt=\"preu cafe gra gremicafecat\" width=\"1200\" height=\"800\" srcset=\"https:\/\/gremicafe.cat\/wp-content\/uploads\/2021\/09\/cafe-verd.jpg 1200w, https:\/\/gremicafe.cat\/wp-content\/uploads\/2021\/09\/cafe-verd-768x512.jpg 768w, https:\/\/gremicafe.cat\/wp-content\/uploads\/2021\/09\/cafe-verd-1080x720.jpg 1080w\" sizes=\"(max-width: 1200px) 100vw, 1200px\" \/><\/p>\n<p>&nbsp;<\/p>\n<p>Como ya explicamos en este otro art\u00edculo, <a href=\"https:\/\/gremicafe.cat\/es\/2021\/09\/19\/el-canvi-climatic-afecta-el-subministrament-del-gra-de-cafe\/\">el cambio clim\u00e1tico est\u00e1 afectando al suministro del grano de caf\u00e9 de uno de los pa\u00edses productores m\u00e1s importantes, Brasil<\/a>.<\/p>\n<p>Debido a la sequ\u00eda importante y una ola de fr\u00edo en zonas poco habituales, la producci\u00f3n de caf\u00e9 est\u00e1 disminuyendo considerablemente. Este hecho, junto con las restricciones de la Covid-19, est\u00e1 repercutiendo directamente en el precio que se paga a los proveedores mundiales, y podr\u00eda tener un efecto directo en una posible subida del precio de la taza de caf\u00e9.<\/p>\n<p><strong>El caf\u00e9 ha experimentado un gran aumento<\/strong>, su precio se duplic\u00f3 desde los m\u00ednimos registrados en junio de 2020 en 92,70 centavos. Este mes de septiembre, los precios se situaban ya en torno a los 182,38 \u2013 184,3.<\/p>\n<p>&nbsp;<\/p>\n<p>M\u00e1s informaci\u00f3n sobre la actualidad de los precios del caf\u00e9 verde:<\/p>\n<ul>\n<li>Efe.com: <a href=\"https:\/\/www.efe.com\/efe\/america\/economia\/el-precio-del-cafe-se-dispara-un-10-en-dia-la-mayor-subida-7-anos\/20000011-4592894\">El precio del caf\u00e9 se dispara en un 1o% en un d\u00eda, la mayor subida en 7 a\u00f1os<\/a><\/li>\n<li>cnnespa\u00f1ol: <a href=\"https:\/\/cnnespanol.cnn.com\/2021\/07\/29\/aumento-precio-cafe-no-cambiara-lo-que-pagas-trax\/\">Por qu\u00e9 el aumento del precio del caf\u00e9 no cambiar\u00e1 lo que pagas por las bebidas de Starbucks<\/a><\/li>\n<li>ICO.org: <a href=\"https:\/\/www.ico.org\/documents\/cy2020-21\/cmr-0321-c.pdf\">Informe del mercado de caf\u00e9 (marzo 2021)<\/a><\/li>\n<li>El economista: <a href=\"https:\/\/www.eleconomista.com.mx\/opinion\/Perspectivas-del-cafe-en-el-mercado-mundial-2021-20210614-0102.html\">Perspectivas del caf\u00e9 en el mercado mundial 2021<\/a><\/li>\n<li>Inversi\u00f3n.es: <a href=\"https:\/\/www.inversion.es\/2021\/09\/22\/starbucks-cafe-covid-19\/\">Subida de precios en Starbucks: el caf\u00e9 tendr\u00e1 la culpa de lo que pase<\/a><\/li>\n<\/ul>\n<p>&nbsp;<\/p>","protected":false},"excerpt":{"rendered":"<p>&nbsp; Com ja vam explicar en aquest altre article, el canvi clim\u00e0tic est\u00e0 afectant el subministrament del gra de caf\u00e8 d&#8217;un dels pa\u00efsos productors m\u00e9s importants, el Brasil. A causa de la sequera important i una onada de fred en unes zones poc habituals, la producci\u00f3 de caf\u00e8 est\u00e0 disminuint considerablement. Aquest fet, juntament amb [&hellip;]<\/p>\n","protected":false},"author":1,"featured_media":6253,"comment_status":"closed","ping_status":"open","sticky":false,"template":"","format":"standard","meta":{"_acf_changed":false,"inline_featured_image":false,"footnotes":""},"categories":[1],"tags":[],"class_list":["post-6251","post","type-post","status-publish","format-standard","has-post-thumbnail","hentry","category-noticies"],"acf":[],"yoast_head":"<!-- This site is optimized with the Yoast SEO plugin v25.5 - https:\/\/yoast.com\/wordpress\/plugins\/seo\/ -->\n<title>El preu del caf\u00e8 segueix en augment - Gremi del Caf\u00e8, torradors de Catalunya<\/title>\n<meta name=\"robots\" content=\"index, follow, max-snippet:-1, max-image-preview:large, max-video-preview:-1\" \/>\n<link rel=\"canonical\" href=\"https:\/\/gremicafe.cat\/es\/2021\/09\/24\/el-preu-del-cafe-segueix-en-augment\/\" \/>\n<meta property=\"og:locale\" content=\"es_ES\" \/>\n<meta property=\"og:type\" content=\"article\" \/>\n<meta property=\"og:title\" content=\"El preu del caf\u00e8 segueix en augment - Gremi del Caf\u00e8, torradors de Catalunya\" \/>\n<meta property=\"og:description\" content=\"&nbsp; Com ja vam explicar en aquest altre article, el canvi clim\u00e0tic est\u00e0 afectant el subministrament del gra de caf\u00e8 d&#8217;un dels pa\u00efsos productors m\u00e9s importants, el Brasil. A causa de la sequera important i una onada de fred en unes zones poc habituals, la producci\u00f3 de caf\u00e8 est\u00e0 disminuint considerablement. Aquest fet, juntament amb [&hellip;]\" \/>\n<meta property=\"og:url\" content=\"https:\/\/gremicafe.cat\/es\/2021\/09\/24\/el-preu-del-cafe-segueix-en-augment\/\" \/>\n<meta property=\"og:site_name\" content=\"Gremi del Caf\u00e8, torradors de Catalunya\" \/>\n<meta property=\"article:publisher\" content=\"https:\/\/www.facebook.com\/gremicafecat\" \/>\n<meta property=\"article:published_time\" content=\"2021-09-24T07:18:41+00:00\" \/>\n<meta property=\"article:modified_time\" content=\"2021-10-27T12:50:41+00:00\" \/>\n<meta property=\"og:image\" content=\"https:\/\/gremicafe.cat\/wp-content\/uploads\/2021\/09\/cafe-verd.jpg\" \/>\n\t<meta property=\"og:image:width\" content=\"1200\" \/>\n\t<meta property=\"og:image:height\" content=\"800\" \/>\n\t<meta property=\"og:image:type\" content=\"image\/jpeg\" \/>\n<meta name=\"author\" content=\"gremicafe\" \/>\n<meta name=\"twitter:card\" content=\"summary_large_image\" \/>\n<meta name=\"twitter:creator\" content=\"@gremicafecat\" \/>\n<meta name=\"twitter:site\" content=\"@gremicafecat\" \/>\n<meta name=\"twitter:label1\" content=\"Escrito por\" \/>\n\t<meta name=\"twitter:data1\" content=\"gremicafe\" \/>\n\t<meta name=\"twitter:label2\" content=\"Tiempo de lectura\" \/>\n\t<meta name=\"twitter:data2\" content=\"2 minutos\" \/>\n<script type=\"application\/ld+json\" class=\"yoast-schema-graph\">{\"@context\":\"https:\/\/schema.org\",\"@graph\":[{\"@type\":\"Article\",\"@id\":\"https:\/\/gremicafe.cat\/2021\/09\/24\/el-preu-del-cafe-segueix-en-augment\/#article\",\"isPartOf\":{\"@id\":\"https:\/\/gremicafe.cat\/2021\/09\/24\/el-preu-del-cafe-segueix-en-augment\/\"},\"author\":{\"name\":\"gremicafe\",\"@id\":\"https:\/\/gremicafe.cat\/#\/schema\/person\/dabfdbb3d0fa36260855a380f94e4733\"},\"headline\":\"El preu del caf\u00e8 segueix en augment\",\"datePublished\":\"2021-09-24T07:18:41+00:00\",\"dateModified\":\"2021-10-27T12:50:41+00:00\",\"mainEntityOfPage\":{\"@id\":\"https:\/\/gremicafe.cat\/2021\/09\/24\/el-preu-del-cafe-segueix-en-augment\/\"},\"wordCount\":221,\"publisher\":{\"@id\":\"https:\/\/gremicafe.cat\/#organization\"},\"image\":{\"@id\":\"https:\/\/gremicafe.cat\/2021\/09\/24\/el-preu-del-cafe-segueix-en-augment\/#primaryimage\"},\"thumbnailUrl\":\"https:\/\/gremicafe.cat\/wp-content\/uploads\/2021\/09\/cafe-verd.jpg\",\"articleSection\":[\"Not\u00edcies\"],\"inLanguage\":\"es\"},{\"@type\":\"WebPage\",\"@id\":\"https:\/\/gremicafe.cat\/2021\/09\/24\/el-preu-del-cafe-segueix-en-augment\/\",\"url\":\"https:\/\/gremicafe.cat\/2021\/09\/24\/el-preu-del-cafe-segueix-en-augment\/\",\"name\":\"El preu del caf\u00e8 segueix en augment - Gremi del Caf\u00e8, torradors de Catalunya\",\"isPartOf\":{\"@id\":\"https:\/\/gremicafe.cat\/#website\"},\"primaryImageOfPage\":{\"@id\":\"https:\/\/gremicafe.cat\/2021\/09\/24\/el-preu-del-cafe-segueix-en-augment\/#primaryimage\"},\"image\":{\"@id\":\"https:\/\/gremicafe.cat\/2021\/09\/24\/el-preu-del-cafe-segueix-en-augment\/#primaryimage\"},\"thumbnailUrl\":\"https:\/\/gremicafe.cat\/wp-content\/uploads\/2021\/09\/cafe-verd.jpg\",\"datePublished\":\"2021-09-24T07:18:41+00:00\",\"dateModified\":\"2021-10-27T12:50:41+00:00\",\"breadcrumb\":{\"@id\":\"https:\/\/gremicafe.cat\/2021\/09\/24\/el-preu-del-cafe-segueix-en-augment\/#breadcrumb\"},\"inLanguage\":\"es\",\"potentialAction\":[{\"@type\":\"ReadAction\",\"target\":[\"https:\/\/gremicafe.cat\/2021\/09\/24\/el-preu-del-cafe-segueix-en-augment\/\"]}]},{\"@type\":\"ImageObject\",\"inLanguage\":\"es\",\"@id\":\"https:\/\/gremicafe.cat\/2021\/09\/24\/el-preu-del-cafe-segueix-en-augment\/#primaryimage\",\"url\":\"https:\/\/gremicafe.cat\/wp-content\/uploads\/2021\/09\/cafe-verd.jpg\",\"contentUrl\":\"https:\/\/gremicafe.cat\/wp-content\/uploads\/2021\/09\/cafe-verd.jpg\",\"width\":1200,\"height\":800,\"caption\":\"preu cafe gra gremicafecat\"},{\"@type\":\"BreadcrumbList\",\"@id\":\"https:\/\/gremicafe.cat\/2021\/09\/24\/el-preu-del-cafe-segueix-en-augment\/#breadcrumb\",\"itemListElement\":[{\"@type\":\"ListItem\",\"position\":1,\"name\":\"Inici\",\"item\":\"https:\/\/gremicafe.cat\/\"},{\"@type\":\"ListItem\",\"position\":2,\"name\":\"El preu del caf\u00e8 segueix en augment\"}]},{\"@type\":\"WebSite\",\"@id\":\"https:\/\/gremicafe.cat\/#website\",\"url\":\"https:\/\/gremicafe.cat\/\",\"name\":\"Gremi del Caf\u00e8, torradors de Catalunya\",\"description\":\"Web oficial del gremi de torradors de caf\u00e8 de Catalunya\",\"publisher\":{\"@id\":\"https:\/\/gremicafe.cat\/#organization\"},\"potentialAction\":[{\"@type\":\"SearchAction\",\"target\":{\"@type\":\"EntryPoint\",\"urlTemplate\":\"https:\/\/gremicafe.cat\/?s={search_term_string}\"},\"query-input\":{\"@type\":\"PropertyValueSpecification\",\"valueRequired\":true,\"valueName\":\"search_term_string\"}}],\"inLanguage\":\"es\"},{\"@type\":\"Organization\",\"@id\":\"https:\/\/gremicafe.cat\/#organization\",\"name\":\"Gremi del Caf\u00e8, Torradors de Catalunya\",\"url\":\"https:\/\/gremicafe.cat\/\",\"logo\":{\"@type\":\"ImageObject\",\"inLanguage\":\"es\",\"@id\":\"https:\/\/gremicafe.cat\/#\/schema\/logo\/image\/\",\"url\":\"https:\/\/gremicafe.cat\/wp-content\/uploads\/2018\/03\/gremicafe-logo250.png\",\"contentUrl\":\"https:\/\/gremicafe.cat\/wp-content\/uploads\/2018\/03\/gremicafe-logo250.png\",\"width\":250,\"height\":49,\"caption\":\"Gremi del Caf\u00e8, Torradors de Catalunya\"},\"image\":{\"@id\":\"https:\/\/gremicafe.cat\/#\/schema\/logo\/image\/\"},\"sameAs\":[\"https:\/\/www.facebook.com\/gremicafecat\",\"https:\/\/x.com\/gremicafecat\",\"https:\/\/www.instagram.com\/gremicafecat\/\",\"https:\/\/www.pinterest.es\/gremicafecat\/\",\"https:\/\/www.youtube.com\/channel\/UCGLo5Y35vLwLvP4FrPZrCrw\/\"]},{\"@type\":\"Person\",\"@id\":\"https:\/\/gremicafe.cat\/#\/schema\/person\/dabfdbb3d0fa36260855a380f94e4733\",\"name\":\"gremicafe\",\"image\":{\"@type\":\"ImageObject\",\"inLanguage\":\"es\",\"@id\":\"https:\/\/gremicafe.cat\/#\/schema\/person\/image\/\",\"url\":\"https:\/\/secure.gravatar.com\/avatar\/e59baa4ca8f6f97576d6375fb6d3c8f0?s=96&d=mm&r=g\",\"contentUrl\":\"https:\/\/secure.gravatar.com\/avatar\/e59baa4ca8f6f97576d6375fb6d3c8f0?s=96&d=mm&r=g\",\"caption\":\"gremicafe\"}}]}<\/script>\n<!-- \/ Yoast SEO plugin. -->","yoast_head_json":{"title":"El preu del caf\u00e8 segueix en augment - Gremi del Caf\u00e8, torradors de Catalunya","robots":{"index":"index","follow":"follow","max-snippet":"max-snippet:-1","max-image-preview":"max-image-preview:large","max-video-preview":"max-video-preview:-1"},"canonical":"https:\/\/gremicafe.cat\/es\/2021\/09\/24\/el-preu-del-cafe-segueix-en-augment\/","og_locale":"es_ES","og_type":"article","og_title":"El preu del caf\u00e8 segueix en augment - Gremi del Caf\u00e8, torradors de Catalunya","og_description":"&nbsp; Com ja vam explicar en aquest altre article, el canvi clim\u00e0tic est\u00e0 afectant el subministrament del gra de caf\u00e8 d&#8217;un dels pa\u00efsos productors m\u00e9s importants, el Brasil. A causa de la sequera important i una onada de fred en unes zones poc habituals, la producci\u00f3 de caf\u00e8 est\u00e0 disminuint considerablement. Aquest fet, juntament amb [&hellip;]","og_url":"https:\/\/gremicafe.cat\/es\/2021\/09\/24\/el-preu-del-cafe-segueix-en-augment\/","og_site_name":"Gremi del Caf\u00e8, torradors de Catalunya","article_publisher":"https:\/\/www.facebook.com\/gremicafecat","article_published_time":"2021-09-24T07:18:41+00:00","article_modified_time":"2021-10-27T12:50:41+00:00","og_image":[{"width":1200,"height":800,"url":"https:\/\/gremicafe.cat\/wp-content\/uploads\/2021\/09\/cafe-verd.jpg","type":"image\/jpeg"}],"author":"gremicafe","twitter_card":"summary_large_image","twitter_creator":"@gremicafecat","twitter_site":"@gremicafecat","twitter_misc":{"Escrito por":"gremicafe","Tiempo de lectura":"2 minutos"},"schema":{"@context":"https:\/\/schema.org","@graph":[{"@type":"Article","@id":"https:\/\/gremicafe.cat\/2021\/09\/24\/el-preu-del-cafe-segueix-en-augment\/#article","isPartOf":{"@id":"https:\/\/gremicafe.cat\/2021\/09\/24\/el-preu-del-cafe-segueix-en-augment\/"},"author":{"name":"gremicafe","@id":"https:\/\/gremicafe.cat\/#\/schema\/person\/dabfdbb3d0fa36260855a380f94e4733"},"headline":"El preu del caf\u00e8 segueix en augment","datePublished":"2021-09-24T07:18:41+00:00","dateModified":"2021-10-27T12:50:41+00:00","mainEntityOfPage":{"@id":"https:\/\/gremicafe.cat\/2021\/09\/24\/el-preu-del-cafe-segueix-en-augment\/"},"wordCount":221,"publisher":{"@id":"https:\/\/gremicafe.cat\/#organization"},"image":{"@id":"https:\/\/gremicafe.cat\/2021\/09\/24\/el-preu-del-cafe-segueix-en-augment\/#primaryimage"},"thumbnailUrl":"https:\/\/gremicafe.cat\/wp-content\/uploads\/2021\/09\/cafe-verd.jpg","articleSection":["Not\u00edcies"],"inLanguage":"es"},{"@type":"WebPage","@id":"https:\/\/gremicafe.cat\/2021\/09\/24\/el-preu-del-cafe-segueix-en-augment\/","url":"https:\/\/gremicafe.cat\/2021\/09\/24\/el-preu-del-cafe-segueix-en-augment\/","name":"El preu del caf\u00e8 segueix en augment - Gremi del Caf\u00e8, torradors de Catalunya","isPartOf":{"@id":"https:\/\/gremicafe.cat\/#website"},"primaryImageOfPage":{"@id":"https:\/\/gremicafe.cat\/2021\/09\/24\/el-preu-del-cafe-segueix-en-augment\/#primaryimage"},"image":{"@id":"https:\/\/gremicafe.cat\/2021\/09\/24\/el-preu-del-cafe-segueix-en-augment\/#primaryimage"},"thumbnailUrl":"https:\/\/gremicafe.cat\/wp-content\/uploads\/2021\/09\/cafe-verd.jpg","datePublished":"2021-09-24T07:18:41+00:00","dateModified":"2021-10-27T12:50:41+00:00","breadcrumb":{"@id":"https:\/\/gremicafe.cat\/2021\/09\/24\/el-preu-del-cafe-segueix-en-augment\/#breadcrumb"},"inLanguage":"es","potentialAction":[{"@type":"ReadAction","target":["https:\/\/gremicafe.cat\/2021\/09\/24\/el-preu-del-cafe-segueix-en-augment\/"]}]},{"@type":"ImageObject","inLanguage":"es","@id":"https:\/\/gremicafe.cat\/2021\/09\/24\/el-preu-del-cafe-segueix-en-augment\/#primaryimage","url":"https:\/\/gremicafe.cat\/wp-content\/uploads\/2021\/09\/cafe-verd.jpg","contentUrl":"https:\/\/gremicafe.cat\/wp-content\/uploads\/2021\/09\/cafe-verd.jpg","width":1200,"height":800,"caption":"preu cafe gra gremicafecat"},{"@type":"BreadcrumbList","@id":"https:\/\/gremicafe.cat\/2021\/09\/24\/el-preu-del-cafe-segueix-en-augment\/#breadcrumb","itemListElement":[{"@type":"ListItem","position":1,"name":"Inici","item":"https:\/\/gremicafe.cat\/"},{"@type":"ListItem","position":2,"name":"El preu del caf\u00e8 segueix en augment"}]},{"@type":"WebSite","@id":"https:\/\/gremicafe.cat\/#website","url":"https:\/\/gremicafe.cat\/","name":"Gremio del Caf\u00e9, tostadores de Catalu\u00f1a","description":"Web oficial del gremio de tostadores de caf\u00e9 de Catalunya","publisher":{"@id":"https:\/\/gremicafe.cat\/#organization"},"potentialAction":[{"@type":"SearchAction","target":{"@type":"EntryPoint","urlTemplate":"https:\/\/gremicafe.cat\/?s={search_term_string}"},"query-input":{"@type":"PropertyValueSpecification","valueRequired":true,"valueName":"search_term_string"}}],"inLanguage":"es"},{"@type":"Organization","@id":"https:\/\/gremicafe.cat\/#organization","name":"Gremio del Caf\u00e9, Tostadores de Catalu\u00f1a","url":"https:\/\/gremicafe.cat\/","logo":{"@type":"ImageObject","inLanguage":"es","@id":"https:\/\/gremicafe.cat\/#\/schema\/logo\/image\/","url":"https:\/\/gremicafe.cat\/wp-content\/uploads\/2018\/03\/gremicafe-logo250.png","contentUrl":"https:\/\/gremicafe.cat\/wp-content\/uploads\/2018\/03\/gremicafe-logo250.png","width":250,"height":49,"caption":"Gremi del Caf\u00e8, Torradors de Catalunya"},"image":{"@id":"https:\/\/gremicafe.cat\/#\/schema\/logo\/image\/"},"sameAs":["https:\/\/www.facebook.com\/gremicafecat","https:\/\/x.com\/gremicafecat","https:\/\/www.instagram.com\/gremicafecat\/","https:\/\/www.pinterest.es\/gremicafecat\/","https:\/\/www.youtube.com\/channel\/UCGLo5Y35vLwLvP4FrPZrCrw\/"]},{"@type":"Person","@id":"https:\/\/gremicafe.cat\/#\/schema\/person\/dabfdbb3d0fa36260855a380f94e4733","name":"gremicafe","image":{"@type":"ImageObject","inLanguage":"es","@id":"https:\/\/gremicafe.cat\/#\/schema\/person\/image\/","url":"https:\/\/secure.gravatar.com\/avatar\/e59baa4ca8f6f97576d6375fb6d3c8f0?s=96&d=mm&r=g","contentUrl":"https:\/\/secure.gravatar.com\/avatar\/e59baa4ca8f6f97576d6375fb6d3c8f0?s=96&d=mm&r=g","caption":"gremicafe"}}]}},"_links":{"self":[{"href":"https:\/\/gremicafe.cat\/es\/wp-json\/wp\/v2\/posts\/6251"}],"collection":[{"href":"https:\/\/gremicafe.cat\/es\/wp-json\/wp\/v2\/posts"}],"about":[{"href":"https:\/\/gremicafe.cat\/es\/wp-json\/wp\/v2\/types\/post"}],"author":[{"embeddable":true,"href":"https:\/\/gremicafe.cat\/es\/wp-json\/wp\/v2\/users\/1"}],"replies":[{"embeddable":true,"href":"https:\/\/gremicafe.cat\/es\/wp-json\/wp\/v2\/comments?post=6251"}],"version-history":[{"count":0,"href":"https:\/\/gremicafe.cat\/es\/wp-json\/wp\/v2\/posts\/6251\/revisions"}],"wp:featuredmedia":[{"embeddable":true,"href":"https:\/\/gremicafe.cat\/es\/wp-json\/wp\/v2\/media\/6253"}],"wp:attachment":[{"href":"https:\/\/gremicafe.cat\/es\/wp-json\/wp\/v2\/media?parent=6251"}],"wp:term":[{"taxonomy":"category","embeddable":true,"href":"https:\/\/gremicafe.cat\/es\/wp-json\/wp\/v2\/categories?post=6251"},{"taxonomy":"post_tag","embeddable":true,"href":"https:\/\/gremicafe.cat\/es\/wp-json\/wp\/v2\/tags?post=6251"}],"curies":[{"name":"wp","href":"https:\/\/api.w.org\/{rel}","templated":true}]}}