{"id":6259,"date":"2021-09-27T11:46:20","date_gmt":"2021-09-27T09:46:20","guid":{"rendered":"https:\/\/gremicafe.cat\/?p=6259"},"modified":"2021-10-18T13:11:21","modified_gmt":"2021-10-18T11:11:21","slug":"cafes-pont-presenta-collection-n73-eco-el-nou-cafe-gurmet-ecologic-100-arabica","status":"publish","type":"post","link":"https:\/\/gremicafe.cat\/es\/2021\/09\/27\/cafes-pont-presenta-collection-n73-eco-el-nou-cafe-gurmet-ecologic-100-arabica\/","title":{"rendered":"Caf\u00e9s Pont presenta Collection N73 ECO, el nuevo caf\u00e9 gourmet ecol\u00f3gico 100% Arabica"},"content":{"rendered":"<p><img loading=\"lazy\" decoding=\"async\" class=\"aligncenter size-full wp-image-6260\" src=\"https:\/\/gremicafe.cat\/wp-content\/uploads\/2021\/09\/Cafes-Pont-collection-eco.jpg\" alt=\"cafes pont eco n73 gremicafe\" width=\"1200\" height=\"800\" srcset=\"https:\/\/gremicafe.cat\/wp-content\/uploads\/2021\/09\/Cafes-Pont-collection-eco.jpg 1200w, https:\/\/gremicafe.cat\/wp-content\/uploads\/2021\/09\/Cafes-Pont-collection-eco-768x512.jpg 768w, https:\/\/gremicafe.cat\/wp-content\/uploads\/2021\/09\/Cafes-Pont-collection-eco-1080x720.jpg 1080w\" sizes=\"(max-width: 1200px) 100vw, 1200px\" \/><\/p>\n<p>&nbsp;<\/p>\n<p><a href=\"https:\/\/www.cafespont.com\/ca\/producte\/collection-n73-eco\/\"><strong>Collection N73 ECO<\/strong><\/a> es la nueva propuesta de caf\u00e9 de la <strong>gamma Collection de Caf\u00e9s Puente<\/strong>. Un caf\u00e9 en grano <strong>100% Arabica<\/strong>, procedente de <strong>la agricultura ecol\u00f3gica<\/strong> y certificado por la CCPAE, que garantiza un cultivo de forma natural, sin componentes qu\u00edmicos ni pesticidas. Adem\u00e1s, todo el proceso para su obtenci\u00f3n se realiza de forma sostenible, garantizando el respeto por el medio ambiente.<\/p>\n<p>Se trata de un caf\u00e9 selecto, puesto que, adem\u00e1s de no aportar productos qu\u00edmicos, su recogida se realiza de forma manual. Esto permite a los caficultores seleccionar el grano en el punto \u00f3ptimo de recolecci\u00f3n, obteniendo un producto de mayor calidad.<\/p>\n<p>El caf\u00e9 Collection N73 ECO ha sido creado a partir de una <strong>selecci\u00f3n de Ar\u00e1bigas ecol\u00f3gicos<\/strong> de las zonas monta\u00f1osas de centro y Sudam\u00e9rica y sometido a un proceso de tostado lento, para conservar todo su sabor y caracter\u00edsticas organol\u00e9pticas. El resultado es una taza cremosa y llena de matices, donde se aprecian notas herb\u00e1ceas, de cacao y de regaliz.<\/p>\n<p>&nbsp;<\/p>\n<p>Al tratarse de un caf\u00e9 ecol\u00f3gico, aporta mayor cantidad de vitaminas, minerales y antioxidantes que los caf\u00e9s no org\u00e1nicos. Por tanto, cuenta con una mejor calidad nutricional, seg\u00fan demuestran numerosos estudios.<\/p>\n<p>&nbsp;<\/p>\n<p><strong>Caf\u00e9s Pont, una apuesta por la sostenibilidad<\/strong><\/p>\n<p><strong>Collection N.52 y N.73 ECO<\/strong> forman parte de la <strong>gamma Collection de Caf\u00e9s Puente<\/strong>, una l\u00ednea especialmente creada para el consumo del caf\u00e9 en grano en el hogar, sin el uso de c\u00e1psulas y sin generar residuos, contribuyendo con el medio ambiente y la sostenibilidad.<\/p>\n<p>Caf\u00e9s Pont recoge la esencia de los mejores caf\u00e9s seleccionados en origen, para poder disfrutar en casa de todo el aroma y sabor del caf\u00e9 recientemente molido. Aunque los caf\u00e9s de la gama Collection han sido creados para su consumo en cafeteras superautom\u00e1ticas, tambi\u00e9n pueden prepararse en cualquier tipo de cafetera, siempre que se realice una molienda adecuada.<\/p>\n<p>El nuevo<strong>\u00a0Collection N73<\/strong> se presenta en formato Doypack reciclable de 250g y est\u00e1 disponible en supermercados y en la tienda online de\u00a0<a href=\"https:\/\/www.cafespont.com\/ca\/producte\/collection-n73-eco\/\" target=\"_blank\" rel=\"noopener\">Caf\u00e9s Puente.<\/a><\/p>","protected":false},"excerpt":{"rendered":"<p>&nbsp; Collection\u00a0N73 ECO \u00e9s la nova proposta de caf\u00e8 de la gamma\u00a0Collection\u00a0de Caf\u00e8s Pont. Un caf\u00e8 en gra 100% Arabica, procedent de l&#8217;agricultura ecol\u00f2gica i certificat per la\u00a0CCPAE, que garanteix un cultiu de manera natural, sense components qu\u00edmics ni pesticides. A m\u00e9s, tot el proc\u00e9s per a la seva obtenci\u00f3 es realitza de manera sostenible, [&hellip;]<\/p>\n","protected":false},"author":1,"featured_media":6260,"comment_status":"closed","ping_status":"open","sticky":false,"template":"","format":"standard","meta":{"_acf_changed":false,"inline_featured_image":false,"footnotes":""},"categories":[1,81],"tags":[],"class_list":["post-6259","post","type-post","status-publish","format-standard","has-post-thumbnail","hentry","category-noticies","category-novetats"],"acf":[],"yoast_head":"<!-- This site is optimized with the Yoast SEO plugin v25.5 - https:\/\/yoast.com\/wordpress\/plugins\/seo\/ -->\n<title>Caf\u00e8s Pont presenta Collection N73 ECO, el nou caf\u00e8 gurmet ecol\u00f2gic 100% Arabica - Gremi del Caf\u00e8, torradors de Catalunya<\/title>\n<meta name=\"robots\" content=\"index, follow, max-snippet:-1, max-image-preview:large, max-video-preview:-1\" \/>\n<link rel=\"canonical\" href=\"https:\/\/gremicafe.cat\/es\/2021\/09\/27\/cafes-pont-presenta-collection-n73-eco-el-nou-cafe-gurmet-ecologic-100-arabica\/\" \/>\n<meta property=\"og:locale\" content=\"es_ES\" \/>\n<meta property=\"og:type\" content=\"article\" \/>\n<meta property=\"og:title\" content=\"Caf\u00e8s Pont presenta Collection N73 ECO, el nou caf\u00e8 gurmet ecol\u00f2gic 100% Arabica - Gremi del Caf\u00e8, torradors de Catalunya\" \/>\n<meta property=\"og:description\" content=\"&nbsp; Collection\u00a0N73 ECO \u00e9s la nova proposta de caf\u00e8 de la gamma\u00a0Collection\u00a0de Caf\u00e8s Pont. Un caf\u00e8 en gra 100% Arabica, procedent de l&#8217;agricultura ecol\u00f2gica i certificat per la\u00a0CCPAE, que garanteix un cultiu de manera natural, sense components qu\u00edmics ni pesticides. A m\u00e9s, tot el proc\u00e9s per a la seva obtenci\u00f3 es realitza de manera sostenible, [&hellip;]\" \/>\n<meta property=\"og:url\" content=\"https:\/\/gremicafe.cat\/es\/2021\/09\/27\/cafes-pont-presenta-collection-n73-eco-el-nou-cafe-gurmet-ecologic-100-arabica\/\" \/>\n<meta property=\"og:site_name\" content=\"Gremi del Caf\u00e8, torradors de Catalunya\" \/>\n<meta property=\"article:publisher\" content=\"https:\/\/www.facebook.com\/gremicafecat\" \/>\n<meta property=\"article:published_time\" content=\"2021-09-27T09:46:20+00:00\" \/>\n<meta property=\"article:modified_time\" content=\"2021-10-18T11:11:21+00:00\" \/>\n<meta property=\"og:image\" content=\"https:\/\/gremicafe.cat\/wp-content\/uploads\/2021\/09\/Cafes-Pont-collection-eco.jpg\" \/>\n\t<meta property=\"og:image:width\" content=\"1200\" \/>\n\t<meta property=\"og:image:height\" content=\"800\" \/>\n\t<meta property=\"og:image:type\" content=\"image\/jpeg\" \/>\n<meta name=\"author\" content=\"gremicafe\" \/>\n<meta name=\"twitter:card\" content=\"summary_large_image\" \/>\n<meta name=\"twitter:creator\" content=\"@gremicafecat\" \/>\n<meta name=\"twitter:site\" content=\"@gremicafecat\" \/>\n<meta name=\"twitter:label1\" content=\"Escrito por\" \/>\n\t<meta name=\"twitter:data1\" content=\"gremicafe\" \/>\n\t<meta name=\"twitter:label2\" content=\"Tiempo de lectura\" \/>\n\t<meta name=\"twitter:data2\" content=\"2 minutos\" \/>\n<script type=\"application\/ld+json\" class=\"yoast-schema-graph\">{\"@context\":\"https:\/\/schema.org\",\"@graph\":[{\"@type\":\"Article\",\"@id\":\"https:\/\/gremicafe.cat\/2021\/09\/27\/cafes-pont-presenta-collection-n73-eco-el-nou-cafe-gurmet-ecologic-100-arabica\/#article\",\"isPartOf\":{\"@id\":\"https:\/\/gremicafe.cat\/2021\/09\/27\/cafes-pont-presenta-collection-n73-eco-el-nou-cafe-gurmet-ecologic-100-arabica\/\"},\"author\":{\"name\":\"gremicafe\",\"@id\":\"https:\/\/gremicafe.cat\/#\/schema\/person\/dabfdbb3d0fa36260855a380f94e4733\"},\"headline\":\"Caf\u00e8s Pont presenta Collection N73 ECO, el nou caf\u00e8 gurmet ecol\u00f2gic 100% Arabica\",\"datePublished\":\"2021-09-27T09:46:20+00:00\",\"dateModified\":\"2021-10-18T11:11:21+00:00\",\"mainEntityOfPage\":{\"@id\":\"https:\/\/gremicafe.cat\/2021\/09\/27\/cafes-pont-presenta-collection-n73-eco-el-nou-cafe-gurmet-ecologic-100-arabica\/\"},\"wordCount\":377,\"publisher\":{\"@id\":\"https:\/\/gremicafe.cat\/#organization\"},\"image\":{\"@id\":\"https:\/\/gremicafe.cat\/2021\/09\/27\/cafes-pont-presenta-collection-n73-eco-el-nou-cafe-gurmet-ecologic-100-arabica\/#primaryimage\"},\"thumbnailUrl\":\"https:\/\/gremicafe.cat\/wp-content\/uploads\/2021\/09\/Cafes-Pont-collection-eco.jpg\",\"articleSection\":[\"Not\u00edcies\",\"Novetats\"],\"inLanguage\":\"es\"},{\"@type\":\"WebPage\",\"@id\":\"https:\/\/gremicafe.cat\/2021\/09\/27\/cafes-pont-presenta-collection-n73-eco-el-nou-cafe-gurmet-ecologic-100-arabica\/\",\"url\":\"https:\/\/gremicafe.cat\/2021\/09\/27\/cafes-pont-presenta-collection-n73-eco-el-nou-cafe-gurmet-ecologic-100-arabica\/\",\"name\":\"Caf\u00e8s Pont presenta Collection N73 ECO, el nou caf\u00e8 gurmet ecol\u00f2gic 100% Arabica - Gremi del Caf\u00e8, torradors de Catalunya\",\"isPartOf\":{\"@id\":\"https:\/\/gremicafe.cat\/#website\"},\"primaryImageOfPage\":{\"@id\":\"https:\/\/gremicafe.cat\/2021\/09\/27\/cafes-pont-presenta-collection-n73-eco-el-nou-cafe-gurmet-ecologic-100-arabica\/#primaryimage\"},\"image\":{\"@id\":\"https:\/\/gremicafe.cat\/2021\/09\/27\/cafes-pont-presenta-collection-n73-eco-el-nou-cafe-gurmet-ecologic-100-arabica\/#primaryimage\"},\"thumbnailUrl\":\"https:\/\/gremicafe.cat\/wp-content\/uploads\/2021\/09\/Cafes-Pont-collection-eco.jpg\",\"datePublished\":\"2021-09-27T09:46:20+00:00\",\"dateModified\":\"2021-10-18T11:11:21+00:00\",\"breadcrumb\":{\"@id\":\"https:\/\/gremicafe.cat\/2021\/09\/27\/cafes-pont-presenta-collection-n73-eco-el-nou-cafe-gurmet-ecologic-100-arabica\/#breadcrumb\"},\"inLanguage\":\"es\",\"potentialAction\":[{\"@type\":\"ReadAction\",\"target\":[\"https:\/\/gremicafe.cat\/2021\/09\/27\/cafes-pont-presenta-collection-n73-eco-el-nou-cafe-gurmet-ecologic-100-arabica\/\"]}]},{\"@type\":\"ImageObject\",\"inLanguage\":\"es\",\"@id\":\"https:\/\/gremicafe.cat\/2021\/09\/27\/cafes-pont-presenta-collection-n73-eco-el-nou-cafe-gurmet-ecologic-100-arabica\/#primaryimage\",\"url\":\"https:\/\/gremicafe.cat\/wp-content\/uploads\/2021\/09\/Cafes-Pont-collection-eco.jpg\",\"contentUrl\":\"https:\/\/gremicafe.cat\/wp-content\/uploads\/2021\/09\/Cafes-Pont-collection-eco.jpg\",\"width\":1200,\"height\":800,\"caption\":\"cafes pont eco n73 gremicafe\"},{\"@type\":\"BreadcrumbList\",\"@id\":\"https:\/\/gremicafe.cat\/2021\/09\/27\/cafes-pont-presenta-collection-n73-eco-el-nou-cafe-gurmet-ecologic-100-arabica\/#breadcrumb\",\"itemListElement\":[{\"@type\":\"ListItem\",\"position\":1,\"name\":\"Inici\",\"item\":\"https:\/\/gremicafe.cat\/\"},{\"@type\":\"ListItem\",\"position\":2,\"name\":\"Caf\u00e8s Pont presenta Collection N73 ECO, el nou caf\u00e8 gurmet ecol\u00f2gic 100% Arabica\"}]},{\"@type\":\"WebSite\",\"@id\":\"https:\/\/gremicafe.cat\/#website\",\"url\":\"https:\/\/gremicafe.cat\/\",\"name\":\"Gremi del Caf\u00e8, torradors de Catalunya\",\"description\":\"Web oficial del gremi de torradors de caf\u00e8 de Catalunya\",\"publisher\":{\"@id\":\"https:\/\/gremicafe.cat\/#organization\"},\"potentialAction\":[{\"@type\":\"SearchAction\",\"target\":{\"@type\":\"EntryPoint\",\"urlTemplate\":\"https:\/\/gremicafe.cat\/?s={search_term_string}\"},\"query-input\":{\"@type\":\"PropertyValueSpecification\",\"valueRequired\":true,\"valueName\":\"search_term_string\"}}],\"inLanguage\":\"es\"},{\"@type\":\"Organization\",\"@id\":\"https:\/\/gremicafe.cat\/#organization\",\"name\":\"Gremi del Caf\u00e8, Torradors de Catalunya\",\"url\":\"https:\/\/gremicafe.cat\/\",\"logo\":{\"@type\":\"ImageObject\",\"inLanguage\":\"es\",\"@id\":\"https:\/\/gremicafe.cat\/#\/schema\/logo\/image\/\",\"url\":\"https:\/\/gremicafe.cat\/wp-content\/uploads\/2018\/03\/gremicafe-logo250.png\",\"contentUrl\":\"https:\/\/gremicafe.cat\/wp-content\/uploads\/2018\/03\/gremicafe-logo250.png\",\"width\":250,\"height\":49,\"caption\":\"Gremi del Caf\u00e8, Torradors de Catalunya\"},\"image\":{\"@id\":\"https:\/\/gremicafe.cat\/#\/schema\/logo\/image\/\"},\"sameAs\":[\"https:\/\/www.facebook.com\/gremicafecat\",\"https:\/\/x.com\/gremicafecat\",\"https:\/\/www.instagram.com\/gremicafecat\/\",\"https:\/\/www.pinterest.es\/gremicafecat\/\",\"https:\/\/www.youtube.com\/channel\/UCGLo5Y35vLwLvP4FrPZrCrw\/\"]},{\"@type\":\"Person\",\"@id\":\"https:\/\/gremicafe.cat\/#\/schema\/person\/dabfdbb3d0fa36260855a380f94e4733\",\"name\":\"gremicafe\",\"image\":{\"@type\":\"ImageObject\",\"inLanguage\":\"es\",\"@id\":\"https:\/\/gremicafe.cat\/#\/schema\/person\/image\/\",\"url\":\"https:\/\/secure.gravatar.com\/avatar\/e59baa4ca8f6f97576d6375fb6d3c8f0?s=96&d=mm&r=g\",\"contentUrl\":\"https:\/\/secure.gravatar.com\/avatar\/e59baa4ca8f6f97576d6375fb6d3c8f0?s=96&d=mm&r=g\",\"caption\":\"gremicafe\"}}]}<\/script>\n<!-- \/ Yoast SEO plugin. -->","yoast_head_json":{"title":"Caf\u00e8s Pont presenta Collection N73 ECO, el nou caf\u00e8 gurmet ecol\u00f2gic 100% Arabica - Gremi del Caf\u00e8, torradors de Catalunya","robots":{"index":"index","follow":"follow","max-snippet":"max-snippet:-1","max-image-preview":"max-image-preview:large","max-video-preview":"max-video-preview:-1"},"canonical":"https:\/\/gremicafe.cat\/es\/2021\/09\/27\/cafes-pont-presenta-collection-n73-eco-el-nou-cafe-gurmet-ecologic-100-arabica\/","og_locale":"es_ES","og_type":"article","og_title":"Caf\u00e8s Pont presenta Collection N73 ECO, el nou caf\u00e8 gurmet ecol\u00f2gic 100% Arabica - Gremi del Caf\u00e8, torradors de Catalunya","og_description":"&nbsp; Collection\u00a0N73 ECO \u00e9s la nova proposta de caf\u00e8 de la gamma\u00a0Collection\u00a0de Caf\u00e8s Pont. Un caf\u00e8 en gra 100% Arabica, procedent de l&#8217;agricultura ecol\u00f2gica i certificat per la\u00a0CCPAE, que garanteix un cultiu de manera natural, sense components qu\u00edmics ni pesticides. A m\u00e9s, tot el proc\u00e9s per a la seva obtenci\u00f3 es realitza de manera sostenible, [&hellip;]","og_url":"https:\/\/gremicafe.cat\/es\/2021\/09\/27\/cafes-pont-presenta-collection-n73-eco-el-nou-cafe-gurmet-ecologic-100-arabica\/","og_site_name":"Gremi del Caf\u00e8, torradors de Catalunya","article_publisher":"https:\/\/www.facebook.com\/gremicafecat","article_published_time":"2021-09-27T09:46:20+00:00","article_modified_time":"2021-10-18T11:11:21+00:00","og_image":[{"width":1200,"height":800,"url":"https:\/\/gremicafe.cat\/wp-content\/uploads\/2021\/09\/Cafes-Pont-collection-eco.jpg","type":"image\/jpeg"}],"author":"gremicafe","twitter_card":"summary_large_image","twitter_creator":"@gremicafecat","twitter_site":"@gremicafecat","twitter_misc":{"Escrito por":"gremicafe","Tiempo de lectura":"2 minutos"},"schema":{"@context":"https:\/\/schema.org","@graph":[{"@type":"Article","@id":"https:\/\/gremicafe.cat\/2021\/09\/27\/cafes-pont-presenta-collection-n73-eco-el-nou-cafe-gurmet-ecologic-100-arabica\/#article","isPartOf":{"@id":"https:\/\/gremicafe.cat\/2021\/09\/27\/cafes-pont-presenta-collection-n73-eco-el-nou-cafe-gurmet-ecologic-100-arabica\/"},"author":{"name":"gremicafe","@id":"https:\/\/gremicafe.cat\/#\/schema\/person\/dabfdbb3d0fa36260855a380f94e4733"},"headline":"Caf\u00e8s Pont presenta Collection N73 ECO, el nou caf\u00e8 gurmet ecol\u00f2gic 100% Arabica","datePublished":"2021-09-27T09:46:20+00:00","dateModified":"2021-10-18T11:11:21+00:00","mainEntityOfPage":{"@id":"https:\/\/gremicafe.cat\/2021\/09\/27\/cafes-pont-presenta-collection-n73-eco-el-nou-cafe-gurmet-ecologic-100-arabica\/"},"wordCount":377,"publisher":{"@id":"https:\/\/gremicafe.cat\/#organization"},"image":{"@id":"https:\/\/gremicafe.cat\/2021\/09\/27\/cafes-pont-presenta-collection-n73-eco-el-nou-cafe-gurmet-ecologic-100-arabica\/#primaryimage"},"thumbnailUrl":"https:\/\/gremicafe.cat\/wp-content\/uploads\/2021\/09\/Cafes-Pont-collection-eco.jpg","articleSection":["Not\u00edcies","Novetats"],"inLanguage":"es"},{"@type":"WebPage","@id":"https:\/\/gremicafe.cat\/2021\/09\/27\/cafes-pont-presenta-collection-n73-eco-el-nou-cafe-gurmet-ecologic-100-arabica\/","url":"https:\/\/gremicafe.cat\/2021\/09\/27\/cafes-pont-presenta-collection-n73-eco-el-nou-cafe-gurmet-ecologic-100-arabica\/","name":"Caf\u00e8s Pont presenta Collection N73 ECO, el nou caf\u00e8 gurmet ecol\u00f2gic 100% Arabica - Gremi del Caf\u00e8, torradors de Catalunya","isPartOf":{"@id":"https:\/\/gremicafe.cat\/#website"},"primaryImageOfPage":{"@id":"https:\/\/gremicafe.cat\/2021\/09\/27\/cafes-pont-presenta-collection-n73-eco-el-nou-cafe-gurmet-ecologic-100-arabica\/#primaryimage"},"image":{"@id":"https:\/\/gremicafe.cat\/2021\/09\/27\/cafes-pont-presenta-collection-n73-eco-el-nou-cafe-gurmet-ecologic-100-arabica\/#primaryimage"},"thumbnailUrl":"https:\/\/gremicafe.cat\/wp-content\/uploads\/2021\/09\/Cafes-Pont-collection-eco.jpg","datePublished":"2021-09-27T09:46:20+00:00","dateModified":"2021-10-18T11:11:21+00:00","breadcrumb":{"@id":"https:\/\/gremicafe.cat\/2021\/09\/27\/cafes-pont-presenta-collection-n73-eco-el-nou-cafe-gurmet-ecologic-100-arabica\/#breadcrumb"},"inLanguage":"es","potentialAction":[{"@type":"ReadAction","target":["https:\/\/gremicafe.cat\/2021\/09\/27\/cafes-pont-presenta-collection-n73-eco-el-nou-cafe-gurmet-ecologic-100-arabica\/"]}]},{"@type":"ImageObject","inLanguage":"es","@id":"https:\/\/gremicafe.cat\/2021\/09\/27\/cafes-pont-presenta-collection-n73-eco-el-nou-cafe-gurmet-ecologic-100-arabica\/#primaryimage","url":"https:\/\/gremicafe.cat\/wp-content\/uploads\/2021\/09\/Cafes-Pont-collection-eco.jpg","contentUrl":"https:\/\/gremicafe.cat\/wp-content\/uploads\/2021\/09\/Cafes-Pont-collection-eco.jpg","width":1200,"height":800,"caption":"cafes pont eco n73 gremicafe"},{"@type":"BreadcrumbList","@id":"https:\/\/gremicafe.cat\/2021\/09\/27\/cafes-pont-presenta-collection-n73-eco-el-nou-cafe-gurmet-ecologic-100-arabica\/#breadcrumb","itemListElement":[{"@type":"ListItem","position":1,"name":"Inici","item":"https:\/\/gremicafe.cat\/"},{"@type":"ListItem","position":2,"name":"Caf\u00e8s Pont presenta Collection N73 ECO, el nou caf\u00e8 gurmet ecol\u00f2gic 100% Arabica"}]},{"@type":"WebSite","@id":"https:\/\/gremicafe.cat\/#website","url":"https:\/\/gremicafe.cat\/","name":"Gremio del Caf\u00e9, tostadores de Catalu\u00f1a","description":"Web oficial del gremio de tostadores de caf\u00e9 de Catalunya","publisher":{"@id":"https:\/\/gremicafe.cat\/#organization"},"potentialAction":[{"@type":"SearchAction","target":{"@type":"EntryPoint","urlTemplate":"https:\/\/gremicafe.cat\/?s={search_term_string}"},"query-input":{"@type":"PropertyValueSpecification","valueRequired":true,"valueName":"search_term_string"}}],"inLanguage":"es"},{"@type":"Organization","@id":"https:\/\/gremicafe.cat\/#organization","name":"Gremio del Caf\u00e9, Tostadores de Catalu\u00f1a","url":"https:\/\/gremicafe.cat\/","logo":{"@type":"ImageObject","inLanguage":"es","@id":"https:\/\/gremicafe.cat\/#\/schema\/logo\/image\/","url":"https:\/\/gremicafe.cat\/wp-content\/uploads\/2018\/03\/gremicafe-logo250.png","contentUrl":"https:\/\/gremicafe.cat\/wp-content\/uploads\/2018\/03\/gremicafe-logo250.png","width":250,"height":49,"caption":"Gremi del Caf\u00e8, Torradors de Catalunya"},"image":{"@id":"https:\/\/gremicafe.cat\/#\/schema\/logo\/image\/"},"sameAs":["https:\/\/www.facebook.com\/gremicafecat","https:\/\/x.com\/gremicafecat","https:\/\/www.instagram.com\/gremicafecat\/","https:\/\/www.pinterest.es\/gremicafecat\/","https:\/\/www.youtube.com\/channel\/UCGLo5Y35vLwLvP4FrPZrCrw\/"]},{"@type":"Person","@id":"https:\/\/gremicafe.cat\/#\/schema\/person\/dabfdbb3d0fa36260855a380f94e4733","name":"gremicafe","image":{"@type":"ImageObject","inLanguage":"es","@id":"https:\/\/gremicafe.cat\/#\/schema\/person\/image\/","url":"https:\/\/secure.gravatar.com\/avatar\/e59baa4ca8f6f97576d6375fb6d3c8f0?s=96&d=mm&r=g","contentUrl":"https:\/\/secure.gravatar.com\/avatar\/e59baa4ca8f6f97576d6375fb6d3c8f0?s=96&d=mm&r=g","caption":"gremicafe"}}]}},"_links":{"self":[{"href":"https:\/\/gremicafe.cat\/es\/wp-json\/wp\/v2\/posts\/6259"}],"collection":[{"href":"https:\/\/gremicafe.cat\/es\/wp-json\/wp\/v2\/posts"}],"about":[{"href":"https:\/\/gremicafe.cat\/es\/wp-json\/wp\/v2\/types\/post"}],"author":[{"embeddable":true,"href":"https:\/\/gremicafe.cat\/es\/wp-json\/wp\/v2\/users\/1"}],"replies":[{"embeddable":true,"href":"https:\/\/gremicafe.cat\/es\/wp-json\/wp\/v2\/comments?post=6259"}],"version-history":[{"count":0,"href":"https:\/\/gremicafe.cat\/es\/wp-json\/wp\/v2\/posts\/6259\/revisions"}],"wp:featuredmedia":[{"embeddable":true,"href":"https:\/\/gremicafe.cat\/es\/wp-json\/wp\/v2\/media\/6260"}],"wp:attachment":[{"href":"https:\/\/gremicafe.cat\/es\/wp-json\/wp\/v2\/media?parent=6259"}],"wp:term":[{"taxonomy":"category","embeddable":true,"href":"https:\/\/gremicafe.cat\/es\/wp-json\/wp\/v2\/categories?post=6259"},{"taxonomy":"post_tag","embeddable":true,"href":"https:\/\/gremicafe.cat\/es\/wp-json\/wp\/v2\/tags?post=6259"}],"curies":[{"name":"wp","href":"https:\/\/api.w.org\/{rel}","templated":true}]}}