{"id":6263,"date":"2021-10-05T10:22:54","date_gmt":"2021-10-05T08:22:54","guid":{"rendered":"https:\/\/gremicafe.cat\/?p=6263"},"modified":"2021-10-18T13:11:02","modified_gmt":"2021-10-18T11:11:02","slug":"dibarcafe-pro-el-nou-cafe-100-arabica-amb-3-versions-disponibles","status":"publish","type":"post","link":"https:\/\/gremicafe.cat\/es\/2021\/10\/05\/dibarcafe-pro-el-nou-cafe-100-arabica-amb-3-versions-disponibles\/","title":{"rendered":"DIBARCAFE PRO, el nuevo caf\u00e9 100% Ar\u00e1bica con 3 versiones disponibles"},"content":{"rendered":"<p><a href=\"https:\/\/www.dibarcafe.com\/shop\/\" target=\"_blank\" rel=\"noopener\"><strong><img loading=\"lazy\" decoding=\"async\" class=\"aligncenter size-full wp-image-6264\" src=\"https:\/\/gremicafe.cat\/wp-content\/uploads\/2021\/10\/C3510C8B-86DD-4531-9B7C-D88BB7A55BBD.jpg\" alt=\"\" width=\"750\" height=\"750\" srcset=\"https:\/\/gremicafe.cat\/wp-content\/uploads\/2021\/10\/C3510C8B-86DD-4531-9B7C-D88BB7A55BBD.jpg 750w, https:\/\/gremicafe.cat\/wp-content\/uploads\/2021\/10\/C3510C8B-86DD-4531-9B7C-D88BB7A55BBD-300x300.jpg 300w, https:\/\/gremicafe.cat\/wp-content\/uploads\/2021\/10\/C3510C8B-86DD-4531-9B7C-D88BB7A55BBD-150x150.jpg 150w, https:\/\/gremicafe.cat\/wp-content\/uploads\/2021\/10\/C3510C8B-86DD-4531-9B7C-D88BB7A55BBD-720x720.jpg 720w\" sizes=\"(max-width: 750px) 100vw, 750px\" \/><\/strong><\/a><\/p>\n<p>&nbsp;<\/p>\n<p><a href=\"https:\/\/www.dibarcafe.com\/shop\/\" target=\"_blank\" rel=\"noopener\"><strong>DIBARCAF\u00c9<\/strong><\/a> recientemente ha lanzado su nueva variedad de caf\u00e9 para los gourmets que desean disfrutar de la alta gastronom\u00eda en su casa.<\/p>\n<p>Denominado <a href=\"https:\/\/www.dibarcafe.com\/shop\/cafe\/grano\/dibarcafe-pro-250g-grano\/\" target=\"_blank\" rel=\"noopener\"><strong>DIBARCAF\u00c9 PRO<\/strong><\/a>, es un caf\u00e9 100% ar\u00e1bica. Se trata de un caf\u00e9 cremoso con un cuerpo muy equilibrado con notas dulces y de chocolate. Muy arom\u00e1tico con notas de chocolates, frutos secos y cacao.<\/p>\n<p>Su origen es brasile\u00f1o, de la regi\u00f3n de Cerrado, en la cara oeste de Minas Gerais, su per\u00edodo de cosecha va de mayo a septiembre.<\/p>\n<div class=\"col-sm-5\">Su <a href=\"https:\/\/www.dibarcafe.com\/shop\/cafe\/cafe-molido\/dibarcafe-pro-ecologico-250g-molido\/\" target=\"_blank\" rel=\"noopener\"><strong>versi\u00f3n ecol\u00f3gica<\/strong><\/a>\u00a0debe ofrecer una serie de requisitos que se pueden agrupar en ecosistema, ecologismo, sostenibilidad y justicia social. Por eso, en las plantaciones seleccionadas, se estudia y se cuida el desarrollo sostenible, la gesti\u00f3n de los residuos, la contaminaci\u00f3n atmosf\u00e9rica, la gesti\u00f3n del agua, la protecci\u00f3n del suelo, la conservaci\u00f3n de la naturaleza y su biodiversidad.<\/div>\n<div><\/div>","protected":false},"excerpt":{"rendered":"<p>&nbsp; DIBARCAF\u00c9 recentment ha llen\u00e7at la seva nova varietat de caf\u00e8 per als gourmets que volen gaudir de l&#8217;alta gastronomia a casa seva. Anomenat DIBARCAF\u00c9 PRO, \u00e9s un caf\u00e8 100% ar\u00e0bica. Es tracta d&#8217;un caf\u00e8 crem\u00f3s amb un cos molt equilibrat amb notes dolces i de xocolata. Molt arom\u00e0tic amb notes de xocolates, fruita seca [&hellip;]<\/p>\n","protected":false},"author":1,"featured_media":6264,"comment_status":"closed","ping_status":"open","sticky":false,"template":"","format":"standard","meta":{"_acf_changed":false,"inline_featured_image":false,"footnotes":""},"categories":[1,81],"tags":[],"class_list":["post-6263","post","type-post","status-publish","format-standard","has-post-thumbnail","hentry","category-noticies","category-novetats"],"acf":[],"yoast_head":"<!-- This site is optimized with the Yoast SEO plugin v25.5 - https:\/\/yoast.com\/wordpress\/plugins\/seo\/ -->\n<title>DIBARCAFE PRO, el nou caf\u00e8 100% Ar\u00e0bica amb 3 versions disponibles - Gremi del Caf\u00e8, torradors de Catalunya<\/title>\n<meta name=\"robots\" content=\"index, follow, max-snippet:-1, max-image-preview:large, max-video-preview:-1\" \/>\n<link rel=\"canonical\" href=\"https:\/\/gremicafe.cat\/es\/2021\/10\/05\/dibarcafe-pro-el-nou-cafe-100-arabica-amb-3-versions-disponibles\/\" \/>\n<meta property=\"og:locale\" content=\"es_ES\" \/>\n<meta property=\"og:type\" content=\"article\" \/>\n<meta property=\"og:title\" content=\"DIBARCAFE PRO, el nou caf\u00e8 100% Ar\u00e0bica amb 3 versions disponibles - Gremi del Caf\u00e8, torradors de Catalunya\" \/>\n<meta property=\"og:description\" content=\"&nbsp; DIBARCAF\u00c9 recentment ha llen\u00e7at la seva nova varietat de caf\u00e8 per als gourmets que volen gaudir de l&#8217;alta gastronomia a casa seva. Anomenat DIBARCAF\u00c9 PRO, \u00e9s un caf\u00e8 100% ar\u00e0bica. Es tracta d&#8217;un caf\u00e8 crem\u00f3s amb un cos molt equilibrat amb notes dolces i de xocolata. Molt arom\u00e0tic amb notes de xocolates, fruita seca [&hellip;]\" \/>\n<meta property=\"og:url\" content=\"https:\/\/gremicafe.cat\/es\/2021\/10\/05\/dibarcafe-pro-el-nou-cafe-100-arabica-amb-3-versions-disponibles\/\" \/>\n<meta property=\"og:site_name\" content=\"Gremi del Caf\u00e8, torradors de Catalunya\" \/>\n<meta property=\"article:publisher\" content=\"https:\/\/www.facebook.com\/gremicafecat\" \/>\n<meta property=\"article:published_time\" content=\"2021-10-05T08:22:54+00:00\" \/>\n<meta property=\"article:modified_time\" content=\"2021-10-18T11:11:02+00:00\" \/>\n<meta property=\"og:image\" content=\"https:\/\/gremicafe.cat\/wp-content\/uploads\/2021\/10\/C3510C8B-86DD-4531-9B7C-D88BB7A55BBD.jpg\" \/>\n\t<meta property=\"og:image:width\" content=\"750\" \/>\n\t<meta property=\"og:image:height\" content=\"750\" \/>\n\t<meta property=\"og:image:type\" content=\"image\/jpeg\" \/>\n<meta name=\"author\" content=\"gremicafe\" \/>\n<meta name=\"twitter:card\" content=\"summary_large_image\" \/>\n<meta name=\"twitter:creator\" content=\"@gremicafecat\" \/>\n<meta name=\"twitter:site\" content=\"@gremicafecat\" \/>\n<meta name=\"twitter:label1\" content=\"Escrito por\" \/>\n\t<meta name=\"twitter:data1\" content=\"gremicafe\" \/>\n\t<meta name=\"twitter:label2\" content=\"Tiempo de lectura\" \/>\n\t<meta name=\"twitter:data2\" content=\"1 minuto\" \/>\n<script type=\"application\/ld+json\" class=\"yoast-schema-graph\">{\"@context\":\"https:\/\/schema.org\",\"@graph\":[{\"@type\":\"Article\",\"@id\":\"https:\/\/gremicafe.cat\/2021\/10\/05\/dibarcafe-pro-el-nou-cafe-100-arabica-amb-3-versions-disponibles\/#article\",\"isPartOf\":{\"@id\":\"https:\/\/gremicafe.cat\/2021\/10\/05\/dibarcafe-pro-el-nou-cafe-100-arabica-amb-3-versions-disponibles\/\"},\"author\":{\"name\":\"gremicafe\",\"@id\":\"https:\/\/gremicafe.cat\/#\/schema\/person\/dabfdbb3d0fa36260855a380f94e4733\"},\"headline\":\"DIBARCAFE PRO, el nou caf\u00e8 100% Ar\u00e0bica amb 3 versions disponibles\",\"datePublished\":\"2021-10-05T08:22:54+00:00\",\"dateModified\":\"2021-10-18T11:11:02+00:00\",\"mainEntityOfPage\":{\"@id\":\"https:\/\/gremicafe.cat\/2021\/10\/05\/dibarcafe-pro-el-nou-cafe-100-arabica-amb-3-versions-disponibles\/\"},\"wordCount\":162,\"publisher\":{\"@id\":\"https:\/\/gremicafe.cat\/#organization\"},\"image\":{\"@id\":\"https:\/\/gremicafe.cat\/2021\/10\/05\/dibarcafe-pro-el-nou-cafe-100-arabica-amb-3-versions-disponibles\/#primaryimage\"},\"thumbnailUrl\":\"https:\/\/gremicafe.cat\/wp-content\/uploads\/2021\/10\/C3510C8B-86DD-4531-9B7C-D88BB7A55BBD.jpg\",\"articleSection\":[\"Not\u00edcies\",\"Novetats\"],\"inLanguage\":\"es\"},{\"@type\":\"WebPage\",\"@id\":\"https:\/\/gremicafe.cat\/2021\/10\/05\/dibarcafe-pro-el-nou-cafe-100-arabica-amb-3-versions-disponibles\/\",\"url\":\"https:\/\/gremicafe.cat\/2021\/10\/05\/dibarcafe-pro-el-nou-cafe-100-arabica-amb-3-versions-disponibles\/\",\"name\":\"DIBARCAFE PRO, el nou caf\u00e8 100% Ar\u00e0bica amb 3 versions disponibles - Gremi del Caf\u00e8, torradors de Catalunya\",\"isPartOf\":{\"@id\":\"https:\/\/gremicafe.cat\/#website\"},\"primaryImageOfPage\":{\"@id\":\"https:\/\/gremicafe.cat\/2021\/10\/05\/dibarcafe-pro-el-nou-cafe-100-arabica-amb-3-versions-disponibles\/#primaryimage\"},\"image\":{\"@id\":\"https:\/\/gremicafe.cat\/2021\/10\/05\/dibarcafe-pro-el-nou-cafe-100-arabica-amb-3-versions-disponibles\/#primaryimage\"},\"thumbnailUrl\":\"https:\/\/gremicafe.cat\/wp-content\/uploads\/2021\/10\/C3510C8B-86DD-4531-9B7C-D88BB7A55BBD.jpg\",\"datePublished\":\"2021-10-05T08:22:54+00:00\",\"dateModified\":\"2021-10-18T11:11:02+00:00\",\"breadcrumb\":{\"@id\":\"https:\/\/gremicafe.cat\/2021\/10\/05\/dibarcafe-pro-el-nou-cafe-100-arabica-amb-3-versions-disponibles\/#breadcrumb\"},\"inLanguage\":\"es\",\"potentialAction\":[{\"@type\":\"ReadAction\",\"target\":[\"https:\/\/gremicafe.cat\/2021\/10\/05\/dibarcafe-pro-el-nou-cafe-100-arabica-amb-3-versions-disponibles\/\"]}]},{\"@type\":\"ImageObject\",\"inLanguage\":\"es\",\"@id\":\"https:\/\/gremicafe.cat\/2021\/10\/05\/dibarcafe-pro-el-nou-cafe-100-arabica-amb-3-versions-disponibles\/#primaryimage\",\"url\":\"https:\/\/gremicafe.cat\/wp-content\/uploads\/2021\/10\/C3510C8B-86DD-4531-9B7C-D88BB7A55BBD.jpg\",\"contentUrl\":\"https:\/\/gremicafe.cat\/wp-content\/uploads\/2021\/10\/C3510C8B-86DD-4531-9B7C-D88BB7A55BBD.jpg\",\"width\":750,\"height\":750,\"caption\":\"pots dibarcafe pro\"},{\"@type\":\"BreadcrumbList\",\"@id\":\"https:\/\/gremicafe.cat\/2021\/10\/05\/dibarcafe-pro-el-nou-cafe-100-arabica-amb-3-versions-disponibles\/#breadcrumb\",\"itemListElement\":[{\"@type\":\"ListItem\",\"position\":1,\"name\":\"Inici\",\"item\":\"https:\/\/gremicafe.cat\/\"},{\"@type\":\"ListItem\",\"position\":2,\"name\":\"DIBARCAFE PRO, el nou caf\u00e8 100% Ar\u00e0bica amb 3 versions disponibles\"}]},{\"@type\":\"WebSite\",\"@id\":\"https:\/\/gremicafe.cat\/#website\",\"url\":\"https:\/\/gremicafe.cat\/\",\"name\":\"Gremi del Caf\u00e8, torradors de Catalunya\",\"description\":\"Web oficial del gremi de torradors de caf\u00e8 de Catalunya\",\"publisher\":{\"@id\":\"https:\/\/gremicafe.cat\/#organization\"},\"potentialAction\":[{\"@type\":\"SearchAction\",\"target\":{\"@type\":\"EntryPoint\",\"urlTemplate\":\"https:\/\/gremicafe.cat\/?s={search_term_string}\"},\"query-input\":{\"@type\":\"PropertyValueSpecification\",\"valueRequired\":true,\"valueName\":\"search_term_string\"}}],\"inLanguage\":\"es\"},{\"@type\":\"Organization\",\"@id\":\"https:\/\/gremicafe.cat\/#organization\",\"name\":\"Gremi del Caf\u00e8, Torradors de Catalunya\",\"url\":\"https:\/\/gremicafe.cat\/\",\"logo\":{\"@type\":\"ImageObject\",\"inLanguage\":\"es\",\"@id\":\"https:\/\/gremicafe.cat\/#\/schema\/logo\/image\/\",\"url\":\"https:\/\/gremicafe.cat\/wp-content\/uploads\/2018\/03\/gremicafe-logo250.png\",\"contentUrl\":\"https:\/\/gremicafe.cat\/wp-content\/uploads\/2018\/03\/gremicafe-logo250.png\",\"width\":250,\"height\":49,\"caption\":\"Gremi del Caf\u00e8, Torradors de Catalunya\"},\"image\":{\"@id\":\"https:\/\/gremicafe.cat\/#\/schema\/logo\/image\/\"},\"sameAs\":[\"https:\/\/www.facebook.com\/gremicafecat\",\"https:\/\/x.com\/gremicafecat\",\"https:\/\/www.instagram.com\/gremicafecat\/\",\"https:\/\/www.pinterest.es\/gremicafecat\/\",\"https:\/\/www.youtube.com\/channel\/UCGLo5Y35vLwLvP4FrPZrCrw\/\"]},{\"@type\":\"Person\",\"@id\":\"https:\/\/gremicafe.cat\/#\/schema\/person\/dabfdbb3d0fa36260855a380f94e4733\",\"name\":\"gremicafe\",\"image\":{\"@type\":\"ImageObject\",\"inLanguage\":\"es\",\"@id\":\"https:\/\/gremicafe.cat\/#\/schema\/person\/image\/\",\"url\":\"https:\/\/secure.gravatar.com\/avatar\/e59baa4ca8f6f97576d6375fb6d3c8f0?s=96&d=mm&r=g\",\"contentUrl\":\"https:\/\/secure.gravatar.com\/avatar\/e59baa4ca8f6f97576d6375fb6d3c8f0?s=96&d=mm&r=g\",\"caption\":\"gremicafe\"}}]}<\/script>\n<!-- \/ Yoast SEO plugin. -->","yoast_head_json":{"title":"DIBARCAFE PRO, el nou caf\u00e8 100% Ar\u00e0bica amb 3 versions disponibles - Gremi del Caf\u00e8, torradors de Catalunya","robots":{"index":"index","follow":"follow","max-snippet":"max-snippet:-1","max-image-preview":"max-image-preview:large","max-video-preview":"max-video-preview:-1"},"canonical":"https:\/\/gremicafe.cat\/es\/2021\/10\/05\/dibarcafe-pro-el-nou-cafe-100-arabica-amb-3-versions-disponibles\/","og_locale":"es_ES","og_type":"article","og_title":"DIBARCAFE PRO, el nou caf\u00e8 100% Ar\u00e0bica amb 3 versions disponibles - Gremi del Caf\u00e8, torradors de Catalunya","og_description":"&nbsp; DIBARCAF\u00c9 recentment ha llen\u00e7at la seva nova varietat de caf\u00e8 per als gourmets que volen gaudir de l&#8217;alta gastronomia a casa seva. Anomenat DIBARCAF\u00c9 PRO, \u00e9s un caf\u00e8 100% ar\u00e0bica. Es tracta d&#8217;un caf\u00e8 crem\u00f3s amb un cos molt equilibrat amb notes dolces i de xocolata. Molt arom\u00e0tic amb notes de xocolates, fruita seca [&hellip;]","og_url":"https:\/\/gremicafe.cat\/es\/2021\/10\/05\/dibarcafe-pro-el-nou-cafe-100-arabica-amb-3-versions-disponibles\/","og_site_name":"Gremi del Caf\u00e8, torradors de Catalunya","article_publisher":"https:\/\/www.facebook.com\/gremicafecat","article_published_time":"2021-10-05T08:22:54+00:00","article_modified_time":"2021-10-18T11:11:02+00:00","og_image":[{"width":750,"height":750,"url":"https:\/\/gremicafe.cat\/wp-content\/uploads\/2021\/10\/C3510C8B-86DD-4531-9B7C-D88BB7A55BBD.jpg","type":"image\/jpeg"}],"author":"gremicafe","twitter_card":"summary_large_image","twitter_creator":"@gremicafecat","twitter_site":"@gremicafecat","twitter_misc":{"Escrito por":"gremicafe","Tiempo de lectura":"1 minuto"},"schema":{"@context":"https:\/\/schema.org","@graph":[{"@type":"Article","@id":"https:\/\/gremicafe.cat\/2021\/10\/05\/dibarcafe-pro-el-nou-cafe-100-arabica-amb-3-versions-disponibles\/#article","isPartOf":{"@id":"https:\/\/gremicafe.cat\/2021\/10\/05\/dibarcafe-pro-el-nou-cafe-100-arabica-amb-3-versions-disponibles\/"},"author":{"name":"gremicafe","@id":"https:\/\/gremicafe.cat\/#\/schema\/person\/dabfdbb3d0fa36260855a380f94e4733"},"headline":"DIBARCAFE PRO, el nou caf\u00e8 100% Ar\u00e0bica amb 3 versions disponibles","datePublished":"2021-10-05T08:22:54+00:00","dateModified":"2021-10-18T11:11:02+00:00","mainEntityOfPage":{"@id":"https:\/\/gremicafe.cat\/2021\/10\/05\/dibarcafe-pro-el-nou-cafe-100-arabica-amb-3-versions-disponibles\/"},"wordCount":162,"publisher":{"@id":"https:\/\/gremicafe.cat\/#organization"},"image":{"@id":"https:\/\/gremicafe.cat\/2021\/10\/05\/dibarcafe-pro-el-nou-cafe-100-arabica-amb-3-versions-disponibles\/#primaryimage"},"thumbnailUrl":"https:\/\/gremicafe.cat\/wp-content\/uploads\/2021\/10\/C3510C8B-86DD-4531-9B7C-D88BB7A55BBD.jpg","articleSection":["Not\u00edcies","Novetats"],"inLanguage":"es"},{"@type":"WebPage","@id":"https:\/\/gremicafe.cat\/2021\/10\/05\/dibarcafe-pro-el-nou-cafe-100-arabica-amb-3-versions-disponibles\/","url":"https:\/\/gremicafe.cat\/2021\/10\/05\/dibarcafe-pro-el-nou-cafe-100-arabica-amb-3-versions-disponibles\/","name":"DIBARCAFE PRO, el nou caf\u00e8 100% Ar\u00e0bica amb 3 versions disponibles - Gremi del Caf\u00e8, torradors de Catalunya","isPartOf":{"@id":"https:\/\/gremicafe.cat\/#website"},"primaryImageOfPage":{"@id":"https:\/\/gremicafe.cat\/2021\/10\/05\/dibarcafe-pro-el-nou-cafe-100-arabica-amb-3-versions-disponibles\/#primaryimage"},"image":{"@id":"https:\/\/gremicafe.cat\/2021\/10\/05\/dibarcafe-pro-el-nou-cafe-100-arabica-amb-3-versions-disponibles\/#primaryimage"},"thumbnailUrl":"https:\/\/gremicafe.cat\/wp-content\/uploads\/2021\/10\/C3510C8B-86DD-4531-9B7C-D88BB7A55BBD.jpg","datePublished":"2021-10-05T08:22:54+00:00","dateModified":"2021-10-18T11:11:02+00:00","breadcrumb":{"@id":"https:\/\/gremicafe.cat\/2021\/10\/05\/dibarcafe-pro-el-nou-cafe-100-arabica-amb-3-versions-disponibles\/#breadcrumb"},"inLanguage":"es","potentialAction":[{"@type":"ReadAction","target":["https:\/\/gremicafe.cat\/2021\/10\/05\/dibarcafe-pro-el-nou-cafe-100-arabica-amb-3-versions-disponibles\/"]}]},{"@type":"ImageObject","inLanguage":"es","@id":"https:\/\/gremicafe.cat\/2021\/10\/05\/dibarcafe-pro-el-nou-cafe-100-arabica-amb-3-versions-disponibles\/#primaryimage","url":"https:\/\/gremicafe.cat\/wp-content\/uploads\/2021\/10\/C3510C8B-86DD-4531-9B7C-D88BB7A55BBD.jpg","contentUrl":"https:\/\/gremicafe.cat\/wp-content\/uploads\/2021\/10\/C3510C8B-86DD-4531-9B7C-D88BB7A55BBD.jpg","width":750,"height":750,"caption":"pots dibarcafe pro"},{"@type":"BreadcrumbList","@id":"https:\/\/gremicafe.cat\/2021\/10\/05\/dibarcafe-pro-el-nou-cafe-100-arabica-amb-3-versions-disponibles\/#breadcrumb","itemListElement":[{"@type":"ListItem","position":1,"name":"Inici","item":"https:\/\/gremicafe.cat\/"},{"@type":"ListItem","position":2,"name":"DIBARCAFE PRO, el nou caf\u00e8 100% Ar\u00e0bica amb 3 versions disponibles"}]},{"@type":"WebSite","@id":"https:\/\/gremicafe.cat\/#website","url":"https:\/\/gremicafe.cat\/","name":"Gremio del Caf\u00e9, tostadores de Catalu\u00f1a","description":"Web oficial del gremio de tostadores de caf\u00e9 de Catalunya","publisher":{"@id":"https:\/\/gremicafe.cat\/#organization"},"potentialAction":[{"@type":"SearchAction","target":{"@type":"EntryPoint","urlTemplate":"https:\/\/gremicafe.cat\/?s={search_term_string}"},"query-input":{"@type":"PropertyValueSpecification","valueRequired":true,"valueName":"search_term_string"}}],"inLanguage":"es"},{"@type":"Organization","@id":"https:\/\/gremicafe.cat\/#organization","name":"Gremio del Caf\u00e9, Tostadores de Catalu\u00f1a","url":"https:\/\/gremicafe.cat\/","logo":{"@type":"ImageObject","inLanguage":"es","@id":"https:\/\/gremicafe.cat\/#\/schema\/logo\/image\/","url":"https:\/\/gremicafe.cat\/wp-content\/uploads\/2018\/03\/gremicafe-logo250.png","contentUrl":"https:\/\/gremicafe.cat\/wp-content\/uploads\/2018\/03\/gremicafe-logo250.png","width":250,"height":49,"caption":"Gremi del Caf\u00e8, Torradors de Catalunya"},"image":{"@id":"https:\/\/gremicafe.cat\/#\/schema\/logo\/image\/"},"sameAs":["https:\/\/www.facebook.com\/gremicafecat","https:\/\/x.com\/gremicafecat","https:\/\/www.instagram.com\/gremicafecat\/","https:\/\/www.pinterest.es\/gremicafecat\/","https:\/\/www.youtube.com\/channel\/UCGLo5Y35vLwLvP4FrPZrCrw\/"]},{"@type":"Person","@id":"https:\/\/gremicafe.cat\/#\/schema\/person\/dabfdbb3d0fa36260855a380f94e4733","name":"gremicafe","image":{"@type":"ImageObject","inLanguage":"es","@id":"https:\/\/gremicafe.cat\/#\/schema\/person\/image\/","url":"https:\/\/secure.gravatar.com\/avatar\/e59baa4ca8f6f97576d6375fb6d3c8f0?s=96&d=mm&r=g","contentUrl":"https:\/\/secure.gravatar.com\/avatar\/e59baa4ca8f6f97576d6375fb6d3c8f0?s=96&d=mm&r=g","caption":"gremicafe"}}]}},"_links":{"self":[{"href":"https:\/\/gremicafe.cat\/es\/wp-json\/wp\/v2\/posts\/6263"}],"collection":[{"href":"https:\/\/gremicafe.cat\/es\/wp-json\/wp\/v2\/posts"}],"about":[{"href":"https:\/\/gremicafe.cat\/es\/wp-json\/wp\/v2\/types\/post"}],"author":[{"embeddable":true,"href":"https:\/\/gremicafe.cat\/es\/wp-json\/wp\/v2\/users\/1"}],"replies":[{"embeddable":true,"href":"https:\/\/gremicafe.cat\/es\/wp-json\/wp\/v2\/comments?post=6263"}],"version-history":[{"count":0,"href":"https:\/\/gremicafe.cat\/es\/wp-json\/wp\/v2\/posts\/6263\/revisions"}],"wp:featuredmedia":[{"embeddable":true,"href":"https:\/\/gremicafe.cat\/es\/wp-json\/wp\/v2\/media\/6264"}],"wp:attachment":[{"href":"https:\/\/gremicafe.cat\/es\/wp-json\/wp\/v2\/media?parent=6263"}],"wp:term":[{"taxonomy":"category","embeddable":true,"href":"https:\/\/gremicafe.cat\/es\/wp-json\/wp\/v2\/categories?post=6263"},{"taxonomy":"post_tag","embeddable":true,"href":"https:\/\/gremicafe.cat\/es\/wp-json\/wp\/v2\/tags?post=6263"}],"curies":[{"name":"wp","href":"https:\/\/api.w.org\/{rel}","templated":true}]}}