{"id":6280,"date":"2021-10-08T14:35:31","date_gmt":"2021-10-08T12:35:31","guid":{"rendered":"https:\/\/gremicafe.cat\/?p=6280"},"modified":"2021-10-14T14:37:23","modified_gmt":"2021-10-14T12:37:23","slug":"els-preus-dels-grans-de-cafe-es-van-duplicar-lany-passat-i-poden-tornar-a-duplicar-se","status":"publish","type":"post","link":"https:\/\/gremicafe.cat\/es\/2021\/10\/08\/els-preus-dels-grans-de-cafe-es-van-duplicar-lany-passat-i-poden-tornar-a-duplicar-se\/","title":{"rendered":"&quot;Los precios de los granos de caf\u00e9 se duplicaron el a\u00f1o pasado y pueden volver a duplicarse&quot;"},"content":{"rendered":"<p><img loading=\"lazy\" decoding=\"async\" class=\"aligncenter size-full wp-image-6266\" src=\"https:\/\/gremicafe.cat\/wp-content\/uploads\/2021\/10\/tassa-cafe-ma.jpg\" alt=\"\" width=\"2000\" height=\"1409\" srcset=\"https:\/\/gremicafe.cat\/wp-content\/uploads\/2021\/10\/tassa-cafe-ma.jpg 2000w, https:\/\/gremicafe.cat\/wp-content\/uploads\/2021\/10\/tassa-cafe-ma-768x541.jpg 768w, https:\/\/gremicafe.cat\/wp-content\/uploads\/2021\/10\/tassa-cafe-ma-1536x1082.jpg 1536w, https:\/\/gremicafe.cat\/wp-content\/uploads\/2021\/10\/tassa-cafe-ma-1022x720.jpg 1022w\" sizes=\"(max-width: 2000px) 100vw, 2000px\" \/><\/p>\n<p>&nbsp;<\/p>\n<p><strong>Jonathan Morris<\/strong>, profesor de historia de la Universidad de Hertfordshire, ha publicado en el sitio web de\u00a0<strong>The Conversation<\/strong> un art\u00edculo sobre los \u00faltimos desarrollos en el mercado mundial del caf\u00e9, y concluy\u00f3 que \u201cLos precios de los granos de caf\u00e9 se duplicaron el pasado a\u00f1o y pueden volver a duplicarse\u201d.<\/p>\n<p>En los \u00faltimos 12 meses, el precio C, el precio de referencia para el caf\u00e9 ar\u00e1biga de calidad b\u00e1sica en la Bolsa Internacional de Productos B\u00e1sicos de Nueva York, ha aumentado de 1,07 d\u00f3lares estadounidenses (0,80 libras esterlinas) por libra ( 454 g) a alrededor de 1,95 d\u00f3lares estadounidenses. En julio, toc\u00f3 OS $ 2,08.<\/p>\n<p>Casi todos los contratos de entrega de caf\u00e9 se comparan con el precio C, con el resultado de que los precios del Ar\u00e1biga verde (grandes sin tostar) aumentaron en m\u00e1s del 80% durante el pasado a\u00f1o Los del caf\u00e9 Robusta, una alternativa. m\u00e1s barata y menos apetecible, han aumentado m\u00e1s del 30%. Y existe la posibilidad de que estos precios suban m\u00e1s en los pr\u00f3ximos meses. estemos cerca de una importante correcci\u00f3n de precios que mueva el mercado hacia arriba en los pr\u00f3ximos a\u00f1os.<\/p>\n<p><strong>\u00bfPor qu\u00e9 se ha encarecido el precio del caf\u00e9?<\/strong><\/p>\n<p>C\u00f3mo detallamos en <a href=\"https:\/\/gremicafe.cat\/es\/2021\/09\/24\/el-preu-del-cafe-segueix-en-augment\/\">este otro art\u00edculo<\/a>, la principal raz\u00f3n del alza de precios es una serie de<strong>eventos ambientales en Brasil<\/strong>. Brasil es el principal productor de caf\u00e9 del mundo, y representa alrededor del <strong>35% de la cosecha mundial<\/strong>. El volumen de producci\u00f3n fluct\u00faa regularmente entre a\u00f1os \u201cactivos\u201d e \u201cinactivos\u201d, y en general esto no es suficiente para afectar en gran medida a los precios para que los productores mitiguen sus riesgos mediante la gesti\u00f3n de existencias y la cobertura de precios utilizando el mercado de futuros de caf\u00e9.<\/p>\n<p>Sin embargo, es probable que los <strong>rendimientos en 2021 sean dram\u00e1ticamente m\u00e1s bajos<\/strong>. Esto se debe a una combinaci\u00f3n de una sequ\u00eda severa a principios de la temporada, que redujo la cantidad de cerezas de caf\u00e9, y heladas intensas recientes que podr\u00edan da\u00f1ar a\u00fan m\u00e1s la fruta e incluso los \u00e1rboles. Las autoridades brasile\u00f1as proyectan la <strong>cosecha de Ar\u00e1biga m\u00e1s baja en 12 a\u00f1os<\/strong>.<\/p>\n<p>La gran pregunta es c\u00f3mo afectar\u00e1 esto a la producci\u00f3n futura. Los \u00e1rboles de <strong>caf\u00e9 pueden tardar hasta cinco a\u00f1os en madurar<\/strong>, por lo que pasar\u00e1n algunas temporadas antes de que se aclare la magnitud del mal. Si, como sugieren algunos reporteros respetados, las heladas causan el m\u00e1ximo da\u00f1o, potencialmente afectando a dos tercios de los \u00e1rboles, puede haber una ca\u00edda duradera en los suministros mundiales. Esto podr\u00eda hacer que los precios superen la barrera de los US $ 3,00 e incluso los US $ 4,00.<\/p>\n<p>&nbsp;<\/p>\n<p>Fuente noticia: <a href=\"https:\/\/www.comunicaffe.com\/jonathan-morris-coffee-bean-prices-have-doubled-in-the-past-year-and-may-double-again\/\">Comunicaffe<\/a><\/p>","protected":false},"excerpt":{"rendered":"<p>&nbsp; Jonathan\u00a0Morris, professor d&#8217;hist\u00f2ria de la Universitat de\u00a0Hertfordshire, ha publicat en el lloc web de\u00a0The\u00a0Conversation un article sobre els \u00faltims desenvolupaments en el mercat mundial del caf\u00e8, i va concloure que &#8220;Els preus dels grans de caf\u00e8 es van duplicar l&#8217;any passat i poden tornar a duplicar-se&#8221;. En els \u00faltims 12 mesos, el preu C, [&hellip;]<\/p>\n","protected":false},"author":1,"featured_media":6266,"comment_status":"closed","ping_status":"open","sticky":false,"template":"","format":"standard","meta":{"_acf_changed":false,"inline_featured_image":false,"footnotes":""},"categories":[1],"tags":[],"class_list":["post-6280","post","type-post","status-publish","format-standard","has-post-thumbnail","hentry","category-noticies"],"acf":[],"yoast_head":"<!-- This site is optimized with the Yoast SEO plugin v25.5 - https:\/\/yoast.com\/wordpress\/plugins\/seo\/ -->\n<title>&quot;Els preus dels grans de caf\u00e8 es van duplicar l&#039;any passat i poden tornar a duplicar-se&quot; - Gremi del Caf\u00e8, torradors de Catalunya<\/title>\n<meta name=\"robots\" content=\"index, follow, max-snippet:-1, max-image-preview:large, max-video-preview:-1\" \/>\n<link rel=\"canonical\" href=\"https:\/\/gremicafe.cat\/es\/2021\/10\/08\/els-preus-dels-grans-de-cafe-es-van-duplicar-lany-passat-i-poden-tornar-a-duplicar-se\/\" \/>\n<meta property=\"og:locale\" content=\"es_ES\" \/>\n<meta property=\"og:type\" content=\"article\" \/>\n<meta property=\"og:title\" content=\"&quot;Els preus dels grans de caf\u00e8 es van duplicar l&#039;any passat i poden tornar a duplicar-se&quot; - Gremi del Caf\u00e8, torradors de Catalunya\" \/>\n<meta property=\"og:description\" content=\"&nbsp; Jonathan\u00a0Morris, professor d&#8217;hist\u00f2ria de la Universitat de\u00a0Hertfordshire, ha publicat en el lloc web de\u00a0The\u00a0Conversation un article sobre els \u00faltims desenvolupaments en el mercat mundial del caf\u00e8, i va concloure que &#8220;Els preus dels grans de caf\u00e8 es van duplicar l&#8217;any passat i poden tornar a duplicar-se&#8221;. En els \u00faltims 12 mesos, el preu C, [&hellip;]\" \/>\n<meta property=\"og:url\" content=\"https:\/\/gremicafe.cat\/es\/2021\/10\/08\/els-preus-dels-grans-de-cafe-es-van-duplicar-lany-passat-i-poden-tornar-a-duplicar-se\/\" \/>\n<meta property=\"og:site_name\" content=\"Gremi del Caf\u00e8, torradors de Catalunya\" \/>\n<meta property=\"article:publisher\" content=\"https:\/\/www.facebook.com\/gremicafecat\" \/>\n<meta property=\"article:published_time\" content=\"2021-10-08T12:35:31+00:00\" \/>\n<meta property=\"article:modified_time\" content=\"2021-10-14T12:37:23+00:00\" \/>\n<meta property=\"og:image\" content=\"https:\/\/gremicafe.cat\/wp-content\/uploads\/2021\/10\/tassa-cafe-ma.jpg\" \/>\n\t<meta property=\"og:image:width\" content=\"2000\" \/>\n\t<meta property=\"og:image:height\" content=\"1409\" \/>\n\t<meta property=\"og:image:type\" content=\"image\/jpeg\" \/>\n<meta name=\"author\" content=\"gremicafe\" \/>\n<meta name=\"twitter:card\" content=\"summary_large_image\" \/>\n<meta name=\"twitter:creator\" content=\"@gremicafecat\" \/>\n<meta name=\"twitter:site\" content=\"@gremicafecat\" \/>\n<meta name=\"twitter:label1\" content=\"Escrito por\" \/>\n\t<meta name=\"twitter:data1\" content=\"gremicafe\" \/>\n\t<meta name=\"twitter:label2\" content=\"Tiempo de lectura\" \/>\n\t<meta name=\"twitter:data2\" content=\"3 minutos\" \/>\n<script type=\"application\/ld+json\" class=\"yoast-schema-graph\">{\"@context\":\"https:\/\/schema.org\",\"@graph\":[{\"@type\":\"Article\",\"@id\":\"https:\/\/gremicafe.cat\/2021\/10\/08\/els-preus-dels-grans-de-cafe-es-van-duplicar-lany-passat-i-poden-tornar-a-duplicar-se\/#article\",\"isPartOf\":{\"@id\":\"https:\/\/gremicafe.cat\/2021\/10\/08\/els-preus-dels-grans-de-cafe-es-van-duplicar-lany-passat-i-poden-tornar-a-duplicar-se\/\"},\"author\":{\"name\":\"gremicafe\",\"@id\":\"https:\/\/gremicafe.cat\/#\/schema\/person\/dabfdbb3d0fa36260855a380f94e4733\"},\"headline\":\"&#8220;Els preus dels grans de caf\u00e8 es van duplicar l&#8217;any passat i poden tornar a duplicar-se&#8221;\",\"datePublished\":\"2021-10-08T12:35:31+00:00\",\"dateModified\":\"2021-10-14T12:37:23+00:00\",\"mainEntityOfPage\":{\"@id\":\"https:\/\/gremicafe.cat\/2021\/10\/08\/els-preus-dels-grans-de-cafe-es-van-duplicar-lany-passat-i-poden-tornar-a-duplicar-se\/\"},\"wordCount\":473,\"publisher\":{\"@id\":\"https:\/\/gremicafe.cat\/#organization\"},\"image\":{\"@id\":\"https:\/\/gremicafe.cat\/2021\/10\/08\/els-preus-dels-grans-de-cafe-es-van-duplicar-lany-passat-i-poden-tornar-a-duplicar-se\/#primaryimage\"},\"thumbnailUrl\":\"https:\/\/gremicafe.cat\/wp-content\/uploads\/2021\/10\/tassa-cafe-ma.jpg\",\"articleSection\":[\"Not\u00edcies\"],\"inLanguage\":\"es\"},{\"@type\":\"WebPage\",\"@id\":\"https:\/\/gremicafe.cat\/2021\/10\/08\/els-preus-dels-grans-de-cafe-es-van-duplicar-lany-passat-i-poden-tornar-a-duplicar-se\/\",\"url\":\"https:\/\/gremicafe.cat\/2021\/10\/08\/els-preus-dels-grans-de-cafe-es-van-duplicar-lany-passat-i-poden-tornar-a-duplicar-se\/\",\"name\":\"\\\"Els preus dels grans de caf\u00e8 es van duplicar l'any passat i poden tornar a duplicar-se\\\" - Gremi del Caf\u00e8, torradors de Catalunya\",\"isPartOf\":{\"@id\":\"https:\/\/gremicafe.cat\/#website\"},\"primaryImageOfPage\":{\"@id\":\"https:\/\/gremicafe.cat\/2021\/10\/08\/els-preus-dels-grans-de-cafe-es-van-duplicar-lany-passat-i-poden-tornar-a-duplicar-se\/#primaryimage\"},\"image\":{\"@id\":\"https:\/\/gremicafe.cat\/2021\/10\/08\/els-preus-dels-grans-de-cafe-es-van-duplicar-lany-passat-i-poden-tornar-a-duplicar-se\/#primaryimage\"},\"thumbnailUrl\":\"https:\/\/gremicafe.cat\/wp-content\/uploads\/2021\/10\/tassa-cafe-ma.jpg\",\"datePublished\":\"2021-10-08T12:35:31+00:00\",\"dateModified\":\"2021-10-14T12:37:23+00:00\",\"breadcrumb\":{\"@id\":\"https:\/\/gremicafe.cat\/2021\/10\/08\/els-preus-dels-grans-de-cafe-es-van-duplicar-lany-passat-i-poden-tornar-a-duplicar-se\/#breadcrumb\"},\"inLanguage\":\"es\",\"potentialAction\":[{\"@type\":\"ReadAction\",\"target\":[\"https:\/\/gremicafe.cat\/2021\/10\/08\/els-preus-dels-grans-de-cafe-es-van-duplicar-lany-passat-i-poden-tornar-a-duplicar-se\/\"]}]},{\"@type\":\"ImageObject\",\"inLanguage\":\"es\",\"@id\":\"https:\/\/gremicafe.cat\/2021\/10\/08\/els-preus-dels-grans-de-cafe-es-van-duplicar-lany-passat-i-poden-tornar-a-duplicar-se\/#primaryimage\",\"url\":\"https:\/\/gremicafe.cat\/wp-content\/uploads\/2021\/10\/tassa-cafe-ma.jpg\",\"contentUrl\":\"https:\/\/gremicafe.cat\/wp-content\/uploads\/2021\/10\/tassa-cafe-ma.jpg\",\"width\":2000,\"height\":1409,\"caption\":\"m\u00e0 tassa caf\u00e8\"},{\"@type\":\"BreadcrumbList\",\"@id\":\"https:\/\/gremicafe.cat\/2021\/10\/08\/els-preus-dels-grans-de-cafe-es-van-duplicar-lany-passat-i-poden-tornar-a-duplicar-se\/#breadcrumb\",\"itemListElement\":[{\"@type\":\"ListItem\",\"position\":1,\"name\":\"Inici\",\"item\":\"https:\/\/gremicafe.cat\/\"},{\"@type\":\"ListItem\",\"position\":2,\"name\":\"&#8220;Els preus dels grans de caf\u00e8 es van duplicar l&#8217;any passat i poden tornar a duplicar-se&#8221;\"}]},{\"@type\":\"WebSite\",\"@id\":\"https:\/\/gremicafe.cat\/#website\",\"url\":\"https:\/\/gremicafe.cat\/\",\"name\":\"Gremi del Caf\u00e8, torradors de Catalunya\",\"description\":\"Web oficial del gremi de torradors de caf\u00e8 de Catalunya\",\"publisher\":{\"@id\":\"https:\/\/gremicafe.cat\/#organization\"},\"potentialAction\":[{\"@type\":\"SearchAction\",\"target\":{\"@type\":\"EntryPoint\",\"urlTemplate\":\"https:\/\/gremicafe.cat\/?s={search_term_string}\"},\"query-input\":{\"@type\":\"PropertyValueSpecification\",\"valueRequired\":true,\"valueName\":\"search_term_string\"}}],\"inLanguage\":\"es\"},{\"@type\":\"Organization\",\"@id\":\"https:\/\/gremicafe.cat\/#organization\",\"name\":\"Gremi del Caf\u00e8, Torradors de Catalunya\",\"url\":\"https:\/\/gremicafe.cat\/\",\"logo\":{\"@type\":\"ImageObject\",\"inLanguage\":\"es\",\"@id\":\"https:\/\/gremicafe.cat\/#\/schema\/logo\/image\/\",\"url\":\"https:\/\/gremicafe.cat\/wp-content\/uploads\/2018\/03\/gremicafe-logo250.png\",\"contentUrl\":\"https:\/\/gremicafe.cat\/wp-content\/uploads\/2018\/03\/gremicafe-logo250.png\",\"width\":250,\"height\":49,\"caption\":\"Gremi del Caf\u00e8, Torradors de Catalunya\"},\"image\":{\"@id\":\"https:\/\/gremicafe.cat\/#\/schema\/logo\/image\/\"},\"sameAs\":[\"https:\/\/www.facebook.com\/gremicafecat\",\"https:\/\/x.com\/gremicafecat\",\"https:\/\/www.instagram.com\/gremicafecat\/\",\"https:\/\/www.pinterest.es\/gremicafecat\/\",\"https:\/\/www.youtube.com\/channel\/UCGLo5Y35vLwLvP4FrPZrCrw\/\"]},{\"@type\":\"Person\",\"@id\":\"https:\/\/gremicafe.cat\/#\/schema\/person\/dabfdbb3d0fa36260855a380f94e4733\",\"name\":\"gremicafe\",\"image\":{\"@type\":\"ImageObject\",\"inLanguage\":\"es\",\"@id\":\"https:\/\/gremicafe.cat\/#\/schema\/person\/image\/\",\"url\":\"https:\/\/secure.gravatar.com\/avatar\/e59baa4ca8f6f97576d6375fb6d3c8f0?s=96&d=mm&r=g\",\"contentUrl\":\"https:\/\/secure.gravatar.com\/avatar\/e59baa4ca8f6f97576d6375fb6d3c8f0?s=96&d=mm&r=g\",\"caption\":\"gremicafe\"}}]}<\/script>\n<!-- \/ Yoast SEO plugin. -->","yoast_head_json":{"title":"\"Els preus dels grans de caf\u00e8 es van duplicar l'any passat i poden tornar a duplicar-se\" - Gremi del Caf\u00e8, torradors de Catalunya","robots":{"index":"index","follow":"follow","max-snippet":"max-snippet:-1","max-image-preview":"max-image-preview:large","max-video-preview":"max-video-preview:-1"},"canonical":"https:\/\/gremicafe.cat\/es\/2021\/10\/08\/els-preus-dels-grans-de-cafe-es-van-duplicar-lany-passat-i-poden-tornar-a-duplicar-se\/","og_locale":"es_ES","og_type":"article","og_title":"\"Els preus dels grans de caf\u00e8 es van duplicar l'any passat i poden tornar a duplicar-se\" - Gremi del Caf\u00e8, torradors de Catalunya","og_description":"&nbsp; Jonathan\u00a0Morris, professor d&#8217;hist\u00f2ria de la Universitat de\u00a0Hertfordshire, ha publicat en el lloc web de\u00a0The\u00a0Conversation un article sobre els \u00faltims desenvolupaments en el mercat mundial del caf\u00e8, i va concloure que &#8220;Els preus dels grans de caf\u00e8 es van duplicar l&#8217;any passat i poden tornar a duplicar-se&#8221;. En els \u00faltims 12 mesos, el preu C, [&hellip;]","og_url":"https:\/\/gremicafe.cat\/es\/2021\/10\/08\/els-preus-dels-grans-de-cafe-es-van-duplicar-lany-passat-i-poden-tornar-a-duplicar-se\/","og_site_name":"Gremi del Caf\u00e8, torradors de Catalunya","article_publisher":"https:\/\/www.facebook.com\/gremicafecat","article_published_time":"2021-10-08T12:35:31+00:00","article_modified_time":"2021-10-14T12:37:23+00:00","og_image":[{"width":2000,"height":1409,"url":"https:\/\/gremicafe.cat\/wp-content\/uploads\/2021\/10\/tassa-cafe-ma.jpg","type":"image\/jpeg"}],"author":"gremicafe","twitter_card":"summary_large_image","twitter_creator":"@gremicafecat","twitter_site":"@gremicafecat","twitter_misc":{"Escrito por":"gremicafe","Tiempo de lectura":"3 minutos"},"schema":{"@context":"https:\/\/schema.org","@graph":[{"@type":"Article","@id":"https:\/\/gremicafe.cat\/2021\/10\/08\/els-preus-dels-grans-de-cafe-es-van-duplicar-lany-passat-i-poden-tornar-a-duplicar-se\/#article","isPartOf":{"@id":"https:\/\/gremicafe.cat\/2021\/10\/08\/els-preus-dels-grans-de-cafe-es-van-duplicar-lany-passat-i-poden-tornar-a-duplicar-se\/"},"author":{"name":"gremicafe","@id":"https:\/\/gremicafe.cat\/#\/schema\/person\/dabfdbb3d0fa36260855a380f94e4733"},"headline":"&#8220;Els preus dels grans de caf\u00e8 es van duplicar l&#8217;any passat i poden tornar a duplicar-se&#8221;","datePublished":"2021-10-08T12:35:31+00:00","dateModified":"2021-10-14T12:37:23+00:00","mainEntityOfPage":{"@id":"https:\/\/gremicafe.cat\/2021\/10\/08\/els-preus-dels-grans-de-cafe-es-van-duplicar-lany-passat-i-poden-tornar-a-duplicar-se\/"},"wordCount":473,"publisher":{"@id":"https:\/\/gremicafe.cat\/#organization"},"image":{"@id":"https:\/\/gremicafe.cat\/2021\/10\/08\/els-preus-dels-grans-de-cafe-es-van-duplicar-lany-passat-i-poden-tornar-a-duplicar-se\/#primaryimage"},"thumbnailUrl":"https:\/\/gremicafe.cat\/wp-content\/uploads\/2021\/10\/tassa-cafe-ma.jpg","articleSection":["Not\u00edcies"],"inLanguage":"es"},{"@type":"WebPage","@id":"https:\/\/gremicafe.cat\/2021\/10\/08\/els-preus-dels-grans-de-cafe-es-van-duplicar-lany-passat-i-poden-tornar-a-duplicar-se\/","url":"https:\/\/gremicafe.cat\/2021\/10\/08\/els-preus-dels-grans-de-cafe-es-van-duplicar-lany-passat-i-poden-tornar-a-duplicar-se\/","name":"\"Els preus dels grans de caf\u00e8 es van duplicar l'any passat i poden tornar a duplicar-se\" - Gremi del Caf\u00e8, torradors de Catalunya","isPartOf":{"@id":"https:\/\/gremicafe.cat\/#website"},"primaryImageOfPage":{"@id":"https:\/\/gremicafe.cat\/2021\/10\/08\/els-preus-dels-grans-de-cafe-es-van-duplicar-lany-passat-i-poden-tornar-a-duplicar-se\/#primaryimage"},"image":{"@id":"https:\/\/gremicafe.cat\/2021\/10\/08\/els-preus-dels-grans-de-cafe-es-van-duplicar-lany-passat-i-poden-tornar-a-duplicar-se\/#primaryimage"},"thumbnailUrl":"https:\/\/gremicafe.cat\/wp-content\/uploads\/2021\/10\/tassa-cafe-ma.jpg","datePublished":"2021-10-08T12:35:31+00:00","dateModified":"2021-10-14T12:37:23+00:00","breadcrumb":{"@id":"https:\/\/gremicafe.cat\/2021\/10\/08\/els-preus-dels-grans-de-cafe-es-van-duplicar-lany-passat-i-poden-tornar-a-duplicar-se\/#breadcrumb"},"inLanguage":"es","potentialAction":[{"@type":"ReadAction","target":["https:\/\/gremicafe.cat\/2021\/10\/08\/els-preus-dels-grans-de-cafe-es-van-duplicar-lany-passat-i-poden-tornar-a-duplicar-se\/"]}]},{"@type":"ImageObject","inLanguage":"es","@id":"https:\/\/gremicafe.cat\/2021\/10\/08\/els-preus-dels-grans-de-cafe-es-van-duplicar-lany-passat-i-poden-tornar-a-duplicar-se\/#primaryimage","url":"https:\/\/gremicafe.cat\/wp-content\/uploads\/2021\/10\/tassa-cafe-ma.jpg","contentUrl":"https:\/\/gremicafe.cat\/wp-content\/uploads\/2021\/10\/tassa-cafe-ma.jpg","width":2000,"height":1409,"caption":"m\u00e0 tassa caf\u00e8"},{"@type":"BreadcrumbList","@id":"https:\/\/gremicafe.cat\/2021\/10\/08\/els-preus-dels-grans-de-cafe-es-van-duplicar-lany-passat-i-poden-tornar-a-duplicar-se\/#breadcrumb","itemListElement":[{"@type":"ListItem","position":1,"name":"Inici","item":"https:\/\/gremicafe.cat\/"},{"@type":"ListItem","position":2,"name":"&#8220;Els preus dels grans de caf\u00e8 es van duplicar l&#8217;any passat i poden tornar a duplicar-se&#8221;"}]},{"@type":"WebSite","@id":"https:\/\/gremicafe.cat\/#website","url":"https:\/\/gremicafe.cat\/","name":"Gremio del Caf\u00e9, tostadores de Catalu\u00f1a","description":"Web oficial del gremio de tostadores de caf\u00e9 de Catalunya","publisher":{"@id":"https:\/\/gremicafe.cat\/#organization"},"potentialAction":[{"@type":"SearchAction","target":{"@type":"EntryPoint","urlTemplate":"https:\/\/gremicafe.cat\/?s={search_term_string}"},"query-input":{"@type":"PropertyValueSpecification","valueRequired":true,"valueName":"search_term_string"}}],"inLanguage":"es"},{"@type":"Organization","@id":"https:\/\/gremicafe.cat\/#organization","name":"Gremio del Caf\u00e9, Tostadores de Catalu\u00f1a","url":"https:\/\/gremicafe.cat\/","logo":{"@type":"ImageObject","inLanguage":"es","@id":"https:\/\/gremicafe.cat\/#\/schema\/logo\/image\/","url":"https:\/\/gremicafe.cat\/wp-content\/uploads\/2018\/03\/gremicafe-logo250.png","contentUrl":"https:\/\/gremicafe.cat\/wp-content\/uploads\/2018\/03\/gremicafe-logo250.png","width":250,"height":49,"caption":"Gremi del Caf\u00e8, Torradors de Catalunya"},"image":{"@id":"https:\/\/gremicafe.cat\/#\/schema\/logo\/image\/"},"sameAs":["https:\/\/www.facebook.com\/gremicafecat","https:\/\/x.com\/gremicafecat","https:\/\/www.instagram.com\/gremicafecat\/","https:\/\/www.pinterest.es\/gremicafecat\/","https:\/\/www.youtube.com\/channel\/UCGLo5Y35vLwLvP4FrPZrCrw\/"]},{"@type":"Person","@id":"https:\/\/gremicafe.cat\/#\/schema\/person\/dabfdbb3d0fa36260855a380f94e4733","name":"gremicafe","image":{"@type":"ImageObject","inLanguage":"es","@id":"https:\/\/gremicafe.cat\/#\/schema\/person\/image\/","url":"https:\/\/secure.gravatar.com\/avatar\/e59baa4ca8f6f97576d6375fb6d3c8f0?s=96&d=mm&r=g","contentUrl":"https:\/\/secure.gravatar.com\/avatar\/e59baa4ca8f6f97576d6375fb6d3c8f0?s=96&d=mm&r=g","caption":"gremicafe"}}]}},"_links":{"self":[{"href":"https:\/\/gremicafe.cat\/es\/wp-json\/wp\/v2\/posts\/6280"}],"collection":[{"href":"https:\/\/gremicafe.cat\/es\/wp-json\/wp\/v2\/posts"}],"about":[{"href":"https:\/\/gremicafe.cat\/es\/wp-json\/wp\/v2\/types\/post"}],"author":[{"embeddable":true,"href":"https:\/\/gremicafe.cat\/es\/wp-json\/wp\/v2\/users\/1"}],"replies":[{"embeddable":true,"href":"https:\/\/gremicafe.cat\/es\/wp-json\/wp\/v2\/comments?post=6280"}],"version-history":[{"count":0,"href":"https:\/\/gremicafe.cat\/es\/wp-json\/wp\/v2\/posts\/6280\/revisions"}],"wp:featuredmedia":[{"embeddable":true,"href":"https:\/\/gremicafe.cat\/es\/wp-json\/wp\/v2\/media\/6266"}],"wp:attachment":[{"href":"https:\/\/gremicafe.cat\/es\/wp-json\/wp\/v2\/media?parent=6280"}],"wp:term":[{"taxonomy":"category","embeddable":true,"href":"https:\/\/gremicafe.cat\/es\/wp-json\/wp\/v2\/categories?post=6280"},{"taxonomy":"post_tag","embeddable":true,"href":"https:\/\/gremicafe.cat\/es\/wp-json\/wp\/v2\/tags?post=6280"}],"curies":[{"name":"wp","href":"https:\/\/api.w.org\/{rel}","templated":true}]}}