{"id":6294,"date":"2021-10-18T14:54:10","date_gmt":"2021-10-18T12:54:10","guid":{"rendered":"https:\/\/gremicafe.cat\/?p=6294"},"modified":"2021-10-18T14:54:54","modified_gmt":"2021-10-18T12:54:54","slug":"els-futurs-del-cafe-arabiga-assoleixen-el-preu-maxim-dels-ultims-7-anys","status":"publish","type":"post","link":"https:\/\/gremicafe.cat\/es\/2021\/10\/18\/els-futurs-del-cafe-arabiga-assoleixen-el-preu-maxim-dels-ultims-7-anys\/","title":{"rendered":"Los futuros del caf\u00e9 Ar\u00e1biga, alcanzan el precio m\u00e1ximo de los \u00faltimos 7 a\u00f1os"},"content":{"rendered":"<p><img loading=\"lazy\" decoding=\"async\" class=\"aligncenter size-full wp-image-6306\" src=\"https:\/\/gremicafe.cat\/wp-content\/uploads\/2021\/10\/borsa-cafe-gremi.jpg\" alt=\"\" width=\"1200\" height=\"800\" srcset=\"https:\/\/gremicafe.cat\/wp-content\/uploads\/2021\/10\/borsa-cafe-gremi.jpg 1200w, https:\/\/gremicafe.cat\/wp-content\/uploads\/2021\/10\/borsa-cafe-gremi-768x512.jpg 768w, https:\/\/gremicafe.cat\/wp-content\/uploads\/2021\/10\/borsa-cafe-gremi-1080x720.jpg 1080w\" sizes=\"(max-width: 1200px) 100vw, 1200px\" \/><\/p>\n<p>&nbsp;<\/p>\n<p>El pasado martes, los futuros de caf\u00e9 ar\u00e1biga alcanz\u00f3 su m\u00e1ximo desde octubre de 2014. Los futuros de robusta por las entregas de noviembre tambi\u00e9n aumentaron, en un 2,1% a ra\u00edz del repunte de Nueva York.<\/p>\n<p>La subida de precios se debe a las noticias de Reuters, que informaron de que los productores de caf\u00e9 de Colombia dejaron de pagar 1 mill\u00f3n de sacos de caf\u00e9 tras un aumento en los precios globales.<\/p>\n<p>Esta subida de precios se produce en un contexto de d\u00e9ficit de oferta prevista para el actual cafetero. Los problemas log\u00edsticos, los problemas de transporte y la menor disponibilidad de caf\u00e9 en el mercado f\u00edsico han provocado una lucha por disponer de suficiente stock de caf\u00e9.<\/p>\n<p>&nbsp;<\/p>\n<p>Puede seguir leyendo la noticia en <a href=\"https:\/\/www.comunicaffe.com\/arabica-coffee-futures-rally-to-7-year-highs-on-default-concerns-and-increased-logistical-issues\/\" target=\"_blank\" rel=\"noopener\">Comunicaffe<\/a>.<\/p>","protected":false},"excerpt":{"rendered":"<p>&nbsp; El passat dimarts, els futurs de caf\u00e8 ar\u00e0biga va arribar al seu m\u00e0xim des d&#8217;octubre del 2014. Els futurs de robusta per les entregues de novembre tamb\u00e9 van augmentar, en un 2,1% arran del repunt de Nova York. La pujada de preus \u00e9s a causa de les not\u00edcies de Reuters, que van informar que [&hellip;]<\/p>\n","protected":false},"author":1,"featured_media":6306,"comment_status":"closed","ping_status":"open","sticky":false,"template":"","format":"standard","meta":{"_acf_changed":false,"inline_featured_image":false,"footnotes":""},"categories":[1],"tags":[],"class_list":["post-6294","post","type-post","status-publish","format-standard","has-post-thumbnail","hentry","category-noticies"],"acf":[],"yoast_head":"<!-- This site is optimized with the Yoast SEO plugin v25.5 - https:\/\/yoast.com\/wordpress\/plugins\/seo\/ -->\n<title>Els futurs del caf\u00e8 Ar\u00e0biga, assoleixen el preu m\u00e0xim dels \u00faltims 7 anys - Gremi del Caf\u00e8, torradors de Catalunya<\/title>\n<meta name=\"robots\" content=\"index, follow, max-snippet:-1, max-image-preview:large, max-video-preview:-1\" \/>\n<link rel=\"canonical\" href=\"https:\/\/gremicafe.cat\/es\/2021\/10\/18\/els-futurs-del-cafe-arabiga-assoleixen-el-preu-maxim-dels-ultims-7-anys\/\" \/>\n<meta property=\"og:locale\" content=\"es_ES\" \/>\n<meta property=\"og:type\" content=\"article\" \/>\n<meta property=\"og:title\" content=\"Els futurs del caf\u00e8 Ar\u00e0biga, assoleixen el preu m\u00e0xim dels \u00faltims 7 anys - Gremi del Caf\u00e8, torradors de Catalunya\" \/>\n<meta property=\"og:description\" content=\"&nbsp; El passat dimarts, els futurs de caf\u00e8 ar\u00e0biga va arribar al seu m\u00e0xim des d&#8217;octubre del 2014. Els futurs de robusta per les entregues de novembre tamb\u00e9 van augmentar, en un 2,1% arran del repunt de Nova York. La pujada de preus \u00e9s a causa de les not\u00edcies de Reuters, que van informar que [&hellip;]\" \/>\n<meta property=\"og:url\" content=\"https:\/\/gremicafe.cat\/es\/2021\/10\/18\/els-futurs-del-cafe-arabiga-assoleixen-el-preu-maxim-dels-ultims-7-anys\/\" \/>\n<meta property=\"og:site_name\" content=\"Gremi del Caf\u00e8, torradors de Catalunya\" \/>\n<meta property=\"article:publisher\" content=\"https:\/\/www.facebook.com\/gremicafecat\" \/>\n<meta property=\"article:published_time\" content=\"2021-10-18T12:54:10+00:00\" \/>\n<meta property=\"article:modified_time\" content=\"2021-10-18T12:54:54+00:00\" \/>\n<meta property=\"og:image\" content=\"https:\/\/gremicafe.cat\/wp-content\/uploads\/2021\/10\/borsa-cafe-gremi.jpg\" \/>\n\t<meta property=\"og:image:width\" content=\"1200\" \/>\n\t<meta property=\"og:image:height\" content=\"800\" \/>\n\t<meta property=\"og:image:type\" content=\"image\/jpeg\" \/>\n<meta name=\"author\" content=\"gremicafe\" \/>\n<meta name=\"twitter:card\" content=\"summary_large_image\" \/>\n<meta name=\"twitter:creator\" content=\"@gremicafecat\" \/>\n<meta name=\"twitter:site\" content=\"@gremicafecat\" \/>\n<meta name=\"twitter:label1\" content=\"Escrito por\" \/>\n\t<meta name=\"twitter:data1\" content=\"gremicafe\" \/>\n\t<meta name=\"twitter:label2\" content=\"Tiempo de lectura\" \/>\n\t<meta name=\"twitter:data2\" content=\"1 minuto\" \/>\n<script type=\"application\/ld+json\" class=\"yoast-schema-graph\">{\"@context\":\"https:\/\/schema.org\",\"@graph\":[{\"@type\":\"Article\",\"@id\":\"https:\/\/gremicafe.cat\/2021\/10\/18\/els-futurs-del-cafe-arabiga-assoleixen-el-preu-maxim-dels-ultims-7-anys\/#article\",\"isPartOf\":{\"@id\":\"https:\/\/gremicafe.cat\/2021\/10\/18\/els-futurs-del-cafe-arabiga-assoleixen-el-preu-maxim-dels-ultims-7-anys\/\"},\"author\":{\"name\":\"gremicafe\",\"@id\":\"https:\/\/gremicafe.cat\/#\/schema\/person\/dabfdbb3d0fa36260855a380f94e4733\"},\"headline\":\"Els futurs del caf\u00e8 Ar\u00e0biga, assoleixen el preu m\u00e0xim dels \u00faltims 7 anys\",\"datePublished\":\"2021-10-18T12:54:10+00:00\",\"dateModified\":\"2021-10-18T12:54:54+00:00\",\"mainEntityOfPage\":{\"@id\":\"https:\/\/gremicafe.cat\/2021\/10\/18\/els-futurs-del-cafe-arabiga-assoleixen-el-preu-maxim-dels-ultims-7-anys\/\"},\"wordCount\":150,\"publisher\":{\"@id\":\"https:\/\/gremicafe.cat\/#organization\"},\"image\":{\"@id\":\"https:\/\/gremicafe.cat\/2021\/10\/18\/els-futurs-del-cafe-arabiga-assoleixen-el-preu-maxim-dels-ultims-7-anys\/#primaryimage\"},\"thumbnailUrl\":\"https:\/\/gremicafe.cat\/wp-content\/uploads\/2021\/10\/borsa-cafe-gremi.jpg\",\"articleSection\":[\"Not\u00edcies\"],\"inLanguage\":\"es\"},{\"@type\":\"WebPage\",\"@id\":\"https:\/\/gremicafe.cat\/2021\/10\/18\/els-futurs-del-cafe-arabiga-assoleixen-el-preu-maxim-dels-ultims-7-anys\/\",\"url\":\"https:\/\/gremicafe.cat\/2021\/10\/18\/els-futurs-del-cafe-arabiga-assoleixen-el-preu-maxim-dels-ultims-7-anys\/\",\"name\":\"Els futurs del caf\u00e8 Ar\u00e0biga, assoleixen el preu m\u00e0xim dels \u00faltims 7 anys - Gremi del Caf\u00e8, torradors de Catalunya\",\"isPartOf\":{\"@id\":\"https:\/\/gremicafe.cat\/#website\"},\"primaryImageOfPage\":{\"@id\":\"https:\/\/gremicafe.cat\/2021\/10\/18\/els-futurs-del-cafe-arabiga-assoleixen-el-preu-maxim-dels-ultims-7-anys\/#primaryimage\"},\"image\":{\"@id\":\"https:\/\/gremicafe.cat\/2021\/10\/18\/els-futurs-del-cafe-arabiga-assoleixen-el-preu-maxim-dels-ultims-7-anys\/#primaryimage\"},\"thumbnailUrl\":\"https:\/\/gremicafe.cat\/wp-content\/uploads\/2021\/10\/borsa-cafe-gremi.jpg\",\"datePublished\":\"2021-10-18T12:54:10+00:00\",\"dateModified\":\"2021-10-18T12:54:54+00:00\",\"breadcrumb\":{\"@id\":\"https:\/\/gremicafe.cat\/2021\/10\/18\/els-futurs-del-cafe-arabiga-assoleixen-el-preu-maxim-dels-ultims-7-anys\/#breadcrumb\"},\"inLanguage\":\"es\",\"potentialAction\":[{\"@type\":\"ReadAction\",\"target\":[\"https:\/\/gremicafe.cat\/2021\/10\/18\/els-futurs-del-cafe-arabiga-assoleixen-el-preu-maxim-dels-ultims-7-anys\/\"]}]},{\"@type\":\"ImageObject\",\"inLanguage\":\"es\",\"@id\":\"https:\/\/gremicafe.cat\/2021\/10\/18\/els-futurs-del-cafe-arabiga-assoleixen-el-preu-maxim-dels-ultims-7-anys\/#primaryimage\",\"url\":\"https:\/\/gremicafe.cat\/wp-content\/uploads\/2021\/10\/borsa-cafe-gremi.jpg\",\"contentUrl\":\"https:\/\/gremicafe.cat\/wp-content\/uploads\/2021\/10\/borsa-cafe-gremi.jpg\",\"width\":1200,\"height\":800,\"caption\":\"borsa cafe gremi\"},{\"@type\":\"BreadcrumbList\",\"@id\":\"https:\/\/gremicafe.cat\/2021\/10\/18\/els-futurs-del-cafe-arabiga-assoleixen-el-preu-maxim-dels-ultims-7-anys\/#breadcrumb\",\"itemListElement\":[{\"@type\":\"ListItem\",\"position\":1,\"name\":\"Inici\",\"item\":\"https:\/\/gremicafe.cat\/\"},{\"@type\":\"ListItem\",\"position\":2,\"name\":\"Els futurs del caf\u00e8 Ar\u00e0biga, assoleixen el preu m\u00e0xim dels \u00faltims 7 anys\"}]},{\"@type\":\"WebSite\",\"@id\":\"https:\/\/gremicafe.cat\/#website\",\"url\":\"https:\/\/gremicafe.cat\/\",\"name\":\"Gremi del Caf\u00e8, torradors de Catalunya\",\"description\":\"Web oficial del gremi de torradors de caf\u00e8 de Catalunya\",\"publisher\":{\"@id\":\"https:\/\/gremicafe.cat\/#organization\"},\"potentialAction\":[{\"@type\":\"SearchAction\",\"target\":{\"@type\":\"EntryPoint\",\"urlTemplate\":\"https:\/\/gremicafe.cat\/?s={search_term_string}\"},\"query-input\":{\"@type\":\"PropertyValueSpecification\",\"valueRequired\":true,\"valueName\":\"search_term_string\"}}],\"inLanguage\":\"es\"},{\"@type\":\"Organization\",\"@id\":\"https:\/\/gremicafe.cat\/#organization\",\"name\":\"Gremi del Caf\u00e8, Torradors de Catalunya\",\"url\":\"https:\/\/gremicafe.cat\/\",\"logo\":{\"@type\":\"ImageObject\",\"inLanguage\":\"es\",\"@id\":\"https:\/\/gremicafe.cat\/#\/schema\/logo\/image\/\",\"url\":\"https:\/\/gremicafe.cat\/wp-content\/uploads\/2018\/03\/gremicafe-logo250.png\",\"contentUrl\":\"https:\/\/gremicafe.cat\/wp-content\/uploads\/2018\/03\/gremicafe-logo250.png\",\"width\":250,\"height\":49,\"caption\":\"Gremi del Caf\u00e8, Torradors de Catalunya\"},\"image\":{\"@id\":\"https:\/\/gremicafe.cat\/#\/schema\/logo\/image\/\"},\"sameAs\":[\"https:\/\/www.facebook.com\/gremicafecat\",\"https:\/\/x.com\/gremicafecat\",\"https:\/\/www.instagram.com\/gremicafecat\/\",\"https:\/\/www.pinterest.es\/gremicafecat\/\",\"https:\/\/www.youtube.com\/channel\/UCGLo5Y35vLwLvP4FrPZrCrw\/\"]},{\"@type\":\"Person\",\"@id\":\"https:\/\/gremicafe.cat\/#\/schema\/person\/dabfdbb3d0fa36260855a380f94e4733\",\"name\":\"gremicafe\",\"image\":{\"@type\":\"ImageObject\",\"inLanguage\":\"es\",\"@id\":\"https:\/\/gremicafe.cat\/#\/schema\/person\/image\/\",\"url\":\"https:\/\/secure.gravatar.com\/avatar\/e59baa4ca8f6f97576d6375fb6d3c8f0?s=96&d=mm&r=g\",\"contentUrl\":\"https:\/\/secure.gravatar.com\/avatar\/e59baa4ca8f6f97576d6375fb6d3c8f0?s=96&d=mm&r=g\",\"caption\":\"gremicafe\"}}]}<\/script>\n<!-- \/ Yoast SEO plugin. -->","yoast_head_json":{"title":"Els futurs del caf\u00e8 Ar\u00e0biga, assoleixen el preu m\u00e0xim dels \u00faltims 7 anys - Gremi del Caf\u00e8, torradors de Catalunya","robots":{"index":"index","follow":"follow","max-snippet":"max-snippet:-1","max-image-preview":"max-image-preview:large","max-video-preview":"max-video-preview:-1"},"canonical":"https:\/\/gremicafe.cat\/es\/2021\/10\/18\/els-futurs-del-cafe-arabiga-assoleixen-el-preu-maxim-dels-ultims-7-anys\/","og_locale":"es_ES","og_type":"article","og_title":"Els futurs del caf\u00e8 Ar\u00e0biga, assoleixen el preu m\u00e0xim dels \u00faltims 7 anys - Gremi del Caf\u00e8, torradors de Catalunya","og_description":"&nbsp; El passat dimarts, els futurs de caf\u00e8 ar\u00e0biga va arribar al seu m\u00e0xim des d&#8217;octubre del 2014. Els futurs de robusta per les entregues de novembre tamb\u00e9 van augmentar, en un 2,1% arran del repunt de Nova York. La pujada de preus \u00e9s a causa de les not\u00edcies de Reuters, que van informar que [&hellip;]","og_url":"https:\/\/gremicafe.cat\/es\/2021\/10\/18\/els-futurs-del-cafe-arabiga-assoleixen-el-preu-maxim-dels-ultims-7-anys\/","og_site_name":"Gremi del Caf\u00e8, torradors de Catalunya","article_publisher":"https:\/\/www.facebook.com\/gremicafecat","article_published_time":"2021-10-18T12:54:10+00:00","article_modified_time":"2021-10-18T12:54:54+00:00","og_image":[{"width":1200,"height":800,"url":"https:\/\/gremicafe.cat\/wp-content\/uploads\/2021\/10\/borsa-cafe-gremi.jpg","type":"image\/jpeg"}],"author":"gremicafe","twitter_card":"summary_large_image","twitter_creator":"@gremicafecat","twitter_site":"@gremicafecat","twitter_misc":{"Escrito por":"gremicafe","Tiempo de lectura":"1 minuto"},"schema":{"@context":"https:\/\/schema.org","@graph":[{"@type":"Article","@id":"https:\/\/gremicafe.cat\/2021\/10\/18\/els-futurs-del-cafe-arabiga-assoleixen-el-preu-maxim-dels-ultims-7-anys\/#article","isPartOf":{"@id":"https:\/\/gremicafe.cat\/2021\/10\/18\/els-futurs-del-cafe-arabiga-assoleixen-el-preu-maxim-dels-ultims-7-anys\/"},"author":{"name":"gremicafe","@id":"https:\/\/gremicafe.cat\/#\/schema\/person\/dabfdbb3d0fa36260855a380f94e4733"},"headline":"Els futurs del caf\u00e8 Ar\u00e0biga, assoleixen el preu m\u00e0xim dels \u00faltims 7 anys","datePublished":"2021-10-18T12:54:10+00:00","dateModified":"2021-10-18T12:54:54+00:00","mainEntityOfPage":{"@id":"https:\/\/gremicafe.cat\/2021\/10\/18\/els-futurs-del-cafe-arabiga-assoleixen-el-preu-maxim-dels-ultims-7-anys\/"},"wordCount":150,"publisher":{"@id":"https:\/\/gremicafe.cat\/#organization"},"image":{"@id":"https:\/\/gremicafe.cat\/2021\/10\/18\/els-futurs-del-cafe-arabiga-assoleixen-el-preu-maxim-dels-ultims-7-anys\/#primaryimage"},"thumbnailUrl":"https:\/\/gremicafe.cat\/wp-content\/uploads\/2021\/10\/borsa-cafe-gremi.jpg","articleSection":["Not\u00edcies"],"inLanguage":"es"},{"@type":"WebPage","@id":"https:\/\/gremicafe.cat\/2021\/10\/18\/els-futurs-del-cafe-arabiga-assoleixen-el-preu-maxim-dels-ultims-7-anys\/","url":"https:\/\/gremicafe.cat\/2021\/10\/18\/els-futurs-del-cafe-arabiga-assoleixen-el-preu-maxim-dels-ultims-7-anys\/","name":"Els futurs del caf\u00e8 Ar\u00e0biga, assoleixen el preu m\u00e0xim dels \u00faltims 7 anys - Gremi del Caf\u00e8, torradors de Catalunya","isPartOf":{"@id":"https:\/\/gremicafe.cat\/#website"},"primaryImageOfPage":{"@id":"https:\/\/gremicafe.cat\/2021\/10\/18\/els-futurs-del-cafe-arabiga-assoleixen-el-preu-maxim-dels-ultims-7-anys\/#primaryimage"},"image":{"@id":"https:\/\/gremicafe.cat\/2021\/10\/18\/els-futurs-del-cafe-arabiga-assoleixen-el-preu-maxim-dels-ultims-7-anys\/#primaryimage"},"thumbnailUrl":"https:\/\/gremicafe.cat\/wp-content\/uploads\/2021\/10\/borsa-cafe-gremi.jpg","datePublished":"2021-10-18T12:54:10+00:00","dateModified":"2021-10-18T12:54:54+00:00","breadcrumb":{"@id":"https:\/\/gremicafe.cat\/2021\/10\/18\/els-futurs-del-cafe-arabiga-assoleixen-el-preu-maxim-dels-ultims-7-anys\/#breadcrumb"},"inLanguage":"es","potentialAction":[{"@type":"ReadAction","target":["https:\/\/gremicafe.cat\/2021\/10\/18\/els-futurs-del-cafe-arabiga-assoleixen-el-preu-maxim-dels-ultims-7-anys\/"]}]},{"@type":"ImageObject","inLanguage":"es","@id":"https:\/\/gremicafe.cat\/2021\/10\/18\/els-futurs-del-cafe-arabiga-assoleixen-el-preu-maxim-dels-ultims-7-anys\/#primaryimage","url":"https:\/\/gremicafe.cat\/wp-content\/uploads\/2021\/10\/borsa-cafe-gremi.jpg","contentUrl":"https:\/\/gremicafe.cat\/wp-content\/uploads\/2021\/10\/borsa-cafe-gremi.jpg","width":1200,"height":800,"caption":"borsa cafe gremi"},{"@type":"BreadcrumbList","@id":"https:\/\/gremicafe.cat\/2021\/10\/18\/els-futurs-del-cafe-arabiga-assoleixen-el-preu-maxim-dels-ultims-7-anys\/#breadcrumb","itemListElement":[{"@type":"ListItem","position":1,"name":"Inici","item":"https:\/\/gremicafe.cat\/"},{"@type":"ListItem","position":2,"name":"Els futurs del caf\u00e8 Ar\u00e0biga, assoleixen el preu m\u00e0xim dels \u00faltims 7 anys"}]},{"@type":"WebSite","@id":"https:\/\/gremicafe.cat\/#website","url":"https:\/\/gremicafe.cat\/","name":"Gremio del Caf\u00e9, tostadores de Catalu\u00f1a","description":"Web oficial del gremio de tostadores de caf\u00e9 de Catalunya","publisher":{"@id":"https:\/\/gremicafe.cat\/#organization"},"potentialAction":[{"@type":"SearchAction","target":{"@type":"EntryPoint","urlTemplate":"https:\/\/gremicafe.cat\/?s={search_term_string}"},"query-input":{"@type":"PropertyValueSpecification","valueRequired":true,"valueName":"search_term_string"}}],"inLanguage":"es"},{"@type":"Organization","@id":"https:\/\/gremicafe.cat\/#organization","name":"Gremio del Caf\u00e9, Tostadores de Catalu\u00f1a","url":"https:\/\/gremicafe.cat\/","logo":{"@type":"ImageObject","inLanguage":"es","@id":"https:\/\/gremicafe.cat\/#\/schema\/logo\/image\/","url":"https:\/\/gremicafe.cat\/wp-content\/uploads\/2018\/03\/gremicafe-logo250.png","contentUrl":"https:\/\/gremicafe.cat\/wp-content\/uploads\/2018\/03\/gremicafe-logo250.png","width":250,"height":49,"caption":"Gremi del Caf\u00e8, Torradors de Catalunya"},"image":{"@id":"https:\/\/gremicafe.cat\/#\/schema\/logo\/image\/"},"sameAs":["https:\/\/www.facebook.com\/gremicafecat","https:\/\/x.com\/gremicafecat","https:\/\/www.instagram.com\/gremicafecat\/","https:\/\/www.pinterest.es\/gremicafecat\/","https:\/\/www.youtube.com\/channel\/UCGLo5Y35vLwLvP4FrPZrCrw\/"]},{"@type":"Person","@id":"https:\/\/gremicafe.cat\/#\/schema\/person\/dabfdbb3d0fa36260855a380f94e4733","name":"gremicafe","image":{"@type":"ImageObject","inLanguage":"es","@id":"https:\/\/gremicafe.cat\/#\/schema\/person\/image\/","url":"https:\/\/secure.gravatar.com\/avatar\/e59baa4ca8f6f97576d6375fb6d3c8f0?s=96&d=mm&r=g","contentUrl":"https:\/\/secure.gravatar.com\/avatar\/e59baa4ca8f6f97576d6375fb6d3c8f0?s=96&d=mm&r=g","caption":"gremicafe"}}]}},"_links":{"self":[{"href":"https:\/\/gremicafe.cat\/es\/wp-json\/wp\/v2\/posts\/6294"}],"collection":[{"href":"https:\/\/gremicafe.cat\/es\/wp-json\/wp\/v2\/posts"}],"about":[{"href":"https:\/\/gremicafe.cat\/es\/wp-json\/wp\/v2\/types\/post"}],"author":[{"embeddable":true,"href":"https:\/\/gremicafe.cat\/es\/wp-json\/wp\/v2\/users\/1"}],"replies":[{"embeddable":true,"href":"https:\/\/gremicafe.cat\/es\/wp-json\/wp\/v2\/comments?post=6294"}],"version-history":[{"count":0,"href":"https:\/\/gremicafe.cat\/es\/wp-json\/wp\/v2\/posts\/6294\/revisions"}],"wp:featuredmedia":[{"embeddable":true,"href":"https:\/\/gremicafe.cat\/es\/wp-json\/wp\/v2\/media\/6306"}],"wp:attachment":[{"href":"https:\/\/gremicafe.cat\/es\/wp-json\/wp\/v2\/media?parent=6294"}],"wp:term":[{"taxonomy":"category","embeddable":true,"href":"https:\/\/gremicafe.cat\/es\/wp-json\/wp\/v2\/categories?post=6294"},{"taxonomy":"post_tag","embeddable":true,"href":"https:\/\/gremicafe.cat\/es\/wp-json\/wp\/v2\/tags?post=6294"}],"curies":[{"name":"wp","href":"https:\/\/api.w.org\/{rel}","templated":true}]}}