{"id":6324,"date":"2021-10-21T15:28:11","date_gmt":"2021-10-21T13:28:11","guid":{"rendered":"https:\/\/gremicafe.cat\/?p=6324"},"modified":"2021-10-29T09:12:04","modified_gmt":"2021-10-29T07:12:04","slug":"reflexions-entorn-el-cafe-mhan-servit-un-espresso-amb-un-got-daigua","status":"publish","type":"post","link":"https:\/\/gremicafe.cat\/es\/2021\/10\/21\/reflexions-entorn-el-cafe-mhan-servit-un-espresso-amb-un-got-daigua\/","title":{"rendered":"Reflexiones en torno al caf\u00e9: &quot;Me han servido un espresso con un vaso de agua&quot;"},"content":{"rendered":"<p><img loading=\"lazy\" decoding=\"async\" class=\"aligncenter size-full wp-image-6325\" src=\"https:\/\/gremicafe.cat\/wp-content\/uploads\/2021\/10\/cafegotaigua.jpg\" alt=\"cafe i got aigua\" width=\"1200\" height=\"1500\" srcset=\"https:\/\/gremicafe.cat\/wp-content\/uploads\/2021\/10\/cafegotaigua.jpg 1200w, https:\/\/gremicafe.cat\/wp-content\/uploads\/2021\/10\/cafegotaigua-768x960.jpg 768w, https:\/\/gremicafe.cat\/wp-content\/uploads\/2021\/10\/cafegotaigua-576x720.jpg 576w\" sizes=\"(max-width: 1200px) 100vw, 1200px\" \/><\/p>\n<p>&nbsp;<\/p>\n<p>Despu\u00e9s de un almuerzo exquisito y abundante, t\u00edpico de los domingos, me pido un caf\u00e9. La sorpresa la tengo cuando <strong>me traen un espresso con un vaso de agua<\/strong>. Enseguida me surge la duda: el agua me la beco antes o despu\u00e9s del caf\u00e9 y me recomienda que el agua me la beba antes de tomar el agua. utiliza para limpiar el paladar y poder disfrutar, posteriormente, de las propiedades arom\u00e1ticas del caf\u00e9. Si se toma despu\u00e9s, el agua realiza la funci\u00f3n contraria, limpia la boca del sabor. que deja el caf\u00e9 y no permite saborear los matices de la bebida.<\/p>\n<p>Los <strong>catadores m\u00e1s experimentados recomiendan beber agua despu\u00e9s de un trago de caf\u00e9<\/strong>. Lo m\u00e1s apropiado es alternar un trago de agua con un trago de caf\u00e9, para refrescar las papilas gustativas y saborear el sabor real de la bebida. El agua es uno de los elementos fundamentales para potenciar el sabor de caf\u00e9. Cabe decir que un trago de agua fr\u00eda puede reducir los efectos nocivos del caf\u00e9 sobre el organismo: reduce la concentraci\u00f3n de cafe\u00edna, evita los repentinos de presi\u00f3n y normaliza los ritmos card\u00edacos.<\/p>\n<p>Servir el agua en caf\u00e9 no es un h\u00e1bito de los bares o restaurantes de moda. \u00c9sta<strong> tradici\u00f3n tiene su origen en los antiguos tostadores de caf\u00e9 italianos<\/strong>, en los que se serv\u00eda agua a los clientes antes de que probaran el caf\u00e9, para que los clientes pudieran apreciar los matices del caf\u00e9. Dicho esto, si alguna vez le sirven un caf\u00e9 con agua, ahora ya sabe c\u00f3mo lo puede tomar.<\/p>\n<p>&nbsp;<\/p>\n<p>Eva Salvat, periodista<\/p>\n<p><a href=\"mailto:eva.salvat@gremicafe.cat\">eva.salvat@gremicafe.cat<\/a><\/p>","protected":false},"excerpt":{"rendered":"<p>&nbsp; Despr\u00e9s d&#8217;un dinar exquisit i abundant, t\u00edpic dels diumenges, em demano un caf\u00e8. La sorpresa la tinc quan em porten un espresso amb un got d&#8217;aigua. De seguida\u00a0em sorgeix\u00a0el dubte: l&#8217;aigua me la bec abans o despr\u00e9s del caf\u00e8? Li pregunto al cambrer i em recomana que l&#8217;aigua me la begui abans de prendre [&hellip;]<\/p>\n","protected":false},"author":1,"featured_media":6325,"comment_status":"closed","ping_status":"open","sticky":false,"template":"","format":"standard","meta":{"_acf_changed":false,"inline_featured_image":false,"footnotes":""},"categories":[1],"tags":[],"class_list":["post-6324","post","type-post","status-publish","format-standard","has-post-thumbnail","hentry","category-noticies"],"acf":[],"yoast_head":"<!-- This site is optimized with the Yoast SEO plugin v25.5 - https:\/\/yoast.com\/wordpress\/plugins\/seo\/ -->\n<title>Reflexions entorn el caf\u00e8: \u201cM&#039;han servit un espresso amb un got d&#039;aigua\u201d - Gremi del Caf\u00e8, torradors de Catalunya<\/title>\n<meta name=\"robots\" content=\"index, follow, max-snippet:-1, max-image-preview:large, max-video-preview:-1\" \/>\n<link rel=\"canonical\" href=\"https:\/\/gremicafe.cat\/es\/2021\/10\/21\/reflexions-entorn-el-cafe-mhan-servit-un-espresso-amb-un-got-daigua\/\" \/>\n<meta property=\"og:locale\" content=\"es_ES\" \/>\n<meta property=\"og:type\" content=\"article\" \/>\n<meta property=\"og:title\" content=\"Reflexions entorn el caf\u00e8: \u201cM&#039;han servit un espresso amb un got d&#039;aigua\u201d - Gremi del Caf\u00e8, torradors de Catalunya\" \/>\n<meta property=\"og:description\" content=\"&nbsp; Despr\u00e9s d&#8217;un dinar exquisit i abundant, t\u00edpic dels diumenges, em demano un caf\u00e8. La sorpresa la tinc quan em porten un espresso amb un got d&#8217;aigua. De seguida\u00a0em sorgeix\u00a0el dubte: l&#8217;aigua me la bec abans o despr\u00e9s del caf\u00e8? Li pregunto al cambrer i em recomana que l&#8217;aigua me la begui abans de prendre [&hellip;]\" \/>\n<meta property=\"og:url\" content=\"https:\/\/gremicafe.cat\/es\/2021\/10\/21\/reflexions-entorn-el-cafe-mhan-servit-un-espresso-amb-un-got-daigua\/\" \/>\n<meta property=\"og:site_name\" content=\"Gremi del Caf\u00e8, torradors de Catalunya\" \/>\n<meta property=\"article:publisher\" content=\"https:\/\/www.facebook.com\/gremicafecat\" \/>\n<meta property=\"article:published_time\" content=\"2021-10-21T13:28:11+00:00\" \/>\n<meta property=\"article:modified_time\" content=\"2021-10-29T07:12:04+00:00\" \/>\n<meta property=\"og:image\" content=\"https:\/\/gremicafe.cat\/wp-content\/uploads\/2021\/10\/cafegotaigua.jpg\" \/>\n\t<meta property=\"og:image:width\" content=\"1200\" \/>\n\t<meta property=\"og:image:height\" content=\"1500\" \/>\n\t<meta property=\"og:image:type\" content=\"image\/jpeg\" \/>\n<meta name=\"author\" content=\"gremicafe\" \/>\n<meta name=\"twitter:card\" content=\"summary_large_image\" \/>\n<meta name=\"twitter:creator\" content=\"@gremicafecat\" \/>\n<meta name=\"twitter:site\" content=\"@gremicafecat\" \/>\n<meta name=\"twitter:label1\" content=\"Escrito por\" \/>\n\t<meta name=\"twitter:data1\" content=\"gremicafe\" \/>\n\t<meta name=\"twitter:label2\" content=\"Tiempo de lectura\" \/>\n\t<meta name=\"twitter:data2\" content=\"2 minutos\" \/>\n<script type=\"application\/ld+json\" class=\"yoast-schema-graph\">{\"@context\":\"https:\/\/schema.org\",\"@graph\":[{\"@type\":\"Article\",\"@id\":\"https:\/\/gremicafe.cat\/2021\/10\/21\/reflexions-entorn-el-cafe-mhan-servit-un-espresso-amb-un-got-daigua\/#article\",\"isPartOf\":{\"@id\":\"https:\/\/gremicafe.cat\/2021\/10\/21\/reflexions-entorn-el-cafe-mhan-servit-un-espresso-amb-un-got-daigua\/\"},\"author\":{\"name\":\"gremicafe\",\"@id\":\"https:\/\/gremicafe.cat\/#\/schema\/person\/dabfdbb3d0fa36260855a380f94e4733\"},\"headline\":\"Reflexions entorn el caf\u00e8: \u201cM&#8217;han servit un espresso amb un got d&#8217;aigua\u201d\",\"datePublished\":\"2021-10-21T13:28:11+00:00\",\"dateModified\":\"2021-10-29T07:12:04+00:00\",\"mainEntityOfPage\":{\"@id\":\"https:\/\/gremicafe.cat\/2021\/10\/21\/reflexions-entorn-el-cafe-mhan-servit-un-espresso-amb-un-got-daigua\/\"},\"wordCount\":289,\"publisher\":{\"@id\":\"https:\/\/gremicafe.cat\/#organization\"},\"image\":{\"@id\":\"https:\/\/gremicafe.cat\/2021\/10\/21\/reflexions-entorn-el-cafe-mhan-servit-un-espresso-amb-un-got-daigua\/#primaryimage\"},\"thumbnailUrl\":\"https:\/\/gremicafe.cat\/wp-content\/uploads\/2021\/10\/cafegotaigua.jpg\",\"articleSection\":[\"Not\u00edcies\"],\"inLanguage\":\"es\"},{\"@type\":\"WebPage\",\"@id\":\"https:\/\/gremicafe.cat\/2021\/10\/21\/reflexions-entorn-el-cafe-mhan-servit-un-espresso-amb-un-got-daigua\/\",\"url\":\"https:\/\/gremicafe.cat\/2021\/10\/21\/reflexions-entorn-el-cafe-mhan-servit-un-espresso-amb-un-got-daigua\/\",\"name\":\"Reflexions entorn el caf\u00e8: \u201cM'han servit un espresso amb un got d'aigua\u201d - Gremi del Caf\u00e8, torradors de Catalunya\",\"isPartOf\":{\"@id\":\"https:\/\/gremicafe.cat\/#website\"},\"primaryImageOfPage\":{\"@id\":\"https:\/\/gremicafe.cat\/2021\/10\/21\/reflexions-entorn-el-cafe-mhan-servit-un-espresso-amb-un-got-daigua\/#primaryimage\"},\"image\":{\"@id\":\"https:\/\/gremicafe.cat\/2021\/10\/21\/reflexions-entorn-el-cafe-mhan-servit-un-espresso-amb-un-got-daigua\/#primaryimage\"},\"thumbnailUrl\":\"https:\/\/gremicafe.cat\/wp-content\/uploads\/2021\/10\/cafegotaigua.jpg\",\"datePublished\":\"2021-10-21T13:28:11+00:00\",\"dateModified\":\"2021-10-29T07:12:04+00:00\",\"breadcrumb\":{\"@id\":\"https:\/\/gremicafe.cat\/2021\/10\/21\/reflexions-entorn-el-cafe-mhan-servit-un-espresso-amb-un-got-daigua\/#breadcrumb\"},\"inLanguage\":\"es\",\"potentialAction\":[{\"@type\":\"ReadAction\",\"target\":[\"https:\/\/gremicafe.cat\/2021\/10\/21\/reflexions-entorn-el-cafe-mhan-servit-un-espresso-amb-un-got-daigua\/\"]}]},{\"@type\":\"ImageObject\",\"inLanguage\":\"es\",\"@id\":\"https:\/\/gremicafe.cat\/2021\/10\/21\/reflexions-entorn-el-cafe-mhan-servit-un-espresso-amb-un-got-daigua\/#primaryimage\",\"url\":\"https:\/\/gremicafe.cat\/wp-content\/uploads\/2021\/10\/cafegotaigua.jpg\",\"contentUrl\":\"https:\/\/gremicafe.cat\/wp-content\/uploads\/2021\/10\/cafegotaigua.jpg\",\"width\":1200,\"height\":1500,\"caption\":\"cafe i got aigua\"},{\"@type\":\"BreadcrumbList\",\"@id\":\"https:\/\/gremicafe.cat\/2021\/10\/21\/reflexions-entorn-el-cafe-mhan-servit-un-espresso-amb-un-got-daigua\/#breadcrumb\",\"itemListElement\":[{\"@type\":\"ListItem\",\"position\":1,\"name\":\"Inici\",\"item\":\"https:\/\/gremicafe.cat\/\"},{\"@type\":\"ListItem\",\"position\":2,\"name\":\"Reflexions entorn el caf\u00e8: \u201cM&#8217;han servit un espresso amb un got d&#8217;aigua\u201d\"}]},{\"@type\":\"WebSite\",\"@id\":\"https:\/\/gremicafe.cat\/#website\",\"url\":\"https:\/\/gremicafe.cat\/\",\"name\":\"Gremi del Caf\u00e8, torradors de Catalunya\",\"description\":\"Web oficial del gremi de torradors de caf\u00e8 de Catalunya\",\"publisher\":{\"@id\":\"https:\/\/gremicafe.cat\/#organization\"},\"potentialAction\":[{\"@type\":\"SearchAction\",\"target\":{\"@type\":\"EntryPoint\",\"urlTemplate\":\"https:\/\/gremicafe.cat\/?s={search_term_string}\"},\"query-input\":{\"@type\":\"PropertyValueSpecification\",\"valueRequired\":true,\"valueName\":\"search_term_string\"}}],\"inLanguage\":\"es\"},{\"@type\":\"Organization\",\"@id\":\"https:\/\/gremicafe.cat\/#organization\",\"name\":\"Gremi del Caf\u00e8, Torradors de Catalunya\",\"url\":\"https:\/\/gremicafe.cat\/\",\"logo\":{\"@type\":\"ImageObject\",\"inLanguage\":\"es\",\"@id\":\"https:\/\/gremicafe.cat\/#\/schema\/logo\/image\/\",\"url\":\"https:\/\/gremicafe.cat\/wp-content\/uploads\/2018\/03\/gremicafe-logo250.png\",\"contentUrl\":\"https:\/\/gremicafe.cat\/wp-content\/uploads\/2018\/03\/gremicafe-logo250.png\",\"width\":250,\"height\":49,\"caption\":\"Gremi del Caf\u00e8, Torradors de Catalunya\"},\"image\":{\"@id\":\"https:\/\/gremicafe.cat\/#\/schema\/logo\/image\/\"},\"sameAs\":[\"https:\/\/www.facebook.com\/gremicafecat\",\"https:\/\/x.com\/gremicafecat\",\"https:\/\/www.instagram.com\/gremicafecat\/\",\"https:\/\/www.pinterest.es\/gremicafecat\/\",\"https:\/\/www.youtube.com\/channel\/UCGLo5Y35vLwLvP4FrPZrCrw\/\"]},{\"@type\":\"Person\",\"@id\":\"https:\/\/gremicafe.cat\/#\/schema\/person\/dabfdbb3d0fa36260855a380f94e4733\",\"name\":\"gremicafe\",\"image\":{\"@type\":\"ImageObject\",\"inLanguage\":\"es\",\"@id\":\"https:\/\/gremicafe.cat\/#\/schema\/person\/image\/\",\"url\":\"https:\/\/secure.gravatar.com\/avatar\/e59baa4ca8f6f97576d6375fb6d3c8f0?s=96&d=mm&r=g\",\"contentUrl\":\"https:\/\/secure.gravatar.com\/avatar\/e59baa4ca8f6f97576d6375fb6d3c8f0?s=96&d=mm&r=g\",\"caption\":\"gremicafe\"}}]}<\/script>\n<!-- \/ Yoast SEO plugin. -->","yoast_head_json":{"title":"Reflexions entorn el caf\u00e8: \u201cM'han servit un espresso amb un got d'aigua\u201d - Gremi del Caf\u00e8, torradors de Catalunya","robots":{"index":"index","follow":"follow","max-snippet":"max-snippet:-1","max-image-preview":"max-image-preview:large","max-video-preview":"max-video-preview:-1"},"canonical":"https:\/\/gremicafe.cat\/es\/2021\/10\/21\/reflexions-entorn-el-cafe-mhan-servit-un-espresso-amb-un-got-daigua\/","og_locale":"es_ES","og_type":"article","og_title":"Reflexions entorn el caf\u00e8: \u201cM'han servit un espresso amb un got d'aigua\u201d - Gremi del Caf\u00e8, torradors de Catalunya","og_description":"&nbsp; Despr\u00e9s d&#8217;un dinar exquisit i abundant, t\u00edpic dels diumenges, em demano un caf\u00e8. La sorpresa la tinc quan em porten un espresso amb un got d&#8217;aigua. De seguida\u00a0em sorgeix\u00a0el dubte: l&#8217;aigua me la bec abans o despr\u00e9s del caf\u00e8? Li pregunto al cambrer i em recomana que l&#8217;aigua me la begui abans de prendre [&hellip;]","og_url":"https:\/\/gremicafe.cat\/es\/2021\/10\/21\/reflexions-entorn-el-cafe-mhan-servit-un-espresso-amb-un-got-daigua\/","og_site_name":"Gremi del Caf\u00e8, torradors de Catalunya","article_publisher":"https:\/\/www.facebook.com\/gremicafecat","article_published_time":"2021-10-21T13:28:11+00:00","article_modified_time":"2021-10-29T07:12:04+00:00","og_image":[{"width":1200,"height":1500,"url":"https:\/\/gremicafe.cat\/wp-content\/uploads\/2021\/10\/cafegotaigua.jpg","type":"image\/jpeg"}],"author":"gremicafe","twitter_card":"summary_large_image","twitter_creator":"@gremicafecat","twitter_site":"@gremicafecat","twitter_misc":{"Escrito por":"gremicafe","Tiempo de lectura":"2 minutos"},"schema":{"@context":"https:\/\/schema.org","@graph":[{"@type":"Article","@id":"https:\/\/gremicafe.cat\/2021\/10\/21\/reflexions-entorn-el-cafe-mhan-servit-un-espresso-amb-un-got-daigua\/#article","isPartOf":{"@id":"https:\/\/gremicafe.cat\/2021\/10\/21\/reflexions-entorn-el-cafe-mhan-servit-un-espresso-amb-un-got-daigua\/"},"author":{"name":"gremicafe","@id":"https:\/\/gremicafe.cat\/#\/schema\/person\/dabfdbb3d0fa36260855a380f94e4733"},"headline":"Reflexions entorn el caf\u00e8: \u201cM&#8217;han servit un espresso amb un got d&#8217;aigua\u201d","datePublished":"2021-10-21T13:28:11+00:00","dateModified":"2021-10-29T07:12:04+00:00","mainEntityOfPage":{"@id":"https:\/\/gremicafe.cat\/2021\/10\/21\/reflexions-entorn-el-cafe-mhan-servit-un-espresso-amb-un-got-daigua\/"},"wordCount":289,"publisher":{"@id":"https:\/\/gremicafe.cat\/#organization"},"image":{"@id":"https:\/\/gremicafe.cat\/2021\/10\/21\/reflexions-entorn-el-cafe-mhan-servit-un-espresso-amb-un-got-daigua\/#primaryimage"},"thumbnailUrl":"https:\/\/gremicafe.cat\/wp-content\/uploads\/2021\/10\/cafegotaigua.jpg","articleSection":["Not\u00edcies"],"inLanguage":"es"},{"@type":"WebPage","@id":"https:\/\/gremicafe.cat\/2021\/10\/21\/reflexions-entorn-el-cafe-mhan-servit-un-espresso-amb-un-got-daigua\/","url":"https:\/\/gremicafe.cat\/2021\/10\/21\/reflexions-entorn-el-cafe-mhan-servit-un-espresso-amb-un-got-daigua\/","name":"Reflexions entorn el caf\u00e8: \u201cM'han servit un espresso amb un got d'aigua\u201d - Gremi del Caf\u00e8, torradors de Catalunya","isPartOf":{"@id":"https:\/\/gremicafe.cat\/#website"},"primaryImageOfPage":{"@id":"https:\/\/gremicafe.cat\/2021\/10\/21\/reflexions-entorn-el-cafe-mhan-servit-un-espresso-amb-un-got-daigua\/#primaryimage"},"image":{"@id":"https:\/\/gremicafe.cat\/2021\/10\/21\/reflexions-entorn-el-cafe-mhan-servit-un-espresso-amb-un-got-daigua\/#primaryimage"},"thumbnailUrl":"https:\/\/gremicafe.cat\/wp-content\/uploads\/2021\/10\/cafegotaigua.jpg","datePublished":"2021-10-21T13:28:11+00:00","dateModified":"2021-10-29T07:12:04+00:00","breadcrumb":{"@id":"https:\/\/gremicafe.cat\/2021\/10\/21\/reflexions-entorn-el-cafe-mhan-servit-un-espresso-amb-un-got-daigua\/#breadcrumb"},"inLanguage":"es","potentialAction":[{"@type":"ReadAction","target":["https:\/\/gremicafe.cat\/2021\/10\/21\/reflexions-entorn-el-cafe-mhan-servit-un-espresso-amb-un-got-daigua\/"]}]},{"@type":"ImageObject","inLanguage":"es","@id":"https:\/\/gremicafe.cat\/2021\/10\/21\/reflexions-entorn-el-cafe-mhan-servit-un-espresso-amb-un-got-daigua\/#primaryimage","url":"https:\/\/gremicafe.cat\/wp-content\/uploads\/2021\/10\/cafegotaigua.jpg","contentUrl":"https:\/\/gremicafe.cat\/wp-content\/uploads\/2021\/10\/cafegotaigua.jpg","width":1200,"height":1500,"caption":"cafe i got aigua"},{"@type":"BreadcrumbList","@id":"https:\/\/gremicafe.cat\/2021\/10\/21\/reflexions-entorn-el-cafe-mhan-servit-un-espresso-amb-un-got-daigua\/#breadcrumb","itemListElement":[{"@type":"ListItem","position":1,"name":"Inici","item":"https:\/\/gremicafe.cat\/"},{"@type":"ListItem","position":2,"name":"Reflexions entorn el caf\u00e8: \u201cM&#8217;han servit un espresso amb un got d&#8217;aigua\u201d"}]},{"@type":"WebSite","@id":"https:\/\/gremicafe.cat\/#website","url":"https:\/\/gremicafe.cat\/","name":"Gremio del Caf\u00e9, tostadores de Catalu\u00f1a","description":"Web oficial del gremio de tostadores de caf\u00e9 de Catalunya","publisher":{"@id":"https:\/\/gremicafe.cat\/#organization"},"potentialAction":[{"@type":"SearchAction","target":{"@type":"EntryPoint","urlTemplate":"https:\/\/gremicafe.cat\/?s={search_term_string}"},"query-input":{"@type":"PropertyValueSpecification","valueRequired":true,"valueName":"search_term_string"}}],"inLanguage":"es"},{"@type":"Organization","@id":"https:\/\/gremicafe.cat\/#organization","name":"Gremio del Caf\u00e9, Tostadores de Catalu\u00f1a","url":"https:\/\/gremicafe.cat\/","logo":{"@type":"ImageObject","inLanguage":"es","@id":"https:\/\/gremicafe.cat\/#\/schema\/logo\/image\/","url":"https:\/\/gremicafe.cat\/wp-content\/uploads\/2018\/03\/gremicafe-logo250.png","contentUrl":"https:\/\/gremicafe.cat\/wp-content\/uploads\/2018\/03\/gremicafe-logo250.png","width":250,"height":49,"caption":"Gremi del Caf\u00e8, Torradors de Catalunya"},"image":{"@id":"https:\/\/gremicafe.cat\/#\/schema\/logo\/image\/"},"sameAs":["https:\/\/www.facebook.com\/gremicafecat","https:\/\/x.com\/gremicafecat","https:\/\/www.instagram.com\/gremicafecat\/","https:\/\/www.pinterest.es\/gremicafecat\/","https:\/\/www.youtube.com\/channel\/UCGLo5Y35vLwLvP4FrPZrCrw\/"]},{"@type":"Person","@id":"https:\/\/gremicafe.cat\/#\/schema\/person\/dabfdbb3d0fa36260855a380f94e4733","name":"gremicafe","image":{"@type":"ImageObject","inLanguage":"es","@id":"https:\/\/gremicafe.cat\/#\/schema\/person\/image\/","url":"https:\/\/secure.gravatar.com\/avatar\/e59baa4ca8f6f97576d6375fb6d3c8f0?s=96&d=mm&r=g","contentUrl":"https:\/\/secure.gravatar.com\/avatar\/e59baa4ca8f6f97576d6375fb6d3c8f0?s=96&d=mm&r=g","caption":"gremicafe"}}]}},"_links":{"self":[{"href":"https:\/\/gremicafe.cat\/es\/wp-json\/wp\/v2\/posts\/6324"}],"collection":[{"href":"https:\/\/gremicafe.cat\/es\/wp-json\/wp\/v2\/posts"}],"about":[{"href":"https:\/\/gremicafe.cat\/es\/wp-json\/wp\/v2\/types\/post"}],"author":[{"embeddable":true,"href":"https:\/\/gremicafe.cat\/es\/wp-json\/wp\/v2\/users\/1"}],"replies":[{"embeddable":true,"href":"https:\/\/gremicafe.cat\/es\/wp-json\/wp\/v2\/comments?post=6324"}],"version-history":[{"count":0,"href":"https:\/\/gremicafe.cat\/es\/wp-json\/wp\/v2\/posts\/6324\/revisions"}],"wp:featuredmedia":[{"embeddable":true,"href":"https:\/\/gremicafe.cat\/es\/wp-json\/wp\/v2\/media\/6325"}],"wp:attachment":[{"href":"https:\/\/gremicafe.cat\/es\/wp-json\/wp\/v2\/media?parent=6324"}],"wp:term":[{"taxonomy":"category","embeddable":true,"href":"https:\/\/gremicafe.cat\/es\/wp-json\/wp\/v2\/categories?post=6324"},{"taxonomy":"post_tag","embeddable":true,"href":"https:\/\/gremicafe.cat\/es\/wp-json\/wp\/v2\/tags?post=6324"}],"curies":[{"name":"wp","href":"https:\/\/api.w.org\/{rel}","templated":true}]}}