{"id":6329,"date":"2021-10-25T10:23:14","date_gmt":"2021-10-25T08:23:14","guid":{"rendered":"https:\/\/gremicafe.cat\/?p=6329"},"modified":"2021-10-25T10:25:55","modified_gmt":"2021-10-25T08:25:55","slug":"el-cafe-i-la-cafeina-poden-reduir-el-risc-de-calculs-renals-segons-un-nou-estudi","status":"publish","type":"post","link":"https:\/\/gremicafe.cat\/es\/2021\/10\/25\/el-cafe-i-la-cafeina-poden-reduir-el-risc-de-calculs-renals-segons-un-nou-estudi\/","title":{"rendered":"El caf\u00e9 y la cafe\u00edna pueden reducir el riesgo de c\u00e1lculos renales seg\u00fan un nuevo estudio"},"content":{"rendered":"<p><img loading=\"lazy\" decoding=\"async\" class=\"aligncenter size-full wp-image-6330\" src=\"https:\/\/gremicafe.cat\/wp-content\/uploads\/2021\/10\/tasses-cafe.jpg\" alt=\"\" width=\"1200\" height=\"668\" srcset=\"https:\/\/gremicafe.cat\/wp-content\/uploads\/2021\/10\/tasses-cafe.jpg 1200w, https:\/\/gremicafe.cat\/wp-content\/uploads\/2021\/10\/tasses-cafe-768x428.jpg 768w\" sizes=\"(max-width: 1200px) 100vw, 1200px\" \/><\/p>\n<p>&nbsp;<\/p>\n<p><strong>Un nuevo estudio que utiliz\u00f3 datos gen\u00e9ticos de cientos de miles de personas sugiere que el consumo diario de caf\u00e9 y cafe\u00edna puede prevenir los c\u00e1lculos renales.<\/strong> \u201cConsumo de caf\u00e9 y cafe\u00edna y riesgo de c\u00e1lculos renales: un estudio aleatorizado mendeliano\u201d se public\u00f3 en el American Journal of Kidney Diseases (AJKD) de la National Kidney Foundation (NKF).<\/p>\n<p>&quot;Nuestros hallazgos muestran que pasar de, por ejemplo, una taza al d\u00eda a 1.5 tazas al d\u00eda, reduce el riesgo de c\u00e1lculos renales en un 40 por ciento&quot;, dijo la coautora del estudio, Susanna C. Larsson, PhD , Institute of Environmental Medicina, Instituto Karolinska, Estocolmo. <strong>&quot;Nuestros hallazgos sugieren fuertemente que el consumo regular de caf\u00e9 reduce el riesgo de formaci\u00f3n de c\u00e1lculos renales&quot;.<\/strong><\/p>\n<p>Los investigadores utilizaron datos de un total de <strong>571.657 participantes<\/strong> con c\u00e1lculos renales de dos estudios, incluidos 395.044 participantes del estudio UK Biobank y 176.613 participantes de otro estudio conocido como FinnGen.<\/p>\n<p>&quot;El elegante dise\u00f1o de este estudio, que aprovecha las variantes gen\u00e9ticas asociadas con un mayor consumo de caf\u00e9 y cafe\u00edna, refuerza la evidencia de que el caf\u00e9 y la cafe\u00edna pueden prevenir los c\u00e1lculos renales&quot;, dijo Kerry Willis PhD, director cient\u00edfico de la NKF. \u201cDada la prevalencia cada vez mayor de c\u00e1lculos renales en Estados Unidos y la morbilidad asociada, ser\u00eda genial si \u00e9sta resultara ser una nueva estrategia de prevenci\u00f3n que sea accesible y asequible\u201d.<\/p>\n<p>&nbsp;<\/p>\n<p>M\u00e1s informaci\u00f3n sobre el estudio en <a href=\"https:\/\/www.comunicaffe.com\/new-study-supports-coffee-and-caffeine-can-reduce-kidney-stones-risk\/\">Comunicaffe<\/a><\/p>","protected":false},"excerpt":{"rendered":"<p>&nbsp; Un nou estudi que va utilitzar dades gen\u00e8tiques de centenars de milers de persones suggereix que el consum diari de caf\u00e8 i cafe\u00efna pot prevenir els c\u00e0lculs renals. \u201cConsum de caf\u00e8 i cafe\u00efna i risc de c\u00e0lculs renals: un estudi aleatoritzat mendeli\u00e0\u201d es va publicar en el\u00a0American\u00a0Journal\u00a0of\u00a0Kidney\u00a0Diseases\u00a0(AJKD)\u00a0de la\u00a0National\u00a0Kidney\u00a0Foundation\u00a0(NKF). \u201cLes nostres troballes mostren que passar [&hellip;]<\/p>\n","protected":false},"author":1,"featured_media":6330,"comment_status":"closed","ping_status":"open","sticky":false,"template":"","format":"standard","meta":{"_acf_changed":false,"inline_featured_image":false,"footnotes":""},"categories":[1],"tags":[],"class_list":["post-6329","post","type-post","status-publish","format-standard","has-post-thumbnail","hentry","category-noticies"],"acf":[],"yoast_head":"<!-- This site is optimized with the Yoast SEO plugin v25.5 - https:\/\/yoast.com\/wordpress\/plugins\/seo\/ -->\n<title>El caf\u00e8 i la cafe\u00efna poden reduir el risc de c\u00e0lculs renals segons un nou estudi - Gremi del Caf\u00e8, torradors de Catalunya<\/title>\n<meta name=\"robots\" content=\"index, follow, max-snippet:-1, max-image-preview:large, max-video-preview:-1\" \/>\n<link rel=\"canonical\" href=\"https:\/\/gremicafe.cat\/es\/2021\/10\/25\/el-cafe-i-la-cafeina-poden-reduir-el-risc-de-calculs-renals-segons-un-nou-estudi\/\" \/>\n<meta property=\"og:locale\" content=\"es_ES\" \/>\n<meta property=\"og:type\" content=\"article\" \/>\n<meta property=\"og:title\" content=\"El caf\u00e8 i la cafe\u00efna poden reduir el risc de c\u00e0lculs renals segons un nou estudi - Gremi del Caf\u00e8, torradors de Catalunya\" \/>\n<meta property=\"og:description\" content=\"&nbsp; Un nou estudi que va utilitzar dades gen\u00e8tiques de centenars de milers de persones suggereix que el consum diari de caf\u00e8 i cafe\u00efna pot prevenir els c\u00e0lculs renals. \u201cConsum de caf\u00e8 i cafe\u00efna i risc de c\u00e0lculs renals: un estudi aleatoritzat mendeli\u00e0\u201d es va publicar en el\u00a0American\u00a0Journal\u00a0of\u00a0Kidney\u00a0Diseases\u00a0(AJKD)\u00a0de la\u00a0National\u00a0Kidney\u00a0Foundation\u00a0(NKF). \u201cLes nostres troballes mostren que passar [&hellip;]\" \/>\n<meta property=\"og:url\" content=\"https:\/\/gremicafe.cat\/es\/2021\/10\/25\/el-cafe-i-la-cafeina-poden-reduir-el-risc-de-calculs-renals-segons-un-nou-estudi\/\" \/>\n<meta property=\"og:site_name\" content=\"Gremi del Caf\u00e8, torradors de Catalunya\" \/>\n<meta property=\"article:publisher\" content=\"https:\/\/www.facebook.com\/gremicafecat\" \/>\n<meta property=\"article:published_time\" content=\"2021-10-25T08:23:14+00:00\" \/>\n<meta property=\"article:modified_time\" content=\"2021-10-25T08:25:55+00:00\" \/>\n<meta property=\"og:image\" content=\"https:\/\/gremicafe.cat\/wp-content\/uploads\/2021\/10\/tasses-cafe.jpg\" \/>\n\t<meta property=\"og:image:width\" content=\"1200\" \/>\n\t<meta property=\"og:image:height\" content=\"668\" \/>\n\t<meta property=\"og:image:type\" content=\"image\/jpeg\" \/>\n<meta name=\"author\" content=\"gremicafe\" \/>\n<meta name=\"twitter:card\" content=\"summary_large_image\" \/>\n<meta name=\"twitter:creator\" content=\"@gremicafecat\" \/>\n<meta name=\"twitter:site\" content=\"@gremicafecat\" \/>\n<meta name=\"twitter:label1\" content=\"Escrito por\" \/>\n\t<meta name=\"twitter:data1\" content=\"gremicafe\" \/>\n\t<meta name=\"twitter:label2\" content=\"Tiempo de lectura\" \/>\n\t<meta name=\"twitter:data2\" content=\"2 minutos\" \/>\n<script type=\"application\/ld+json\" class=\"yoast-schema-graph\">{\"@context\":\"https:\/\/schema.org\",\"@graph\":[{\"@type\":\"Article\",\"@id\":\"https:\/\/gremicafe.cat\/2021\/10\/25\/el-cafe-i-la-cafeina-poden-reduir-el-risc-de-calculs-renals-segons-un-nou-estudi\/#article\",\"isPartOf\":{\"@id\":\"https:\/\/gremicafe.cat\/2021\/10\/25\/el-cafe-i-la-cafeina-poden-reduir-el-risc-de-calculs-renals-segons-un-nou-estudi\/\"},\"author\":{\"name\":\"gremicafe\",\"@id\":\"https:\/\/gremicafe.cat\/#\/schema\/person\/dabfdbb3d0fa36260855a380f94e4733\"},\"headline\":\"El caf\u00e8 i la cafe\u00efna poden reduir el risc de c\u00e0lculs renals segons un nou estudi\",\"datePublished\":\"2021-10-25T08:23:14+00:00\",\"dateModified\":\"2021-10-25T08:25:55+00:00\",\"mainEntityOfPage\":{\"@id\":\"https:\/\/gremicafe.cat\/2021\/10\/25\/el-cafe-i-la-cafeina-poden-reduir-el-risc-de-calculs-renals-segons-un-nou-estudi\/\"},\"wordCount\":271,\"publisher\":{\"@id\":\"https:\/\/gremicafe.cat\/#organization\"},\"image\":{\"@id\":\"https:\/\/gremicafe.cat\/2021\/10\/25\/el-cafe-i-la-cafeina-poden-reduir-el-risc-de-calculs-renals-segons-un-nou-estudi\/#primaryimage\"},\"thumbnailUrl\":\"https:\/\/gremicafe.cat\/wp-content\/uploads\/2021\/10\/tasses-cafe.jpg\",\"articleSection\":[\"Not\u00edcies\"],\"inLanguage\":\"es\"},{\"@type\":\"WebPage\",\"@id\":\"https:\/\/gremicafe.cat\/2021\/10\/25\/el-cafe-i-la-cafeina-poden-reduir-el-risc-de-calculs-renals-segons-un-nou-estudi\/\",\"url\":\"https:\/\/gremicafe.cat\/2021\/10\/25\/el-cafe-i-la-cafeina-poden-reduir-el-risc-de-calculs-renals-segons-un-nou-estudi\/\",\"name\":\"El caf\u00e8 i la cafe\u00efna poden reduir el risc de c\u00e0lculs renals segons un nou estudi - Gremi del Caf\u00e8, torradors de Catalunya\",\"isPartOf\":{\"@id\":\"https:\/\/gremicafe.cat\/#website\"},\"primaryImageOfPage\":{\"@id\":\"https:\/\/gremicafe.cat\/2021\/10\/25\/el-cafe-i-la-cafeina-poden-reduir-el-risc-de-calculs-renals-segons-un-nou-estudi\/#primaryimage\"},\"image\":{\"@id\":\"https:\/\/gremicafe.cat\/2021\/10\/25\/el-cafe-i-la-cafeina-poden-reduir-el-risc-de-calculs-renals-segons-un-nou-estudi\/#primaryimage\"},\"thumbnailUrl\":\"https:\/\/gremicafe.cat\/wp-content\/uploads\/2021\/10\/tasses-cafe.jpg\",\"datePublished\":\"2021-10-25T08:23:14+00:00\",\"dateModified\":\"2021-10-25T08:25:55+00:00\",\"breadcrumb\":{\"@id\":\"https:\/\/gremicafe.cat\/2021\/10\/25\/el-cafe-i-la-cafeina-poden-reduir-el-risc-de-calculs-renals-segons-un-nou-estudi\/#breadcrumb\"},\"inLanguage\":\"es\",\"potentialAction\":[{\"@type\":\"ReadAction\",\"target\":[\"https:\/\/gremicafe.cat\/2021\/10\/25\/el-cafe-i-la-cafeina-poden-reduir-el-risc-de-calculs-renals-segons-un-nou-estudi\/\"]}]},{\"@type\":\"ImageObject\",\"inLanguage\":\"es\",\"@id\":\"https:\/\/gremicafe.cat\/2021\/10\/25\/el-cafe-i-la-cafeina-poden-reduir-el-risc-de-calculs-renals-segons-un-nou-estudi\/#primaryimage\",\"url\":\"https:\/\/gremicafe.cat\/wp-content\/uploads\/2021\/10\/tasses-cafe.jpg\",\"contentUrl\":\"https:\/\/gremicafe.cat\/wp-content\/uploads\/2021\/10\/tasses-cafe.jpg\",\"width\":1200,\"height\":668,\"caption\":\"tasses caf\u00e8\"},{\"@type\":\"BreadcrumbList\",\"@id\":\"https:\/\/gremicafe.cat\/2021\/10\/25\/el-cafe-i-la-cafeina-poden-reduir-el-risc-de-calculs-renals-segons-un-nou-estudi\/#breadcrumb\",\"itemListElement\":[{\"@type\":\"ListItem\",\"position\":1,\"name\":\"Inici\",\"item\":\"https:\/\/gremicafe.cat\/\"},{\"@type\":\"ListItem\",\"position\":2,\"name\":\"El caf\u00e8 i la cafe\u00efna poden reduir el risc de c\u00e0lculs renals segons un nou estudi\"}]},{\"@type\":\"WebSite\",\"@id\":\"https:\/\/gremicafe.cat\/#website\",\"url\":\"https:\/\/gremicafe.cat\/\",\"name\":\"Gremi del Caf\u00e8, torradors de Catalunya\",\"description\":\"Web oficial del gremi de torradors de caf\u00e8 de Catalunya\",\"publisher\":{\"@id\":\"https:\/\/gremicafe.cat\/#organization\"},\"potentialAction\":[{\"@type\":\"SearchAction\",\"target\":{\"@type\":\"EntryPoint\",\"urlTemplate\":\"https:\/\/gremicafe.cat\/?s={search_term_string}\"},\"query-input\":{\"@type\":\"PropertyValueSpecification\",\"valueRequired\":true,\"valueName\":\"search_term_string\"}}],\"inLanguage\":\"es\"},{\"@type\":\"Organization\",\"@id\":\"https:\/\/gremicafe.cat\/#organization\",\"name\":\"Gremi del Caf\u00e8, Torradors de Catalunya\",\"url\":\"https:\/\/gremicafe.cat\/\",\"logo\":{\"@type\":\"ImageObject\",\"inLanguage\":\"es\",\"@id\":\"https:\/\/gremicafe.cat\/#\/schema\/logo\/image\/\",\"url\":\"https:\/\/gremicafe.cat\/wp-content\/uploads\/2018\/03\/gremicafe-logo250.png\",\"contentUrl\":\"https:\/\/gremicafe.cat\/wp-content\/uploads\/2018\/03\/gremicafe-logo250.png\",\"width\":250,\"height\":49,\"caption\":\"Gremi del Caf\u00e8, Torradors de Catalunya\"},\"image\":{\"@id\":\"https:\/\/gremicafe.cat\/#\/schema\/logo\/image\/\"},\"sameAs\":[\"https:\/\/www.facebook.com\/gremicafecat\",\"https:\/\/x.com\/gremicafecat\",\"https:\/\/www.instagram.com\/gremicafecat\/\",\"https:\/\/www.pinterest.es\/gremicafecat\/\",\"https:\/\/www.youtube.com\/channel\/UCGLo5Y35vLwLvP4FrPZrCrw\/\"]},{\"@type\":\"Person\",\"@id\":\"https:\/\/gremicafe.cat\/#\/schema\/person\/dabfdbb3d0fa36260855a380f94e4733\",\"name\":\"gremicafe\",\"image\":{\"@type\":\"ImageObject\",\"inLanguage\":\"es\",\"@id\":\"https:\/\/gremicafe.cat\/#\/schema\/person\/image\/\",\"url\":\"https:\/\/secure.gravatar.com\/avatar\/e59baa4ca8f6f97576d6375fb6d3c8f0?s=96&d=mm&r=g\",\"contentUrl\":\"https:\/\/secure.gravatar.com\/avatar\/e59baa4ca8f6f97576d6375fb6d3c8f0?s=96&d=mm&r=g\",\"caption\":\"gremicafe\"}}]}<\/script>\n<!-- \/ Yoast SEO plugin. -->","yoast_head_json":{"title":"El caf\u00e8 i la cafe\u00efna poden reduir el risc de c\u00e0lculs renals segons un nou estudi - Gremi del Caf\u00e8, torradors de Catalunya","robots":{"index":"index","follow":"follow","max-snippet":"max-snippet:-1","max-image-preview":"max-image-preview:large","max-video-preview":"max-video-preview:-1"},"canonical":"https:\/\/gremicafe.cat\/es\/2021\/10\/25\/el-cafe-i-la-cafeina-poden-reduir-el-risc-de-calculs-renals-segons-un-nou-estudi\/","og_locale":"es_ES","og_type":"article","og_title":"El caf\u00e8 i la cafe\u00efna poden reduir el risc de c\u00e0lculs renals segons un nou estudi - Gremi del Caf\u00e8, torradors de Catalunya","og_description":"&nbsp; Un nou estudi que va utilitzar dades gen\u00e8tiques de centenars de milers de persones suggereix que el consum diari de caf\u00e8 i cafe\u00efna pot prevenir els c\u00e0lculs renals. \u201cConsum de caf\u00e8 i cafe\u00efna i risc de c\u00e0lculs renals: un estudi aleatoritzat mendeli\u00e0\u201d es va publicar en el\u00a0American\u00a0Journal\u00a0of\u00a0Kidney\u00a0Diseases\u00a0(AJKD)\u00a0de la\u00a0National\u00a0Kidney\u00a0Foundation\u00a0(NKF). \u201cLes nostres troballes mostren que passar [&hellip;]","og_url":"https:\/\/gremicafe.cat\/es\/2021\/10\/25\/el-cafe-i-la-cafeina-poden-reduir-el-risc-de-calculs-renals-segons-un-nou-estudi\/","og_site_name":"Gremi del Caf\u00e8, torradors de Catalunya","article_publisher":"https:\/\/www.facebook.com\/gremicafecat","article_published_time":"2021-10-25T08:23:14+00:00","article_modified_time":"2021-10-25T08:25:55+00:00","og_image":[{"width":1200,"height":668,"url":"https:\/\/gremicafe.cat\/wp-content\/uploads\/2021\/10\/tasses-cafe.jpg","type":"image\/jpeg"}],"author":"gremicafe","twitter_card":"summary_large_image","twitter_creator":"@gremicafecat","twitter_site":"@gremicafecat","twitter_misc":{"Escrito por":"gremicafe","Tiempo de lectura":"2 minutos"},"schema":{"@context":"https:\/\/schema.org","@graph":[{"@type":"Article","@id":"https:\/\/gremicafe.cat\/2021\/10\/25\/el-cafe-i-la-cafeina-poden-reduir-el-risc-de-calculs-renals-segons-un-nou-estudi\/#article","isPartOf":{"@id":"https:\/\/gremicafe.cat\/2021\/10\/25\/el-cafe-i-la-cafeina-poden-reduir-el-risc-de-calculs-renals-segons-un-nou-estudi\/"},"author":{"name":"gremicafe","@id":"https:\/\/gremicafe.cat\/#\/schema\/person\/dabfdbb3d0fa36260855a380f94e4733"},"headline":"El caf\u00e8 i la cafe\u00efna poden reduir el risc de c\u00e0lculs renals segons un nou estudi","datePublished":"2021-10-25T08:23:14+00:00","dateModified":"2021-10-25T08:25:55+00:00","mainEntityOfPage":{"@id":"https:\/\/gremicafe.cat\/2021\/10\/25\/el-cafe-i-la-cafeina-poden-reduir-el-risc-de-calculs-renals-segons-un-nou-estudi\/"},"wordCount":271,"publisher":{"@id":"https:\/\/gremicafe.cat\/#organization"},"image":{"@id":"https:\/\/gremicafe.cat\/2021\/10\/25\/el-cafe-i-la-cafeina-poden-reduir-el-risc-de-calculs-renals-segons-un-nou-estudi\/#primaryimage"},"thumbnailUrl":"https:\/\/gremicafe.cat\/wp-content\/uploads\/2021\/10\/tasses-cafe.jpg","articleSection":["Not\u00edcies"],"inLanguage":"es"},{"@type":"WebPage","@id":"https:\/\/gremicafe.cat\/2021\/10\/25\/el-cafe-i-la-cafeina-poden-reduir-el-risc-de-calculs-renals-segons-un-nou-estudi\/","url":"https:\/\/gremicafe.cat\/2021\/10\/25\/el-cafe-i-la-cafeina-poden-reduir-el-risc-de-calculs-renals-segons-un-nou-estudi\/","name":"El caf\u00e8 i la cafe\u00efna poden reduir el risc de c\u00e0lculs renals segons un nou estudi - Gremi del Caf\u00e8, torradors de Catalunya","isPartOf":{"@id":"https:\/\/gremicafe.cat\/#website"},"primaryImageOfPage":{"@id":"https:\/\/gremicafe.cat\/2021\/10\/25\/el-cafe-i-la-cafeina-poden-reduir-el-risc-de-calculs-renals-segons-un-nou-estudi\/#primaryimage"},"image":{"@id":"https:\/\/gremicafe.cat\/2021\/10\/25\/el-cafe-i-la-cafeina-poden-reduir-el-risc-de-calculs-renals-segons-un-nou-estudi\/#primaryimage"},"thumbnailUrl":"https:\/\/gremicafe.cat\/wp-content\/uploads\/2021\/10\/tasses-cafe.jpg","datePublished":"2021-10-25T08:23:14+00:00","dateModified":"2021-10-25T08:25:55+00:00","breadcrumb":{"@id":"https:\/\/gremicafe.cat\/2021\/10\/25\/el-cafe-i-la-cafeina-poden-reduir-el-risc-de-calculs-renals-segons-un-nou-estudi\/#breadcrumb"},"inLanguage":"es","potentialAction":[{"@type":"ReadAction","target":["https:\/\/gremicafe.cat\/2021\/10\/25\/el-cafe-i-la-cafeina-poden-reduir-el-risc-de-calculs-renals-segons-un-nou-estudi\/"]}]},{"@type":"ImageObject","inLanguage":"es","@id":"https:\/\/gremicafe.cat\/2021\/10\/25\/el-cafe-i-la-cafeina-poden-reduir-el-risc-de-calculs-renals-segons-un-nou-estudi\/#primaryimage","url":"https:\/\/gremicafe.cat\/wp-content\/uploads\/2021\/10\/tasses-cafe.jpg","contentUrl":"https:\/\/gremicafe.cat\/wp-content\/uploads\/2021\/10\/tasses-cafe.jpg","width":1200,"height":668,"caption":"tasses caf\u00e8"},{"@type":"BreadcrumbList","@id":"https:\/\/gremicafe.cat\/2021\/10\/25\/el-cafe-i-la-cafeina-poden-reduir-el-risc-de-calculs-renals-segons-un-nou-estudi\/#breadcrumb","itemListElement":[{"@type":"ListItem","position":1,"name":"Inici","item":"https:\/\/gremicafe.cat\/"},{"@type":"ListItem","position":2,"name":"El caf\u00e8 i la cafe\u00efna poden reduir el risc de c\u00e0lculs renals segons un nou estudi"}]},{"@type":"WebSite","@id":"https:\/\/gremicafe.cat\/#website","url":"https:\/\/gremicafe.cat\/","name":"Gremio del Caf\u00e9, tostadores de Catalu\u00f1a","description":"Web oficial del gremio de tostadores de caf\u00e9 de Catalunya","publisher":{"@id":"https:\/\/gremicafe.cat\/#organization"},"potentialAction":[{"@type":"SearchAction","target":{"@type":"EntryPoint","urlTemplate":"https:\/\/gremicafe.cat\/?s={search_term_string}"},"query-input":{"@type":"PropertyValueSpecification","valueRequired":true,"valueName":"search_term_string"}}],"inLanguage":"es"},{"@type":"Organization","@id":"https:\/\/gremicafe.cat\/#organization","name":"Gremio del Caf\u00e9, Tostadores de Catalu\u00f1a","url":"https:\/\/gremicafe.cat\/","logo":{"@type":"ImageObject","inLanguage":"es","@id":"https:\/\/gremicafe.cat\/#\/schema\/logo\/image\/","url":"https:\/\/gremicafe.cat\/wp-content\/uploads\/2018\/03\/gremicafe-logo250.png","contentUrl":"https:\/\/gremicafe.cat\/wp-content\/uploads\/2018\/03\/gremicafe-logo250.png","width":250,"height":49,"caption":"Gremi del Caf\u00e8, Torradors de Catalunya"},"image":{"@id":"https:\/\/gremicafe.cat\/#\/schema\/logo\/image\/"},"sameAs":["https:\/\/www.facebook.com\/gremicafecat","https:\/\/x.com\/gremicafecat","https:\/\/www.instagram.com\/gremicafecat\/","https:\/\/www.pinterest.es\/gremicafecat\/","https:\/\/www.youtube.com\/channel\/UCGLo5Y35vLwLvP4FrPZrCrw\/"]},{"@type":"Person","@id":"https:\/\/gremicafe.cat\/#\/schema\/person\/dabfdbb3d0fa36260855a380f94e4733","name":"gremicafe","image":{"@type":"ImageObject","inLanguage":"es","@id":"https:\/\/gremicafe.cat\/#\/schema\/person\/image\/","url":"https:\/\/secure.gravatar.com\/avatar\/e59baa4ca8f6f97576d6375fb6d3c8f0?s=96&d=mm&r=g","contentUrl":"https:\/\/secure.gravatar.com\/avatar\/e59baa4ca8f6f97576d6375fb6d3c8f0?s=96&d=mm&r=g","caption":"gremicafe"}}]}},"_links":{"self":[{"href":"https:\/\/gremicafe.cat\/es\/wp-json\/wp\/v2\/posts\/6329"}],"collection":[{"href":"https:\/\/gremicafe.cat\/es\/wp-json\/wp\/v2\/posts"}],"about":[{"href":"https:\/\/gremicafe.cat\/es\/wp-json\/wp\/v2\/types\/post"}],"author":[{"embeddable":true,"href":"https:\/\/gremicafe.cat\/es\/wp-json\/wp\/v2\/users\/1"}],"replies":[{"embeddable":true,"href":"https:\/\/gremicafe.cat\/es\/wp-json\/wp\/v2\/comments?post=6329"}],"version-history":[{"count":0,"href":"https:\/\/gremicafe.cat\/es\/wp-json\/wp\/v2\/posts\/6329\/revisions"}],"wp:featuredmedia":[{"embeddable":true,"href":"https:\/\/gremicafe.cat\/es\/wp-json\/wp\/v2\/media\/6330"}],"wp:attachment":[{"href":"https:\/\/gremicafe.cat\/es\/wp-json\/wp\/v2\/media?parent=6329"}],"wp:term":[{"taxonomy":"category","embeddable":true,"href":"https:\/\/gremicafe.cat\/es\/wp-json\/wp\/v2\/categories?post=6329"},{"taxonomy":"post_tag","embeddable":true,"href":"https:\/\/gremicafe.cat\/es\/wp-json\/wp\/v2\/tags?post=6329"}],"curies":[{"name":"wp","href":"https:\/\/api.w.org\/{rel}","templated":true}]}}