{"id":6334,"date":"2021-10-28T16:52:40","date_gmt":"2021-10-28T14:52:40","guid":{"rendered":"https:\/\/gremicafe.cat\/?p=6334"},"modified":"2021-10-29T09:00:20","modified_gmt":"2021-10-29T07:00:20","slug":"tupinamba-va-estar-present-al-gastronomic-forum-de-barcelona-amb-un-estand-de-135-m2","status":"publish","type":"post","link":"https:\/\/gremicafe.cat\/es\/2021\/10\/28\/tupinamba-va-estar-present-al-gastronomic-forum-de-barcelona-amb-un-estand-de-135-m2\/","title":{"rendered":"Tupinamba estuvo presente en el Gastronomic F\u00f2rum de Barcelona con un stand de 135 m2"},"content":{"rendered":"<p><img loading=\"lazy\" decoding=\"async\" class=\"aligncenter size-full wp-image-6336\" src=\"https:\/\/gremicafe.cat\/wp-content\/uploads\/2021\/10\/Tupinamba_Gastronomic_Forum_2021min.jpg\" alt=\"\" width=\"1200\" height=\"900\" srcset=\"https:\/\/gremicafe.cat\/wp-content\/uploads\/2021\/10\/Tupinamba_Gastronomic_Forum_2021min.jpg 1200w, https:\/\/gremicafe.cat\/wp-content\/uploads\/2021\/10\/Tupinamba_Gastronomic_Forum_2021min-768x576.jpg 768w, https:\/\/gremicafe.cat\/wp-content\/uploads\/2021\/10\/Tupinamba_Gastronomic_Forum_2021min-960x720.jpg 960w\" sizes=\"(max-width: 1200px) 100vw, 1200px\" \/><\/p>\n<p>&nbsp;<\/p>\n<p>Una edici\u00f3n m\u00e1s,\u00a0<a href=\"https:\/\/www.tupinamba.com\/?lang=ca\"><strong>Tupinamba<\/strong><\/a>\u00a0estuvo presente en el\u00a0<strong>Gastron\u00f3mico F\u00f3rum de Barcelona<\/strong> con un stand de 135 metros cuadrados.<\/p>\n<p>Durante 3 d\u00edas, aprovechando la afluencia del p\u00fablico profesional del sector de la hosteler\u00eda, Tupinamba present\u00f3 a los asistentes sus \u00faltimas novedades y lanzamientos.<\/p>\n<p>Entre las novedades que present\u00f3 en esta edici\u00f3n, cabe destacar que ofreci\u00f3 <strong>la degustaci\u00f3n de caf\u00e9 en su stand, el<\/strong> <strong>blend FIRMA<\/strong>, una receta de 1928 recuperada por la familia Riera. Otras de las sorpresas con las que\u00a0<strong>Tupinamba<\/strong>\u00a0sorprendi\u00f3 a los asistentes son sus <strong>nuevas c\u00e1psulas compostables<\/strong> para el canal profesional, las\u00a0<a href=\"https:\/\/www.tupinamba.com\/?lang=ca\"><strong>Tupispresso Compostables<\/strong><\/a>, c\u00e1psulas libres de pl\u00e1stico.<\/p>\n<p>Otro de los atractivos que m\u00e1s impactaron, fue el <strong>Coffee Corner by Tupinamba<\/strong>,<strong> un c\u00f3rner de caf\u00e9 totalmente aut\u00f3nomo<\/strong>, con una m\u00e1quina superautom\u00e1tica y con recetas con leche fresca.<\/p>\n<p>En esta edici\u00f3n Tupinamba sorprendi\u00f3 a todos los asistentes.<\/p>\n<p><strong>FIRMA:<\/strong><\/p>\n<p>\u201cHemos recuperado nuestro blend m\u00e1s preciado, una receta tradicional y familiar. Unos granos de caf\u00e9 con historia, pasi\u00f3n y que hasta ahora s\u00f3lo se elaboraban para momentos \u00fanicos y especiales de la familia. Ofrecer esta receta premium, secreta y tan personal con el resto del mundo, es algo que queremos compartir.\u201d<\/p>\n<p>Origen: Brasil, Colombia, Guatemala &amp; India.<br \/>\nNotas de cata: Caramelo \/ Emplafona \/ Chocolate \/ Frutos secos \/ Vainilla<br \/>\nFragancia: Floral, especiada y frutal<br \/>\nAroma: Floral y frutal<br \/>\nSignature, est\u00e1 disponible en bolsas de 1 kilo.<br \/>\nSe ha creado una vajilla especial que acompa\u00f1ar\u00e1 a este blend.<\/p>\n<p><strong>TUPISPRISO COMPUESTABLES<\/strong><\/p>\n<p>C\u00e1psulas compostables para el sistema EP\/FAP certificadas por TUV Austria.<br \/>\nSe presentan 2 variedades:<br \/>\nTupispresso Compostable: La variedad SOFT de siempre, ahora en c\u00e1psula compostable.<br \/>\nTupispresso Compostable Descafeinado: El Descafeinado de Tupispresso en c\u00e1psula libre de pl\u00e1sticos.<\/p>\n<p>&nbsp;<\/p>\n<p><img loading=\"lazy\" decoding=\"async\" class=\"aligncenter wp-image-6335 size-large\" src=\"https:\/\/gremicafe.cat\/wp-content\/uploads\/2021\/10\/Corner_2min-1160x1160.jpg\" alt=\"\" width=\"1160\" height=\"1160\" srcset=\"https:\/\/gremicafe.cat\/wp-content\/uploads\/2021\/10\/Corner_2min-1160x1160.jpg 1160w, https:\/\/gremicafe.cat\/wp-content\/uploads\/2021\/10\/Corner_2min-300x300.jpg 300w, https:\/\/gremicafe.cat\/wp-content\/uploads\/2021\/10\/Corner_2min-150x150.jpg 150w\" sizes=\"(max-width: 1160px) 100vw, 1160px\" \/><\/p>\n<p><strong>COFFEE CORNER by Tupinamba<\/strong><br \/>\nSi tienes un enchufe, tienes un Coffee Corner.<\/p>\n<p>Un mueble totalmente aut\u00f3nomo con m\u00e1quina superautom\u00e1tica y recetas con leche fresca.<\/p>\n<p>Caracter\u00edsticas t\u00e9cnicas:<br \/>\n\u2022 Dep\u00f3sito de agua de 30 litros,<br \/>\n\u2022 Dep\u00f3sito de residuos org\u00e1nicos<br \/>\n\u2022 Dep\u00f3sito de residuos l\u00edquidos<br \/>\n\u2022 2 papeleras<br \/>\n\u2022 M\u00e1quina superautom\u00e1tica<br \/>\n\u2022 Nevera para leche fresca<br \/>\n\u2022 Posibilidad de m\u00f3dulos de pago o restricci\u00f3n de uso.<\/p>\n<p>Un mueble pensado para hoteles u oficinas que requieran un servicio totalmente aut\u00f3nomo.<br \/>\nPosibilidad de m\u00f3dulos de bloqueo, sistema de pago mediante tarjetas Mifare y\/o pagos por tarjeta bancaria.<br \/>\nUn mueble y concepto tan vers\u00e1til que se adapta a cada situaci\u00f3n que demande el cliente.<\/p>","protected":false},"excerpt":{"rendered":"<p>&nbsp; Una edici\u00f3 m\u00e9s,\u00a0Tupinamba\u00a0va ser present en el\u00a0Gastronomic\u00a0F\u00f2rum de Barcelona amb un estand de 135 metres quadrats. Durant 3 dies, aprofitant l&#8217;aflu\u00e8ncia del p\u00fablic professional del sector de l&#8217;hostaleria, Tupinamba va presentar als assistents les seves \u00faltimes novetats i llan\u00e7aments. Entre les novetats que va presentar en aquesta edici\u00f3, cal destacar que va oferir la [&hellip;]<\/p>\n","protected":false},"author":1,"featured_media":6336,"comment_status":"closed","ping_status":"open","sticky":false,"template":"","format":"standard","meta":{"_acf_changed":false,"inline_featured_image":false,"footnotes":""},"categories":[1],"tags":[],"class_list":["post-6334","post","type-post","status-publish","format-standard","has-post-thumbnail","hentry","category-noticies"],"acf":[],"yoast_head":"<!-- This site is optimized with the Yoast SEO plugin v25.5 - https:\/\/yoast.com\/wordpress\/plugins\/seo\/ -->\n<title>Tupinamba va estar present al Gastronomic F\u00f2rum de Barcelona amb un estand de 135 m2 - Gremi del Caf\u00e8, torradors de Catalunya<\/title>\n<meta name=\"robots\" content=\"index, follow, max-snippet:-1, max-image-preview:large, max-video-preview:-1\" \/>\n<link rel=\"canonical\" href=\"https:\/\/gremicafe.cat\/es\/2021\/10\/28\/tupinamba-va-estar-present-al-gastronomic-forum-de-barcelona-amb-un-estand-de-135-m2\/\" \/>\n<meta property=\"og:locale\" content=\"es_ES\" \/>\n<meta property=\"og:type\" content=\"article\" \/>\n<meta property=\"og:title\" content=\"Tupinamba va estar present al Gastronomic F\u00f2rum de Barcelona amb un estand de 135 m2 - Gremi del Caf\u00e8, torradors de Catalunya\" \/>\n<meta property=\"og:description\" content=\"&nbsp; Una edici\u00f3 m\u00e9s,\u00a0Tupinamba\u00a0va ser present en el\u00a0Gastronomic\u00a0F\u00f2rum de Barcelona amb un estand de 135 metres quadrats. Durant 3 dies, aprofitant l&#8217;aflu\u00e8ncia del p\u00fablic professional del sector de l&#8217;hostaleria, Tupinamba va presentar als assistents les seves \u00faltimes novetats i llan\u00e7aments. Entre les novetats que va presentar en aquesta edici\u00f3, cal destacar que va oferir la [&hellip;]\" \/>\n<meta property=\"og:url\" content=\"https:\/\/gremicafe.cat\/es\/2021\/10\/28\/tupinamba-va-estar-present-al-gastronomic-forum-de-barcelona-amb-un-estand-de-135-m2\/\" \/>\n<meta property=\"og:site_name\" content=\"Gremi del Caf\u00e8, torradors de Catalunya\" \/>\n<meta property=\"article:publisher\" content=\"https:\/\/www.facebook.com\/gremicafecat\" \/>\n<meta property=\"article:published_time\" content=\"2021-10-28T14:52:40+00:00\" \/>\n<meta property=\"article:modified_time\" content=\"2021-10-29T07:00:20+00:00\" \/>\n<meta property=\"og:image\" content=\"https:\/\/gremicafe.cat\/wp-content\/uploads\/2021\/10\/Tupinamba_Gastronomic_Forum_2021min.jpg\" \/>\n\t<meta property=\"og:image:width\" content=\"1200\" \/>\n\t<meta property=\"og:image:height\" content=\"900\" \/>\n\t<meta property=\"og:image:type\" content=\"image\/jpeg\" \/>\n<meta name=\"author\" content=\"gremicafe\" \/>\n<meta name=\"twitter:card\" content=\"summary_large_image\" \/>\n<meta name=\"twitter:creator\" content=\"@gremicafecat\" \/>\n<meta name=\"twitter:site\" content=\"@gremicafecat\" \/>\n<meta name=\"twitter:label1\" content=\"Escrito por\" \/>\n\t<meta name=\"twitter:data1\" content=\"gremicafe\" \/>\n\t<meta name=\"twitter:label2\" content=\"Tiempo de lectura\" \/>\n\t<meta name=\"twitter:data2\" content=\"3 minutos\" \/>\n<script type=\"application\/ld+json\" class=\"yoast-schema-graph\">{\"@context\":\"https:\/\/schema.org\",\"@graph\":[{\"@type\":\"Article\",\"@id\":\"https:\/\/gremicafe.cat\/2021\/10\/28\/tupinamba-va-estar-present-al-gastronomic-forum-de-barcelona-amb-un-estand-de-135-m2\/#article\",\"isPartOf\":{\"@id\":\"https:\/\/gremicafe.cat\/2021\/10\/28\/tupinamba-va-estar-present-al-gastronomic-forum-de-barcelona-amb-un-estand-de-135-m2\/\"},\"author\":{\"name\":\"gremicafe\",\"@id\":\"https:\/\/gremicafe.cat\/#\/schema\/person\/dabfdbb3d0fa36260855a380f94e4733\"},\"headline\":\"Tupinamba va estar present al Gastronomic F\u00f2rum de Barcelona amb un estand de 135 m2\",\"datePublished\":\"2021-10-28T14:52:40+00:00\",\"dateModified\":\"2021-10-29T07:00:20+00:00\",\"mainEntityOfPage\":{\"@id\":\"https:\/\/gremicafe.cat\/2021\/10\/28\/tupinamba-va-estar-present-al-gastronomic-forum-de-barcelona-amb-un-estand-de-135-m2\/\"},\"wordCount\":444,\"publisher\":{\"@id\":\"https:\/\/gremicafe.cat\/#organization\"},\"image\":{\"@id\":\"https:\/\/gremicafe.cat\/2021\/10\/28\/tupinamba-va-estar-present-al-gastronomic-forum-de-barcelona-amb-un-estand-de-135-m2\/#primaryimage\"},\"thumbnailUrl\":\"https:\/\/gremicafe.cat\/wp-content\/uploads\/2021\/10\/Tupinamba_Gastronomic_Forum_2021min.jpg\",\"articleSection\":[\"Not\u00edcies\"],\"inLanguage\":\"es\"},{\"@type\":\"WebPage\",\"@id\":\"https:\/\/gremicafe.cat\/2021\/10\/28\/tupinamba-va-estar-present-al-gastronomic-forum-de-barcelona-amb-un-estand-de-135-m2\/\",\"url\":\"https:\/\/gremicafe.cat\/2021\/10\/28\/tupinamba-va-estar-present-al-gastronomic-forum-de-barcelona-amb-un-estand-de-135-m2\/\",\"name\":\"Tupinamba va estar present al Gastronomic F\u00f2rum de Barcelona amb un estand de 135 m2 - Gremi del Caf\u00e8, torradors de Catalunya\",\"isPartOf\":{\"@id\":\"https:\/\/gremicafe.cat\/#website\"},\"primaryImageOfPage\":{\"@id\":\"https:\/\/gremicafe.cat\/2021\/10\/28\/tupinamba-va-estar-present-al-gastronomic-forum-de-barcelona-amb-un-estand-de-135-m2\/#primaryimage\"},\"image\":{\"@id\":\"https:\/\/gremicafe.cat\/2021\/10\/28\/tupinamba-va-estar-present-al-gastronomic-forum-de-barcelona-amb-un-estand-de-135-m2\/#primaryimage\"},\"thumbnailUrl\":\"https:\/\/gremicafe.cat\/wp-content\/uploads\/2021\/10\/Tupinamba_Gastronomic_Forum_2021min.jpg\",\"datePublished\":\"2021-10-28T14:52:40+00:00\",\"dateModified\":\"2021-10-29T07:00:20+00:00\",\"breadcrumb\":{\"@id\":\"https:\/\/gremicafe.cat\/2021\/10\/28\/tupinamba-va-estar-present-al-gastronomic-forum-de-barcelona-amb-un-estand-de-135-m2\/#breadcrumb\"},\"inLanguage\":\"es\",\"potentialAction\":[{\"@type\":\"ReadAction\",\"target\":[\"https:\/\/gremicafe.cat\/2021\/10\/28\/tupinamba-va-estar-present-al-gastronomic-forum-de-barcelona-amb-un-estand-de-135-m2\/\"]}]},{\"@type\":\"ImageObject\",\"inLanguage\":\"es\",\"@id\":\"https:\/\/gremicafe.cat\/2021\/10\/28\/tupinamba-va-estar-present-al-gastronomic-forum-de-barcelona-amb-un-estand-de-135-m2\/#primaryimage\",\"url\":\"https:\/\/gremicafe.cat\/wp-content\/uploads\/2021\/10\/Tupinamba_Gastronomic_Forum_2021min.jpg\",\"contentUrl\":\"https:\/\/gremicafe.cat\/wp-content\/uploads\/2021\/10\/Tupinamba_Gastronomic_Forum_2021min.jpg\",\"width\":1200,\"height\":900,\"caption\":\"Tupinamba Gastronomic Forum 2021\"},{\"@type\":\"BreadcrumbList\",\"@id\":\"https:\/\/gremicafe.cat\/2021\/10\/28\/tupinamba-va-estar-present-al-gastronomic-forum-de-barcelona-amb-un-estand-de-135-m2\/#breadcrumb\",\"itemListElement\":[{\"@type\":\"ListItem\",\"position\":1,\"name\":\"Inici\",\"item\":\"https:\/\/gremicafe.cat\/\"},{\"@type\":\"ListItem\",\"position\":2,\"name\":\"Tupinamba va estar present al Gastronomic F\u00f2rum de Barcelona amb un estand de 135 m2\"}]},{\"@type\":\"WebSite\",\"@id\":\"https:\/\/gremicafe.cat\/#website\",\"url\":\"https:\/\/gremicafe.cat\/\",\"name\":\"Gremi del Caf\u00e8, torradors de Catalunya\",\"description\":\"Web oficial del gremi de torradors de caf\u00e8 de Catalunya\",\"publisher\":{\"@id\":\"https:\/\/gremicafe.cat\/#organization\"},\"potentialAction\":[{\"@type\":\"SearchAction\",\"target\":{\"@type\":\"EntryPoint\",\"urlTemplate\":\"https:\/\/gremicafe.cat\/?s={search_term_string}\"},\"query-input\":{\"@type\":\"PropertyValueSpecification\",\"valueRequired\":true,\"valueName\":\"search_term_string\"}}],\"inLanguage\":\"es\"},{\"@type\":\"Organization\",\"@id\":\"https:\/\/gremicafe.cat\/#organization\",\"name\":\"Gremi del Caf\u00e8, Torradors de Catalunya\",\"url\":\"https:\/\/gremicafe.cat\/\",\"logo\":{\"@type\":\"ImageObject\",\"inLanguage\":\"es\",\"@id\":\"https:\/\/gremicafe.cat\/#\/schema\/logo\/image\/\",\"url\":\"https:\/\/gremicafe.cat\/wp-content\/uploads\/2018\/03\/gremicafe-logo250.png\",\"contentUrl\":\"https:\/\/gremicafe.cat\/wp-content\/uploads\/2018\/03\/gremicafe-logo250.png\",\"width\":250,\"height\":49,\"caption\":\"Gremi del Caf\u00e8, Torradors de Catalunya\"},\"image\":{\"@id\":\"https:\/\/gremicafe.cat\/#\/schema\/logo\/image\/\"},\"sameAs\":[\"https:\/\/www.facebook.com\/gremicafecat\",\"https:\/\/x.com\/gremicafecat\",\"https:\/\/www.instagram.com\/gremicafecat\/\",\"https:\/\/www.pinterest.es\/gremicafecat\/\",\"https:\/\/www.youtube.com\/channel\/UCGLo5Y35vLwLvP4FrPZrCrw\/\"]},{\"@type\":\"Person\",\"@id\":\"https:\/\/gremicafe.cat\/#\/schema\/person\/dabfdbb3d0fa36260855a380f94e4733\",\"name\":\"gremicafe\",\"image\":{\"@type\":\"ImageObject\",\"inLanguage\":\"es\",\"@id\":\"https:\/\/gremicafe.cat\/#\/schema\/person\/image\/\",\"url\":\"https:\/\/secure.gravatar.com\/avatar\/e59baa4ca8f6f97576d6375fb6d3c8f0?s=96&d=mm&r=g\",\"contentUrl\":\"https:\/\/secure.gravatar.com\/avatar\/e59baa4ca8f6f97576d6375fb6d3c8f0?s=96&d=mm&r=g\",\"caption\":\"gremicafe\"}}]}<\/script>\n<!-- \/ Yoast SEO plugin. -->","yoast_head_json":{"title":"Tupinamba va estar present al Gastronomic F\u00f2rum de Barcelona amb un estand de 135 m2 - Gremi del Caf\u00e8, torradors de Catalunya","robots":{"index":"index","follow":"follow","max-snippet":"max-snippet:-1","max-image-preview":"max-image-preview:large","max-video-preview":"max-video-preview:-1"},"canonical":"https:\/\/gremicafe.cat\/es\/2021\/10\/28\/tupinamba-va-estar-present-al-gastronomic-forum-de-barcelona-amb-un-estand-de-135-m2\/","og_locale":"es_ES","og_type":"article","og_title":"Tupinamba va estar present al Gastronomic F\u00f2rum de Barcelona amb un estand de 135 m2 - Gremi del Caf\u00e8, torradors de Catalunya","og_description":"&nbsp; Una edici\u00f3 m\u00e9s,\u00a0Tupinamba\u00a0va ser present en el\u00a0Gastronomic\u00a0F\u00f2rum de Barcelona amb un estand de 135 metres quadrats. Durant 3 dies, aprofitant l&#8217;aflu\u00e8ncia del p\u00fablic professional del sector de l&#8217;hostaleria, Tupinamba va presentar als assistents les seves \u00faltimes novetats i llan\u00e7aments. Entre les novetats que va presentar en aquesta edici\u00f3, cal destacar que va oferir la [&hellip;]","og_url":"https:\/\/gremicafe.cat\/es\/2021\/10\/28\/tupinamba-va-estar-present-al-gastronomic-forum-de-barcelona-amb-un-estand-de-135-m2\/","og_site_name":"Gremi del Caf\u00e8, torradors de Catalunya","article_publisher":"https:\/\/www.facebook.com\/gremicafecat","article_published_time":"2021-10-28T14:52:40+00:00","article_modified_time":"2021-10-29T07:00:20+00:00","og_image":[{"width":1200,"height":900,"url":"https:\/\/gremicafe.cat\/wp-content\/uploads\/2021\/10\/Tupinamba_Gastronomic_Forum_2021min.jpg","type":"image\/jpeg"}],"author":"gremicafe","twitter_card":"summary_large_image","twitter_creator":"@gremicafecat","twitter_site":"@gremicafecat","twitter_misc":{"Escrito por":"gremicafe","Tiempo de lectura":"3 minutos"},"schema":{"@context":"https:\/\/schema.org","@graph":[{"@type":"Article","@id":"https:\/\/gremicafe.cat\/2021\/10\/28\/tupinamba-va-estar-present-al-gastronomic-forum-de-barcelona-amb-un-estand-de-135-m2\/#article","isPartOf":{"@id":"https:\/\/gremicafe.cat\/2021\/10\/28\/tupinamba-va-estar-present-al-gastronomic-forum-de-barcelona-amb-un-estand-de-135-m2\/"},"author":{"name":"gremicafe","@id":"https:\/\/gremicafe.cat\/#\/schema\/person\/dabfdbb3d0fa36260855a380f94e4733"},"headline":"Tupinamba va estar present al Gastronomic F\u00f2rum de Barcelona amb un estand de 135 m2","datePublished":"2021-10-28T14:52:40+00:00","dateModified":"2021-10-29T07:00:20+00:00","mainEntityOfPage":{"@id":"https:\/\/gremicafe.cat\/2021\/10\/28\/tupinamba-va-estar-present-al-gastronomic-forum-de-barcelona-amb-un-estand-de-135-m2\/"},"wordCount":444,"publisher":{"@id":"https:\/\/gremicafe.cat\/#organization"},"image":{"@id":"https:\/\/gremicafe.cat\/2021\/10\/28\/tupinamba-va-estar-present-al-gastronomic-forum-de-barcelona-amb-un-estand-de-135-m2\/#primaryimage"},"thumbnailUrl":"https:\/\/gremicafe.cat\/wp-content\/uploads\/2021\/10\/Tupinamba_Gastronomic_Forum_2021min.jpg","articleSection":["Not\u00edcies"],"inLanguage":"es"},{"@type":"WebPage","@id":"https:\/\/gremicafe.cat\/2021\/10\/28\/tupinamba-va-estar-present-al-gastronomic-forum-de-barcelona-amb-un-estand-de-135-m2\/","url":"https:\/\/gremicafe.cat\/2021\/10\/28\/tupinamba-va-estar-present-al-gastronomic-forum-de-barcelona-amb-un-estand-de-135-m2\/","name":"Tupinamba va estar present al Gastronomic F\u00f2rum de Barcelona amb un estand de 135 m2 - Gremi del Caf\u00e8, torradors de Catalunya","isPartOf":{"@id":"https:\/\/gremicafe.cat\/#website"},"primaryImageOfPage":{"@id":"https:\/\/gremicafe.cat\/2021\/10\/28\/tupinamba-va-estar-present-al-gastronomic-forum-de-barcelona-amb-un-estand-de-135-m2\/#primaryimage"},"image":{"@id":"https:\/\/gremicafe.cat\/2021\/10\/28\/tupinamba-va-estar-present-al-gastronomic-forum-de-barcelona-amb-un-estand-de-135-m2\/#primaryimage"},"thumbnailUrl":"https:\/\/gremicafe.cat\/wp-content\/uploads\/2021\/10\/Tupinamba_Gastronomic_Forum_2021min.jpg","datePublished":"2021-10-28T14:52:40+00:00","dateModified":"2021-10-29T07:00:20+00:00","breadcrumb":{"@id":"https:\/\/gremicafe.cat\/2021\/10\/28\/tupinamba-va-estar-present-al-gastronomic-forum-de-barcelona-amb-un-estand-de-135-m2\/#breadcrumb"},"inLanguage":"es","potentialAction":[{"@type":"ReadAction","target":["https:\/\/gremicafe.cat\/2021\/10\/28\/tupinamba-va-estar-present-al-gastronomic-forum-de-barcelona-amb-un-estand-de-135-m2\/"]}]},{"@type":"ImageObject","inLanguage":"es","@id":"https:\/\/gremicafe.cat\/2021\/10\/28\/tupinamba-va-estar-present-al-gastronomic-forum-de-barcelona-amb-un-estand-de-135-m2\/#primaryimage","url":"https:\/\/gremicafe.cat\/wp-content\/uploads\/2021\/10\/Tupinamba_Gastronomic_Forum_2021min.jpg","contentUrl":"https:\/\/gremicafe.cat\/wp-content\/uploads\/2021\/10\/Tupinamba_Gastronomic_Forum_2021min.jpg","width":1200,"height":900,"caption":"Tupinamba Gastronomic Forum 2021"},{"@type":"BreadcrumbList","@id":"https:\/\/gremicafe.cat\/2021\/10\/28\/tupinamba-va-estar-present-al-gastronomic-forum-de-barcelona-amb-un-estand-de-135-m2\/#breadcrumb","itemListElement":[{"@type":"ListItem","position":1,"name":"Inici","item":"https:\/\/gremicafe.cat\/"},{"@type":"ListItem","position":2,"name":"Tupinamba va estar present al Gastronomic F\u00f2rum de Barcelona amb un estand de 135 m2"}]},{"@type":"WebSite","@id":"https:\/\/gremicafe.cat\/#website","url":"https:\/\/gremicafe.cat\/","name":"Gremio del Caf\u00e9, tostadores de Catalu\u00f1a","description":"Web oficial del gremio de tostadores de caf\u00e9 de Catalunya","publisher":{"@id":"https:\/\/gremicafe.cat\/#organization"},"potentialAction":[{"@type":"SearchAction","target":{"@type":"EntryPoint","urlTemplate":"https:\/\/gremicafe.cat\/?s={search_term_string}"},"query-input":{"@type":"PropertyValueSpecification","valueRequired":true,"valueName":"search_term_string"}}],"inLanguage":"es"},{"@type":"Organization","@id":"https:\/\/gremicafe.cat\/#organization","name":"Gremio del Caf\u00e9, Tostadores de Catalu\u00f1a","url":"https:\/\/gremicafe.cat\/","logo":{"@type":"ImageObject","inLanguage":"es","@id":"https:\/\/gremicafe.cat\/#\/schema\/logo\/image\/","url":"https:\/\/gremicafe.cat\/wp-content\/uploads\/2018\/03\/gremicafe-logo250.png","contentUrl":"https:\/\/gremicafe.cat\/wp-content\/uploads\/2018\/03\/gremicafe-logo250.png","width":250,"height":49,"caption":"Gremi del Caf\u00e8, Torradors de Catalunya"},"image":{"@id":"https:\/\/gremicafe.cat\/#\/schema\/logo\/image\/"},"sameAs":["https:\/\/www.facebook.com\/gremicafecat","https:\/\/x.com\/gremicafecat","https:\/\/www.instagram.com\/gremicafecat\/","https:\/\/www.pinterest.es\/gremicafecat\/","https:\/\/www.youtube.com\/channel\/UCGLo5Y35vLwLvP4FrPZrCrw\/"]},{"@type":"Person","@id":"https:\/\/gremicafe.cat\/#\/schema\/person\/dabfdbb3d0fa36260855a380f94e4733","name":"gremicafe","image":{"@type":"ImageObject","inLanguage":"es","@id":"https:\/\/gremicafe.cat\/#\/schema\/person\/image\/","url":"https:\/\/secure.gravatar.com\/avatar\/e59baa4ca8f6f97576d6375fb6d3c8f0?s=96&d=mm&r=g","contentUrl":"https:\/\/secure.gravatar.com\/avatar\/e59baa4ca8f6f97576d6375fb6d3c8f0?s=96&d=mm&r=g","caption":"gremicafe"}}]}},"_links":{"self":[{"href":"https:\/\/gremicafe.cat\/es\/wp-json\/wp\/v2\/posts\/6334"}],"collection":[{"href":"https:\/\/gremicafe.cat\/es\/wp-json\/wp\/v2\/posts"}],"about":[{"href":"https:\/\/gremicafe.cat\/es\/wp-json\/wp\/v2\/types\/post"}],"author":[{"embeddable":true,"href":"https:\/\/gremicafe.cat\/es\/wp-json\/wp\/v2\/users\/1"}],"replies":[{"embeddable":true,"href":"https:\/\/gremicafe.cat\/es\/wp-json\/wp\/v2\/comments?post=6334"}],"version-history":[{"count":0,"href":"https:\/\/gremicafe.cat\/es\/wp-json\/wp\/v2\/posts\/6334\/revisions"}],"wp:featuredmedia":[{"embeddable":true,"href":"https:\/\/gremicafe.cat\/es\/wp-json\/wp\/v2\/media\/6336"}],"wp:attachment":[{"href":"https:\/\/gremicafe.cat\/es\/wp-json\/wp\/v2\/media?parent=6334"}],"wp:term":[{"taxonomy":"category","embeddable":true,"href":"https:\/\/gremicafe.cat\/es\/wp-json\/wp\/v2\/categories?post=6334"},{"taxonomy":"post_tag","embeddable":true,"href":"https:\/\/gremicafe.cat\/es\/wp-json\/wp\/v2\/tags?post=6334"}],"curies":[{"name":"wp","href":"https:\/\/api.w.org\/{rel}","templated":true}]}}