{"id":6347,"date":"2021-11-03T13:58:12","date_gmt":"2021-11-03T11:58:12","guid":{"rendered":"https:\/\/gremicafe.cat\/?p=6347"},"modified":"2021-11-03T13:58:12","modified_gmt":"2021-11-03T11:58:12","slug":"els-torradors-de-cafe-preocupats-per-lalca-dels-preus-del-cafe-verd-i-de-les-principals-materies-primeres","status":"publish","type":"post","link":"https:\/\/gremicafe.cat\/es\/2021\/11\/03\/els-torradors-de-cafe-preocupats-per-lalca-dels-preus-del-cafe-verd-i-de-les-principals-materies-primeres\/","title":{"rendered":"Los tostadores de caf\u00e9 preocupados por el alza de los precios del caf\u00e9 verde y de las principales materias primas"},"content":{"rendered":"<p><img loading=\"lazy\" decoding=\"async\" class=\"aligncenter size-full wp-image-6348\" src=\"https:\/\/gremicafe.cat\/wp-content\/uploads\/2021\/11\/gremicafe-cafe_verd-arabiga-min.jpg\" alt=\"\" width=\"1200\" height=\"900\" srcset=\"https:\/\/gremicafe.cat\/wp-content\/uploads\/2021\/11\/gremicafe-cafe_verd-arabiga-min.jpg 1200w, https:\/\/gremicafe.cat\/wp-content\/uploads\/2021\/11\/gremicafe-cafe_verd-arabiga-min-768x576.jpg 768w, https:\/\/gremicafe.cat\/wp-content\/uploads\/2021\/11\/gremicafe-cafe_verd-arabiga-min-960x720.jpg 960w\" sizes=\"(max-width: 1200px) 100vw, 1200px\" \/><\/p>\n<p>&nbsp;<\/p>\n<p><strong>La mala cosecha de caf\u00e9 <\/strong><strong>en los pa\u00edses<\/strong><strong>sos productores ha generado notables incrementos de precio.<\/strong><\/p>\n<p><strong>El elevado precio del transporte en barcos de los puertos de origen afecta al coste y retrasa la entrega de las importaciones de caf<\/strong><strong>\u00e8<\/strong><strong>.<\/strong><\/p>\n<p><strong>El az\u00facar como primera mate<\/strong><strong>eria, se une a los incrementos de precio en determinadas mat\u00e9<\/strong><strong>r\u00edas primas (cart\u00f3n, papel, aluminio, etc.) ya los elevados costes de la energ\u00eda, principalmente del gas, indispensable para tostar el caf\u00e9<\/strong><strong>\u00e8<\/strong><strong>.<\/strong><\/p>\n<p><strong>Algunos tostadores han intentado repercutir el m<\/strong><strong>\u00ed<\/strong><strong>nim posible el precio al cliente y \u00e9ste al consumidor, por<\/strong><strong>\u00f2 <\/strong><strong>temen que desde las cafeter\u00edas multinacionales hasta las cafeter\u00edas locales no tendr\u00e1n m<\/strong><strong>\u00e9<\/strong><strong>s remedio que subir el precio de la taza de caf<\/strong><strong>\u00e8 <\/strong><strong>al consumidor.<\/strong><\/p>\n<p>&nbsp;<\/p>\n<p><strong>Los tostadores de caf\u00e9 de Catalu\u00f1a<\/strong>, reunidos en torno al <strong>Gremio del Caf\u00e9<\/strong>, han hecho llegar al mercado su preocupaci\u00f3n por la situaci\u00f3n econ\u00f3mica que est\u00e1 provocando el elevado incremento de precios de las materias primas que afectan a sector del caf\u00e9, ya las dem\u00e1s subidas de precio de muchos sectores que les son proveedores de productos y servicios.<\/p>\n<p><strong>Javier de Erausquin<\/strong>, <strong>presidente del Gremio del Caf\u00e9<\/strong>, y director de BRACAF\u00c9, Caf\u00e9 de Brasil, comenta que: \u201clas autoridades brasile\u00f1as proyectan la cosecha de ar\u00e1biga m\u00e1s baja en doce a\u00f1os\u201d.<\/p>\n<p>La ola de fr\u00edo y la sequ\u00eda en Brasil amenaza la producci\u00f3n de caf\u00e9 para los pr\u00f3ximos dos a\u00f1os. El mes de julio ha sido un mes raro por uno de los principales productores de caf\u00e9. El fr\u00edo acompa\u00f1ado de nieve y una sequ\u00eda extrema est\u00e1n provocando que la cosecha del 2022 no pueda recuperar los stocks.<\/p>\n<p>Brasil es el principal productor de caf\u00e9 del mundo, y representa alrededor del 35% de la cosecha mundial. El volumen de producci\u00f3n fluct\u00faa regularmente entre a\u00f1os \u201cactivos\u201d e \u201cinactivos\u201d, y en general esto no es suficiente para afectar en gran medida a los precios para que los productores mitiguen sus riesgos mediante la gesti\u00f3n de existencias y la cobertura de precios utilizando el mercado de futuros de caf\u00e9.<\/p>\n<p>Erausquin afirma que, tambi\u00e9n Vietnam, uno de los grandes productores mundiales de caf\u00e9, de la variedad robusta principalmente, ha bajado mucho la cosecha debido a las escasas lluvias a inicios de la temporada, ya las precipitaciones por debajo de la media en algunas de las principales zonas productoras.<\/p>\n<p>Por lo que respecta al caf\u00e9 de Colombia, Colombia, los futuros de caf\u00e9 ar\u00e1biga han alcanzado su m\u00e1ximo desde octubre de 2014. Esta subida de precios se produce en un contexto de d\u00e9ficit de oferta prevista para el actual a\u00f1o cafetero. Los problemas log\u00edsticos, los problemas de transporte y la menor disponibilidad de caf\u00e9 en el mercado son su principal causa. Seg\u00fan Reuters, este a\u00f1o los cafeteros de Colombia en su conjunto han aportado al mercado un mill\u00f3n de sacos de caf\u00e9 de menos respecto al 2020.<\/p>\n<p>&nbsp;<\/p>\n<p><strong>El transporte, un problema a\u00f1adido.<\/strong><\/p>\n<p>De acuerdo con el grupo Intimex y Simexco Daklak, dos grandes compa\u00f1\u00edas de transporte mar\u00edtimo, cuyos env\u00edos desde Vietnam est\u00e1n disminuyendo debido a la pandemia del coronavirus, la importante escasez de contenedores y el agotamiento de existencias de los agricultores.<\/p>\n<p>\u201cLos agricultores dicen que se han quedado sin grano. No hemos comprado ni vendido gramo durante m\u00e1s de un mes\u201d, declara Do Ha Nam, presidente del grupo Intimex. A consecuencia de esta crisis en las plantaciones vietnamitas, unida a las recientes heladas en Brasil, los precios de granos de tipo ar\u00e1biga han alcanzado su m\u00e1ximo desde 2014. Este mes el coste de ar\u00e1biga aument\u00f3 un 25% mientras que el de robusta logr\u00f3 un 13%.<\/p>\n<p>\u201cLos altos costes de transportar han disuadido a los importadores de comprar grandes en Vietnam. No tenemos nuevos contratos para comprar grano a los agricultores\u201d, advierte Van Hong Anh, director ejecutivo de Quang Minh Coffee Trading. El env\u00edo de un contenedor de Vietnam a Europa lleg\u00f3 a costar m\u00e1s de 10.000 d\u00f3lares, cifra que aument\u00f3 siete veces en un a\u00f1o. Como consecuencia, Anh estima que las exportaciones de su empresa van a disminuir un 20%.<\/p>\n<p><strong>\u00a0<\/strong><\/p>\n<p><strong>El az\u00facar tambin<\/strong><strong>\u00e9 <\/strong><strong>sube de precio<\/strong><\/p>\n<p>El az\u00facar, una de las materias primas m\u00e1s importantes en el sector del caf\u00e9, tambi\u00e9n bate r\u00e9cords de precios al alza.<\/p>\n<p>A modo de ejemplo: El \u00edndice de precios del az\u00facar de la FAO registr\u00f3 en septiembre una media de 121,2 puntos, esto es, 0,6 puntos (un 0,5%) m\u00e1s que en agosto y 42, 2 puntos (un 53,5%) por encima del valor registrado en el mismo mes del pasado a\u00f1o.<\/p>\n<p>Las preocupaciones sobre la reducci\u00f3n de la producci\u00f3n en Brasil, el mayor exportador de az\u00facar del mundo, debido a las prolongadas condiciones meteorol\u00f3gicas de sequ\u00eda ya las heladas, siguieron impulsando el aumento de los precios mundiales del az\u00facar. Adem\u00e1s, el aumento de los precios del etanol foment\u00f3 un mayor uso de la ca\u00f1a de az\u00facar para la producci\u00f3n de etanol en Brasil. Sin embargo, la presi\u00f3n al alza de los precios se vio limitada por la desaceleraci\u00f3n de la demanda mundial de az\u00facar para la importaci\u00f3n y las buenas perspectivas de producci\u00f3n de los principales exportadores, como India y Tailandia.<\/p>\n<p>&nbsp;<\/p>\n<p><strong>Incremento de precios de la energ\u00eda y de las mat\u00e9<\/strong><strong>r\u00edas primeras.<\/strong><\/p>\n<p>Aparte de la subida de las materias primas, el Gremio del Caf\u00e9 muestra su gran preocupaci\u00f3n por el incontrolado incremento del precio de la electricidad y del gas. Hay que entender que el caf\u00e9 se compra verde y se tosta en Catalu\u00f1a como un producto de km 0. La energ\u00eda por el tostado se consume en Catalu\u00f1a y su precio repercute directamente en el coste del tostador. Si los costes industriales siguen creciendo, los tostadores se ver\u00e1n abocados a incrementar el precio del caf\u00e9 y de rebote afectar\u00e1 al consumidor.<\/p>\n<p>Asimismo, el Gremio est\u00e1 analizando el incremento de precio de algunas materias primas como el cart\u00f3n, el papel, el aluminio y otros productos de uso industrial. El elevado precio del transporte en las importaciones y la poca protecci\u00f3n de la Uni\u00f3n Europea y del Estado preocupan a los industriales que se ven impotentes frente a un alza continuada de precios.<\/p>\n<p>Es por todos los motivos expuestos que el Gremio del Caf\u00e9, Tostadores de Catalu\u00f1a, exigen a las administraciones que tomen parte en el problema y busquen soluciones que frenen el incremento de precios de la energ\u00eda, del transporte y de las materias primas que afectan en todos los industriales de Catalu\u00f1a.<\/p>\n<p>&nbsp;<\/p>\n<p>&nbsp;<\/p>\n<p>Para m\u00e1s informaci\u00f3n<\/p>\n<p><a href=\"mailto:info@gremicafe.cat\">info@gremicafe.cat<\/a><\/p>\n<p>&nbsp;<\/p>\n<p>Contacto prensa:<\/p>\n<p>anna@tgd.cat<\/p>","protected":false},"excerpt":{"rendered":"<p>&nbsp; La mala collita de caf\u00e8 als pa\u00efsos productors ha generat notables increments de preu. L&#8217;elevat preu del transport en vaixells dels ports d&#8217;origen afecta el cost i retarda el lliurament de les importacions de caf\u00e8. El sucre com a primera mat\u00e8ria, s&#8217;uneix als increments de preu en determinades mat\u00e8ries primeres (cart\u00f3, paper, alumini, etc.) [&hellip;]<\/p>\n","protected":false},"author":1,"featured_media":6348,"comment_status":"closed","ping_status":"open","sticky":false,"template":"","format":"standard","meta":{"_acf_changed":false,"inline_featured_image":false,"footnotes":""},"categories":[1],"tags":[],"class_list":["post-6347","post","type-post","status-publish","format-standard","has-post-thumbnail","hentry","category-noticies"],"acf":[],"yoast_head":"<!-- This site is optimized with the Yoast SEO plugin v25.5 - https:\/\/yoast.com\/wordpress\/plugins\/seo\/ -->\n<title>Els torradors de caf\u00e8 preocupats per l&#039;al\u00e7a dels preus del caf\u00e8 verd i de les principals mat\u00e8ries primeres - Gremi del Caf\u00e8, torradors de Catalunya<\/title>\n<meta name=\"robots\" content=\"index, follow, max-snippet:-1, max-image-preview:large, max-video-preview:-1\" \/>\n<link rel=\"canonical\" href=\"https:\/\/gremicafe.cat\/es\/2021\/11\/03\/els-torradors-de-cafe-preocupats-per-lalca-dels-preus-del-cafe-verd-i-de-les-principals-materies-primeres\/\" \/>\n<meta property=\"og:locale\" content=\"es_ES\" \/>\n<meta property=\"og:type\" content=\"article\" \/>\n<meta property=\"og:title\" content=\"Els torradors de caf\u00e8 preocupats per l&#039;al\u00e7a dels preus del caf\u00e8 verd i de les principals mat\u00e8ries primeres - Gremi del Caf\u00e8, torradors de Catalunya\" \/>\n<meta property=\"og:description\" content=\"&nbsp; La mala collita de caf\u00e8 als pa\u00efsos productors ha generat notables increments de preu. L&#8217;elevat preu del transport en vaixells dels ports d&#8217;origen afecta el cost i retarda el lliurament de les importacions de caf\u00e8. El sucre com a primera mat\u00e8ria, s&#8217;uneix als increments de preu en determinades mat\u00e8ries primeres (cart\u00f3, paper, alumini, etc.) [&hellip;]\" \/>\n<meta property=\"og:url\" content=\"https:\/\/gremicafe.cat\/es\/2021\/11\/03\/els-torradors-de-cafe-preocupats-per-lalca-dels-preus-del-cafe-verd-i-de-les-principals-materies-primeres\/\" \/>\n<meta property=\"og:site_name\" content=\"Gremi del Caf\u00e8, torradors de Catalunya\" \/>\n<meta property=\"article:publisher\" content=\"https:\/\/www.facebook.com\/gremicafecat\" \/>\n<meta property=\"article:published_time\" content=\"2021-11-03T11:58:12+00:00\" \/>\n<meta property=\"og:image\" content=\"https:\/\/gremicafe.cat\/wp-content\/uploads\/2021\/11\/gremicafe-cafe_verd-arabiga-min.jpg\" \/>\n\t<meta property=\"og:image:width\" content=\"1200\" \/>\n\t<meta property=\"og:image:height\" content=\"900\" \/>\n\t<meta property=\"og:image:type\" content=\"image\/jpeg\" \/>\n<meta name=\"author\" content=\"gremicafe\" \/>\n<meta name=\"twitter:card\" content=\"summary_large_image\" \/>\n<meta name=\"twitter:creator\" content=\"@gremicafecat\" \/>\n<meta name=\"twitter:site\" content=\"@gremicafecat\" \/>\n<meta name=\"twitter:label1\" content=\"Escrito por\" \/>\n\t<meta name=\"twitter:data1\" content=\"gremicafe\" \/>\n\t<meta name=\"twitter:label2\" content=\"Tiempo de lectura\" \/>\n\t<meta name=\"twitter:data2\" content=\"5 minutos\" \/>\n<script type=\"application\/ld+json\" class=\"yoast-schema-graph\">{\"@context\":\"https:\/\/schema.org\",\"@graph\":[{\"@type\":\"Article\",\"@id\":\"https:\/\/gremicafe.cat\/2021\/11\/03\/els-torradors-de-cafe-preocupats-per-lalca-dels-preus-del-cafe-verd-i-de-les-principals-materies-primeres\/#article\",\"isPartOf\":{\"@id\":\"https:\/\/gremicafe.cat\/2021\/11\/03\/els-torradors-de-cafe-preocupats-per-lalca-dels-preus-del-cafe-verd-i-de-les-principals-materies-primeres\/\"},\"author\":{\"name\":\"gremicafe\",\"@id\":\"https:\/\/gremicafe.cat\/#\/schema\/person\/dabfdbb3d0fa36260855a380f94e4733\"},\"headline\":\"Els torradors de caf\u00e8 preocupats per l&#8217;al\u00e7a dels preus del caf\u00e8 verd i de les principals mat\u00e8ries primeres\",\"datePublished\":\"2021-11-03T11:58:12+00:00\",\"mainEntityOfPage\":{\"@id\":\"https:\/\/gremicafe.cat\/2021\/11\/03\/els-torradors-de-cafe-preocupats-per-lalca-dels-preus-del-cafe-verd-i-de-les-principals-materies-primeres\/\"},\"wordCount\":1106,\"publisher\":{\"@id\":\"https:\/\/gremicafe.cat\/#organization\"},\"image\":{\"@id\":\"https:\/\/gremicafe.cat\/2021\/11\/03\/els-torradors-de-cafe-preocupats-per-lalca-dels-preus-del-cafe-verd-i-de-les-principals-materies-primeres\/#primaryimage\"},\"thumbnailUrl\":\"https:\/\/gremicafe.cat\/wp-content\/uploads\/2021\/11\/gremicafe-cafe_verd-arabiga-min.jpg\",\"articleSection\":[\"Not\u00edcies\"],\"inLanguage\":\"es\"},{\"@type\":\"WebPage\",\"@id\":\"https:\/\/gremicafe.cat\/2021\/11\/03\/els-torradors-de-cafe-preocupats-per-lalca-dels-preus-del-cafe-verd-i-de-les-principals-materies-primeres\/\",\"url\":\"https:\/\/gremicafe.cat\/2021\/11\/03\/els-torradors-de-cafe-preocupats-per-lalca-dels-preus-del-cafe-verd-i-de-les-principals-materies-primeres\/\",\"name\":\"Els torradors de caf\u00e8 preocupats per l'al\u00e7a dels preus del caf\u00e8 verd i de les principals mat\u00e8ries primeres - Gremi del Caf\u00e8, torradors de Catalunya\",\"isPartOf\":{\"@id\":\"https:\/\/gremicafe.cat\/#website\"},\"primaryImageOfPage\":{\"@id\":\"https:\/\/gremicafe.cat\/2021\/11\/03\/els-torradors-de-cafe-preocupats-per-lalca-dels-preus-del-cafe-verd-i-de-les-principals-materies-primeres\/#primaryimage\"},\"image\":{\"@id\":\"https:\/\/gremicafe.cat\/2021\/11\/03\/els-torradors-de-cafe-preocupats-per-lalca-dels-preus-del-cafe-verd-i-de-les-principals-materies-primeres\/#primaryimage\"},\"thumbnailUrl\":\"https:\/\/gremicafe.cat\/wp-content\/uploads\/2021\/11\/gremicafe-cafe_verd-arabiga-min.jpg\",\"datePublished\":\"2021-11-03T11:58:12+00:00\",\"breadcrumb\":{\"@id\":\"https:\/\/gremicafe.cat\/2021\/11\/03\/els-torradors-de-cafe-preocupats-per-lalca-dels-preus-del-cafe-verd-i-de-les-principals-materies-primeres\/#breadcrumb\"},\"inLanguage\":\"es\",\"potentialAction\":[{\"@type\":\"ReadAction\",\"target\":[\"https:\/\/gremicafe.cat\/2021\/11\/03\/els-torradors-de-cafe-preocupats-per-lalca-dels-preus-del-cafe-verd-i-de-les-principals-materies-primeres\/\"]}]},{\"@type\":\"ImageObject\",\"inLanguage\":\"es\",\"@id\":\"https:\/\/gremicafe.cat\/2021\/11\/03\/els-torradors-de-cafe-preocupats-per-lalca-dels-preus-del-cafe-verd-i-de-les-principals-materies-primeres\/#primaryimage\",\"url\":\"https:\/\/gremicafe.cat\/wp-content\/uploads\/2021\/11\/gremicafe-cafe_verd-arabiga-min.jpg\",\"contentUrl\":\"https:\/\/gremicafe.cat\/wp-content\/uploads\/2021\/11\/gremicafe-cafe_verd-arabiga-min.jpg\",\"width\":1200,\"height\":900,\"caption\":\"gremicafe - cafe verd arabiga\"},{\"@type\":\"BreadcrumbList\",\"@id\":\"https:\/\/gremicafe.cat\/2021\/11\/03\/els-torradors-de-cafe-preocupats-per-lalca-dels-preus-del-cafe-verd-i-de-les-principals-materies-primeres\/#breadcrumb\",\"itemListElement\":[{\"@type\":\"ListItem\",\"position\":1,\"name\":\"Inici\",\"item\":\"https:\/\/gremicafe.cat\/\"},{\"@type\":\"ListItem\",\"position\":2,\"name\":\"Els torradors de caf\u00e8 preocupats per l&#8217;al\u00e7a dels preus del caf\u00e8 verd i de les principals mat\u00e8ries primeres\"}]},{\"@type\":\"WebSite\",\"@id\":\"https:\/\/gremicafe.cat\/#website\",\"url\":\"https:\/\/gremicafe.cat\/\",\"name\":\"Gremi del Caf\u00e8, torradors de Catalunya\",\"description\":\"Web oficial del gremi de torradors de caf\u00e8 de Catalunya\",\"publisher\":{\"@id\":\"https:\/\/gremicafe.cat\/#organization\"},\"potentialAction\":[{\"@type\":\"SearchAction\",\"target\":{\"@type\":\"EntryPoint\",\"urlTemplate\":\"https:\/\/gremicafe.cat\/?s={search_term_string}\"},\"query-input\":{\"@type\":\"PropertyValueSpecification\",\"valueRequired\":true,\"valueName\":\"search_term_string\"}}],\"inLanguage\":\"es\"},{\"@type\":\"Organization\",\"@id\":\"https:\/\/gremicafe.cat\/#organization\",\"name\":\"Gremi del Caf\u00e8, Torradors de Catalunya\",\"url\":\"https:\/\/gremicafe.cat\/\",\"logo\":{\"@type\":\"ImageObject\",\"inLanguage\":\"es\",\"@id\":\"https:\/\/gremicafe.cat\/#\/schema\/logo\/image\/\",\"url\":\"https:\/\/gremicafe.cat\/wp-content\/uploads\/2018\/03\/gremicafe-logo250.png\",\"contentUrl\":\"https:\/\/gremicafe.cat\/wp-content\/uploads\/2018\/03\/gremicafe-logo250.png\",\"width\":250,\"height\":49,\"caption\":\"Gremi del Caf\u00e8, Torradors de Catalunya\"},\"image\":{\"@id\":\"https:\/\/gremicafe.cat\/#\/schema\/logo\/image\/\"},\"sameAs\":[\"https:\/\/www.facebook.com\/gremicafecat\",\"https:\/\/x.com\/gremicafecat\",\"https:\/\/www.instagram.com\/gremicafecat\/\",\"https:\/\/www.pinterest.es\/gremicafecat\/\",\"https:\/\/www.youtube.com\/channel\/UCGLo5Y35vLwLvP4FrPZrCrw\/\"]},{\"@type\":\"Person\",\"@id\":\"https:\/\/gremicafe.cat\/#\/schema\/person\/dabfdbb3d0fa36260855a380f94e4733\",\"name\":\"gremicafe\",\"image\":{\"@type\":\"ImageObject\",\"inLanguage\":\"es\",\"@id\":\"https:\/\/gremicafe.cat\/#\/schema\/person\/image\/\",\"url\":\"https:\/\/secure.gravatar.com\/avatar\/e59baa4ca8f6f97576d6375fb6d3c8f0?s=96&d=mm&r=g\",\"contentUrl\":\"https:\/\/secure.gravatar.com\/avatar\/e59baa4ca8f6f97576d6375fb6d3c8f0?s=96&d=mm&r=g\",\"caption\":\"gremicafe\"}}]}<\/script>\n<!-- \/ Yoast SEO plugin. -->","yoast_head_json":{"title":"Els torradors de caf\u00e8 preocupats per l'al\u00e7a dels preus del caf\u00e8 verd i de les principals mat\u00e8ries primeres - Gremi del Caf\u00e8, torradors de Catalunya","robots":{"index":"index","follow":"follow","max-snippet":"max-snippet:-1","max-image-preview":"max-image-preview:large","max-video-preview":"max-video-preview:-1"},"canonical":"https:\/\/gremicafe.cat\/es\/2021\/11\/03\/els-torradors-de-cafe-preocupats-per-lalca-dels-preus-del-cafe-verd-i-de-les-principals-materies-primeres\/","og_locale":"es_ES","og_type":"article","og_title":"Els torradors de caf\u00e8 preocupats per l'al\u00e7a dels preus del caf\u00e8 verd i de les principals mat\u00e8ries primeres - Gremi del Caf\u00e8, torradors de Catalunya","og_description":"&nbsp; La mala collita de caf\u00e8 als pa\u00efsos productors ha generat notables increments de preu. L&#8217;elevat preu del transport en vaixells dels ports d&#8217;origen afecta el cost i retarda el lliurament de les importacions de caf\u00e8. El sucre com a primera mat\u00e8ria, s&#8217;uneix als increments de preu en determinades mat\u00e8ries primeres (cart\u00f3, paper, alumini, etc.) [&hellip;]","og_url":"https:\/\/gremicafe.cat\/es\/2021\/11\/03\/els-torradors-de-cafe-preocupats-per-lalca-dels-preus-del-cafe-verd-i-de-les-principals-materies-primeres\/","og_site_name":"Gremi del Caf\u00e8, torradors de Catalunya","article_publisher":"https:\/\/www.facebook.com\/gremicafecat","article_published_time":"2021-11-03T11:58:12+00:00","og_image":[{"width":1200,"height":900,"url":"https:\/\/gremicafe.cat\/wp-content\/uploads\/2021\/11\/gremicafe-cafe_verd-arabiga-min.jpg","type":"image\/jpeg"}],"author":"gremicafe","twitter_card":"summary_large_image","twitter_creator":"@gremicafecat","twitter_site":"@gremicafecat","twitter_misc":{"Escrito por":"gremicafe","Tiempo de lectura":"5 minutos"},"schema":{"@context":"https:\/\/schema.org","@graph":[{"@type":"Article","@id":"https:\/\/gremicafe.cat\/2021\/11\/03\/els-torradors-de-cafe-preocupats-per-lalca-dels-preus-del-cafe-verd-i-de-les-principals-materies-primeres\/#article","isPartOf":{"@id":"https:\/\/gremicafe.cat\/2021\/11\/03\/els-torradors-de-cafe-preocupats-per-lalca-dels-preus-del-cafe-verd-i-de-les-principals-materies-primeres\/"},"author":{"name":"gremicafe","@id":"https:\/\/gremicafe.cat\/#\/schema\/person\/dabfdbb3d0fa36260855a380f94e4733"},"headline":"Els torradors de caf\u00e8 preocupats per l&#8217;al\u00e7a dels preus del caf\u00e8 verd i de les principals mat\u00e8ries primeres","datePublished":"2021-11-03T11:58:12+00:00","mainEntityOfPage":{"@id":"https:\/\/gremicafe.cat\/2021\/11\/03\/els-torradors-de-cafe-preocupats-per-lalca-dels-preus-del-cafe-verd-i-de-les-principals-materies-primeres\/"},"wordCount":1106,"publisher":{"@id":"https:\/\/gremicafe.cat\/#organization"},"image":{"@id":"https:\/\/gremicafe.cat\/2021\/11\/03\/els-torradors-de-cafe-preocupats-per-lalca-dels-preus-del-cafe-verd-i-de-les-principals-materies-primeres\/#primaryimage"},"thumbnailUrl":"https:\/\/gremicafe.cat\/wp-content\/uploads\/2021\/11\/gremicafe-cafe_verd-arabiga-min.jpg","articleSection":["Not\u00edcies"],"inLanguage":"es"},{"@type":"WebPage","@id":"https:\/\/gremicafe.cat\/2021\/11\/03\/els-torradors-de-cafe-preocupats-per-lalca-dels-preus-del-cafe-verd-i-de-les-principals-materies-primeres\/","url":"https:\/\/gremicafe.cat\/2021\/11\/03\/els-torradors-de-cafe-preocupats-per-lalca-dels-preus-del-cafe-verd-i-de-les-principals-materies-primeres\/","name":"Els torradors de caf\u00e8 preocupats per l'al\u00e7a dels preus del caf\u00e8 verd i de les principals mat\u00e8ries primeres - Gremi del Caf\u00e8, torradors de Catalunya","isPartOf":{"@id":"https:\/\/gremicafe.cat\/#website"},"primaryImageOfPage":{"@id":"https:\/\/gremicafe.cat\/2021\/11\/03\/els-torradors-de-cafe-preocupats-per-lalca-dels-preus-del-cafe-verd-i-de-les-principals-materies-primeres\/#primaryimage"},"image":{"@id":"https:\/\/gremicafe.cat\/2021\/11\/03\/els-torradors-de-cafe-preocupats-per-lalca-dels-preus-del-cafe-verd-i-de-les-principals-materies-primeres\/#primaryimage"},"thumbnailUrl":"https:\/\/gremicafe.cat\/wp-content\/uploads\/2021\/11\/gremicafe-cafe_verd-arabiga-min.jpg","datePublished":"2021-11-03T11:58:12+00:00","breadcrumb":{"@id":"https:\/\/gremicafe.cat\/2021\/11\/03\/els-torradors-de-cafe-preocupats-per-lalca-dels-preus-del-cafe-verd-i-de-les-principals-materies-primeres\/#breadcrumb"},"inLanguage":"es","potentialAction":[{"@type":"ReadAction","target":["https:\/\/gremicafe.cat\/2021\/11\/03\/els-torradors-de-cafe-preocupats-per-lalca-dels-preus-del-cafe-verd-i-de-les-principals-materies-primeres\/"]}]},{"@type":"ImageObject","inLanguage":"es","@id":"https:\/\/gremicafe.cat\/2021\/11\/03\/els-torradors-de-cafe-preocupats-per-lalca-dels-preus-del-cafe-verd-i-de-les-principals-materies-primeres\/#primaryimage","url":"https:\/\/gremicafe.cat\/wp-content\/uploads\/2021\/11\/gremicafe-cafe_verd-arabiga-min.jpg","contentUrl":"https:\/\/gremicafe.cat\/wp-content\/uploads\/2021\/11\/gremicafe-cafe_verd-arabiga-min.jpg","width":1200,"height":900,"caption":"gremicafe - cafe verd arabiga"},{"@type":"BreadcrumbList","@id":"https:\/\/gremicafe.cat\/2021\/11\/03\/els-torradors-de-cafe-preocupats-per-lalca-dels-preus-del-cafe-verd-i-de-les-principals-materies-primeres\/#breadcrumb","itemListElement":[{"@type":"ListItem","position":1,"name":"Inici","item":"https:\/\/gremicafe.cat\/"},{"@type":"ListItem","position":2,"name":"Els torradors de caf\u00e8 preocupats per l&#8217;al\u00e7a dels preus del caf\u00e8 verd i de les principals mat\u00e8ries primeres"}]},{"@type":"WebSite","@id":"https:\/\/gremicafe.cat\/#website","url":"https:\/\/gremicafe.cat\/","name":"Gremio del Caf\u00e9, tostadores de Catalu\u00f1a","description":"Web oficial del gremio de tostadores de caf\u00e9 de Catalunya","publisher":{"@id":"https:\/\/gremicafe.cat\/#organization"},"potentialAction":[{"@type":"SearchAction","target":{"@type":"EntryPoint","urlTemplate":"https:\/\/gremicafe.cat\/?s={search_term_string}"},"query-input":{"@type":"PropertyValueSpecification","valueRequired":true,"valueName":"search_term_string"}}],"inLanguage":"es"},{"@type":"Organization","@id":"https:\/\/gremicafe.cat\/#organization","name":"Gremio del Caf\u00e9, Tostadores de Catalu\u00f1a","url":"https:\/\/gremicafe.cat\/","logo":{"@type":"ImageObject","inLanguage":"es","@id":"https:\/\/gremicafe.cat\/#\/schema\/logo\/image\/","url":"https:\/\/gremicafe.cat\/wp-content\/uploads\/2018\/03\/gremicafe-logo250.png","contentUrl":"https:\/\/gremicafe.cat\/wp-content\/uploads\/2018\/03\/gremicafe-logo250.png","width":250,"height":49,"caption":"Gremi del Caf\u00e8, Torradors de Catalunya"},"image":{"@id":"https:\/\/gremicafe.cat\/#\/schema\/logo\/image\/"},"sameAs":["https:\/\/www.facebook.com\/gremicafecat","https:\/\/x.com\/gremicafecat","https:\/\/www.instagram.com\/gremicafecat\/","https:\/\/www.pinterest.es\/gremicafecat\/","https:\/\/www.youtube.com\/channel\/UCGLo5Y35vLwLvP4FrPZrCrw\/"]},{"@type":"Person","@id":"https:\/\/gremicafe.cat\/#\/schema\/person\/dabfdbb3d0fa36260855a380f94e4733","name":"gremicafe","image":{"@type":"ImageObject","inLanguage":"es","@id":"https:\/\/gremicafe.cat\/#\/schema\/person\/image\/","url":"https:\/\/secure.gravatar.com\/avatar\/e59baa4ca8f6f97576d6375fb6d3c8f0?s=96&d=mm&r=g","contentUrl":"https:\/\/secure.gravatar.com\/avatar\/e59baa4ca8f6f97576d6375fb6d3c8f0?s=96&d=mm&r=g","caption":"gremicafe"}}]}},"_links":{"self":[{"href":"https:\/\/gremicafe.cat\/es\/wp-json\/wp\/v2\/posts\/6347"}],"collection":[{"href":"https:\/\/gremicafe.cat\/es\/wp-json\/wp\/v2\/posts"}],"about":[{"href":"https:\/\/gremicafe.cat\/es\/wp-json\/wp\/v2\/types\/post"}],"author":[{"embeddable":true,"href":"https:\/\/gremicafe.cat\/es\/wp-json\/wp\/v2\/users\/1"}],"replies":[{"embeddable":true,"href":"https:\/\/gremicafe.cat\/es\/wp-json\/wp\/v2\/comments?post=6347"}],"version-history":[{"count":0,"href":"https:\/\/gremicafe.cat\/es\/wp-json\/wp\/v2\/posts\/6347\/revisions"}],"wp:featuredmedia":[{"embeddable":true,"href":"https:\/\/gremicafe.cat\/es\/wp-json\/wp\/v2\/media\/6348"}],"wp:attachment":[{"href":"https:\/\/gremicafe.cat\/es\/wp-json\/wp\/v2\/media?parent=6347"}],"wp:term":[{"taxonomy":"category","embeddable":true,"href":"https:\/\/gremicafe.cat\/es\/wp-json\/wp\/v2\/categories?post=6347"},{"taxonomy":"post_tag","embeddable":true,"href":"https:\/\/gremicafe.cat\/es\/wp-json\/wp\/v2\/tags?post=6347"}],"curies":[{"name":"wp","href":"https:\/\/api.w.org\/{rel}","templated":true}]}}