{"id":6365,"date":"2021-11-15T14:10:56","date_gmt":"2021-11-15T12:10:56","guid":{"rendered":"https:\/\/gremicafe.cat\/?p=6365"},"modified":"2021-11-15T14:10:56","modified_gmt":"2021-11-15T12:10:56","slug":"el-brasil-ha-acumulat-retards-en-lenviament-duns-37-milions-de-bosses-des-del-gener-del-2021","status":"publish","type":"post","link":"https:\/\/gremicafe.cat\/es\/2021\/11\/15\/el-brasil-ha-acumulat-retards-en-lenviament-duns-37-milions-de-bosses-des-del-gener-del-2021\/","title":{"rendered":"Brasil ha acumulado retrasos en el env\u00edo de unos 3,7 millones de bolsas desde enero del 2021"},"content":{"rendered":"<p><img loading=\"lazy\" decoding=\"async\" class=\"aligncenter size-full wp-image-6366\" src=\"https:\/\/gremicafe.cat\/wp-content\/uploads\/2021\/11\/cecafe-logo.jpg\" alt=\"\" width=\"1053\" height=\"578\" srcset=\"https:\/\/gremicafe.cat\/wp-content\/uploads\/2021\/11\/cecafe-logo.jpg 1053w, https:\/\/gremicafe.cat\/wp-content\/uploads\/2021\/11\/cecafe-logo-768x422.jpg 768w\" sizes=\"(max-width: 1053px) 100vw, 1053px\" \/><\/p>\n<p><span>El <strong>Consejo de Exportadores de Caf\u00e9 de Brasil (CECAF\u00c9)<\/strong> declar\u00f3 a trav\u00e9s de una nota de prensa en su p\u00e1gina web, el estado de la crisis log\u00edstica y su impacto negativo en el rendimiento exportador del pa\u00eds.<\/span><\/p>\n<p>En la declaraci\u00f3n, <strong>CECAF\u00c9<\/strong> explica que el sector del caf\u00e9 est\u00e1 sufriendo las consecuencias de una <strong>huelga de camioneros en el Puerto de Santos<\/strong>, el principal puerto de exportaci\u00f3n del caf\u00e9 brasile\u00f1o.<\/p>\n<p><span>A continuaci\u00f3n le traducimos la <a href=\"https:\/\/www.cecafe.com.br\/publicacoes\/noticias\/comunicado-ao-mercado-desafios-logisticos-2-20211108\/\"><strong>nota de prensa publicada por CECAF\u00c9<\/strong><\/a>:<\/span><\/p>\n<p><span>\u201cEl\u00a0<\/span><a href=\"https:\/\/www.cecafe.com.br\/\" target=\"_blank\" rel=\"noopener\"><span>Consejo Brasile\u00f1o de Exportadores de Caf\u00e9<\/span><\/a><span>\u00a0, una organizaci\u00f3n que representa a 120 empresas asociadas que participan activamente en el sector del caf\u00e9 verde brasile\u00f1o, y que en conjunto corresponden al 91% de las exportaciones de caf\u00e9, quiere presentar las aclaraciones necesarias a los tostadores y comerciantes de caf\u00e9 sobre la situaci\u00f3n log\u00edstica desafiante en curso en el pa\u00eds.<\/span><\/p>\n<p><span>Como sab\u00e9is, la Covid-19 ha planteado numerosos retos globales en diversas econom\u00edas del mundo; el cierre de puertos, los consiguientes retrasos en los buques y la percepci\u00f3n de la falta de disponibilidad de contenedores, entre otros.<\/span><\/p>\n<p><span>Durante el per\u00edodo de pandemia, los productores, exportadores y miembros relacionados de la cadena de suministro de caf\u00e9 brasile\u00f1os trabajaron intensamente para garantizar el suministro de caf\u00e9 nacional y extranjero. Se adoptaron diversas medidas preventivas para mitigar el impacto de la Covid-19 para garantizar la estabilidad de los ingresos del caf\u00e9 y el empleo relacionado en el pa\u00eds.<\/span><\/p>\n<p><span>Desgraciadamente nuestros asociados, as\u00ed como la gran mayor\u00eda de la agroempresa brasile\u00f1a, se han enfrentado a grandes retos log\u00edsticos para enviar sus productos. El impacto se ha sentido con mayor fuerza desde mayo de 2021. Los cambios frecuentes de carga, las cancelaciones de reservas, la falta de espacio en los barcos y la menor disponibilidad de contenedores de calidad alimentaria representan la nueva normalidad.<\/span><\/p>\n<p><span>Adem\u00e1s del escenario ca\u00f3tico relacionado con el transporte mar\u00edtimo internacional, los exportadores de caf\u00e9 se enfrentan ahora a la huelga de los camioneros aut\u00f3nomos en el Puerto de Santos. La huelga en curso ha impedido la retirada de los contenedores vac\u00edos y su regreso con la carga de caf\u00e9 cargada para la exportaci\u00f3n a las terminales portuarias.<\/span><\/p>\n<p><span>Seg\u00fan la informaci\u00f3n recogida por CECAF\u00c9, por miedo a represalias (da\u00f1os a los veh\u00edculos), las empresas de transporte han reducido notablemente sus camiones en funcionamiento: una medida que ha perjudicado a\u00fan m\u00e1s el flujo de mercanc\u00edas de exportaci\u00f3n por Santos. Esperamos nuevos retrasos y desafortunados nuevos plazos para los env\u00edos\u201d.<\/span><\/p>\n<p><span>Pese a los grandes esfuerzos de los equipos log\u00edsticos de los exportadores, los retos log\u00edsticos internos y externos han impuesto limitaciones a los env\u00edos de caf\u00e9 brasile\u00f1o. Seg\u00fan nuestros registros, el pa\u00eds ha acumulado retrasos de env\u00edo por un total de aproximadamente 3,7 millones de bolsas de 60 kg desde enero de 2021.\u201d<\/span><\/p>\n<p><span>Como CECAF\u00c9 nos gustar\u00eda informar a los compradores de caf\u00e9 brasile\u00f1os de que nuestra asociaci\u00f3n ha mantenido un amplio di\u00e1logo con otros sectores de la agroempresa as\u00ed como con el gobierno, uniendo esfuerzos por mitigar los problemas log\u00edsticos mencionados anteriormente, minimizando, por tanto, los retrasos de env\u00edo en el futuro.<\/span><\/p>\n<p><span>Esta declaraci\u00f3n reafirma el compromiso de CECAF\u00c9 y sus asociados con la transparencia. Tambi\u00e9n quiere demostrar el compromiso del sector con los poderes p\u00fablicos respecto a la Ley para seguir ofreciendo nuestro caf\u00e9 en el mundo.\u201d<\/span><\/p>\n<p>&nbsp;<\/p>\n<p>Fuente noticia: <a href=\"https:\/\/www.cecafe.com.br\/publicacoes\/noticias\/comunicado-ao-mercado-desafios-logisticos-2-20211108\/\">Cecafe.com<\/a><\/p>","protected":false},"excerpt":{"rendered":"<p>El Consell d&#8217;Exportadors de Caf\u00e8 del Brasil (CECAF\u00c9) ha declarat a trav\u00e9s d&#8217;una nota de premsa a la seva p\u00e0gina web, l&#8217;estat de la crisi log\u00edstica i el seu impacte negatiu en el rendiment exportador del pa\u00eds. En la declaraci\u00f3, CECAF\u00c9 explica que el sector del caf\u00e8 est\u00e0 patint les conseq\u00fc\u00e8ncies d&#8217;una vaga de camioners [&hellip;]<\/p>\n","protected":false},"author":1,"featured_media":6366,"comment_status":"closed","ping_status":"open","sticky":false,"template":"","format":"standard","meta":{"_acf_changed":false,"inline_featured_image":false,"footnotes":""},"categories":[1],"tags":[],"class_list":["post-6365","post","type-post","status-publish","format-standard","has-post-thumbnail","hentry","category-noticies"],"acf":[],"yoast_head":"<!-- This site is optimized with the Yoast SEO plugin v25.5 - https:\/\/yoast.com\/wordpress\/plugins\/seo\/ -->\n<title>El Brasil ha acumulat retards en l&#039;enviament d&#039;uns 3,7 milions de bosses des del gener del 2021 - Gremi del Caf\u00e8, torradors de Catalunya<\/title>\n<meta name=\"robots\" content=\"index, follow, max-snippet:-1, max-image-preview:large, max-video-preview:-1\" \/>\n<link rel=\"canonical\" href=\"https:\/\/gremicafe.cat\/es\/2021\/11\/15\/el-brasil-ha-acumulat-retards-en-lenviament-duns-37-milions-de-bosses-des-del-gener-del-2021\/\" \/>\n<meta property=\"og:locale\" content=\"es_ES\" \/>\n<meta property=\"og:type\" content=\"article\" \/>\n<meta property=\"og:title\" content=\"El Brasil ha acumulat retards en l&#039;enviament d&#039;uns 3,7 milions de bosses des del gener del 2021 - Gremi del Caf\u00e8, torradors de Catalunya\" \/>\n<meta property=\"og:description\" content=\"El Consell d&#8217;Exportadors de Caf\u00e8 del Brasil (CECAF\u00c9) ha declarat a trav\u00e9s d&#8217;una nota de premsa a la seva p\u00e0gina web, l&#8217;estat de la crisi log\u00edstica i el seu impacte negatiu en el rendiment exportador del pa\u00eds. En la declaraci\u00f3, CECAF\u00c9 explica que el sector del caf\u00e8 est\u00e0 patint les conseq\u00fc\u00e8ncies d&#8217;una vaga de camioners [&hellip;]\" \/>\n<meta property=\"og:url\" content=\"https:\/\/gremicafe.cat\/es\/2021\/11\/15\/el-brasil-ha-acumulat-retards-en-lenviament-duns-37-milions-de-bosses-des-del-gener-del-2021\/\" \/>\n<meta property=\"og:site_name\" content=\"Gremi del Caf\u00e8, torradors de Catalunya\" \/>\n<meta property=\"article:publisher\" content=\"https:\/\/www.facebook.com\/gremicafecat\" \/>\n<meta property=\"article:published_time\" content=\"2021-11-15T12:10:56+00:00\" \/>\n<meta property=\"og:image\" content=\"https:\/\/gremicafe.cat\/wp-content\/uploads\/2021\/11\/cecafe-logo.jpg\" \/>\n\t<meta property=\"og:image:width\" content=\"1053\" \/>\n\t<meta property=\"og:image:height\" content=\"578\" \/>\n\t<meta property=\"og:image:type\" content=\"image\/jpeg\" \/>\n<meta name=\"author\" content=\"gremicafe\" \/>\n<meta name=\"twitter:card\" content=\"summary_large_image\" \/>\n<meta name=\"twitter:creator\" content=\"@gremicafecat\" \/>\n<meta name=\"twitter:site\" content=\"@gremicafecat\" \/>\n<meta name=\"twitter:label1\" content=\"Escrito por\" \/>\n\t<meta name=\"twitter:data1\" content=\"gremicafe\" \/>\n\t<meta name=\"twitter:label2\" content=\"Tiempo de lectura\" \/>\n\t<meta name=\"twitter:data2\" content=\"3 minutos\" \/>\n<script type=\"application\/ld+json\" class=\"yoast-schema-graph\">{\"@context\":\"https:\/\/schema.org\",\"@graph\":[{\"@type\":\"Article\",\"@id\":\"https:\/\/gremicafe.cat\/2021\/11\/15\/el-brasil-ha-acumulat-retards-en-lenviament-duns-37-milions-de-bosses-des-del-gener-del-2021\/#article\",\"isPartOf\":{\"@id\":\"https:\/\/gremicafe.cat\/2021\/11\/15\/el-brasil-ha-acumulat-retards-en-lenviament-duns-37-milions-de-bosses-des-del-gener-del-2021\/\"},\"author\":{\"name\":\"gremicafe\",\"@id\":\"https:\/\/gremicafe.cat\/#\/schema\/person\/dabfdbb3d0fa36260855a380f94e4733\"},\"headline\":\"El Brasil ha acumulat retards en l&#8217;enviament d&#8217;uns 3,7 milions de bosses des del gener del 2021\",\"datePublished\":\"2021-11-15T12:10:56+00:00\",\"mainEntityOfPage\":{\"@id\":\"https:\/\/gremicafe.cat\/2021\/11\/15\/el-brasil-ha-acumulat-retards-en-lenviament-duns-37-milions-de-bosses-des-del-gener-del-2021\/\"},\"wordCount\":580,\"publisher\":{\"@id\":\"https:\/\/gremicafe.cat\/#organization\"},\"image\":{\"@id\":\"https:\/\/gremicafe.cat\/2021\/11\/15\/el-brasil-ha-acumulat-retards-en-lenviament-duns-37-milions-de-bosses-des-del-gener-del-2021\/#primaryimage\"},\"thumbnailUrl\":\"https:\/\/gremicafe.cat\/wp-content\/uploads\/2021\/11\/cecafe-logo.jpg\",\"articleSection\":[\"Not\u00edcies\"],\"inLanguage\":\"es\"},{\"@type\":\"WebPage\",\"@id\":\"https:\/\/gremicafe.cat\/2021\/11\/15\/el-brasil-ha-acumulat-retards-en-lenviament-duns-37-milions-de-bosses-des-del-gener-del-2021\/\",\"url\":\"https:\/\/gremicafe.cat\/2021\/11\/15\/el-brasil-ha-acumulat-retards-en-lenviament-duns-37-milions-de-bosses-des-del-gener-del-2021\/\",\"name\":\"El Brasil ha acumulat retards en l'enviament d'uns 3,7 milions de bosses des del gener del 2021 - Gremi del Caf\u00e8, torradors de Catalunya\",\"isPartOf\":{\"@id\":\"https:\/\/gremicafe.cat\/#website\"},\"primaryImageOfPage\":{\"@id\":\"https:\/\/gremicafe.cat\/2021\/11\/15\/el-brasil-ha-acumulat-retards-en-lenviament-duns-37-milions-de-bosses-des-del-gener-del-2021\/#primaryimage\"},\"image\":{\"@id\":\"https:\/\/gremicafe.cat\/2021\/11\/15\/el-brasil-ha-acumulat-retards-en-lenviament-duns-37-milions-de-bosses-des-del-gener-del-2021\/#primaryimage\"},\"thumbnailUrl\":\"https:\/\/gremicafe.cat\/wp-content\/uploads\/2021\/11\/cecafe-logo.jpg\",\"datePublished\":\"2021-11-15T12:10:56+00:00\",\"breadcrumb\":{\"@id\":\"https:\/\/gremicafe.cat\/2021\/11\/15\/el-brasil-ha-acumulat-retards-en-lenviament-duns-37-milions-de-bosses-des-del-gener-del-2021\/#breadcrumb\"},\"inLanguage\":\"es\",\"potentialAction\":[{\"@type\":\"ReadAction\",\"target\":[\"https:\/\/gremicafe.cat\/2021\/11\/15\/el-brasil-ha-acumulat-retards-en-lenviament-duns-37-milions-de-bosses-des-del-gener-del-2021\/\"]}]},{\"@type\":\"ImageObject\",\"inLanguage\":\"es\",\"@id\":\"https:\/\/gremicafe.cat\/2021\/11\/15\/el-brasil-ha-acumulat-retards-en-lenviament-duns-37-milions-de-bosses-des-del-gener-del-2021\/#primaryimage\",\"url\":\"https:\/\/gremicafe.cat\/wp-content\/uploads\/2021\/11\/cecafe-logo.jpg\",\"contentUrl\":\"https:\/\/gremicafe.cat\/wp-content\/uploads\/2021\/11\/cecafe-logo.jpg\",\"width\":1053,\"height\":578,\"caption\":\"cecafe logo\"},{\"@type\":\"BreadcrumbList\",\"@id\":\"https:\/\/gremicafe.cat\/2021\/11\/15\/el-brasil-ha-acumulat-retards-en-lenviament-duns-37-milions-de-bosses-des-del-gener-del-2021\/#breadcrumb\",\"itemListElement\":[{\"@type\":\"ListItem\",\"position\":1,\"name\":\"Inici\",\"item\":\"https:\/\/gremicafe.cat\/\"},{\"@type\":\"ListItem\",\"position\":2,\"name\":\"El Brasil ha acumulat retards en l&#8217;enviament d&#8217;uns 3,7 milions de bosses des del gener del 2021\"}]},{\"@type\":\"WebSite\",\"@id\":\"https:\/\/gremicafe.cat\/#website\",\"url\":\"https:\/\/gremicafe.cat\/\",\"name\":\"Gremi del Caf\u00e8, torradors de Catalunya\",\"description\":\"Web oficial del gremi de torradors de caf\u00e8 de Catalunya\",\"publisher\":{\"@id\":\"https:\/\/gremicafe.cat\/#organization\"},\"potentialAction\":[{\"@type\":\"SearchAction\",\"target\":{\"@type\":\"EntryPoint\",\"urlTemplate\":\"https:\/\/gremicafe.cat\/?s={search_term_string}\"},\"query-input\":{\"@type\":\"PropertyValueSpecification\",\"valueRequired\":true,\"valueName\":\"search_term_string\"}}],\"inLanguage\":\"es\"},{\"@type\":\"Organization\",\"@id\":\"https:\/\/gremicafe.cat\/#organization\",\"name\":\"Gremi del Caf\u00e8, Torradors de Catalunya\",\"url\":\"https:\/\/gremicafe.cat\/\",\"logo\":{\"@type\":\"ImageObject\",\"inLanguage\":\"es\",\"@id\":\"https:\/\/gremicafe.cat\/#\/schema\/logo\/image\/\",\"url\":\"https:\/\/gremicafe.cat\/wp-content\/uploads\/2018\/03\/gremicafe-logo250.png\",\"contentUrl\":\"https:\/\/gremicafe.cat\/wp-content\/uploads\/2018\/03\/gremicafe-logo250.png\",\"width\":250,\"height\":49,\"caption\":\"Gremi del Caf\u00e8, Torradors de Catalunya\"},\"image\":{\"@id\":\"https:\/\/gremicafe.cat\/#\/schema\/logo\/image\/\"},\"sameAs\":[\"https:\/\/www.facebook.com\/gremicafecat\",\"https:\/\/x.com\/gremicafecat\",\"https:\/\/www.instagram.com\/gremicafecat\/\",\"https:\/\/www.pinterest.es\/gremicafecat\/\",\"https:\/\/www.youtube.com\/channel\/UCGLo5Y35vLwLvP4FrPZrCrw\/\"]},{\"@type\":\"Person\",\"@id\":\"https:\/\/gremicafe.cat\/#\/schema\/person\/dabfdbb3d0fa36260855a380f94e4733\",\"name\":\"gremicafe\",\"image\":{\"@type\":\"ImageObject\",\"inLanguage\":\"es\",\"@id\":\"https:\/\/gremicafe.cat\/#\/schema\/person\/image\/\",\"url\":\"https:\/\/secure.gravatar.com\/avatar\/e59baa4ca8f6f97576d6375fb6d3c8f0?s=96&d=mm&r=g\",\"contentUrl\":\"https:\/\/secure.gravatar.com\/avatar\/e59baa4ca8f6f97576d6375fb6d3c8f0?s=96&d=mm&r=g\",\"caption\":\"gremicafe\"}}]}<\/script>\n<!-- \/ Yoast SEO plugin. -->","yoast_head_json":{"title":"El Brasil ha acumulat retards en l'enviament d'uns 3,7 milions de bosses des del gener del 2021 - Gremi del Caf\u00e8, torradors de Catalunya","robots":{"index":"index","follow":"follow","max-snippet":"max-snippet:-1","max-image-preview":"max-image-preview:large","max-video-preview":"max-video-preview:-1"},"canonical":"https:\/\/gremicafe.cat\/es\/2021\/11\/15\/el-brasil-ha-acumulat-retards-en-lenviament-duns-37-milions-de-bosses-des-del-gener-del-2021\/","og_locale":"es_ES","og_type":"article","og_title":"El Brasil ha acumulat retards en l'enviament d'uns 3,7 milions de bosses des del gener del 2021 - Gremi del Caf\u00e8, torradors de Catalunya","og_description":"El Consell d&#8217;Exportadors de Caf\u00e8 del Brasil (CECAF\u00c9) ha declarat a trav\u00e9s d&#8217;una nota de premsa a la seva p\u00e0gina web, l&#8217;estat de la crisi log\u00edstica i el seu impacte negatiu en el rendiment exportador del pa\u00eds. En la declaraci\u00f3, CECAF\u00c9 explica que el sector del caf\u00e8 est\u00e0 patint les conseq\u00fc\u00e8ncies d&#8217;una vaga de camioners [&hellip;]","og_url":"https:\/\/gremicafe.cat\/es\/2021\/11\/15\/el-brasil-ha-acumulat-retards-en-lenviament-duns-37-milions-de-bosses-des-del-gener-del-2021\/","og_site_name":"Gremi del Caf\u00e8, torradors de Catalunya","article_publisher":"https:\/\/www.facebook.com\/gremicafecat","article_published_time":"2021-11-15T12:10:56+00:00","og_image":[{"width":1053,"height":578,"url":"https:\/\/gremicafe.cat\/wp-content\/uploads\/2021\/11\/cecafe-logo.jpg","type":"image\/jpeg"}],"author":"gremicafe","twitter_card":"summary_large_image","twitter_creator":"@gremicafecat","twitter_site":"@gremicafecat","twitter_misc":{"Escrito por":"gremicafe","Tiempo de lectura":"3 minutos"},"schema":{"@context":"https:\/\/schema.org","@graph":[{"@type":"Article","@id":"https:\/\/gremicafe.cat\/2021\/11\/15\/el-brasil-ha-acumulat-retards-en-lenviament-duns-37-milions-de-bosses-des-del-gener-del-2021\/#article","isPartOf":{"@id":"https:\/\/gremicafe.cat\/2021\/11\/15\/el-brasil-ha-acumulat-retards-en-lenviament-duns-37-milions-de-bosses-des-del-gener-del-2021\/"},"author":{"name":"gremicafe","@id":"https:\/\/gremicafe.cat\/#\/schema\/person\/dabfdbb3d0fa36260855a380f94e4733"},"headline":"El Brasil ha acumulat retards en l&#8217;enviament d&#8217;uns 3,7 milions de bosses des del gener del 2021","datePublished":"2021-11-15T12:10:56+00:00","mainEntityOfPage":{"@id":"https:\/\/gremicafe.cat\/2021\/11\/15\/el-brasil-ha-acumulat-retards-en-lenviament-duns-37-milions-de-bosses-des-del-gener-del-2021\/"},"wordCount":580,"publisher":{"@id":"https:\/\/gremicafe.cat\/#organization"},"image":{"@id":"https:\/\/gremicafe.cat\/2021\/11\/15\/el-brasil-ha-acumulat-retards-en-lenviament-duns-37-milions-de-bosses-des-del-gener-del-2021\/#primaryimage"},"thumbnailUrl":"https:\/\/gremicafe.cat\/wp-content\/uploads\/2021\/11\/cecafe-logo.jpg","articleSection":["Not\u00edcies"],"inLanguage":"es"},{"@type":"WebPage","@id":"https:\/\/gremicafe.cat\/2021\/11\/15\/el-brasil-ha-acumulat-retards-en-lenviament-duns-37-milions-de-bosses-des-del-gener-del-2021\/","url":"https:\/\/gremicafe.cat\/2021\/11\/15\/el-brasil-ha-acumulat-retards-en-lenviament-duns-37-milions-de-bosses-des-del-gener-del-2021\/","name":"El Brasil ha acumulat retards en l'enviament d'uns 3,7 milions de bosses des del gener del 2021 - Gremi del Caf\u00e8, torradors de Catalunya","isPartOf":{"@id":"https:\/\/gremicafe.cat\/#website"},"primaryImageOfPage":{"@id":"https:\/\/gremicafe.cat\/2021\/11\/15\/el-brasil-ha-acumulat-retards-en-lenviament-duns-37-milions-de-bosses-des-del-gener-del-2021\/#primaryimage"},"image":{"@id":"https:\/\/gremicafe.cat\/2021\/11\/15\/el-brasil-ha-acumulat-retards-en-lenviament-duns-37-milions-de-bosses-des-del-gener-del-2021\/#primaryimage"},"thumbnailUrl":"https:\/\/gremicafe.cat\/wp-content\/uploads\/2021\/11\/cecafe-logo.jpg","datePublished":"2021-11-15T12:10:56+00:00","breadcrumb":{"@id":"https:\/\/gremicafe.cat\/2021\/11\/15\/el-brasil-ha-acumulat-retards-en-lenviament-duns-37-milions-de-bosses-des-del-gener-del-2021\/#breadcrumb"},"inLanguage":"es","potentialAction":[{"@type":"ReadAction","target":["https:\/\/gremicafe.cat\/2021\/11\/15\/el-brasil-ha-acumulat-retards-en-lenviament-duns-37-milions-de-bosses-des-del-gener-del-2021\/"]}]},{"@type":"ImageObject","inLanguage":"es","@id":"https:\/\/gremicafe.cat\/2021\/11\/15\/el-brasil-ha-acumulat-retards-en-lenviament-duns-37-milions-de-bosses-des-del-gener-del-2021\/#primaryimage","url":"https:\/\/gremicafe.cat\/wp-content\/uploads\/2021\/11\/cecafe-logo.jpg","contentUrl":"https:\/\/gremicafe.cat\/wp-content\/uploads\/2021\/11\/cecafe-logo.jpg","width":1053,"height":578,"caption":"cecafe logo"},{"@type":"BreadcrumbList","@id":"https:\/\/gremicafe.cat\/2021\/11\/15\/el-brasil-ha-acumulat-retards-en-lenviament-duns-37-milions-de-bosses-des-del-gener-del-2021\/#breadcrumb","itemListElement":[{"@type":"ListItem","position":1,"name":"Inici","item":"https:\/\/gremicafe.cat\/"},{"@type":"ListItem","position":2,"name":"El Brasil ha acumulat retards en l&#8217;enviament d&#8217;uns 3,7 milions de bosses des del gener del 2021"}]},{"@type":"WebSite","@id":"https:\/\/gremicafe.cat\/#website","url":"https:\/\/gremicafe.cat\/","name":"Gremio del Caf\u00e9, tostadores de Catalu\u00f1a","description":"Web oficial del gremio de tostadores de caf\u00e9 de Catalunya","publisher":{"@id":"https:\/\/gremicafe.cat\/#organization"},"potentialAction":[{"@type":"SearchAction","target":{"@type":"EntryPoint","urlTemplate":"https:\/\/gremicafe.cat\/?s={search_term_string}"},"query-input":{"@type":"PropertyValueSpecification","valueRequired":true,"valueName":"search_term_string"}}],"inLanguage":"es"},{"@type":"Organization","@id":"https:\/\/gremicafe.cat\/#organization","name":"Gremio del Caf\u00e9, Tostadores de Catalu\u00f1a","url":"https:\/\/gremicafe.cat\/","logo":{"@type":"ImageObject","inLanguage":"es","@id":"https:\/\/gremicafe.cat\/#\/schema\/logo\/image\/","url":"https:\/\/gremicafe.cat\/wp-content\/uploads\/2018\/03\/gremicafe-logo250.png","contentUrl":"https:\/\/gremicafe.cat\/wp-content\/uploads\/2018\/03\/gremicafe-logo250.png","width":250,"height":49,"caption":"Gremi del Caf\u00e8, Torradors de Catalunya"},"image":{"@id":"https:\/\/gremicafe.cat\/#\/schema\/logo\/image\/"},"sameAs":["https:\/\/www.facebook.com\/gremicafecat","https:\/\/x.com\/gremicafecat","https:\/\/www.instagram.com\/gremicafecat\/","https:\/\/www.pinterest.es\/gremicafecat\/","https:\/\/www.youtube.com\/channel\/UCGLo5Y35vLwLvP4FrPZrCrw\/"]},{"@type":"Person","@id":"https:\/\/gremicafe.cat\/#\/schema\/person\/dabfdbb3d0fa36260855a380f94e4733","name":"gremicafe","image":{"@type":"ImageObject","inLanguage":"es","@id":"https:\/\/gremicafe.cat\/#\/schema\/person\/image\/","url":"https:\/\/secure.gravatar.com\/avatar\/e59baa4ca8f6f97576d6375fb6d3c8f0?s=96&d=mm&r=g","contentUrl":"https:\/\/secure.gravatar.com\/avatar\/e59baa4ca8f6f97576d6375fb6d3c8f0?s=96&d=mm&r=g","caption":"gremicafe"}}]}},"_links":{"self":[{"href":"https:\/\/gremicafe.cat\/es\/wp-json\/wp\/v2\/posts\/6365"}],"collection":[{"href":"https:\/\/gremicafe.cat\/es\/wp-json\/wp\/v2\/posts"}],"about":[{"href":"https:\/\/gremicafe.cat\/es\/wp-json\/wp\/v2\/types\/post"}],"author":[{"embeddable":true,"href":"https:\/\/gremicafe.cat\/es\/wp-json\/wp\/v2\/users\/1"}],"replies":[{"embeddable":true,"href":"https:\/\/gremicafe.cat\/es\/wp-json\/wp\/v2\/comments?post=6365"}],"version-history":[{"count":0,"href":"https:\/\/gremicafe.cat\/es\/wp-json\/wp\/v2\/posts\/6365\/revisions"}],"wp:featuredmedia":[{"embeddable":true,"href":"https:\/\/gremicafe.cat\/es\/wp-json\/wp\/v2\/media\/6366"}],"wp:attachment":[{"href":"https:\/\/gremicafe.cat\/es\/wp-json\/wp\/v2\/media?parent=6365"}],"wp:term":[{"taxonomy":"category","embeddable":true,"href":"https:\/\/gremicafe.cat\/es\/wp-json\/wp\/v2\/categories?post=6365"},{"taxonomy":"post_tag","embeddable":true,"href":"https:\/\/gremicafe.cat\/es\/wp-json\/wp\/v2\/tags?post=6365"}],"curies":[{"name":"wp","href":"https:\/\/api.w.org\/{rel}","templated":true}]}}