{"id":6369,"date":"2021-11-16T18:26:57","date_gmt":"2021-11-16T16:26:57","guid":{"rendered":"https:\/\/gremicafe.cat\/?p=6369"},"modified":"2021-11-16T18:26:57","modified_gmt":"2021-11-16T16:26:57","slug":"les-condicions-meteorologiques-segueixen-afectant-el-preu-del-cafe-verd","status":"publish","type":"post","link":"https:\/\/gremicafe.cat\/es\/2021\/11\/16\/les-condicions-meteorologiques-segueixen-afectant-el-preu-del-cafe-verd\/","title":{"rendered":"Las condiciones meteorol\u00f3gicas siguen afectando al precio del caf\u00e9 verde"},"content":{"rendered":"<p><strong><img loading=\"lazy\" decoding=\"async\" class=\"aligncenter size-full wp-image-6370\" src=\"https:\/\/gremicafe.cat\/wp-content\/uploads\/2021\/11\/planta-cafe.jpg\" alt=\"\" width=\"1920\" height=\"1280\" srcset=\"https:\/\/gremicafe.cat\/wp-content\/uploads\/2021\/11\/planta-cafe.jpg 1920w, https:\/\/gremicafe.cat\/wp-content\/uploads\/2021\/11\/planta-cafe-768x512.jpg 768w, https:\/\/gremicafe.cat\/wp-content\/uploads\/2021\/11\/planta-cafe-1536x1024.jpg 1536w, https:\/\/gremicafe.cat\/wp-content\/uploads\/2021\/11\/planta-cafe-1080x720.jpg 1080w\" sizes=\"(max-width: 1920px) 100vw, 1920px\" \/><\/strong><\/p>\n<p>&nbsp;<\/p>\n<p><strong>El precio del caf\u00e9 sigue dispar\u00e1ndose, en la \u00faltima semana acumula un avance de m\u00e1s de dos d\u00edgitos, y en lo que va de a\u00f1o ya acumula una subida que supera el 90%.<\/strong><\/p>\n<p>Con todas las circunstancias que han ido sucediendo en torno al sector del caf\u00e9, y otras como el suministro que afectan al comercio internacional de forma gen\u00e9rica, ahora debemos a\u00f1adirle el inconveniente de nuevos problemas meteorol\u00f3gicos que siguen afectando a los principales productores; Brasil y Colombia.<\/p>\n<p>Los futuros del caf\u00e9 <strong>Ar\u00e1biga<\/strong> han alcanzado los 2,1675 d\u00f3lares por libra en el mercado estadounidense, llegando a cifras nunca vistas en m\u00e1s de 10 a\u00f1os.<\/p>\n<p><strong>Brasil<\/strong>, por un lado, est\u00e1 sufriendo problemas graves de <a href=\"https:\/\/gremicafe.cat\/es\/2021\/11\/15\/el-brasil-ha-acumulat-retards-en-lenviament-duns-37-milions-de-bosses-des-del-gener-del-2021\/\"><strong>producci\u00f3n y suministro <\/strong>(explicado en detalle en este art\u00edculo)<\/a>, y <strong>Colombia<\/strong> por otra parte, est\u00e1 luchando delante de<strong>exceso de precipitaciones<\/strong> que se produce y que amenaza no s\u00f3lo con la calidad de la producci\u00f3n, sino tambi\u00e9n con la cantidad de materia, ya que se corre el riesgo de que surjan enfermedades en las plantas y esto afecte a su producci\u00f3n.<\/p>\n<p>Este hecho ya se est\u00e1 notando en la <strong>producci\u00f3n de Colombia<\/strong>. Viendo las cifras de extracci\u00f3n de granos de caf\u00e9 de octubre, ha sido en poco m\u00e1s de un mill\u00f3n de sacos de 60 kg, es decir, un 13% menos que en 2020, seg\u00fan ha destacado la Federaci\u00f3n Nacional de Cafeteros del pa\u00eds. Si miramos la situaci\u00f3n de los \u00faltimos 10 meses, la producci\u00f3n ha sido de 10,1 millones de sacos, lo que supone una ca\u00edda de s\u00f3lo el 6%.<\/p>\n<p>&nbsp;<\/p>\n<p>Fuente de la noticia: <a href=\"https:\/\/www.elconfidencial.com\/mercados\/2021-11-15\/precio-cafe-tormenta-perfecta-brasil-colombia_3324380\/\">El Confidencial<\/a><\/p>","protected":false},"excerpt":{"rendered":"<p>&nbsp; El preu del caf\u00e8 segueix disparant-se, en l&#8217;\u00faltima setmana acumula un avan\u00e7 de m\u00e9s de dos d\u00edgits, i des de principi d&#8217;any ja acumula una pujada que supera el 90%. Amb totes les circumst\u00e0ncies que han anat succeint entorn el sector del caf\u00e8, i altres com el subministrament que afecten el comer\u00e7 internacional de [&hellip;]<\/p>\n","protected":false},"author":1,"featured_media":6370,"comment_status":"closed","ping_status":"open","sticky":false,"template":"","format":"standard","meta":{"_acf_changed":false,"inline_featured_image":false,"footnotes":""},"categories":[1],"tags":[],"class_list":["post-6369","post","type-post","status-publish","format-standard","has-post-thumbnail","hentry","category-noticies"],"acf":[],"yoast_head":"<!-- This site is optimized with the Yoast SEO plugin v25.5 - https:\/\/yoast.com\/wordpress\/plugins\/seo\/ -->\n<title>Les condicions meteorol\u00f2giques segueixen afectant el preu del caf\u00e8 verd - Gremi del Caf\u00e8, torradors de Catalunya<\/title>\n<meta name=\"robots\" content=\"index, follow, max-snippet:-1, max-image-preview:large, max-video-preview:-1\" \/>\n<link rel=\"canonical\" href=\"https:\/\/gremicafe.cat\/es\/2021\/11\/16\/les-condicions-meteorologiques-segueixen-afectant-el-preu-del-cafe-verd\/\" \/>\n<meta property=\"og:locale\" content=\"es_ES\" \/>\n<meta property=\"og:type\" content=\"article\" \/>\n<meta property=\"og:title\" content=\"Les condicions meteorol\u00f2giques segueixen afectant el preu del caf\u00e8 verd - Gremi del Caf\u00e8, torradors de Catalunya\" \/>\n<meta property=\"og:description\" content=\"&nbsp; El preu del caf\u00e8 segueix disparant-se, en l&#8217;\u00faltima setmana acumula un avan\u00e7 de m\u00e9s de dos d\u00edgits, i des de principi d&#8217;any ja acumula una pujada que supera el 90%. Amb totes les circumst\u00e0ncies que han anat succeint entorn el sector del caf\u00e8, i altres com el subministrament que afecten el comer\u00e7 internacional de [&hellip;]\" \/>\n<meta property=\"og:url\" content=\"https:\/\/gremicafe.cat\/es\/2021\/11\/16\/les-condicions-meteorologiques-segueixen-afectant-el-preu-del-cafe-verd\/\" \/>\n<meta property=\"og:site_name\" content=\"Gremi del Caf\u00e8, torradors de Catalunya\" \/>\n<meta property=\"article:publisher\" content=\"https:\/\/www.facebook.com\/gremicafecat\" \/>\n<meta property=\"article:published_time\" content=\"2021-11-16T16:26:57+00:00\" \/>\n<meta property=\"og:image\" content=\"https:\/\/gremicafe.cat\/wp-content\/uploads\/2021\/11\/planta-cafe.jpg\" \/>\n\t<meta property=\"og:image:width\" content=\"1920\" \/>\n\t<meta property=\"og:image:height\" content=\"1280\" \/>\n\t<meta property=\"og:image:type\" content=\"image\/jpeg\" \/>\n<meta name=\"author\" content=\"gremicafe\" \/>\n<meta name=\"twitter:card\" content=\"summary_large_image\" \/>\n<meta name=\"twitter:creator\" content=\"@gremicafecat\" \/>\n<meta name=\"twitter:site\" content=\"@gremicafecat\" \/>\n<meta name=\"twitter:label1\" content=\"Escrito por\" \/>\n\t<meta name=\"twitter:data1\" content=\"gremicafe\" \/>\n\t<meta name=\"twitter:label2\" content=\"Tiempo de lectura\" \/>\n\t<meta name=\"twitter:data2\" content=\"1 minuto\" \/>\n<script type=\"application\/ld+json\" class=\"yoast-schema-graph\">{\"@context\":\"https:\/\/schema.org\",\"@graph\":[{\"@type\":\"Article\",\"@id\":\"https:\/\/gremicafe.cat\/2021\/11\/16\/les-condicions-meteorologiques-segueixen-afectant-el-preu-del-cafe-verd\/#article\",\"isPartOf\":{\"@id\":\"https:\/\/gremicafe.cat\/2021\/11\/16\/les-condicions-meteorologiques-segueixen-afectant-el-preu-del-cafe-verd\/\"},\"author\":{\"name\":\"gremicafe\",\"@id\":\"https:\/\/gremicafe.cat\/#\/schema\/person\/dabfdbb3d0fa36260855a380f94e4733\"},\"headline\":\"Les condicions meteorol\u00f2giques segueixen afectant el preu del caf\u00e8 verd\",\"datePublished\":\"2021-11-16T16:26:57+00:00\",\"mainEntityOfPage\":{\"@id\":\"https:\/\/gremicafe.cat\/2021\/11\/16\/les-condicions-meteorologiques-segueixen-afectant-el-preu-del-cafe-verd\/\"},\"wordCount\":277,\"publisher\":{\"@id\":\"https:\/\/gremicafe.cat\/#organization\"},\"image\":{\"@id\":\"https:\/\/gremicafe.cat\/2021\/11\/16\/les-condicions-meteorologiques-segueixen-afectant-el-preu-del-cafe-verd\/#primaryimage\"},\"thumbnailUrl\":\"https:\/\/gremicafe.cat\/wp-content\/uploads\/2021\/11\/planta-cafe.jpg\",\"articleSection\":[\"Not\u00edcies\"],\"inLanguage\":\"es\"},{\"@type\":\"WebPage\",\"@id\":\"https:\/\/gremicafe.cat\/2021\/11\/16\/les-condicions-meteorologiques-segueixen-afectant-el-preu-del-cafe-verd\/\",\"url\":\"https:\/\/gremicafe.cat\/2021\/11\/16\/les-condicions-meteorologiques-segueixen-afectant-el-preu-del-cafe-verd\/\",\"name\":\"Les condicions meteorol\u00f2giques segueixen afectant el preu del caf\u00e8 verd - Gremi del Caf\u00e8, torradors de Catalunya\",\"isPartOf\":{\"@id\":\"https:\/\/gremicafe.cat\/#website\"},\"primaryImageOfPage\":{\"@id\":\"https:\/\/gremicafe.cat\/2021\/11\/16\/les-condicions-meteorologiques-segueixen-afectant-el-preu-del-cafe-verd\/#primaryimage\"},\"image\":{\"@id\":\"https:\/\/gremicafe.cat\/2021\/11\/16\/les-condicions-meteorologiques-segueixen-afectant-el-preu-del-cafe-verd\/#primaryimage\"},\"thumbnailUrl\":\"https:\/\/gremicafe.cat\/wp-content\/uploads\/2021\/11\/planta-cafe.jpg\",\"datePublished\":\"2021-11-16T16:26:57+00:00\",\"breadcrumb\":{\"@id\":\"https:\/\/gremicafe.cat\/2021\/11\/16\/les-condicions-meteorologiques-segueixen-afectant-el-preu-del-cafe-verd\/#breadcrumb\"},\"inLanguage\":\"es\",\"potentialAction\":[{\"@type\":\"ReadAction\",\"target\":[\"https:\/\/gremicafe.cat\/2021\/11\/16\/les-condicions-meteorologiques-segueixen-afectant-el-preu-del-cafe-verd\/\"]}]},{\"@type\":\"ImageObject\",\"inLanguage\":\"es\",\"@id\":\"https:\/\/gremicafe.cat\/2021\/11\/16\/les-condicions-meteorologiques-segueixen-afectant-el-preu-del-cafe-verd\/#primaryimage\",\"url\":\"https:\/\/gremicafe.cat\/wp-content\/uploads\/2021\/11\/planta-cafe.jpg\",\"contentUrl\":\"https:\/\/gremicafe.cat\/wp-content\/uploads\/2021\/11\/planta-cafe.jpg\",\"width\":1920,\"height\":1280,\"caption\":\"planta cafe\"},{\"@type\":\"BreadcrumbList\",\"@id\":\"https:\/\/gremicafe.cat\/2021\/11\/16\/les-condicions-meteorologiques-segueixen-afectant-el-preu-del-cafe-verd\/#breadcrumb\",\"itemListElement\":[{\"@type\":\"ListItem\",\"position\":1,\"name\":\"Inici\",\"item\":\"https:\/\/gremicafe.cat\/\"},{\"@type\":\"ListItem\",\"position\":2,\"name\":\"Les condicions meteorol\u00f2giques segueixen afectant el preu del caf\u00e8 verd\"}]},{\"@type\":\"WebSite\",\"@id\":\"https:\/\/gremicafe.cat\/#website\",\"url\":\"https:\/\/gremicafe.cat\/\",\"name\":\"Gremi del Caf\u00e8, torradors de Catalunya\",\"description\":\"Web oficial del gremi de torradors de caf\u00e8 de Catalunya\",\"publisher\":{\"@id\":\"https:\/\/gremicafe.cat\/#organization\"},\"potentialAction\":[{\"@type\":\"SearchAction\",\"target\":{\"@type\":\"EntryPoint\",\"urlTemplate\":\"https:\/\/gremicafe.cat\/?s={search_term_string}\"},\"query-input\":{\"@type\":\"PropertyValueSpecification\",\"valueRequired\":true,\"valueName\":\"search_term_string\"}}],\"inLanguage\":\"es\"},{\"@type\":\"Organization\",\"@id\":\"https:\/\/gremicafe.cat\/#organization\",\"name\":\"Gremi del Caf\u00e8, Torradors de Catalunya\",\"url\":\"https:\/\/gremicafe.cat\/\",\"logo\":{\"@type\":\"ImageObject\",\"inLanguage\":\"es\",\"@id\":\"https:\/\/gremicafe.cat\/#\/schema\/logo\/image\/\",\"url\":\"https:\/\/gremicafe.cat\/wp-content\/uploads\/2018\/03\/gremicafe-logo250.png\",\"contentUrl\":\"https:\/\/gremicafe.cat\/wp-content\/uploads\/2018\/03\/gremicafe-logo250.png\",\"width\":250,\"height\":49,\"caption\":\"Gremi del Caf\u00e8, Torradors de Catalunya\"},\"image\":{\"@id\":\"https:\/\/gremicafe.cat\/#\/schema\/logo\/image\/\"},\"sameAs\":[\"https:\/\/www.facebook.com\/gremicafecat\",\"https:\/\/x.com\/gremicafecat\",\"https:\/\/www.instagram.com\/gremicafecat\/\",\"https:\/\/www.pinterest.es\/gremicafecat\/\",\"https:\/\/www.youtube.com\/channel\/UCGLo5Y35vLwLvP4FrPZrCrw\/\"]},{\"@type\":\"Person\",\"@id\":\"https:\/\/gremicafe.cat\/#\/schema\/person\/dabfdbb3d0fa36260855a380f94e4733\",\"name\":\"gremicafe\",\"image\":{\"@type\":\"ImageObject\",\"inLanguage\":\"es\",\"@id\":\"https:\/\/gremicafe.cat\/#\/schema\/person\/image\/\",\"url\":\"https:\/\/secure.gravatar.com\/avatar\/e59baa4ca8f6f97576d6375fb6d3c8f0?s=96&d=mm&r=g\",\"contentUrl\":\"https:\/\/secure.gravatar.com\/avatar\/e59baa4ca8f6f97576d6375fb6d3c8f0?s=96&d=mm&r=g\",\"caption\":\"gremicafe\"}}]}<\/script>\n<!-- \/ Yoast SEO plugin. -->","yoast_head_json":{"title":"Les condicions meteorol\u00f2giques segueixen afectant el preu del caf\u00e8 verd - Gremi del Caf\u00e8, torradors de Catalunya","robots":{"index":"index","follow":"follow","max-snippet":"max-snippet:-1","max-image-preview":"max-image-preview:large","max-video-preview":"max-video-preview:-1"},"canonical":"https:\/\/gremicafe.cat\/es\/2021\/11\/16\/les-condicions-meteorologiques-segueixen-afectant-el-preu-del-cafe-verd\/","og_locale":"es_ES","og_type":"article","og_title":"Les condicions meteorol\u00f2giques segueixen afectant el preu del caf\u00e8 verd - Gremi del Caf\u00e8, torradors de Catalunya","og_description":"&nbsp; El preu del caf\u00e8 segueix disparant-se, en l&#8217;\u00faltima setmana acumula un avan\u00e7 de m\u00e9s de dos d\u00edgits, i des de principi d&#8217;any ja acumula una pujada que supera el 90%. Amb totes les circumst\u00e0ncies que han anat succeint entorn el sector del caf\u00e8, i altres com el subministrament que afecten el comer\u00e7 internacional de [&hellip;]","og_url":"https:\/\/gremicafe.cat\/es\/2021\/11\/16\/les-condicions-meteorologiques-segueixen-afectant-el-preu-del-cafe-verd\/","og_site_name":"Gremi del Caf\u00e8, torradors de Catalunya","article_publisher":"https:\/\/www.facebook.com\/gremicafecat","article_published_time":"2021-11-16T16:26:57+00:00","og_image":[{"width":1920,"height":1280,"url":"https:\/\/gremicafe.cat\/wp-content\/uploads\/2021\/11\/planta-cafe.jpg","type":"image\/jpeg"}],"author":"gremicafe","twitter_card":"summary_large_image","twitter_creator":"@gremicafecat","twitter_site":"@gremicafecat","twitter_misc":{"Escrito por":"gremicafe","Tiempo de lectura":"1 minuto"},"schema":{"@context":"https:\/\/schema.org","@graph":[{"@type":"Article","@id":"https:\/\/gremicafe.cat\/2021\/11\/16\/les-condicions-meteorologiques-segueixen-afectant-el-preu-del-cafe-verd\/#article","isPartOf":{"@id":"https:\/\/gremicafe.cat\/2021\/11\/16\/les-condicions-meteorologiques-segueixen-afectant-el-preu-del-cafe-verd\/"},"author":{"name":"gremicafe","@id":"https:\/\/gremicafe.cat\/#\/schema\/person\/dabfdbb3d0fa36260855a380f94e4733"},"headline":"Les condicions meteorol\u00f2giques segueixen afectant el preu del caf\u00e8 verd","datePublished":"2021-11-16T16:26:57+00:00","mainEntityOfPage":{"@id":"https:\/\/gremicafe.cat\/2021\/11\/16\/les-condicions-meteorologiques-segueixen-afectant-el-preu-del-cafe-verd\/"},"wordCount":277,"publisher":{"@id":"https:\/\/gremicafe.cat\/#organization"},"image":{"@id":"https:\/\/gremicafe.cat\/2021\/11\/16\/les-condicions-meteorologiques-segueixen-afectant-el-preu-del-cafe-verd\/#primaryimage"},"thumbnailUrl":"https:\/\/gremicafe.cat\/wp-content\/uploads\/2021\/11\/planta-cafe.jpg","articleSection":["Not\u00edcies"],"inLanguage":"es"},{"@type":"WebPage","@id":"https:\/\/gremicafe.cat\/2021\/11\/16\/les-condicions-meteorologiques-segueixen-afectant-el-preu-del-cafe-verd\/","url":"https:\/\/gremicafe.cat\/2021\/11\/16\/les-condicions-meteorologiques-segueixen-afectant-el-preu-del-cafe-verd\/","name":"Les condicions meteorol\u00f2giques segueixen afectant el preu del caf\u00e8 verd - Gremi del Caf\u00e8, torradors de Catalunya","isPartOf":{"@id":"https:\/\/gremicafe.cat\/#website"},"primaryImageOfPage":{"@id":"https:\/\/gremicafe.cat\/2021\/11\/16\/les-condicions-meteorologiques-segueixen-afectant-el-preu-del-cafe-verd\/#primaryimage"},"image":{"@id":"https:\/\/gremicafe.cat\/2021\/11\/16\/les-condicions-meteorologiques-segueixen-afectant-el-preu-del-cafe-verd\/#primaryimage"},"thumbnailUrl":"https:\/\/gremicafe.cat\/wp-content\/uploads\/2021\/11\/planta-cafe.jpg","datePublished":"2021-11-16T16:26:57+00:00","breadcrumb":{"@id":"https:\/\/gremicafe.cat\/2021\/11\/16\/les-condicions-meteorologiques-segueixen-afectant-el-preu-del-cafe-verd\/#breadcrumb"},"inLanguage":"es","potentialAction":[{"@type":"ReadAction","target":["https:\/\/gremicafe.cat\/2021\/11\/16\/les-condicions-meteorologiques-segueixen-afectant-el-preu-del-cafe-verd\/"]}]},{"@type":"ImageObject","inLanguage":"es","@id":"https:\/\/gremicafe.cat\/2021\/11\/16\/les-condicions-meteorologiques-segueixen-afectant-el-preu-del-cafe-verd\/#primaryimage","url":"https:\/\/gremicafe.cat\/wp-content\/uploads\/2021\/11\/planta-cafe.jpg","contentUrl":"https:\/\/gremicafe.cat\/wp-content\/uploads\/2021\/11\/planta-cafe.jpg","width":1920,"height":1280,"caption":"planta cafe"},{"@type":"BreadcrumbList","@id":"https:\/\/gremicafe.cat\/2021\/11\/16\/les-condicions-meteorologiques-segueixen-afectant-el-preu-del-cafe-verd\/#breadcrumb","itemListElement":[{"@type":"ListItem","position":1,"name":"Inici","item":"https:\/\/gremicafe.cat\/"},{"@type":"ListItem","position":2,"name":"Les condicions meteorol\u00f2giques segueixen afectant el preu del caf\u00e8 verd"}]},{"@type":"WebSite","@id":"https:\/\/gremicafe.cat\/#website","url":"https:\/\/gremicafe.cat\/","name":"Gremio del Caf\u00e9, tostadores de Catalu\u00f1a","description":"Web oficial del gremio de tostadores de caf\u00e9 de Catalunya","publisher":{"@id":"https:\/\/gremicafe.cat\/#organization"},"potentialAction":[{"@type":"SearchAction","target":{"@type":"EntryPoint","urlTemplate":"https:\/\/gremicafe.cat\/?s={search_term_string}"},"query-input":{"@type":"PropertyValueSpecification","valueRequired":true,"valueName":"search_term_string"}}],"inLanguage":"es"},{"@type":"Organization","@id":"https:\/\/gremicafe.cat\/#organization","name":"Gremio del Caf\u00e9, Tostadores de Catalu\u00f1a","url":"https:\/\/gremicafe.cat\/","logo":{"@type":"ImageObject","inLanguage":"es","@id":"https:\/\/gremicafe.cat\/#\/schema\/logo\/image\/","url":"https:\/\/gremicafe.cat\/wp-content\/uploads\/2018\/03\/gremicafe-logo250.png","contentUrl":"https:\/\/gremicafe.cat\/wp-content\/uploads\/2018\/03\/gremicafe-logo250.png","width":250,"height":49,"caption":"Gremi del Caf\u00e8, Torradors de Catalunya"},"image":{"@id":"https:\/\/gremicafe.cat\/#\/schema\/logo\/image\/"},"sameAs":["https:\/\/www.facebook.com\/gremicafecat","https:\/\/x.com\/gremicafecat","https:\/\/www.instagram.com\/gremicafecat\/","https:\/\/www.pinterest.es\/gremicafecat\/","https:\/\/www.youtube.com\/channel\/UCGLo5Y35vLwLvP4FrPZrCrw\/"]},{"@type":"Person","@id":"https:\/\/gremicafe.cat\/#\/schema\/person\/dabfdbb3d0fa36260855a380f94e4733","name":"gremicafe","image":{"@type":"ImageObject","inLanguage":"es","@id":"https:\/\/gremicafe.cat\/#\/schema\/person\/image\/","url":"https:\/\/secure.gravatar.com\/avatar\/e59baa4ca8f6f97576d6375fb6d3c8f0?s=96&d=mm&r=g","contentUrl":"https:\/\/secure.gravatar.com\/avatar\/e59baa4ca8f6f97576d6375fb6d3c8f0?s=96&d=mm&r=g","caption":"gremicafe"}}]}},"_links":{"self":[{"href":"https:\/\/gremicafe.cat\/es\/wp-json\/wp\/v2\/posts\/6369"}],"collection":[{"href":"https:\/\/gremicafe.cat\/es\/wp-json\/wp\/v2\/posts"}],"about":[{"href":"https:\/\/gremicafe.cat\/es\/wp-json\/wp\/v2\/types\/post"}],"author":[{"embeddable":true,"href":"https:\/\/gremicafe.cat\/es\/wp-json\/wp\/v2\/users\/1"}],"replies":[{"embeddable":true,"href":"https:\/\/gremicafe.cat\/es\/wp-json\/wp\/v2\/comments?post=6369"}],"version-history":[{"count":0,"href":"https:\/\/gremicafe.cat\/es\/wp-json\/wp\/v2\/posts\/6369\/revisions"}],"wp:featuredmedia":[{"embeddable":true,"href":"https:\/\/gremicafe.cat\/es\/wp-json\/wp\/v2\/media\/6370"}],"wp:attachment":[{"href":"https:\/\/gremicafe.cat\/es\/wp-json\/wp\/v2\/media?parent=6369"}],"wp:term":[{"taxonomy":"category","embeddable":true,"href":"https:\/\/gremicafe.cat\/es\/wp-json\/wp\/v2\/categories?post=6369"},{"taxonomy":"post_tag","embeddable":true,"href":"https:\/\/gremicafe.cat\/es\/wp-json\/wp\/v2\/tags?post=6369"}],"curies":[{"name":"wp","href":"https:\/\/api.w.org\/{rel}","templated":true}]}}