{"id":6373,"date":"2021-11-22T14:23:52","date_gmt":"2021-11-22T12:23:52","guid":{"rendered":"https:\/\/gremicafe.cat\/?p=6373"},"modified":"2021-11-22T14:23:52","modified_gmt":"2021-11-22T12:23:52","slug":"reflexions-entorn-el-cafe-anem-a-la-botiga-amb-el-cistell-i-comprem-a-granel","status":"publish","type":"post","link":"https:\/\/gremicafe.cat\/es\/2021\/11\/22\/reflexions-entorn-el-cafe-anem-a-la-botiga-amb-el-cistell-i-comprem-a-granel\/","title":{"rendered":"Reflexiones en torno al caf\u00e9: \u201cVamos a la tienda con la cesta y compramos a granel\u201d"},"content":{"rendered":"<p><img loading=\"lazy\" decoding=\"async\" class=\"aligncenter size-full wp-image-5350\" src=\"https:\/\/gremicafe.cat\/wp-content\/uploads\/2020\/06\/GC-blogcafeproximitat1500x800.jpg\" alt=\"\" width=\"1500\" height=\"800\" srcset=\"https:\/\/gremicafe.cat\/wp-content\/uploads\/2020\/06\/GC-blogcafeproximitat1500x800.jpg 1500w, https:\/\/gremicafe.cat\/wp-content\/uploads\/2020\/06\/GC-blogcafeproximitat1500x800-768x410.jpg 768w, https:\/\/gremicafe.cat\/wp-content\/uploads\/2020\/06\/GC-blogcafeproximitat1500x800-1280x683.jpg 1280w\" sizes=\"(max-width: 1500px) 100vw, 1500px\" \/><\/p>\n<p>&nbsp;<\/p>\n<p>El<strong>actual preocupaci\u00f3n por el medio ambiente<\/strong> y la creciente <strong>concienciaci\u00f3n ecol\u00f3gica<\/strong> est\u00e1 conduciendo a recuperar antiguas costumbres como comprar productos a granel. No s\u00e9 si lo ha hecho nunca, pero\u00a0<strong>consumir caf\u00e9 en grano es toda una experiencia, llena de aromas y sabores<\/strong>. Es una forma de gozar del caf\u00e9, m\u00e1s natural, sostenible y respetuosa con el medio ambiente. Adem\u00e1s genera menos residuos, sin pl\u00e1sticos ni embalajes innecesarios, y econ\u00f3micamente es m\u00e1s barato que las c\u00e1psulas. Por lo que respecta a la salud, el caf\u00e9 en grano nos aporta m\u00faltiples beneficios: es un antidepresivo, mejora la capacidad de concentraci\u00f3n, ayudar a prevenir enfermedades del sistema nervioso, nos activa y aporta energ\u00eda y disminuye el riesgo de sufrir un infarto. otros.<\/p>\n<p><strong>Vale la pena volver a la tradici\u00f3n de un buen caf\u00e9 de grano<\/strong>. Las cafeter\u00edas y comercios especializados ofrecen caf\u00e9 natural a granel, de todo tipo y de todas las partes del mundo. Para poder prepararlo en casa, necesitas una cafetera superautom\u00e1tica, que lleva un molinillo integrado que muele el caf\u00e9 al momento, o bien un molinillo independiente para poder moler los granos antes de infusionarlos en una cafetera espresso o moka.<\/p>\n<p>Tambi\u00e9n el <strong>puede comprar en grano y que se lo muevan al momento<\/strong>, siempre en peque\u00f1as cantidades, para que mantenga sus caracter\u00edsticas originales. El caf\u00e9 que ha sido tostado recientemente tendr\u00e1 un sabor mucho mejor que el que puedas adquirir en el supermercado. Si opta por esta opci\u00f3n es importante que lo conserve en un recipiente opaco, con cierre herm\u00e9tico, y que lo guarde en un lugar fresco y seco durante un m\u00e1ximo de dos semanas, para que no se oxide ni pierda sus propiedades.<\/p>\n<p>\u00bfSab\u00eda que el grano del caf\u00e9 se lo puede comer? Masticar un grano de caf\u00e9 nos aporta entre 7 y 12 mg de cafe\u00edna, con el beneficio del que viene m\u00e1s concentrada que en una taza de caf\u00e9. La cantidad m\u00e1xima de cafe\u00edna recomendada por un adulto es de 400 mg.<\/p>\n<p>&nbsp;<\/p>\n<p>Eva Salvat, periodista<\/p>\n<p><a href=\"mailto:eva.salvat@gremicafe.cat\">eva.salvat@gremicafe.cat<\/a><\/p>","protected":false},"excerpt":{"rendered":"<p>&nbsp; L&#8217;actual\u00a0preocupaci\u00f3\u00a0pel medi ambient i la creixent conscienciaci\u00f3 ecol\u00f2gica est\u00e0 conduint a recuperar antics costums com comprar productes a granel. No s\u00e9 si ho heu fet mai,\u00a0per\u00f2\u00a0consumir caf\u00e8 en gra \u00e9s tota una experi\u00e8ncia, plena d&#8217;aromes i sabors. \u00c9s una forma de gaudir del caf\u00e8, m\u00e9s natural, sostenible i respectuosa amb el medi ambient. A [&hellip;]<\/p>\n","protected":false},"author":1,"featured_media":5350,"comment_status":"closed","ping_status":"open","sticky":false,"template":"","format":"standard","meta":{"_acf_changed":false,"inline_featured_image":false,"footnotes":""},"categories":[1],"tags":[],"class_list":["post-6373","post","type-post","status-publish","format-standard","has-post-thumbnail","hentry","category-noticies"],"acf":[],"yoast_head":"<!-- This site is optimized with the Yoast SEO plugin v25.5 - https:\/\/yoast.com\/wordpress\/plugins\/seo\/ -->\n<title>Reflexions entorn el caf\u00e8: &quot;Anem a la botiga amb el cistell i comprem a granel&quot; - Gremi del Caf\u00e8, torradors de Catalunya<\/title>\n<meta name=\"robots\" content=\"index, follow, max-snippet:-1, max-image-preview:large, max-video-preview:-1\" \/>\n<link rel=\"canonical\" href=\"https:\/\/gremicafe.cat\/es\/2021\/11\/22\/reflexions-entorn-el-cafe-anem-a-la-botiga-amb-el-cistell-i-comprem-a-granel\/\" \/>\n<meta property=\"og:locale\" content=\"es_ES\" \/>\n<meta property=\"og:type\" content=\"article\" \/>\n<meta property=\"og:title\" content=\"Reflexions entorn el caf\u00e8: &quot;Anem a la botiga amb el cistell i comprem a granel&quot; - Gremi del Caf\u00e8, torradors de Catalunya\" \/>\n<meta property=\"og:description\" content=\"&nbsp; L&#8217;actual\u00a0preocupaci\u00f3\u00a0pel medi ambient i la creixent conscienciaci\u00f3 ecol\u00f2gica est\u00e0 conduint a recuperar antics costums com comprar productes a granel. No s\u00e9 si ho heu fet mai,\u00a0per\u00f2\u00a0consumir caf\u00e8 en gra \u00e9s tota una experi\u00e8ncia, plena d&#8217;aromes i sabors. \u00c9s una forma de gaudir del caf\u00e8, m\u00e9s natural, sostenible i respectuosa amb el medi ambient. A [&hellip;]\" \/>\n<meta property=\"og:url\" content=\"https:\/\/gremicafe.cat\/es\/2021\/11\/22\/reflexions-entorn-el-cafe-anem-a-la-botiga-amb-el-cistell-i-comprem-a-granel\/\" \/>\n<meta property=\"og:site_name\" content=\"Gremi del Caf\u00e8, torradors de Catalunya\" \/>\n<meta property=\"article:publisher\" content=\"https:\/\/www.facebook.com\/gremicafecat\" \/>\n<meta property=\"article:published_time\" content=\"2021-11-22T12:23:52+00:00\" \/>\n<meta property=\"og:image\" content=\"https:\/\/gremicafe.cat\/wp-content\/uploads\/2020\/06\/GC-blogcafeproximitat1500x800.jpg\" \/>\n\t<meta property=\"og:image:width\" content=\"1500\" \/>\n\t<meta property=\"og:image:height\" content=\"800\" \/>\n\t<meta property=\"og:image:type\" content=\"image\/jpeg\" \/>\n<meta name=\"author\" content=\"gremicafe\" \/>\n<meta name=\"twitter:card\" content=\"summary_large_image\" \/>\n<meta name=\"twitter:creator\" content=\"@gremicafecat\" \/>\n<meta name=\"twitter:site\" content=\"@gremicafecat\" \/>\n<meta name=\"twitter:label1\" content=\"Escrito por\" \/>\n\t<meta name=\"twitter:data1\" content=\"gremicafe\" \/>\n\t<meta name=\"twitter:label2\" content=\"Tiempo de lectura\" \/>\n\t<meta name=\"twitter:data2\" content=\"2 minutos\" \/>\n<script type=\"application\/ld+json\" class=\"yoast-schema-graph\">{\"@context\":\"https:\/\/schema.org\",\"@graph\":[{\"@type\":\"Article\",\"@id\":\"https:\/\/gremicafe.cat\/2021\/11\/22\/reflexions-entorn-el-cafe-anem-a-la-botiga-amb-el-cistell-i-comprem-a-granel\/#article\",\"isPartOf\":{\"@id\":\"https:\/\/gremicafe.cat\/2021\/11\/22\/reflexions-entorn-el-cafe-anem-a-la-botiga-amb-el-cistell-i-comprem-a-granel\/\"},\"author\":{\"name\":\"gremicafe\",\"@id\":\"https:\/\/gremicafe.cat\/#\/schema\/person\/dabfdbb3d0fa36260855a380f94e4733\"},\"headline\":\"Reflexions entorn el caf\u00e8: &#8220;Anem a la botiga amb el cistell i comprem a granel&#8221;\",\"datePublished\":\"2021-11-22T12:23:52+00:00\",\"mainEntityOfPage\":{\"@id\":\"https:\/\/gremicafe.cat\/2021\/11\/22\/reflexions-entorn-el-cafe-anem-a-la-botiga-amb-el-cistell-i-comprem-a-granel\/\"},\"wordCount\":367,\"publisher\":{\"@id\":\"https:\/\/gremicafe.cat\/#organization\"},\"image\":{\"@id\":\"https:\/\/gremicafe.cat\/2021\/11\/22\/reflexions-entorn-el-cafe-anem-a-la-botiga-amb-el-cistell-i-comprem-a-granel\/#primaryimage\"},\"thumbnailUrl\":\"https:\/\/gremicafe.cat\/wp-content\/uploads\/2020\/06\/GC-blogcafeproximitat1500x800.jpg\",\"articleSection\":[\"Not\u00edcies\"],\"inLanguage\":\"es\"},{\"@type\":\"WebPage\",\"@id\":\"https:\/\/gremicafe.cat\/2021\/11\/22\/reflexions-entorn-el-cafe-anem-a-la-botiga-amb-el-cistell-i-comprem-a-granel\/\",\"url\":\"https:\/\/gremicafe.cat\/2021\/11\/22\/reflexions-entorn-el-cafe-anem-a-la-botiga-amb-el-cistell-i-comprem-a-granel\/\",\"name\":\"Reflexions entorn el caf\u00e8: \\\"Anem a la botiga amb el cistell i comprem a granel\\\" - Gremi del Caf\u00e8, torradors de Catalunya\",\"isPartOf\":{\"@id\":\"https:\/\/gremicafe.cat\/#website\"},\"primaryImageOfPage\":{\"@id\":\"https:\/\/gremicafe.cat\/2021\/11\/22\/reflexions-entorn-el-cafe-anem-a-la-botiga-amb-el-cistell-i-comprem-a-granel\/#primaryimage\"},\"image\":{\"@id\":\"https:\/\/gremicafe.cat\/2021\/11\/22\/reflexions-entorn-el-cafe-anem-a-la-botiga-amb-el-cistell-i-comprem-a-granel\/#primaryimage\"},\"thumbnailUrl\":\"https:\/\/gremicafe.cat\/wp-content\/uploads\/2020\/06\/GC-blogcafeproximitat1500x800.jpg\",\"datePublished\":\"2021-11-22T12:23:52+00:00\",\"breadcrumb\":{\"@id\":\"https:\/\/gremicafe.cat\/2021\/11\/22\/reflexions-entorn-el-cafe-anem-a-la-botiga-amb-el-cistell-i-comprem-a-granel\/#breadcrumb\"},\"inLanguage\":\"es\",\"potentialAction\":[{\"@type\":\"ReadAction\",\"target\":[\"https:\/\/gremicafe.cat\/2021\/11\/22\/reflexions-entorn-el-cafe-anem-a-la-botiga-amb-el-cistell-i-comprem-a-granel\/\"]}]},{\"@type\":\"ImageObject\",\"inLanguage\":\"es\",\"@id\":\"https:\/\/gremicafe.cat\/2021\/11\/22\/reflexions-entorn-el-cafe-anem-a-la-botiga-amb-el-cistell-i-comprem-a-granel\/#primaryimage\",\"url\":\"https:\/\/gremicafe.cat\/wp-content\/uploads\/2020\/06\/GC-blogcafeproximitat1500x800.jpg\",\"contentUrl\":\"https:\/\/gremicafe.cat\/wp-content\/uploads\/2020\/06\/GC-blogcafeproximitat1500x800.jpg\",\"width\":1500,\"height\":800},{\"@type\":\"BreadcrumbList\",\"@id\":\"https:\/\/gremicafe.cat\/2021\/11\/22\/reflexions-entorn-el-cafe-anem-a-la-botiga-amb-el-cistell-i-comprem-a-granel\/#breadcrumb\",\"itemListElement\":[{\"@type\":\"ListItem\",\"position\":1,\"name\":\"Inici\",\"item\":\"https:\/\/gremicafe.cat\/\"},{\"@type\":\"ListItem\",\"position\":2,\"name\":\"Reflexions entorn el caf\u00e8: &#8220;Anem a la botiga amb el cistell i comprem a granel&#8221;\"}]},{\"@type\":\"WebSite\",\"@id\":\"https:\/\/gremicafe.cat\/#website\",\"url\":\"https:\/\/gremicafe.cat\/\",\"name\":\"Gremi del Caf\u00e8, torradors de Catalunya\",\"description\":\"Web oficial del gremi de torradors de caf\u00e8 de Catalunya\",\"publisher\":{\"@id\":\"https:\/\/gremicafe.cat\/#organization\"},\"potentialAction\":[{\"@type\":\"SearchAction\",\"target\":{\"@type\":\"EntryPoint\",\"urlTemplate\":\"https:\/\/gremicafe.cat\/?s={search_term_string}\"},\"query-input\":{\"@type\":\"PropertyValueSpecification\",\"valueRequired\":true,\"valueName\":\"search_term_string\"}}],\"inLanguage\":\"es\"},{\"@type\":\"Organization\",\"@id\":\"https:\/\/gremicafe.cat\/#organization\",\"name\":\"Gremi del Caf\u00e8, Torradors de Catalunya\",\"url\":\"https:\/\/gremicafe.cat\/\",\"logo\":{\"@type\":\"ImageObject\",\"inLanguage\":\"es\",\"@id\":\"https:\/\/gremicafe.cat\/#\/schema\/logo\/image\/\",\"url\":\"https:\/\/gremicafe.cat\/wp-content\/uploads\/2018\/03\/gremicafe-logo250.png\",\"contentUrl\":\"https:\/\/gremicafe.cat\/wp-content\/uploads\/2018\/03\/gremicafe-logo250.png\",\"width\":250,\"height\":49,\"caption\":\"Gremi del Caf\u00e8, Torradors de Catalunya\"},\"image\":{\"@id\":\"https:\/\/gremicafe.cat\/#\/schema\/logo\/image\/\"},\"sameAs\":[\"https:\/\/www.facebook.com\/gremicafecat\",\"https:\/\/x.com\/gremicafecat\",\"https:\/\/www.instagram.com\/gremicafecat\/\",\"https:\/\/www.pinterest.es\/gremicafecat\/\",\"https:\/\/www.youtube.com\/channel\/UCGLo5Y35vLwLvP4FrPZrCrw\/\"]},{\"@type\":\"Person\",\"@id\":\"https:\/\/gremicafe.cat\/#\/schema\/person\/dabfdbb3d0fa36260855a380f94e4733\",\"name\":\"gremicafe\",\"image\":{\"@type\":\"ImageObject\",\"inLanguage\":\"es\",\"@id\":\"https:\/\/gremicafe.cat\/#\/schema\/person\/image\/\",\"url\":\"https:\/\/secure.gravatar.com\/avatar\/e59baa4ca8f6f97576d6375fb6d3c8f0?s=96&d=mm&r=g\",\"contentUrl\":\"https:\/\/secure.gravatar.com\/avatar\/e59baa4ca8f6f97576d6375fb6d3c8f0?s=96&d=mm&r=g\",\"caption\":\"gremicafe\"}}]}<\/script>\n<!-- \/ Yoast SEO plugin. -->","yoast_head_json":{"title":"Reflexions entorn el caf\u00e8: \"Anem a la botiga amb el cistell i comprem a granel\" - Gremi del Caf\u00e8, torradors de Catalunya","robots":{"index":"index","follow":"follow","max-snippet":"max-snippet:-1","max-image-preview":"max-image-preview:large","max-video-preview":"max-video-preview:-1"},"canonical":"https:\/\/gremicafe.cat\/es\/2021\/11\/22\/reflexions-entorn-el-cafe-anem-a-la-botiga-amb-el-cistell-i-comprem-a-granel\/","og_locale":"es_ES","og_type":"article","og_title":"Reflexions entorn el caf\u00e8: \"Anem a la botiga amb el cistell i comprem a granel\" - Gremi del Caf\u00e8, torradors de Catalunya","og_description":"&nbsp; L&#8217;actual\u00a0preocupaci\u00f3\u00a0pel medi ambient i la creixent conscienciaci\u00f3 ecol\u00f2gica est\u00e0 conduint a recuperar antics costums com comprar productes a granel. No s\u00e9 si ho heu fet mai,\u00a0per\u00f2\u00a0consumir caf\u00e8 en gra \u00e9s tota una experi\u00e8ncia, plena d&#8217;aromes i sabors. \u00c9s una forma de gaudir del caf\u00e8, m\u00e9s natural, sostenible i respectuosa amb el medi ambient. A [&hellip;]","og_url":"https:\/\/gremicafe.cat\/es\/2021\/11\/22\/reflexions-entorn-el-cafe-anem-a-la-botiga-amb-el-cistell-i-comprem-a-granel\/","og_site_name":"Gremi del Caf\u00e8, torradors de Catalunya","article_publisher":"https:\/\/www.facebook.com\/gremicafecat","article_published_time":"2021-11-22T12:23:52+00:00","og_image":[{"width":1500,"height":800,"url":"https:\/\/gremicafe.cat\/wp-content\/uploads\/2020\/06\/GC-blogcafeproximitat1500x800.jpg","type":"image\/jpeg"}],"author":"gremicafe","twitter_card":"summary_large_image","twitter_creator":"@gremicafecat","twitter_site":"@gremicafecat","twitter_misc":{"Escrito por":"gremicafe","Tiempo de lectura":"2 minutos"},"schema":{"@context":"https:\/\/schema.org","@graph":[{"@type":"Article","@id":"https:\/\/gremicafe.cat\/2021\/11\/22\/reflexions-entorn-el-cafe-anem-a-la-botiga-amb-el-cistell-i-comprem-a-granel\/#article","isPartOf":{"@id":"https:\/\/gremicafe.cat\/2021\/11\/22\/reflexions-entorn-el-cafe-anem-a-la-botiga-amb-el-cistell-i-comprem-a-granel\/"},"author":{"name":"gremicafe","@id":"https:\/\/gremicafe.cat\/#\/schema\/person\/dabfdbb3d0fa36260855a380f94e4733"},"headline":"Reflexions entorn el caf\u00e8: &#8220;Anem a la botiga amb el cistell i comprem a granel&#8221;","datePublished":"2021-11-22T12:23:52+00:00","mainEntityOfPage":{"@id":"https:\/\/gremicafe.cat\/2021\/11\/22\/reflexions-entorn-el-cafe-anem-a-la-botiga-amb-el-cistell-i-comprem-a-granel\/"},"wordCount":367,"publisher":{"@id":"https:\/\/gremicafe.cat\/#organization"},"image":{"@id":"https:\/\/gremicafe.cat\/2021\/11\/22\/reflexions-entorn-el-cafe-anem-a-la-botiga-amb-el-cistell-i-comprem-a-granel\/#primaryimage"},"thumbnailUrl":"https:\/\/gremicafe.cat\/wp-content\/uploads\/2020\/06\/GC-blogcafeproximitat1500x800.jpg","articleSection":["Not\u00edcies"],"inLanguage":"es"},{"@type":"WebPage","@id":"https:\/\/gremicafe.cat\/2021\/11\/22\/reflexions-entorn-el-cafe-anem-a-la-botiga-amb-el-cistell-i-comprem-a-granel\/","url":"https:\/\/gremicafe.cat\/2021\/11\/22\/reflexions-entorn-el-cafe-anem-a-la-botiga-amb-el-cistell-i-comprem-a-granel\/","name":"Reflexions entorn el caf\u00e8: \"Anem a la botiga amb el cistell i comprem a granel\" - Gremi del Caf\u00e8, torradors de Catalunya","isPartOf":{"@id":"https:\/\/gremicafe.cat\/#website"},"primaryImageOfPage":{"@id":"https:\/\/gremicafe.cat\/2021\/11\/22\/reflexions-entorn-el-cafe-anem-a-la-botiga-amb-el-cistell-i-comprem-a-granel\/#primaryimage"},"image":{"@id":"https:\/\/gremicafe.cat\/2021\/11\/22\/reflexions-entorn-el-cafe-anem-a-la-botiga-amb-el-cistell-i-comprem-a-granel\/#primaryimage"},"thumbnailUrl":"https:\/\/gremicafe.cat\/wp-content\/uploads\/2020\/06\/GC-blogcafeproximitat1500x800.jpg","datePublished":"2021-11-22T12:23:52+00:00","breadcrumb":{"@id":"https:\/\/gremicafe.cat\/2021\/11\/22\/reflexions-entorn-el-cafe-anem-a-la-botiga-amb-el-cistell-i-comprem-a-granel\/#breadcrumb"},"inLanguage":"es","potentialAction":[{"@type":"ReadAction","target":["https:\/\/gremicafe.cat\/2021\/11\/22\/reflexions-entorn-el-cafe-anem-a-la-botiga-amb-el-cistell-i-comprem-a-granel\/"]}]},{"@type":"ImageObject","inLanguage":"es","@id":"https:\/\/gremicafe.cat\/2021\/11\/22\/reflexions-entorn-el-cafe-anem-a-la-botiga-amb-el-cistell-i-comprem-a-granel\/#primaryimage","url":"https:\/\/gremicafe.cat\/wp-content\/uploads\/2020\/06\/GC-blogcafeproximitat1500x800.jpg","contentUrl":"https:\/\/gremicafe.cat\/wp-content\/uploads\/2020\/06\/GC-blogcafeproximitat1500x800.jpg","width":1500,"height":800},{"@type":"BreadcrumbList","@id":"https:\/\/gremicafe.cat\/2021\/11\/22\/reflexions-entorn-el-cafe-anem-a-la-botiga-amb-el-cistell-i-comprem-a-granel\/#breadcrumb","itemListElement":[{"@type":"ListItem","position":1,"name":"Inici","item":"https:\/\/gremicafe.cat\/"},{"@type":"ListItem","position":2,"name":"Reflexions entorn el caf\u00e8: &#8220;Anem a la botiga amb el cistell i comprem a granel&#8221;"}]},{"@type":"WebSite","@id":"https:\/\/gremicafe.cat\/#website","url":"https:\/\/gremicafe.cat\/","name":"Gremio del Caf\u00e9, tostadores de Catalu\u00f1a","description":"Web oficial del gremio de tostadores de caf\u00e9 de Catalunya","publisher":{"@id":"https:\/\/gremicafe.cat\/#organization"},"potentialAction":[{"@type":"SearchAction","target":{"@type":"EntryPoint","urlTemplate":"https:\/\/gremicafe.cat\/?s={search_term_string}"},"query-input":{"@type":"PropertyValueSpecification","valueRequired":true,"valueName":"search_term_string"}}],"inLanguage":"es"},{"@type":"Organization","@id":"https:\/\/gremicafe.cat\/#organization","name":"Gremio del Caf\u00e9, Tostadores de Catalu\u00f1a","url":"https:\/\/gremicafe.cat\/","logo":{"@type":"ImageObject","inLanguage":"es","@id":"https:\/\/gremicafe.cat\/#\/schema\/logo\/image\/","url":"https:\/\/gremicafe.cat\/wp-content\/uploads\/2018\/03\/gremicafe-logo250.png","contentUrl":"https:\/\/gremicafe.cat\/wp-content\/uploads\/2018\/03\/gremicafe-logo250.png","width":250,"height":49,"caption":"Gremi del Caf\u00e8, Torradors de Catalunya"},"image":{"@id":"https:\/\/gremicafe.cat\/#\/schema\/logo\/image\/"},"sameAs":["https:\/\/www.facebook.com\/gremicafecat","https:\/\/x.com\/gremicafecat","https:\/\/www.instagram.com\/gremicafecat\/","https:\/\/www.pinterest.es\/gremicafecat\/","https:\/\/www.youtube.com\/channel\/UCGLo5Y35vLwLvP4FrPZrCrw\/"]},{"@type":"Person","@id":"https:\/\/gremicafe.cat\/#\/schema\/person\/dabfdbb3d0fa36260855a380f94e4733","name":"gremicafe","image":{"@type":"ImageObject","inLanguage":"es","@id":"https:\/\/gremicafe.cat\/#\/schema\/person\/image\/","url":"https:\/\/secure.gravatar.com\/avatar\/e59baa4ca8f6f97576d6375fb6d3c8f0?s=96&d=mm&r=g","contentUrl":"https:\/\/secure.gravatar.com\/avatar\/e59baa4ca8f6f97576d6375fb6d3c8f0?s=96&d=mm&r=g","caption":"gremicafe"}}]}},"_links":{"self":[{"href":"https:\/\/gremicafe.cat\/es\/wp-json\/wp\/v2\/posts\/6373"}],"collection":[{"href":"https:\/\/gremicafe.cat\/es\/wp-json\/wp\/v2\/posts"}],"about":[{"href":"https:\/\/gremicafe.cat\/es\/wp-json\/wp\/v2\/types\/post"}],"author":[{"embeddable":true,"href":"https:\/\/gremicafe.cat\/es\/wp-json\/wp\/v2\/users\/1"}],"replies":[{"embeddable":true,"href":"https:\/\/gremicafe.cat\/es\/wp-json\/wp\/v2\/comments?post=6373"}],"version-history":[{"count":0,"href":"https:\/\/gremicafe.cat\/es\/wp-json\/wp\/v2\/posts\/6373\/revisions"}],"wp:featuredmedia":[{"embeddable":true,"href":"https:\/\/gremicafe.cat\/es\/wp-json\/wp\/v2\/media\/5350"}],"wp:attachment":[{"href":"https:\/\/gremicafe.cat\/es\/wp-json\/wp\/v2\/media?parent=6373"}],"wp:term":[{"taxonomy":"category","embeddable":true,"href":"https:\/\/gremicafe.cat\/es\/wp-json\/wp\/v2\/categories?post=6373"},{"taxonomy":"post_tag","embeddable":true,"href":"https:\/\/gremicafe.cat\/es\/wp-json\/wp\/v2\/tags?post=6373"}],"curies":[{"name":"wp","href":"https:\/\/api.w.org\/{rel}","templated":true}]}}