{"id":6377,"date":"2021-11-26T12:21:44","date_gmt":"2021-11-26T10:21:44","guid":{"rendered":"https:\/\/gremicafe.cat\/?p=6377"},"modified":"2021-11-26T12:21:44","modified_gmt":"2021-11-26T10:21:44","slug":"un-nou-estudi-determina-les-tasses-de-cafe-per-evitar-ictus-i-la-demencia","status":"publish","type":"post","link":"https:\/\/gremicafe.cat\/es\/2021\/11\/26\/un-nou-estudi-determina-les-tasses-de-cafe-per-evitar-ictus-i-la-demencia\/","title":{"rendered":"Un nuevo estudio determina las tazas de caf\u00e9 para evitar ictus y la demencia"},"content":{"rendered":"<p><strong><img loading=\"lazy\" decoding=\"async\" class=\"aligncenter size-full wp-image-5493\" src=\"https:\/\/gremicafe.cat\/wp-content\/uploads\/2020\/09\/pexels-elle-hughes-1058921-scaled.jpg\" alt=\"\" width=\"2560\" height=\"1871\" srcset=\"https:\/\/gremicafe.cat\/wp-content\/uploads\/2020\/09\/pexels-elle-hughes-1058921-scaled.jpg 2560w, https:\/\/gremicafe.cat\/wp-content\/uploads\/2020\/09\/pexels-elle-hughes-1058921-768x561.jpg 768w, https:\/\/gremicafe.cat\/wp-content\/uploads\/2020\/09\/pexels-elle-hughes-1058921-1536x1122.jpg 1536w, https:\/\/gremicafe.cat\/wp-content\/uploads\/2020\/09\/pexels-elle-hughes-1058921-2048x1497.jpg 2048w, https:\/\/gremicafe.cat\/wp-content\/uploads\/2020\/09\/pexels-elle-hughes-1058921-985x720.jpg 985w\" sizes=\"(max-width: 2560px) 100vw, 2560px\" \/><\/strong><\/p>\n<p>&nbsp;<\/p>\n<p><strong>El estudio realizado por los investigadores de la Universidad M\u00e9dica de Tianjin (China) han analizado datos de 365.682 adultos sanos con edades comprendidas entre los 50 y los 74 a\u00f1os.<\/strong><\/p>\n<p>Existen muchos estudios que analizan continuamente los beneficios del caf\u00e9. Ahora, este nuevo estudio se\u00f1ala que beber caf\u00e9 o t\u00e9 puede reducir el riesgo de accidente cerebrovascular y de demencia. El informe se public\u00f3 en la revista &#039;PLoS Medicine&#039;, y recopil\u00f3 datos de adultos sanos de entre 50 y 74 a\u00f1os. En esa misma l\u00ednea, el informe indica que beber caf\u00e9 tambi\u00e9n se asocia con un menor riesgo de demencia posterior a un accidente cerebrovascular.<\/p>\n<p>Los resultados conseguidos por este informe indican que las personas que beb\u00edan de <strong>2 a 3 tazas de caf\u00e9, o de 3 a 5 tazas de t\u00e9 al d\u00eda<\/strong>, ten\u00edan una menor incidencia de accidente cerebrovascular o demencia. En concreto, un 32% menos de riesgo de accidente cerebrovascular (HR, 0,68, IC del 95%, 0,59-0,79; P &lt;0,001) y un 28% menos de riesgo de demencia (HR, 0,72, IC del 95%, 0,59-0,89; P = 0,002) en comparaci\u00f3n con los que no beb\u00edan caf\u00e9 ni t\u00e9. Asimismo, la ingesta de caf\u00e9 solo o en combinaci\u00f3n con t\u00e9 tambi\u00e9n se asoci\u00f3 con menor riesgo de demencia posterior a un accidente cerebrovascular.<\/p>\n<p>A pesar de este estudio, se recomienda que las personas con riesgo de padecer alguna enfermedad cerebrovascular consulten con su m\u00e9dico la cantidad de caf\u00e9 o t\u00e9 que puede ingerir al d\u00eda.<\/p>\n<p>&nbsp;<\/p>\n<p>Fuente noticia: <a href=\"https:\/\/www.alimente.elconfidencial.com\/bienestar\/2021-11-23\/tazas-cafe-te-que-debes-tomar-evitar-ictus-demencia_3324484\/\">El Confidencial<\/a><\/p>","protected":false},"excerpt":{"rendered":"<p>&nbsp; L&#8217;estudi realitzat pels investigadors de la Universitat M\u00e8dica de Tianjin (la Xina) han analitzat dades de 365.682 adults sans amb edats compreses entre els 50 i els 74 anys. Hi ha molts estudis que analitzen cont\u00ednuament els beneficis del caf\u00e8. Ara, aquest nou estudi assenyala que beure caf\u00e8 o te pot reduir el risc [&hellip;]<\/p>\n","protected":false},"author":1,"featured_media":5493,"comment_status":"closed","ping_status":"open","sticky":false,"template":"","format":"standard","meta":{"_acf_changed":false,"inline_featured_image":false,"footnotes":""},"categories":[1],"tags":[],"class_list":["post-6377","post","type-post","status-publish","format-standard","has-post-thumbnail","hentry","category-noticies"],"acf":[],"yoast_head":"<!-- This site is optimized with the Yoast SEO plugin v25.5 - https:\/\/yoast.com\/wordpress\/plugins\/seo\/ -->\n<title>Un nou estudi determina les tasses de caf\u00e8 per evitar ictus i la dem\u00e8ncia - Gremi del Caf\u00e8, torradors de Catalunya<\/title>\n<meta name=\"robots\" content=\"index, follow, max-snippet:-1, max-image-preview:large, max-video-preview:-1\" \/>\n<link rel=\"canonical\" href=\"https:\/\/gremicafe.cat\/es\/2021\/11\/26\/un-nou-estudi-determina-les-tasses-de-cafe-per-evitar-ictus-i-la-demencia\/\" \/>\n<meta property=\"og:locale\" content=\"es_ES\" \/>\n<meta property=\"og:type\" content=\"article\" \/>\n<meta property=\"og:title\" content=\"Un nou estudi determina les tasses de caf\u00e8 per evitar ictus i la dem\u00e8ncia - Gremi del Caf\u00e8, torradors de Catalunya\" \/>\n<meta property=\"og:description\" content=\"&nbsp; L&#8217;estudi realitzat pels investigadors de la Universitat M\u00e8dica de Tianjin (la Xina) han analitzat dades de 365.682 adults sans amb edats compreses entre els 50 i els 74 anys. Hi ha molts estudis que analitzen cont\u00ednuament els beneficis del caf\u00e8. Ara, aquest nou estudi assenyala que beure caf\u00e8 o te pot reduir el risc [&hellip;]\" \/>\n<meta property=\"og:url\" content=\"https:\/\/gremicafe.cat\/es\/2021\/11\/26\/un-nou-estudi-determina-les-tasses-de-cafe-per-evitar-ictus-i-la-demencia\/\" \/>\n<meta property=\"og:site_name\" content=\"Gremi del Caf\u00e8, torradors de Catalunya\" \/>\n<meta property=\"article:publisher\" content=\"https:\/\/www.facebook.com\/gremicafecat\" \/>\n<meta property=\"article:published_time\" content=\"2021-11-26T10:21:44+00:00\" \/>\n<meta property=\"og:image\" content=\"https:\/\/gremicafe.cat\/wp-content\/uploads\/2020\/09\/pexels-elle-hughes-1058921-scaled.jpg\" \/>\n\t<meta property=\"og:image:width\" content=\"2560\" \/>\n\t<meta property=\"og:image:height\" content=\"1871\" \/>\n\t<meta property=\"og:image:type\" content=\"image\/jpeg\" \/>\n<meta name=\"author\" content=\"gremicafe\" \/>\n<meta name=\"twitter:card\" content=\"summary_large_image\" \/>\n<meta name=\"twitter:creator\" content=\"@gremicafecat\" \/>\n<meta name=\"twitter:site\" content=\"@gremicafecat\" \/>\n<meta name=\"twitter:label1\" content=\"Escrito por\" \/>\n\t<meta name=\"twitter:data1\" content=\"gremicafe\" \/>\n\t<meta name=\"twitter:label2\" content=\"Tiempo de lectura\" \/>\n\t<meta name=\"twitter:data2\" content=\"2 minutos\" \/>\n<script type=\"application\/ld+json\" class=\"yoast-schema-graph\">{\"@context\":\"https:\/\/schema.org\",\"@graph\":[{\"@type\":\"Article\",\"@id\":\"https:\/\/gremicafe.cat\/2021\/11\/26\/un-nou-estudi-determina-les-tasses-de-cafe-per-evitar-ictus-i-la-demencia\/#article\",\"isPartOf\":{\"@id\":\"https:\/\/gremicafe.cat\/2021\/11\/26\/un-nou-estudi-determina-les-tasses-de-cafe-per-evitar-ictus-i-la-demencia\/\"},\"author\":{\"name\":\"gremicafe\",\"@id\":\"https:\/\/gremicafe.cat\/#\/schema\/person\/dabfdbb3d0fa36260855a380f94e4733\"},\"headline\":\"Un nou estudi determina les tasses de caf\u00e8 per evitar ictus i la dem\u00e8ncia\",\"datePublished\":\"2021-11-26T10:21:44+00:00\",\"mainEntityOfPage\":{\"@id\":\"https:\/\/gremicafe.cat\/2021\/11\/26\/un-nou-estudi-determina-les-tasses-de-cafe-per-evitar-ictus-i-la-demencia\/\"},\"wordCount\":254,\"publisher\":{\"@id\":\"https:\/\/gremicafe.cat\/#organization\"},\"image\":{\"@id\":\"https:\/\/gremicafe.cat\/2021\/11\/26\/un-nou-estudi-determina-les-tasses-de-cafe-per-evitar-ictus-i-la-demencia\/#primaryimage\"},\"thumbnailUrl\":\"https:\/\/gremicafe.cat\/wp-content\/uploads\/2020\/09\/pexels-elle-hughes-1058921-scaled.jpg\",\"articleSection\":[\"Not\u00edcies\"],\"inLanguage\":\"es\"},{\"@type\":\"WebPage\",\"@id\":\"https:\/\/gremicafe.cat\/2021\/11\/26\/un-nou-estudi-determina-les-tasses-de-cafe-per-evitar-ictus-i-la-demencia\/\",\"url\":\"https:\/\/gremicafe.cat\/2021\/11\/26\/un-nou-estudi-determina-les-tasses-de-cafe-per-evitar-ictus-i-la-demencia\/\",\"name\":\"Un nou estudi determina les tasses de caf\u00e8 per evitar ictus i la dem\u00e8ncia - Gremi del Caf\u00e8, torradors de Catalunya\",\"isPartOf\":{\"@id\":\"https:\/\/gremicafe.cat\/#website\"},\"primaryImageOfPage\":{\"@id\":\"https:\/\/gremicafe.cat\/2021\/11\/26\/un-nou-estudi-determina-les-tasses-de-cafe-per-evitar-ictus-i-la-demencia\/#primaryimage\"},\"image\":{\"@id\":\"https:\/\/gremicafe.cat\/2021\/11\/26\/un-nou-estudi-determina-les-tasses-de-cafe-per-evitar-ictus-i-la-demencia\/#primaryimage\"},\"thumbnailUrl\":\"https:\/\/gremicafe.cat\/wp-content\/uploads\/2020\/09\/pexels-elle-hughes-1058921-scaled.jpg\",\"datePublished\":\"2021-11-26T10:21:44+00:00\",\"breadcrumb\":{\"@id\":\"https:\/\/gremicafe.cat\/2021\/11\/26\/un-nou-estudi-determina-les-tasses-de-cafe-per-evitar-ictus-i-la-demencia\/#breadcrumb\"},\"inLanguage\":\"es\",\"potentialAction\":[{\"@type\":\"ReadAction\",\"target\":[\"https:\/\/gremicafe.cat\/2021\/11\/26\/un-nou-estudi-determina-les-tasses-de-cafe-per-evitar-ictus-i-la-demencia\/\"]}]},{\"@type\":\"ImageObject\",\"inLanguage\":\"es\",\"@id\":\"https:\/\/gremicafe.cat\/2021\/11\/26\/un-nou-estudi-determina-les-tasses-de-cafe-per-evitar-ictus-i-la-demencia\/#primaryimage\",\"url\":\"https:\/\/gremicafe.cat\/wp-content\/uploads\/2020\/09\/pexels-elle-hughes-1058921-scaled.jpg\",\"contentUrl\":\"https:\/\/gremicafe.cat\/wp-content\/uploads\/2020\/09\/pexels-elle-hughes-1058921-scaled.jpg\",\"width\":2560,\"height\":1871},{\"@type\":\"BreadcrumbList\",\"@id\":\"https:\/\/gremicafe.cat\/2021\/11\/26\/un-nou-estudi-determina-les-tasses-de-cafe-per-evitar-ictus-i-la-demencia\/#breadcrumb\",\"itemListElement\":[{\"@type\":\"ListItem\",\"position\":1,\"name\":\"Inici\",\"item\":\"https:\/\/gremicafe.cat\/\"},{\"@type\":\"ListItem\",\"position\":2,\"name\":\"Un nou estudi determina les tasses de caf\u00e8 per evitar ictus i la dem\u00e8ncia\"}]},{\"@type\":\"WebSite\",\"@id\":\"https:\/\/gremicafe.cat\/#website\",\"url\":\"https:\/\/gremicafe.cat\/\",\"name\":\"Gremi del Caf\u00e8, torradors de Catalunya\",\"description\":\"Web oficial del gremi de torradors de caf\u00e8 de Catalunya\",\"publisher\":{\"@id\":\"https:\/\/gremicafe.cat\/#organization\"},\"potentialAction\":[{\"@type\":\"SearchAction\",\"target\":{\"@type\":\"EntryPoint\",\"urlTemplate\":\"https:\/\/gremicafe.cat\/?s={search_term_string}\"},\"query-input\":{\"@type\":\"PropertyValueSpecification\",\"valueRequired\":true,\"valueName\":\"search_term_string\"}}],\"inLanguage\":\"es\"},{\"@type\":\"Organization\",\"@id\":\"https:\/\/gremicafe.cat\/#organization\",\"name\":\"Gremi del Caf\u00e8, Torradors de Catalunya\",\"url\":\"https:\/\/gremicafe.cat\/\",\"logo\":{\"@type\":\"ImageObject\",\"inLanguage\":\"es\",\"@id\":\"https:\/\/gremicafe.cat\/#\/schema\/logo\/image\/\",\"url\":\"https:\/\/gremicafe.cat\/wp-content\/uploads\/2018\/03\/gremicafe-logo250.png\",\"contentUrl\":\"https:\/\/gremicafe.cat\/wp-content\/uploads\/2018\/03\/gremicafe-logo250.png\",\"width\":250,\"height\":49,\"caption\":\"Gremi del Caf\u00e8, Torradors de Catalunya\"},\"image\":{\"@id\":\"https:\/\/gremicafe.cat\/#\/schema\/logo\/image\/\"},\"sameAs\":[\"https:\/\/www.facebook.com\/gremicafecat\",\"https:\/\/x.com\/gremicafecat\",\"https:\/\/www.instagram.com\/gremicafecat\/\",\"https:\/\/www.pinterest.es\/gremicafecat\/\",\"https:\/\/www.youtube.com\/channel\/UCGLo5Y35vLwLvP4FrPZrCrw\/\"]},{\"@type\":\"Person\",\"@id\":\"https:\/\/gremicafe.cat\/#\/schema\/person\/dabfdbb3d0fa36260855a380f94e4733\",\"name\":\"gremicafe\",\"image\":{\"@type\":\"ImageObject\",\"inLanguage\":\"es\",\"@id\":\"https:\/\/gremicafe.cat\/#\/schema\/person\/image\/\",\"url\":\"https:\/\/secure.gravatar.com\/avatar\/e59baa4ca8f6f97576d6375fb6d3c8f0?s=96&d=mm&r=g\",\"contentUrl\":\"https:\/\/secure.gravatar.com\/avatar\/e59baa4ca8f6f97576d6375fb6d3c8f0?s=96&d=mm&r=g\",\"caption\":\"gremicafe\"}}]}<\/script>\n<!-- \/ Yoast SEO plugin. -->","yoast_head_json":{"title":"Un nou estudi determina les tasses de caf\u00e8 per evitar ictus i la dem\u00e8ncia - Gremi del Caf\u00e8, torradors de Catalunya","robots":{"index":"index","follow":"follow","max-snippet":"max-snippet:-1","max-image-preview":"max-image-preview:large","max-video-preview":"max-video-preview:-1"},"canonical":"https:\/\/gremicafe.cat\/es\/2021\/11\/26\/un-nou-estudi-determina-les-tasses-de-cafe-per-evitar-ictus-i-la-demencia\/","og_locale":"es_ES","og_type":"article","og_title":"Un nou estudi determina les tasses de caf\u00e8 per evitar ictus i la dem\u00e8ncia - Gremi del Caf\u00e8, torradors de Catalunya","og_description":"&nbsp; L&#8217;estudi realitzat pels investigadors de la Universitat M\u00e8dica de Tianjin (la Xina) han analitzat dades de 365.682 adults sans amb edats compreses entre els 50 i els 74 anys. Hi ha molts estudis que analitzen cont\u00ednuament els beneficis del caf\u00e8. Ara, aquest nou estudi assenyala que beure caf\u00e8 o te pot reduir el risc [&hellip;]","og_url":"https:\/\/gremicafe.cat\/es\/2021\/11\/26\/un-nou-estudi-determina-les-tasses-de-cafe-per-evitar-ictus-i-la-demencia\/","og_site_name":"Gremi del Caf\u00e8, torradors de Catalunya","article_publisher":"https:\/\/www.facebook.com\/gremicafecat","article_published_time":"2021-11-26T10:21:44+00:00","og_image":[{"width":2560,"height":1871,"url":"https:\/\/gremicafe.cat\/wp-content\/uploads\/2020\/09\/pexels-elle-hughes-1058921-scaled.jpg","type":"image\/jpeg"}],"author":"gremicafe","twitter_card":"summary_large_image","twitter_creator":"@gremicafecat","twitter_site":"@gremicafecat","twitter_misc":{"Escrito por":"gremicafe","Tiempo de lectura":"2 minutos"},"schema":{"@context":"https:\/\/schema.org","@graph":[{"@type":"Article","@id":"https:\/\/gremicafe.cat\/2021\/11\/26\/un-nou-estudi-determina-les-tasses-de-cafe-per-evitar-ictus-i-la-demencia\/#article","isPartOf":{"@id":"https:\/\/gremicafe.cat\/2021\/11\/26\/un-nou-estudi-determina-les-tasses-de-cafe-per-evitar-ictus-i-la-demencia\/"},"author":{"name":"gremicafe","@id":"https:\/\/gremicafe.cat\/#\/schema\/person\/dabfdbb3d0fa36260855a380f94e4733"},"headline":"Un nou estudi determina les tasses de caf\u00e8 per evitar ictus i la dem\u00e8ncia","datePublished":"2021-11-26T10:21:44+00:00","mainEntityOfPage":{"@id":"https:\/\/gremicafe.cat\/2021\/11\/26\/un-nou-estudi-determina-les-tasses-de-cafe-per-evitar-ictus-i-la-demencia\/"},"wordCount":254,"publisher":{"@id":"https:\/\/gremicafe.cat\/#organization"},"image":{"@id":"https:\/\/gremicafe.cat\/2021\/11\/26\/un-nou-estudi-determina-les-tasses-de-cafe-per-evitar-ictus-i-la-demencia\/#primaryimage"},"thumbnailUrl":"https:\/\/gremicafe.cat\/wp-content\/uploads\/2020\/09\/pexels-elle-hughes-1058921-scaled.jpg","articleSection":["Not\u00edcies"],"inLanguage":"es"},{"@type":"WebPage","@id":"https:\/\/gremicafe.cat\/2021\/11\/26\/un-nou-estudi-determina-les-tasses-de-cafe-per-evitar-ictus-i-la-demencia\/","url":"https:\/\/gremicafe.cat\/2021\/11\/26\/un-nou-estudi-determina-les-tasses-de-cafe-per-evitar-ictus-i-la-demencia\/","name":"Un nou estudi determina les tasses de caf\u00e8 per evitar ictus i la dem\u00e8ncia - Gremi del Caf\u00e8, torradors de Catalunya","isPartOf":{"@id":"https:\/\/gremicafe.cat\/#website"},"primaryImageOfPage":{"@id":"https:\/\/gremicafe.cat\/2021\/11\/26\/un-nou-estudi-determina-les-tasses-de-cafe-per-evitar-ictus-i-la-demencia\/#primaryimage"},"image":{"@id":"https:\/\/gremicafe.cat\/2021\/11\/26\/un-nou-estudi-determina-les-tasses-de-cafe-per-evitar-ictus-i-la-demencia\/#primaryimage"},"thumbnailUrl":"https:\/\/gremicafe.cat\/wp-content\/uploads\/2020\/09\/pexels-elle-hughes-1058921-scaled.jpg","datePublished":"2021-11-26T10:21:44+00:00","breadcrumb":{"@id":"https:\/\/gremicafe.cat\/2021\/11\/26\/un-nou-estudi-determina-les-tasses-de-cafe-per-evitar-ictus-i-la-demencia\/#breadcrumb"},"inLanguage":"es","potentialAction":[{"@type":"ReadAction","target":["https:\/\/gremicafe.cat\/2021\/11\/26\/un-nou-estudi-determina-les-tasses-de-cafe-per-evitar-ictus-i-la-demencia\/"]}]},{"@type":"ImageObject","inLanguage":"es","@id":"https:\/\/gremicafe.cat\/2021\/11\/26\/un-nou-estudi-determina-les-tasses-de-cafe-per-evitar-ictus-i-la-demencia\/#primaryimage","url":"https:\/\/gremicafe.cat\/wp-content\/uploads\/2020\/09\/pexels-elle-hughes-1058921-scaled.jpg","contentUrl":"https:\/\/gremicafe.cat\/wp-content\/uploads\/2020\/09\/pexels-elle-hughes-1058921-scaled.jpg","width":2560,"height":1871},{"@type":"BreadcrumbList","@id":"https:\/\/gremicafe.cat\/2021\/11\/26\/un-nou-estudi-determina-les-tasses-de-cafe-per-evitar-ictus-i-la-demencia\/#breadcrumb","itemListElement":[{"@type":"ListItem","position":1,"name":"Inici","item":"https:\/\/gremicafe.cat\/"},{"@type":"ListItem","position":2,"name":"Un nou estudi determina les tasses de caf\u00e8 per evitar ictus i la dem\u00e8ncia"}]},{"@type":"WebSite","@id":"https:\/\/gremicafe.cat\/#website","url":"https:\/\/gremicafe.cat\/","name":"Gremio del Caf\u00e9, tostadores de Catalu\u00f1a","description":"Web oficial del gremio de tostadores de caf\u00e9 de Catalunya","publisher":{"@id":"https:\/\/gremicafe.cat\/#organization"},"potentialAction":[{"@type":"SearchAction","target":{"@type":"EntryPoint","urlTemplate":"https:\/\/gremicafe.cat\/?s={search_term_string}"},"query-input":{"@type":"PropertyValueSpecification","valueRequired":true,"valueName":"search_term_string"}}],"inLanguage":"es"},{"@type":"Organization","@id":"https:\/\/gremicafe.cat\/#organization","name":"Gremio del Caf\u00e9, Tostadores de Catalu\u00f1a","url":"https:\/\/gremicafe.cat\/","logo":{"@type":"ImageObject","inLanguage":"es","@id":"https:\/\/gremicafe.cat\/#\/schema\/logo\/image\/","url":"https:\/\/gremicafe.cat\/wp-content\/uploads\/2018\/03\/gremicafe-logo250.png","contentUrl":"https:\/\/gremicafe.cat\/wp-content\/uploads\/2018\/03\/gremicafe-logo250.png","width":250,"height":49,"caption":"Gremi del Caf\u00e8, Torradors de Catalunya"},"image":{"@id":"https:\/\/gremicafe.cat\/#\/schema\/logo\/image\/"},"sameAs":["https:\/\/www.facebook.com\/gremicafecat","https:\/\/x.com\/gremicafecat","https:\/\/www.instagram.com\/gremicafecat\/","https:\/\/www.pinterest.es\/gremicafecat\/","https:\/\/www.youtube.com\/channel\/UCGLo5Y35vLwLvP4FrPZrCrw\/"]},{"@type":"Person","@id":"https:\/\/gremicafe.cat\/#\/schema\/person\/dabfdbb3d0fa36260855a380f94e4733","name":"gremicafe","image":{"@type":"ImageObject","inLanguage":"es","@id":"https:\/\/gremicafe.cat\/#\/schema\/person\/image\/","url":"https:\/\/secure.gravatar.com\/avatar\/e59baa4ca8f6f97576d6375fb6d3c8f0?s=96&d=mm&r=g","contentUrl":"https:\/\/secure.gravatar.com\/avatar\/e59baa4ca8f6f97576d6375fb6d3c8f0?s=96&d=mm&r=g","caption":"gremicafe"}}]}},"_links":{"self":[{"href":"https:\/\/gremicafe.cat\/es\/wp-json\/wp\/v2\/posts\/6377"}],"collection":[{"href":"https:\/\/gremicafe.cat\/es\/wp-json\/wp\/v2\/posts"}],"about":[{"href":"https:\/\/gremicafe.cat\/es\/wp-json\/wp\/v2\/types\/post"}],"author":[{"embeddable":true,"href":"https:\/\/gremicafe.cat\/es\/wp-json\/wp\/v2\/users\/1"}],"replies":[{"embeddable":true,"href":"https:\/\/gremicafe.cat\/es\/wp-json\/wp\/v2\/comments?post=6377"}],"version-history":[{"count":0,"href":"https:\/\/gremicafe.cat\/es\/wp-json\/wp\/v2\/posts\/6377\/revisions"}],"wp:featuredmedia":[{"embeddable":true,"href":"https:\/\/gremicafe.cat\/es\/wp-json\/wp\/v2\/media\/5493"}],"wp:attachment":[{"href":"https:\/\/gremicafe.cat\/es\/wp-json\/wp\/v2\/media?parent=6377"}],"wp:term":[{"taxonomy":"category","embeddable":true,"href":"https:\/\/gremicafe.cat\/es\/wp-json\/wp\/v2\/categories?post=6377"},{"taxonomy":"post_tag","embeddable":true,"href":"https:\/\/gremicafe.cat\/es\/wp-json\/wp\/v2\/tags?post=6377"}],"curies":[{"name":"wp","href":"https:\/\/api.w.org\/{rel}","templated":true}]}}