{"id":6386,"date":"2021-12-14T18:29:21","date_gmt":"2021-12-14T16:29:21","guid":{"rendered":"https:\/\/gremicafe.cat\/?p=6386"},"modified":"2021-12-14T18:30:23","modified_gmt":"2021-12-14T16:30:23","slug":"el-cafe-i-les-festes-de-nadal-apats-nadalencs-sobretaules-amb-bona-companyia-i-un-bon-cafe","status":"publish","type":"post","link":"https:\/\/gremicafe.cat\/es\/2021\/12\/14\/el-cafe-i-les-festes-de-nadal-apats-nadalencs-sobretaules-amb-bona-companyia-i-un-bon-cafe\/","title":{"rendered":"El caf\u00e9 y las fiestas de Navidad: \u201cComidas navide\u00f1as, sobremesas con buena compa\u00f1\u00eda y un buen caf\u00e9\u201d"},"content":{"rendered":"<p><img loading=\"lazy\" decoding=\"async\" class=\"aligncenter size-full wp-image-6387\" src=\"https:\/\/gremicafe.cat\/wp-content\/uploads\/2021\/12\/cafe-nadal-Gremi.gif\" alt=\"\" width=\"1200\" height=\"900\" \/><\/p>\n<p>&nbsp;<\/p>\n<p>Navidad es una \u00e9poca especial y m\u00e1gica, llena de tradiciones. La festividad nos evoca en las grandes comidas con la familia y los amigos. Canelones, escudella y carne de olla, zarzuela de marisco, asado\u2026 y de postre, los tradicionales turrones, barquillos y polvorones. Y llegados a este punto, <strong>es imprescindible una buena sobremesa, con un buen caf\u00e9<\/strong>. Es el momento ideal para preparar y vestir esta bebida de forma exclusiva, la protagonista de las tertulias que pueden alargarse hasta la medianoche.<\/p>\n<p><strong>Capuchino, americano, espresso, cortado, carajillo, irland\u00e9s, bomb\u00f3n<\/strong>\u2026 las opciones son infinitas, pero es necesario darles un plus de festividad y prepararlos con detalle, seg\u00fan los gustos de los comensales. Se puede acompa\u00f1ar con un poco de licor, nata, canela o vainilla para darles un sabor y aroma especial. Y si desea sorprender a sus invitados, puede vestirlo con un capricho dulce: chips de chocolate, galletas, frutos secos picados o un poco de coco rallado.<\/p>\n<p>Por tanto, si te gusta el caf\u00e9, no dejes de tomarlo despu\u00e9s de comer o cenar para facilitar la digesti\u00f3n, ya que la cafe\u00edna estimula la liberaci\u00f3n de enzimas del p\u00e1ncreas, permitiendo una digesti\u00f3n m\u00e1s r\u00e1pida de las grasas y las prote\u00ednas de el est\u00f3mago. As\u00ed te sentir\u00e1s m\u00e1s ligero, con mayor energ\u00eda y motivaci\u00f3n. <strong>Disfrute de fiestas en familia y buena compa\u00f1\u00eda, con una buena dosis de caf\u00e9 como placer destacado de cualquier comida navide\u00f1a.<\/strong><\/p>\n<p>&nbsp;<\/p>\n<p><strong>\u00a1Buenos caf\u00e9s y felices fiestas!<\/strong><\/p>\n<p>&nbsp;<\/p>","protected":false},"excerpt":{"rendered":"<p>&nbsp; Nadal \u00e9s una \u00e8poca especial i m\u00e0gica, plena de tradicions. La festivitat ens evoca als grans menjars amb la fam\u00edlia i els amics. Canelons, escudella i carn d&#8217;olla, sarsuela de marisc, rostit&#8230; i de postres, els tradicionals torrons, neules i polvorons. I arribats a aquest punt, \u00e9s imprescindible una bona sobretaula, amb un bon [&hellip;]<\/p>\n","protected":false},"author":1,"featured_media":6387,"comment_status":"closed","ping_status":"open","sticky":false,"template":"","format":"standard","meta":{"_acf_changed":false,"inline_featured_image":false,"footnotes":""},"categories":[1],"tags":[],"class_list":["post-6386","post","type-post","status-publish","format-standard","has-post-thumbnail","hentry","category-noticies"],"acf":[],"yoast_head":"<!-- This site is optimized with the Yoast SEO plugin v25.5 - https:\/\/yoast.com\/wordpress\/plugins\/seo\/ -->\n<title>El caf\u00e8 i les festes de Nadal: &quot;\u00c0pats nadalencs, sobretaules amb bona companyia i un bon caf\u00e8&quot; - Gremi del Caf\u00e8, torradors de Catalunya<\/title>\n<meta name=\"robots\" content=\"index, follow, max-snippet:-1, max-image-preview:large, max-video-preview:-1\" \/>\n<link rel=\"canonical\" href=\"https:\/\/gremicafe.cat\/es\/2021\/12\/14\/el-cafe-i-les-festes-de-nadal-apats-nadalencs-sobretaules-amb-bona-companyia-i-un-bon-cafe\/\" \/>\n<meta property=\"og:locale\" content=\"es_ES\" \/>\n<meta property=\"og:type\" content=\"article\" \/>\n<meta property=\"og:title\" content=\"El caf\u00e8 i les festes de Nadal: &quot;\u00c0pats nadalencs, sobretaules amb bona companyia i un bon caf\u00e8&quot; - Gremi del Caf\u00e8, torradors de Catalunya\" \/>\n<meta property=\"og:description\" content=\"&nbsp; Nadal \u00e9s una \u00e8poca especial i m\u00e0gica, plena de tradicions. La festivitat ens evoca als grans menjars amb la fam\u00edlia i els amics. Canelons, escudella i carn d&#8217;olla, sarsuela de marisc, rostit&#8230; i de postres, els tradicionals torrons, neules i polvorons. I arribats a aquest punt, \u00e9s imprescindible una bona sobretaula, amb un bon [&hellip;]\" \/>\n<meta property=\"og:url\" content=\"https:\/\/gremicafe.cat\/es\/2021\/12\/14\/el-cafe-i-les-festes-de-nadal-apats-nadalencs-sobretaules-amb-bona-companyia-i-un-bon-cafe\/\" \/>\n<meta property=\"og:site_name\" content=\"Gremi del Caf\u00e8, torradors de Catalunya\" \/>\n<meta property=\"article:publisher\" content=\"https:\/\/www.facebook.com\/gremicafecat\" \/>\n<meta property=\"article:published_time\" content=\"2021-12-14T16:29:21+00:00\" \/>\n<meta property=\"article:modified_time\" content=\"2021-12-14T16:30:23+00:00\" \/>\n<meta property=\"og:image\" content=\"https:\/\/gremicafe.cat\/wp-content\/uploads\/2021\/12\/cafe-nadal-Gremi.gif\" \/>\n\t<meta property=\"og:image:width\" content=\"1200\" \/>\n\t<meta property=\"og:image:height\" content=\"900\" \/>\n\t<meta property=\"og:image:type\" content=\"image\/gif\" \/>\n<meta name=\"author\" content=\"gremicafe\" \/>\n<meta name=\"twitter:card\" content=\"summary_large_image\" \/>\n<meta name=\"twitter:creator\" content=\"@gremicafecat\" \/>\n<meta name=\"twitter:site\" content=\"@gremicafecat\" \/>\n<meta name=\"twitter:label1\" content=\"Escrito por\" \/>\n\t<meta name=\"twitter:data1\" content=\"gremicafe\" \/>\n\t<meta name=\"twitter:label2\" content=\"Tiempo de lectura\" \/>\n\t<meta name=\"twitter:data2\" content=\"2 minutos\" \/>\n<script type=\"application\/ld+json\" class=\"yoast-schema-graph\">{\"@context\":\"https:\/\/schema.org\",\"@graph\":[{\"@type\":\"Article\",\"@id\":\"https:\/\/gremicafe.cat\/2021\/12\/14\/el-cafe-i-les-festes-de-nadal-apats-nadalencs-sobretaules-amb-bona-companyia-i-un-bon-cafe\/#article\",\"isPartOf\":{\"@id\":\"https:\/\/gremicafe.cat\/2021\/12\/14\/el-cafe-i-les-festes-de-nadal-apats-nadalencs-sobretaules-amb-bona-companyia-i-un-bon-cafe\/\"},\"author\":{\"name\":\"gremicafe\",\"@id\":\"https:\/\/gremicafe.cat\/#\/schema\/person\/dabfdbb3d0fa36260855a380f94e4733\"},\"headline\":\"El caf\u00e8 i les festes de Nadal: &#8220;\u00c0pats nadalencs, sobretaules amb bona companyia i un bon caf\u00e8&#8221;\",\"datePublished\":\"2021-12-14T16:29:21+00:00\",\"dateModified\":\"2021-12-14T16:30:23+00:00\",\"mainEntityOfPage\":{\"@id\":\"https:\/\/gremicafe.cat\/2021\/12\/14\/el-cafe-i-les-festes-de-nadal-apats-nadalencs-sobretaules-amb-bona-companyia-i-un-bon-cafe\/\"},\"wordCount\":269,\"publisher\":{\"@id\":\"https:\/\/gremicafe.cat\/#organization\"},\"image\":{\"@id\":\"https:\/\/gremicafe.cat\/2021\/12\/14\/el-cafe-i-les-festes-de-nadal-apats-nadalencs-sobretaules-amb-bona-companyia-i-un-bon-cafe\/#primaryimage\"},\"thumbnailUrl\":\"https:\/\/gremicafe.cat\/wp-content\/uploads\/2021\/12\/cafe-nadal-Gremi.gif\",\"articleSection\":[\"Not\u00edcies\"],\"inLanguage\":\"es\"},{\"@type\":\"WebPage\",\"@id\":\"https:\/\/gremicafe.cat\/2021\/12\/14\/el-cafe-i-les-festes-de-nadal-apats-nadalencs-sobretaules-amb-bona-companyia-i-un-bon-cafe\/\",\"url\":\"https:\/\/gremicafe.cat\/2021\/12\/14\/el-cafe-i-les-festes-de-nadal-apats-nadalencs-sobretaules-amb-bona-companyia-i-un-bon-cafe\/\",\"name\":\"El caf\u00e8 i les festes de Nadal: \\\"\u00c0pats nadalencs, sobretaules amb bona companyia i un bon caf\u00e8\\\" - Gremi del Caf\u00e8, torradors de Catalunya\",\"isPartOf\":{\"@id\":\"https:\/\/gremicafe.cat\/#website\"},\"primaryImageOfPage\":{\"@id\":\"https:\/\/gremicafe.cat\/2021\/12\/14\/el-cafe-i-les-festes-de-nadal-apats-nadalencs-sobretaules-amb-bona-companyia-i-un-bon-cafe\/#primaryimage\"},\"image\":{\"@id\":\"https:\/\/gremicafe.cat\/2021\/12\/14\/el-cafe-i-les-festes-de-nadal-apats-nadalencs-sobretaules-amb-bona-companyia-i-un-bon-cafe\/#primaryimage\"},\"thumbnailUrl\":\"https:\/\/gremicafe.cat\/wp-content\/uploads\/2021\/12\/cafe-nadal-Gremi.gif\",\"datePublished\":\"2021-12-14T16:29:21+00:00\",\"dateModified\":\"2021-12-14T16:30:23+00:00\",\"breadcrumb\":{\"@id\":\"https:\/\/gremicafe.cat\/2021\/12\/14\/el-cafe-i-les-festes-de-nadal-apats-nadalencs-sobretaules-amb-bona-companyia-i-un-bon-cafe\/#breadcrumb\"},\"inLanguage\":\"es\",\"potentialAction\":[{\"@type\":\"ReadAction\",\"target\":[\"https:\/\/gremicafe.cat\/2021\/12\/14\/el-cafe-i-les-festes-de-nadal-apats-nadalencs-sobretaules-amb-bona-companyia-i-un-bon-cafe\/\"]}]},{\"@type\":\"ImageObject\",\"inLanguage\":\"es\",\"@id\":\"https:\/\/gremicafe.cat\/2021\/12\/14\/el-cafe-i-les-festes-de-nadal-apats-nadalencs-sobretaules-amb-bona-companyia-i-un-bon-cafe\/#primaryimage\",\"url\":\"https:\/\/gremicafe.cat\/wp-content\/uploads\/2021\/12\/cafe-nadal-Gremi.gif\",\"contentUrl\":\"https:\/\/gremicafe.cat\/wp-content\/uploads\/2021\/12\/cafe-nadal-Gremi.gif\",\"width\":1200,\"height\":900,\"caption\":\"cafe nadal - Gremi Caf\u00e8\"},{\"@type\":\"BreadcrumbList\",\"@id\":\"https:\/\/gremicafe.cat\/2021\/12\/14\/el-cafe-i-les-festes-de-nadal-apats-nadalencs-sobretaules-amb-bona-companyia-i-un-bon-cafe\/#breadcrumb\",\"itemListElement\":[{\"@type\":\"ListItem\",\"position\":1,\"name\":\"Inici\",\"item\":\"https:\/\/gremicafe.cat\/\"},{\"@type\":\"ListItem\",\"position\":2,\"name\":\"El caf\u00e8 i les festes de Nadal: &#8220;\u00c0pats nadalencs, sobretaules amb bona companyia i un bon caf\u00e8&#8221;\"}]},{\"@type\":\"WebSite\",\"@id\":\"https:\/\/gremicafe.cat\/#website\",\"url\":\"https:\/\/gremicafe.cat\/\",\"name\":\"Gremi del Caf\u00e8, torradors de Catalunya\",\"description\":\"Web oficial del gremi de torradors de caf\u00e8 de Catalunya\",\"publisher\":{\"@id\":\"https:\/\/gremicafe.cat\/#organization\"},\"potentialAction\":[{\"@type\":\"SearchAction\",\"target\":{\"@type\":\"EntryPoint\",\"urlTemplate\":\"https:\/\/gremicafe.cat\/?s={search_term_string}\"},\"query-input\":{\"@type\":\"PropertyValueSpecification\",\"valueRequired\":true,\"valueName\":\"search_term_string\"}}],\"inLanguage\":\"es\"},{\"@type\":\"Organization\",\"@id\":\"https:\/\/gremicafe.cat\/#organization\",\"name\":\"Gremi del Caf\u00e8, Torradors de Catalunya\",\"url\":\"https:\/\/gremicafe.cat\/\",\"logo\":{\"@type\":\"ImageObject\",\"inLanguage\":\"es\",\"@id\":\"https:\/\/gremicafe.cat\/#\/schema\/logo\/image\/\",\"url\":\"https:\/\/gremicafe.cat\/wp-content\/uploads\/2018\/03\/gremicafe-logo250.png\",\"contentUrl\":\"https:\/\/gremicafe.cat\/wp-content\/uploads\/2018\/03\/gremicafe-logo250.png\",\"width\":250,\"height\":49,\"caption\":\"Gremi del Caf\u00e8, Torradors de Catalunya\"},\"image\":{\"@id\":\"https:\/\/gremicafe.cat\/#\/schema\/logo\/image\/\"},\"sameAs\":[\"https:\/\/www.facebook.com\/gremicafecat\",\"https:\/\/x.com\/gremicafecat\",\"https:\/\/www.instagram.com\/gremicafecat\/\",\"https:\/\/www.pinterest.es\/gremicafecat\/\",\"https:\/\/www.youtube.com\/channel\/UCGLo5Y35vLwLvP4FrPZrCrw\/\"]},{\"@type\":\"Person\",\"@id\":\"https:\/\/gremicafe.cat\/#\/schema\/person\/dabfdbb3d0fa36260855a380f94e4733\",\"name\":\"gremicafe\",\"image\":{\"@type\":\"ImageObject\",\"inLanguage\":\"es\",\"@id\":\"https:\/\/gremicafe.cat\/#\/schema\/person\/image\/\",\"url\":\"https:\/\/secure.gravatar.com\/avatar\/e59baa4ca8f6f97576d6375fb6d3c8f0?s=96&d=mm&r=g\",\"contentUrl\":\"https:\/\/secure.gravatar.com\/avatar\/e59baa4ca8f6f97576d6375fb6d3c8f0?s=96&d=mm&r=g\",\"caption\":\"gremicafe\"}}]}<\/script>\n<!-- \/ Yoast SEO plugin. -->","yoast_head_json":{"title":"El caf\u00e8 i les festes de Nadal: \"\u00c0pats nadalencs, sobretaules amb bona companyia i un bon caf\u00e8\" - Gremi del Caf\u00e8, torradors de Catalunya","robots":{"index":"index","follow":"follow","max-snippet":"max-snippet:-1","max-image-preview":"max-image-preview:large","max-video-preview":"max-video-preview:-1"},"canonical":"https:\/\/gremicafe.cat\/es\/2021\/12\/14\/el-cafe-i-les-festes-de-nadal-apats-nadalencs-sobretaules-amb-bona-companyia-i-un-bon-cafe\/","og_locale":"es_ES","og_type":"article","og_title":"El caf\u00e8 i les festes de Nadal: \"\u00c0pats nadalencs, sobretaules amb bona companyia i un bon caf\u00e8\" - Gremi del Caf\u00e8, torradors de Catalunya","og_description":"&nbsp; Nadal \u00e9s una \u00e8poca especial i m\u00e0gica, plena de tradicions. La festivitat ens evoca als grans menjars amb la fam\u00edlia i els amics. Canelons, escudella i carn d&#8217;olla, sarsuela de marisc, rostit&#8230; i de postres, els tradicionals torrons, neules i polvorons. I arribats a aquest punt, \u00e9s imprescindible una bona sobretaula, amb un bon [&hellip;]","og_url":"https:\/\/gremicafe.cat\/es\/2021\/12\/14\/el-cafe-i-les-festes-de-nadal-apats-nadalencs-sobretaules-amb-bona-companyia-i-un-bon-cafe\/","og_site_name":"Gremi del Caf\u00e8, torradors de Catalunya","article_publisher":"https:\/\/www.facebook.com\/gremicafecat","article_published_time":"2021-12-14T16:29:21+00:00","article_modified_time":"2021-12-14T16:30:23+00:00","og_image":[{"width":1200,"height":900,"url":"https:\/\/gremicafe.cat\/wp-content\/uploads\/2021\/12\/cafe-nadal-Gremi.gif","type":"image\/gif"}],"author":"gremicafe","twitter_card":"summary_large_image","twitter_creator":"@gremicafecat","twitter_site":"@gremicafecat","twitter_misc":{"Escrito por":"gremicafe","Tiempo de lectura":"2 minutos"},"schema":{"@context":"https:\/\/schema.org","@graph":[{"@type":"Article","@id":"https:\/\/gremicafe.cat\/2021\/12\/14\/el-cafe-i-les-festes-de-nadal-apats-nadalencs-sobretaules-amb-bona-companyia-i-un-bon-cafe\/#article","isPartOf":{"@id":"https:\/\/gremicafe.cat\/2021\/12\/14\/el-cafe-i-les-festes-de-nadal-apats-nadalencs-sobretaules-amb-bona-companyia-i-un-bon-cafe\/"},"author":{"name":"gremicafe","@id":"https:\/\/gremicafe.cat\/#\/schema\/person\/dabfdbb3d0fa36260855a380f94e4733"},"headline":"El caf\u00e8 i les festes de Nadal: &#8220;\u00c0pats nadalencs, sobretaules amb bona companyia i un bon caf\u00e8&#8221;","datePublished":"2021-12-14T16:29:21+00:00","dateModified":"2021-12-14T16:30:23+00:00","mainEntityOfPage":{"@id":"https:\/\/gremicafe.cat\/2021\/12\/14\/el-cafe-i-les-festes-de-nadal-apats-nadalencs-sobretaules-amb-bona-companyia-i-un-bon-cafe\/"},"wordCount":269,"publisher":{"@id":"https:\/\/gremicafe.cat\/#organization"},"image":{"@id":"https:\/\/gremicafe.cat\/2021\/12\/14\/el-cafe-i-les-festes-de-nadal-apats-nadalencs-sobretaules-amb-bona-companyia-i-un-bon-cafe\/#primaryimage"},"thumbnailUrl":"https:\/\/gremicafe.cat\/wp-content\/uploads\/2021\/12\/cafe-nadal-Gremi.gif","articleSection":["Not\u00edcies"],"inLanguage":"es"},{"@type":"WebPage","@id":"https:\/\/gremicafe.cat\/2021\/12\/14\/el-cafe-i-les-festes-de-nadal-apats-nadalencs-sobretaules-amb-bona-companyia-i-un-bon-cafe\/","url":"https:\/\/gremicafe.cat\/2021\/12\/14\/el-cafe-i-les-festes-de-nadal-apats-nadalencs-sobretaules-amb-bona-companyia-i-un-bon-cafe\/","name":"El caf\u00e8 i les festes de Nadal: \"\u00c0pats nadalencs, sobretaules amb bona companyia i un bon caf\u00e8\" - Gremi del Caf\u00e8, torradors de Catalunya","isPartOf":{"@id":"https:\/\/gremicafe.cat\/#website"},"primaryImageOfPage":{"@id":"https:\/\/gremicafe.cat\/2021\/12\/14\/el-cafe-i-les-festes-de-nadal-apats-nadalencs-sobretaules-amb-bona-companyia-i-un-bon-cafe\/#primaryimage"},"image":{"@id":"https:\/\/gremicafe.cat\/2021\/12\/14\/el-cafe-i-les-festes-de-nadal-apats-nadalencs-sobretaules-amb-bona-companyia-i-un-bon-cafe\/#primaryimage"},"thumbnailUrl":"https:\/\/gremicafe.cat\/wp-content\/uploads\/2021\/12\/cafe-nadal-Gremi.gif","datePublished":"2021-12-14T16:29:21+00:00","dateModified":"2021-12-14T16:30:23+00:00","breadcrumb":{"@id":"https:\/\/gremicafe.cat\/2021\/12\/14\/el-cafe-i-les-festes-de-nadal-apats-nadalencs-sobretaules-amb-bona-companyia-i-un-bon-cafe\/#breadcrumb"},"inLanguage":"es","potentialAction":[{"@type":"ReadAction","target":["https:\/\/gremicafe.cat\/2021\/12\/14\/el-cafe-i-les-festes-de-nadal-apats-nadalencs-sobretaules-amb-bona-companyia-i-un-bon-cafe\/"]}]},{"@type":"ImageObject","inLanguage":"es","@id":"https:\/\/gremicafe.cat\/2021\/12\/14\/el-cafe-i-les-festes-de-nadal-apats-nadalencs-sobretaules-amb-bona-companyia-i-un-bon-cafe\/#primaryimage","url":"https:\/\/gremicafe.cat\/wp-content\/uploads\/2021\/12\/cafe-nadal-Gremi.gif","contentUrl":"https:\/\/gremicafe.cat\/wp-content\/uploads\/2021\/12\/cafe-nadal-Gremi.gif","width":1200,"height":900,"caption":"cafe nadal - Gremi Caf\u00e8"},{"@type":"BreadcrumbList","@id":"https:\/\/gremicafe.cat\/2021\/12\/14\/el-cafe-i-les-festes-de-nadal-apats-nadalencs-sobretaules-amb-bona-companyia-i-un-bon-cafe\/#breadcrumb","itemListElement":[{"@type":"ListItem","position":1,"name":"Inici","item":"https:\/\/gremicafe.cat\/"},{"@type":"ListItem","position":2,"name":"El caf\u00e8 i les festes de Nadal: &#8220;\u00c0pats nadalencs, sobretaules amb bona companyia i un bon caf\u00e8&#8221;"}]},{"@type":"WebSite","@id":"https:\/\/gremicafe.cat\/#website","url":"https:\/\/gremicafe.cat\/","name":"Gremio del Caf\u00e9, tostadores de Catalu\u00f1a","description":"Web oficial del gremio de tostadores de caf\u00e9 de Catalunya","publisher":{"@id":"https:\/\/gremicafe.cat\/#organization"},"potentialAction":[{"@type":"SearchAction","target":{"@type":"EntryPoint","urlTemplate":"https:\/\/gremicafe.cat\/?s={search_term_string}"},"query-input":{"@type":"PropertyValueSpecification","valueRequired":true,"valueName":"search_term_string"}}],"inLanguage":"es"},{"@type":"Organization","@id":"https:\/\/gremicafe.cat\/#organization","name":"Gremio del Caf\u00e9, Tostadores de Catalu\u00f1a","url":"https:\/\/gremicafe.cat\/","logo":{"@type":"ImageObject","inLanguage":"es","@id":"https:\/\/gremicafe.cat\/#\/schema\/logo\/image\/","url":"https:\/\/gremicafe.cat\/wp-content\/uploads\/2018\/03\/gremicafe-logo250.png","contentUrl":"https:\/\/gremicafe.cat\/wp-content\/uploads\/2018\/03\/gremicafe-logo250.png","width":250,"height":49,"caption":"Gremi del Caf\u00e8, Torradors de Catalunya"},"image":{"@id":"https:\/\/gremicafe.cat\/#\/schema\/logo\/image\/"},"sameAs":["https:\/\/www.facebook.com\/gremicafecat","https:\/\/x.com\/gremicafecat","https:\/\/www.instagram.com\/gremicafecat\/","https:\/\/www.pinterest.es\/gremicafecat\/","https:\/\/www.youtube.com\/channel\/UCGLo5Y35vLwLvP4FrPZrCrw\/"]},{"@type":"Person","@id":"https:\/\/gremicafe.cat\/#\/schema\/person\/dabfdbb3d0fa36260855a380f94e4733","name":"gremicafe","image":{"@type":"ImageObject","inLanguage":"es","@id":"https:\/\/gremicafe.cat\/#\/schema\/person\/image\/","url":"https:\/\/secure.gravatar.com\/avatar\/e59baa4ca8f6f97576d6375fb6d3c8f0?s=96&d=mm&r=g","contentUrl":"https:\/\/secure.gravatar.com\/avatar\/e59baa4ca8f6f97576d6375fb6d3c8f0?s=96&d=mm&r=g","caption":"gremicafe"}}]}},"_links":{"self":[{"href":"https:\/\/gremicafe.cat\/es\/wp-json\/wp\/v2\/posts\/6386"}],"collection":[{"href":"https:\/\/gremicafe.cat\/es\/wp-json\/wp\/v2\/posts"}],"about":[{"href":"https:\/\/gremicafe.cat\/es\/wp-json\/wp\/v2\/types\/post"}],"author":[{"embeddable":true,"href":"https:\/\/gremicafe.cat\/es\/wp-json\/wp\/v2\/users\/1"}],"replies":[{"embeddable":true,"href":"https:\/\/gremicafe.cat\/es\/wp-json\/wp\/v2\/comments?post=6386"}],"version-history":[{"count":0,"href":"https:\/\/gremicafe.cat\/es\/wp-json\/wp\/v2\/posts\/6386\/revisions"}],"wp:featuredmedia":[{"embeddable":true,"href":"https:\/\/gremicafe.cat\/es\/wp-json\/wp\/v2\/media\/6387"}],"wp:attachment":[{"href":"https:\/\/gremicafe.cat\/es\/wp-json\/wp\/v2\/media?parent=6386"}],"wp:term":[{"taxonomy":"category","embeddable":true,"href":"https:\/\/gremicafe.cat\/es\/wp-json\/wp\/v2\/categories?post=6386"},{"taxonomy":"post_tag","embeddable":true,"href":"https:\/\/gremicafe.cat\/es\/wp-json\/wp\/v2\/tags?post=6386"}],"curies":[{"name":"wp","href":"https:\/\/api.w.org\/{rel}","templated":true}]}}