{"id":6419,"date":"2022-01-18T18:08:11","date_gmt":"2022-01-18T16:08:11","guid":{"rendered":"https:\/\/gremicafe.cat\/?p=6419"},"modified":"2022-02-24T17:20:40","modified_gmt":"2022-02-24T15:20:40","slug":"reflexions-entorn-el-cafe-reciclem-correctament-les-capsules-de-cafe","status":"publish","type":"post","link":"https:\/\/gremicafe.cat\/es\/2022\/01\/18\/reflexions-entorn-el-cafe-reciclem-correctament-les-capsules-de-cafe\/","title":{"rendered":"Reflexiones en torno al caf\u00e9: \u00bfReciclamos correctamente las c\u00e1psulas de caf\u00e9?"},"content":{"rendered":"<p><img loading=\"lazy\" decoding=\"async\" class=\"aligncenter size-full wp-image-6420\" src=\"https:\/\/gremicafe.cat\/wp-content\/uploads\/2022\/01\/capsules-cafe-gremicafe.jpg\" alt=\"\" width=\"1200\" height=\"800\" srcset=\"https:\/\/gremicafe.cat\/wp-content\/uploads\/2022\/01\/capsules-cafe-gremicafe.jpg 1200w, https:\/\/gremicafe.cat\/wp-content\/uploads\/2022\/01\/capsules-cafe-gremicafe-768x512.jpg 768w, https:\/\/gremicafe.cat\/wp-content\/uploads\/2022\/01\/capsules-cafe-gremicafe-1080x720.jpg 1080w\" sizes=\"(max-width: 1200px) 100vw, 1200px\" \/><\/p>\n<p>&nbsp;<\/p>\n<p>Despu\u00e9s del almuerzo, preparo la cafetera para disfrutar del caf\u00e9 del mediod\u00eda. Pongo el agua, la c\u00e1psula, pulso el bot\u00f3n y me dispongo a disfrutarlo. Mientras lo hago, <strong>me pregunto: \u00bfY ahora qu\u00e9?<\/strong><br \/>\n<strong>En casa somos de reciclar y dar una segunda vida a todo lo posible.<\/strong> M\u00e1s ahora que el planeta sufre un exceso de residuos. Pero hasta el d\u00eda de hoy no me hab\u00eda planteado <strong>reciclar las c\u00e1psulas de caf\u00e9<\/strong>. Y decido dar un paso m\u00e1s, por m\u00ed y por el planeta. Tal y como dec\u00eda el Capit\u00e1n Lechuga, un superh\u00e9roe de los a\u00f1os noventa que divulgaba consejos ecol\u00f3gicos, \u201clos peque\u00f1os cambios son poderosos\u201d. Me dispongo a quitar la c\u00e1psula y separo el aluminio del marr\u00f3n, y deposito los restos del caf\u00e9 en una nueva bolsa de lo org\u00e1nico. He pensado que cuando la tenga llena utilizar\u00e9 como fertilizante para las plantas, es un nutriente excelente, ya que el residuo del caf\u00e9 contiene nitr\u00f3geno y f\u00f3sforo. Y con las c\u00e1psulas realizaremos trabajos manuales, que a mis hijas les encanta.<\/p>\n<p>Lo que <strong>no debe hacer nunca es tirar las c\u00e1psulas al contenedor amarillo<\/strong>, debido a que no se consideran envases. Para ir bien, las c\u00e1psulas no compostables deber\u00edan ir al punto limpio, ya que tienen un contenedor especial, y as\u00ed favorecemos la econom\u00eda circular.<\/p>\n<p>Ya veis que el simple hecho de hacerse un caf\u00e9, comporta una <strong>gran responsabilidad medioambiental si eliges tomarlo en formato c\u00e1psula<\/strong>. Es necesario que entre todos hagamos un esfuerzo y seamos conscientes de la gran responsabilidad que tenemos para garantizar que se reciclen las c\u00e1psulas de caf\u00e9 y puedan tener una segunda vida.<\/p>\n<p><strong>Reciclar correctamente las c\u00e1psulas es vital para reducir el impacto medioambiental<\/strong> que causan las c\u00e1psulas usadas Si reciclamos se necesitar\u00e1 menos energ\u00eda para obtener materia prima reciclada, ahorrando no s\u00f3lo energ\u00eda sino tambi\u00e9n emisiones de CO\u2082 De esta forma ayudamos de alguna manera a reducir la contaminaci\u00f3n y mejorar as\u00ed el aire que respiramos.<\/p>\n<p>&nbsp;<\/p>\n<p>Eva Salvat, periodista<\/p>\n<p><a href=\"mailto:eva.salvat@gremicafe.cat\">eva.salvat@gremicafe.cat<\/a><\/p>","protected":false},"excerpt":{"rendered":"<p>&nbsp; Despr\u00e9s de dinar, preparo la cafetera per gaudir del caf\u00e8 del migdia. Poso l&#8217;aigua, la c\u00e0psula, premo el bot\u00f3 i em disposo a fruir-lo. Mentre ho faig, em pregunto: I ara qu\u00e8? A casa som de reciclar i donar una segona vida a tot el que sigui possible. I m\u00e9s ara que el planeta [&hellip;]<\/p>\n","protected":false},"author":1,"featured_media":6420,"comment_status":"closed","ping_status":"open","sticky":false,"template":"","format":"standard","meta":{"_acf_changed":false,"inline_featured_image":false,"footnotes":""},"categories":[1],"tags":[],"class_list":["post-6419","post","type-post","status-publish","format-standard","has-post-thumbnail","hentry","category-noticies"],"acf":[],"yoast_head":"<!-- This site is optimized with the Yoast SEO plugin v25.5 - https:\/\/yoast.com\/wordpress\/plugins\/seo\/ -->\n<title>Reflexions entorn el caf\u00e8: Reciclem correctament les c\u00e0psules de caf\u00e8? - Gremi del Caf\u00e8, torradors de Catalunya<\/title>\n<meta name=\"robots\" content=\"index, follow, max-snippet:-1, max-image-preview:large, max-video-preview:-1\" \/>\n<link rel=\"canonical\" href=\"https:\/\/gremicafe.cat\/es\/2022\/01\/18\/reflexions-entorn-el-cafe-reciclem-correctament-les-capsules-de-cafe\/\" \/>\n<meta property=\"og:locale\" content=\"es_ES\" \/>\n<meta property=\"og:type\" content=\"article\" \/>\n<meta property=\"og:title\" content=\"Reflexions entorn el caf\u00e8: Reciclem correctament les c\u00e0psules de caf\u00e8? - Gremi del Caf\u00e8, torradors de Catalunya\" \/>\n<meta property=\"og:description\" content=\"&nbsp; Despr\u00e9s de dinar, preparo la cafetera per gaudir del caf\u00e8 del migdia. Poso l&#8217;aigua, la c\u00e0psula, premo el bot\u00f3 i em disposo a fruir-lo. Mentre ho faig, em pregunto: I ara qu\u00e8? A casa som de reciclar i donar una segona vida a tot el que sigui possible. I m\u00e9s ara que el planeta [&hellip;]\" \/>\n<meta property=\"og:url\" content=\"https:\/\/gremicafe.cat\/es\/2022\/01\/18\/reflexions-entorn-el-cafe-reciclem-correctament-les-capsules-de-cafe\/\" \/>\n<meta property=\"og:site_name\" content=\"Gremi del Caf\u00e8, torradors de Catalunya\" \/>\n<meta property=\"article:publisher\" content=\"https:\/\/www.facebook.com\/gremicafecat\" \/>\n<meta property=\"article:published_time\" content=\"2022-01-18T16:08:11+00:00\" \/>\n<meta property=\"article:modified_time\" content=\"2022-02-24T15:20:40+00:00\" \/>\n<meta property=\"og:image\" content=\"https:\/\/gremicafe.cat\/wp-content\/uploads\/2022\/01\/capsules-cafe-gremicafe.jpg\" \/>\n\t<meta property=\"og:image:width\" content=\"1200\" \/>\n\t<meta property=\"og:image:height\" content=\"800\" \/>\n\t<meta property=\"og:image:type\" content=\"image\/jpeg\" \/>\n<meta name=\"author\" content=\"gremicafe\" \/>\n<meta name=\"twitter:card\" content=\"summary_large_image\" \/>\n<meta name=\"twitter:creator\" content=\"@gremicafecat\" \/>\n<meta name=\"twitter:site\" content=\"@gremicafecat\" \/>\n<meta name=\"twitter:label1\" content=\"Escrito por\" \/>\n\t<meta name=\"twitter:data1\" content=\"gremicafe\" \/>\n\t<meta name=\"twitter:label2\" content=\"Tiempo de lectura\" \/>\n\t<meta name=\"twitter:data2\" content=\"2 minutos\" \/>\n<script type=\"application\/ld+json\" class=\"yoast-schema-graph\">{\"@context\":\"https:\/\/schema.org\",\"@graph\":[{\"@type\":\"Article\",\"@id\":\"https:\/\/gremicafe.cat\/2022\/01\/18\/reflexions-entorn-el-cafe-reciclem-correctament-les-capsules-de-cafe\/#article\",\"isPartOf\":{\"@id\":\"https:\/\/gremicafe.cat\/2022\/01\/18\/reflexions-entorn-el-cafe-reciclem-correctament-les-capsules-de-cafe\/\"},\"author\":{\"name\":\"gremicafe\",\"@id\":\"https:\/\/gremicafe.cat\/#\/schema\/person\/dabfdbb3d0fa36260855a380f94e4733\"},\"headline\":\"Reflexions entorn el caf\u00e8: Reciclem correctament les c\u00e0psules de caf\u00e8?\",\"datePublished\":\"2022-01-18T16:08:11+00:00\",\"dateModified\":\"2022-02-24T15:20:40+00:00\",\"mainEntityOfPage\":{\"@id\":\"https:\/\/gremicafe.cat\/2022\/01\/18\/reflexions-entorn-el-cafe-reciclem-correctament-les-capsules-de-cafe\/\"},\"wordCount\":359,\"publisher\":{\"@id\":\"https:\/\/gremicafe.cat\/#organization\"},\"image\":{\"@id\":\"https:\/\/gremicafe.cat\/2022\/01\/18\/reflexions-entorn-el-cafe-reciclem-correctament-les-capsules-de-cafe\/#primaryimage\"},\"thumbnailUrl\":\"https:\/\/gremicafe.cat\/wp-content\/uploads\/2022\/01\/capsules-cafe-gremicafe.jpg\",\"articleSection\":[\"Not\u00edcies\"],\"inLanguage\":\"es\"},{\"@type\":\"WebPage\",\"@id\":\"https:\/\/gremicafe.cat\/2022\/01\/18\/reflexions-entorn-el-cafe-reciclem-correctament-les-capsules-de-cafe\/\",\"url\":\"https:\/\/gremicafe.cat\/2022\/01\/18\/reflexions-entorn-el-cafe-reciclem-correctament-les-capsules-de-cafe\/\",\"name\":\"Reflexions entorn el caf\u00e8: Reciclem correctament les c\u00e0psules de caf\u00e8? - Gremi del Caf\u00e8, torradors de Catalunya\",\"isPartOf\":{\"@id\":\"https:\/\/gremicafe.cat\/#website\"},\"primaryImageOfPage\":{\"@id\":\"https:\/\/gremicafe.cat\/2022\/01\/18\/reflexions-entorn-el-cafe-reciclem-correctament-les-capsules-de-cafe\/#primaryimage\"},\"image\":{\"@id\":\"https:\/\/gremicafe.cat\/2022\/01\/18\/reflexions-entorn-el-cafe-reciclem-correctament-les-capsules-de-cafe\/#primaryimage\"},\"thumbnailUrl\":\"https:\/\/gremicafe.cat\/wp-content\/uploads\/2022\/01\/capsules-cafe-gremicafe.jpg\",\"datePublished\":\"2022-01-18T16:08:11+00:00\",\"dateModified\":\"2022-02-24T15:20:40+00:00\",\"breadcrumb\":{\"@id\":\"https:\/\/gremicafe.cat\/2022\/01\/18\/reflexions-entorn-el-cafe-reciclem-correctament-les-capsules-de-cafe\/#breadcrumb\"},\"inLanguage\":\"es\",\"potentialAction\":[{\"@type\":\"ReadAction\",\"target\":[\"https:\/\/gremicafe.cat\/2022\/01\/18\/reflexions-entorn-el-cafe-reciclem-correctament-les-capsules-de-cafe\/\"]}]},{\"@type\":\"ImageObject\",\"inLanguage\":\"es\",\"@id\":\"https:\/\/gremicafe.cat\/2022\/01\/18\/reflexions-entorn-el-cafe-reciclem-correctament-les-capsules-de-cafe\/#primaryimage\",\"url\":\"https:\/\/gremicafe.cat\/wp-content\/uploads\/2022\/01\/capsules-cafe-gremicafe.jpg\",\"contentUrl\":\"https:\/\/gremicafe.cat\/wp-content\/uploads\/2022\/01\/capsules-cafe-gremicafe.jpg\",\"width\":1200,\"height\":800,\"caption\":\"capsules cafe - gremi cafe\"},{\"@type\":\"BreadcrumbList\",\"@id\":\"https:\/\/gremicafe.cat\/2022\/01\/18\/reflexions-entorn-el-cafe-reciclem-correctament-les-capsules-de-cafe\/#breadcrumb\",\"itemListElement\":[{\"@type\":\"ListItem\",\"position\":1,\"name\":\"Inici\",\"item\":\"https:\/\/gremicafe.cat\/\"},{\"@type\":\"ListItem\",\"position\":2,\"name\":\"Reflexions entorn el caf\u00e8: Reciclem correctament les c\u00e0psules de caf\u00e8?\"}]},{\"@type\":\"WebSite\",\"@id\":\"https:\/\/gremicafe.cat\/#website\",\"url\":\"https:\/\/gremicafe.cat\/\",\"name\":\"Gremi del Caf\u00e8, torradors de Catalunya\",\"description\":\"Web oficial del gremi de torradors de caf\u00e8 de Catalunya\",\"publisher\":{\"@id\":\"https:\/\/gremicafe.cat\/#organization\"},\"potentialAction\":[{\"@type\":\"SearchAction\",\"target\":{\"@type\":\"EntryPoint\",\"urlTemplate\":\"https:\/\/gremicafe.cat\/?s={search_term_string}\"},\"query-input\":{\"@type\":\"PropertyValueSpecification\",\"valueRequired\":true,\"valueName\":\"search_term_string\"}}],\"inLanguage\":\"es\"},{\"@type\":\"Organization\",\"@id\":\"https:\/\/gremicafe.cat\/#organization\",\"name\":\"Gremi del Caf\u00e8, Torradors de Catalunya\",\"url\":\"https:\/\/gremicafe.cat\/\",\"logo\":{\"@type\":\"ImageObject\",\"inLanguage\":\"es\",\"@id\":\"https:\/\/gremicafe.cat\/#\/schema\/logo\/image\/\",\"url\":\"https:\/\/gremicafe.cat\/wp-content\/uploads\/2018\/03\/gremicafe-logo250.png\",\"contentUrl\":\"https:\/\/gremicafe.cat\/wp-content\/uploads\/2018\/03\/gremicafe-logo250.png\",\"width\":250,\"height\":49,\"caption\":\"Gremi del Caf\u00e8, Torradors de Catalunya\"},\"image\":{\"@id\":\"https:\/\/gremicafe.cat\/#\/schema\/logo\/image\/\"},\"sameAs\":[\"https:\/\/www.facebook.com\/gremicafecat\",\"https:\/\/x.com\/gremicafecat\",\"https:\/\/www.instagram.com\/gremicafecat\/\",\"https:\/\/www.pinterest.es\/gremicafecat\/\",\"https:\/\/www.youtube.com\/channel\/UCGLo5Y35vLwLvP4FrPZrCrw\/\"]},{\"@type\":\"Person\",\"@id\":\"https:\/\/gremicafe.cat\/#\/schema\/person\/dabfdbb3d0fa36260855a380f94e4733\",\"name\":\"gremicafe\",\"image\":{\"@type\":\"ImageObject\",\"inLanguage\":\"es\",\"@id\":\"https:\/\/gremicafe.cat\/#\/schema\/person\/image\/\",\"url\":\"https:\/\/secure.gravatar.com\/avatar\/e59baa4ca8f6f97576d6375fb6d3c8f0?s=96&d=mm&r=g\",\"contentUrl\":\"https:\/\/secure.gravatar.com\/avatar\/e59baa4ca8f6f97576d6375fb6d3c8f0?s=96&d=mm&r=g\",\"caption\":\"gremicafe\"}}]}<\/script>\n<!-- \/ Yoast SEO plugin. -->","yoast_head_json":{"title":"Reflexions entorn el caf\u00e8: Reciclem correctament les c\u00e0psules de caf\u00e8? - Gremi del Caf\u00e8, torradors de Catalunya","robots":{"index":"index","follow":"follow","max-snippet":"max-snippet:-1","max-image-preview":"max-image-preview:large","max-video-preview":"max-video-preview:-1"},"canonical":"https:\/\/gremicafe.cat\/es\/2022\/01\/18\/reflexions-entorn-el-cafe-reciclem-correctament-les-capsules-de-cafe\/","og_locale":"es_ES","og_type":"article","og_title":"Reflexions entorn el caf\u00e8: Reciclem correctament les c\u00e0psules de caf\u00e8? - Gremi del Caf\u00e8, torradors de Catalunya","og_description":"&nbsp; Despr\u00e9s de dinar, preparo la cafetera per gaudir del caf\u00e8 del migdia. Poso l&#8217;aigua, la c\u00e0psula, premo el bot\u00f3 i em disposo a fruir-lo. Mentre ho faig, em pregunto: I ara qu\u00e8? A casa som de reciclar i donar una segona vida a tot el que sigui possible. I m\u00e9s ara que el planeta [&hellip;]","og_url":"https:\/\/gremicafe.cat\/es\/2022\/01\/18\/reflexions-entorn-el-cafe-reciclem-correctament-les-capsules-de-cafe\/","og_site_name":"Gremi del Caf\u00e8, torradors de Catalunya","article_publisher":"https:\/\/www.facebook.com\/gremicafecat","article_published_time":"2022-01-18T16:08:11+00:00","article_modified_time":"2022-02-24T15:20:40+00:00","og_image":[{"width":1200,"height":800,"url":"https:\/\/gremicafe.cat\/wp-content\/uploads\/2022\/01\/capsules-cafe-gremicafe.jpg","type":"image\/jpeg"}],"author":"gremicafe","twitter_card":"summary_large_image","twitter_creator":"@gremicafecat","twitter_site":"@gremicafecat","twitter_misc":{"Escrito por":"gremicafe","Tiempo de lectura":"2 minutos"},"schema":{"@context":"https:\/\/schema.org","@graph":[{"@type":"Article","@id":"https:\/\/gremicafe.cat\/2022\/01\/18\/reflexions-entorn-el-cafe-reciclem-correctament-les-capsules-de-cafe\/#article","isPartOf":{"@id":"https:\/\/gremicafe.cat\/2022\/01\/18\/reflexions-entorn-el-cafe-reciclem-correctament-les-capsules-de-cafe\/"},"author":{"name":"gremicafe","@id":"https:\/\/gremicafe.cat\/#\/schema\/person\/dabfdbb3d0fa36260855a380f94e4733"},"headline":"Reflexions entorn el caf\u00e8: Reciclem correctament les c\u00e0psules de caf\u00e8?","datePublished":"2022-01-18T16:08:11+00:00","dateModified":"2022-02-24T15:20:40+00:00","mainEntityOfPage":{"@id":"https:\/\/gremicafe.cat\/2022\/01\/18\/reflexions-entorn-el-cafe-reciclem-correctament-les-capsules-de-cafe\/"},"wordCount":359,"publisher":{"@id":"https:\/\/gremicafe.cat\/#organization"},"image":{"@id":"https:\/\/gremicafe.cat\/2022\/01\/18\/reflexions-entorn-el-cafe-reciclem-correctament-les-capsules-de-cafe\/#primaryimage"},"thumbnailUrl":"https:\/\/gremicafe.cat\/wp-content\/uploads\/2022\/01\/capsules-cafe-gremicafe.jpg","articleSection":["Not\u00edcies"],"inLanguage":"es"},{"@type":"WebPage","@id":"https:\/\/gremicafe.cat\/2022\/01\/18\/reflexions-entorn-el-cafe-reciclem-correctament-les-capsules-de-cafe\/","url":"https:\/\/gremicafe.cat\/2022\/01\/18\/reflexions-entorn-el-cafe-reciclem-correctament-les-capsules-de-cafe\/","name":"Reflexions entorn el caf\u00e8: Reciclem correctament les c\u00e0psules de caf\u00e8? - Gremi del Caf\u00e8, torradors de Catalunya","isPartOf":{"@id":"https:\/\/gremicafe.cat\/#website"},"primaryImageOfPage":{"@id":"https:\/\/gremicafe.cat\/2022\/01\/18\/reflexions-entorn-el-cafe-reciclem-correctament-les-capsules-de-cafe\/#primaryimage"},"image":{"@id":"https:\/\/gremicafe.cat\/2022\/01\/18\/reflexions-entorn-el-cafe-reciclem-correctament-les-capsules-de-cafe\/#primaryimage"},"thumbnailUrl":"https:\/\/gremicafe.cat\/wp-content\/uploads\/2022\/01\/capsules-cafe-gremicafe.jpg","datePublished":"2022-01-18T16:08:11+00:00","dateModified":"2022-02-24T15:20:40+00:00","breadcrumb":{"@id":"https:\/\/gremicafe.cat\/2022\/01\/18\/reflexions-entorn-el-cafe-reciclem-correctament-les-capsules-de-cafe\/#breadcrumb"},"inLanguage":"es","potentialAction":[{"@type":"ReadAction","target":["https:\/\/gremicafe.cat\/2022\/01\/18\/reflexions-entorn-el-cafe-reciclem-correctament-les-capsules-de-cafe\/"]}]},{"@type":"ImageObject","inLanguage":"es","@id":"https:\/\/gremicafe.cat\/2022\/01\/18\/reflexions-entorn-el-cafe-reciclem-correctament-les-capsules-de-cafe\/#primaryimage","url":"https:\/\/gremicafe.cat\/wp-content\/uploads\/2022\/01\/capsules-cafe-gremicafe.jpg","contentUrl":"https:\/\/gremicafe.cat\/wp-content\/uploads\/2022\/01\/capsules-cafe-gremicafe.jpg","width":1200,"height":800,"caption":"capsules cafe - gremi cafe"},{"@type":"BreadcrumbList","@id":"https:\/\/gremicafe.cat\/2022\/01\/18\/reflexions-entorn-el-cafe-reciclem-correctament-les-capsules-de-cafe\/#breadcrumb","itemListElement":[{"@type":"ListItem","position":1,"name":"Inici","item":"https:\/\/gremicafe.cat\/"},{"@type":"ListItem","position":2,"name":"Reflexions entorn el caf\u00e8: Reciclem correctament les c\u00e0psules de caf\u00e8?"}]},{"@type":"WebSite","@id":"https:\/\/gremicafe.cat\/#website","url":"https:\/\/gremicafe.cat\/","name":"Gremio del Caf\u00e9, tostadores de Catalu\u00f1a","description":"Web oficial del gremio de tostadores de caf\u00e9 de Catalunya","publisher":{"@id":"https:\/\/gremicafe.cat\/#organization"},"potentialAction":[{"@type":"SearchAction","target":{"@type":"EntryPoint","urlTemplate":"https:\/\/gremicafe.cat\/?s={search_term_string}"},"query-input":{"@type":"PropertyValueSpecification","valueRequired":true,"valueName":"search_term_string"}}],"inLanguage":"es"},{"@type":"Organization","@id":"https:\/\/gremicafe.cat\/#organization","name":"Gremio del Caf\u00e9, Tostadores de Catalu\u00f1a","url":"https:\/\/gremicafe.cat\/","logo":{"@type":"ImageObject","inLanguage":"es","@id":"https:\/\/gremicafe.cat\/#\/schema\/logo\/image\/","url":"https:\/\/gremicafe.cat\/wp-content\/uploads\/2018\/03\/gremicafe-logo250.png","contentUrl":"https:\/\/gremicafe.cat\/wp-content\/uploads\/2018\/03\/gremicafe-logo250.png","width":250,"height":49,"caption":"Gremi del Caf\u00e8, Torradors de Catalunya"},"image":{"@id":"https:\/\/gremicafe.cat\/#\/schema\/logo\/image\/"},"sameAs":["https:\/\/www.facebook.com\/gremicafecat","https:\/\/x.com\/gremicafecat","https:\/\/www.instagram.com\/gremicafecat\/","https:\/\/www.pinterest.es\/gremicafecat\/","https:\/\/www.youtube.com\/channel\/UCGLo5Y35vLwLvP4FrPZrCrw\/"]},{"@type":"Person","@id":"https:\/\/gremicafe.cat\/#\/schema\/person\/dabfdbb3d0fa36260855a380f94e4733","name":"gremicafe","image":{"@type":"ImageObject","inLanguage":"es","@id":"https:\/\/gremicafe.cat\/#\/schema\/person\/image\/","url":"https:\/\/secure.gravatar.com\/avatar\/e59baa4ca8f6f97576d6375fb6d3c8f0?s=96&d=mm&r=g","contentUrl":"https:\/\/secure.gravatar.com\/avatar\/e59baa4ca8f6f97576d6375fb6d3c8f0?s=96&d=mm&r=g","caption":"gremicafe"}}]}},"_links":{"self":[{"href":"https:\/\/gremicafe.cat\/es\/wp-json\/wp\/v2\/posts\/6419"}],"collection":[{"href":"https:\/\/gremicafe.cat\/es\/wp-json\/wp\/v2\/posts"}],"about":[{"href":"https:\/\/gremicafe.cat\/es\/wp-json\/wp\/v2\/types\/post"}],"author":[{"embeddable":true,"href":"https:\/\/gremicafe.cat\/es\/wp-json\/wp\/v2\/users\/1"}],"replies":[{"embeddable":true,"href":"https:\/\/gremicafe.cat\/es\/wp-json\/wp\/v2\/comments?post=6419"}],"version-history":[{"count":0,"href":"https:\/\/gremicafe.cat\/es\/wp-json\/wp\/v2\/posts\/6419\/revisions"}],"wp:featuredmedia":[{"embeddable":true,"href":"https:\/\/gremicafe.cat\/es\/wp-json\/wp\/v2\/media\/6420"}],"wp:attachment":[{"href":"https:\/\/gremicafe.cat\/es\/wp-json\/wp\/v2\/media?parent=6419"}],"wp:term":[{"taxonomy":"category","embeddable":true,"href":"https:\/\/gremicafe.cat\/es\/wp-json\/wp\/v2\/categories?post=6419"},{"taxonomy":"post_tag","embeddable":true,"href":"https:\/\/gremicafe.cat\/es\/wp-json\/wp\/v2\/tags?post=6419"}],"curies":[{"name":"wp","href":"https:\/\/api.w.org\/{rel}","templated":true}]}}