{"id":6424,"date":"2022-01-25T12:16:52","date_gmt":"2022-01-25T10:16:52","guid":{"rendered":"https:\/\/gremicafe.cat\/?p=6424"},"modified":"2022-02-24T17:38:38","modified_gmt":"2022-02-24T15:38:38","slug":"el-cafe-un-vehicle-dinversio-rendible-i-a-llarg-termini","status":"publish","type":"post","link":"https:\/\/gremicafe.cat\/es\/2022\/01\/25\/el-cafe-un-vehicle-dinversio-rendible-i-a-llarg-termini\/","title":{"rendered":"El caf\u00e9, un veh\u00edculo de inversi\u00f3n rentable ya largo plazo"},"content":{"rendered":"<p><img loading=\"lazy\" decoding=\"async\" class=\"aligncenter size-full wp-image-6425\" src=\"https:\/\/gremicafe.cat\/wp-content\/uploads\/2022\/01\/cafe-gra-tassa.jpg\" alt=\"\" width=\"1200\" height=\"1800\" srcset=\"https:\/\/gremicafe.cat\/wp-content\/uploads\/2022\/01\/cafe-gra-tassa.jpg 1200w, https:\/\/gremicafe.cat\/wp-content\/uploads\/2022\/01\/cafe-gra-tassa-768x1152.jpg 768w, https:\/\/gremicafe.cat\/wp-content\/uploads\/2022\/01\/cafe-gra-tassa-1024x1536.jpg 1024w, https:\/\/gremicafe.cat\/wp-content\/uploads\/2022\/01\/cafe-gra-tassa-480x720.jpg 480w\" sizes=\"(max-width: 1200px) 100vw, 1200px\" \/><\/p>\n<p>&nbsp;<\/p>\n<p><strong>El precio del caf\u00e9 se ha aumentado de forma dr\u00e1stica en los \u00faltimos meses Y aunque los consumidores, est\u00e1n pagando sus consecuencias, este hecho ha favorecido a la valoraci\u00f3n del caf\u00e9, y, por tanto, a los inversores de \u00e9sta. materia prima.<\/strong><\/p>\n<p>La crisis energ\u00e9tica, el cambio clim\u00e1tico en los pa\u00edses productores de caf\u00e9, y su demanda al alza debido al aumento de consumo de caf\u00e9 en los domicilios, son los principales factores que determinan la valoraci\u00f3n del caf\u00e9.<\/p>\n<p>\u201cA pesar del creciente valor del caf\u00e9, <strong>el consumo global ha crecido casi un 2% respecto a 2020<\/strong>. La\u00a0<strong><span class=\"hiddenSpellError\">International<\/span>\u00a0<span class=\"hiddenSpellError\">Coffee<\/span>\u00a0<span class=\"hiddenSpellError\">Organization<\/span>\u00a0(ICO)<\/strong> estima que el consumo mundial de caf\u00e9 se estima en 167,15 millones de sacos.\u201d<\/p>\n<p>As\u00ed pues, <strong>el caf\u00e9 se sit\u00faa como uno de los veh\u00edculos de inversi\u00f3n m\u00e1s rentable a largo plazo<\/strong>, puesto que cuenta con una demanda estable, incluso se prev\u00e9 un aumento del consumo de caf\u00e9. El valor del caf\u00e9 va aumentando, y las previsiones tambi\u00e9n apuntan a que seguir\u00e1 esta tendencia al alza.<\/p>\n<p><strong>Hay varias formas de invertir con caf\u00e9<\/strong><\/p>\n<p>Una opci\u00f3n es a trav\u00e9s de las grandes empresas cafeteras que cotizan en bolsa. Aunque est\u00e1n experimentando una situaci\u00f3n totalmente opuesta a la del valor de caf\u00e9.<\/p>\n<p>Otra forma de invertir en caf\u00e9 es trav\u00e9s de\u00a0<span class=\"hiddenSpellError\">CFD<\/span>\u00a0(contratos por diferencia). Es la forma m\u00e1s flexible de invertir, ya que no importa si el valor sube o baja. Lo \u00fanico que tiene peso para el inversor es si acierta su pron\u00f3stico.<\/p>\n<p>&nbsp;<\/p>\n<p>Fuente noticia: <a href=\"https:\/\/www.inversion.es\/2022\/01\/21\/el-gran-milagro-del-cafe-gracias-a-la-crisis-energetica\/\">inversion.es<\/a><\/p>\n<p>&nbsp;<\/p>","protected":false},"excerpt":{"rendered":"<p>&nbsp; El preu del caf\u00e8 s&#8217;ha augmentat de forma dr\u00e0stica en els \u00faltims mesos. I tot i que els consumidors, n&#8217;estan pagant les conseq\u00fc\u00e8ncies, aquest fet ha afavorit a la valoraci\u00f3 del caf\u00e8, i, per tant, als inversors d&#8217;aquesta mat\u00e8ria primera. La crisi energ\u00e8tica, el canvi clim\u00e0tic als pa\u00efsos productors de caf\u00e8, i la seva [&hellip;]<\/p>\n","protected":false},"author":1,"featured_media":6425,"comment_status":"closed","ping_status":"open","sticky":false,"template":"","format":"standard","meta":{"_acf_changed":false,"inline_featured_image":false,"footnotes":""},"categories":[1],"tags":[],"class_list":["post-6424","post","type-post","status-publish","format-standard","has-post-thumbnail","hentry","category-noticies"],"acf":[],"yoast_head":"<!-- This site is optimized with the Yoast SEO plugin v25.5 - https:\/\/yoast.com\/wordpress\/plugins\/seo\/ -->\n<title>El caf\u00e8, un vehicle d&#039;inversi\u00f3 rendible i a llarg termini - Gremi del Caf\u00e8, torradors de Catalunya<\/title>\n<meta name=\"robots\" content=\"index, follow, max-snippet:-1, max-image-preview:large, max-video-preview:-1\" \/>\n<link rel=\"canonical\" href=\"https:\/\/gremicafe.cat\/es\/2022\/01\/25\/el-cafe-un-vehicle-dinversio-rendible-i-a-llarg-termini\/\" \/>\n<meta property=\"og:locale\" content=\"es_ES\" \/>\n<meta property=\"og:type\" content=\"article\" \/>\n<meta property=\"og:title\" content=\"El caf\u00e8, un vehicle d&#039;inversi\u00f3 rendible i a llarg termini - Gremi del Caf\u00e8, torradors de Catalunya\" \/>\n<meta property=\"og:description\" content=\"&nbsp; El preu del caf\u00e8 s&#8217;ha augmentat de forma dr\u00e0stica en els \u00faltims mesos. I tot i que els consumidors, n&#8217;estan pagant les conseq\u00fc\u00e8ncies, aquest fet ha afavorit a la valoraci\u00f3 del caf\u00e8, i, per tant, als inversors d&#8217;aquesta mat\u00e8ria primera. La crisi energ\u00e8tica, el canvi clim\u00e0tic als pa\u00efsos productors de caf\u00e8, i la seva [&hellip;]\" \/>\n<meta property=\"og:url\" content=\"https:\/\/gremicafe.cat\/es\/2022\/01\/25\/el-cafe-un-vehicle-dinversio-rendible-i-a-llarg-termini\/\" \/>\n<meta property=\"og:site_name\" content=\"Gremi del Caf\u00e8, torradors de Catalunya\" \/>\n<meta property=\"article:publisher\" content=\"https:\/\/www.facebook.com\/gremicafecat\" \/>\n<meta property=\"article:published_time\" content=\"2022-01-25T10:16:52+00:00\" \/>\n<meta property=\"article:modified_time\" content=\"2022-02-24T15:38:38+00:00\" \/>\n<meta property=\"og:image\" content=\"https:\/\/gremicafe.cat\/wp-content\/uploads\/2022\/01\/cafe-gra-tassa.jpg\" \/>\n\t<meta property=\"og:image:width\" content=\"1200\" \/>\n\t<meta property=\"og:image:height\" content=\"1800\" \/>\n\t<meta property=\"og:image:type\" content=\"image\/jpeg\" \/>\n<meta name=\"author\" content=\"gremicafe\" \/>\n<meta name=\"twitter:card\" content=\"summary_large_image\" \/>\n<meta name=\"twitter:creator\" content=\"@gremicafecat\" \/>\n<meta name=\"twitter:site\" content=\"@gremicafecat\" \/>\n<meta name=\"twitter:label1\" content=\"Escrito por\" \/>\n\t<meta name=\"twitter:data1\" content=\"gremicafe\" \/>\n\t<meta name=\"twitter:label2\" content=\"Tiempo de lectura\" \/>\n\t<meta name=\"twitter:data2\" content=\"2 minutos\" \/>\n<script type=\"application\/ld+json\" class=\"yoast-schema-graph\">{\"@context\":\"https:\/\/schema.org\",\"@graph\":[{\"@type\":\"Article\",\"@id\":\"https:\/\/gremicafe.cat\/2022\/01\/25\/el-cafe-un-vehicle-dinversio-rendible-i-a-llarg-termini\/#article\",\"isPartOf\":{\"@id\":\"https:\/\/gremicafe.cat\/2022\/01\/25\/el-cafe-un-vehicle-dinversio-rendible-i-a-llarg-termini\/\"},\"author\":{\"name\":\"gremicafe\",\"@id\":\"https:\/\/gremicafe.cat\/#\/schema\/person\/dabfdbb3d0fa36260855a380f94e4733\"},\"headline\":\"El caf\u00e8, un vehicle d&#8217;inversi\u00f3 rendible i a llarg termini\",\"datePublished\":\"2022-01-25T10:16:52+00:00\",\"dateModified\":\"2022-02-24T15:38:38+00:00\",\"mainEntityOfPage\":{\"@id\":\"https:\/\/gremicafe.cat\/2022\/01\/25\/el-cafe-un-vehicle-dinversio-rendible-i-a-llarg-termini\/\"},\"wordCount\":275,\"publisher\":{\"@id\":\"https:\/\/gremicafe.cat\/#organization\"},\"image\":{\"@id\":\"https:\/\/gremicafe.cat\/2022\/01\/25\/el-cafe-un-vehicle-dinversio-rendible-i-a-llarg-termini\/#primaryimage\"},\"thumbnailUrl\":\"https:\/\/gremicafe.cat\/wp-content\/uploads\/2022\/01\/cafe-gra-tassa.jpg\",\"articleSection\":[\"Not\u00edcies\"],\"inLanguage\":\"es\"},{\"@type\":\"WebPage\",\"@id\":\"https:\/\/gremicafe.cat\/2022\/01\/25\/el-cafe-un-vehicle-dinversio-rendible-i-a-llarg-termini\/\",\"url\":\"https:\/\/gremicafe.cat\/2022\/01\/25\/el-cafe-un-vehicle-dinversio-rendible-i-a-llarg-termini\/\",\"name\":\"El caf\u00e8, un vehicle d'inversi\u00f3 rendible i a llarg termini - Gremi del Caf\u00e8, torradors de Catalunya\",\"isPartOf\":{\"@id\":\"https:\/\/gremicafe.cat\/#website\"},\"primaryImageOfPage\":{\"@id\":\"https:\/\/gremicafe.cat\/2022\/01\/25\/el-cafe-un-vehicle-dinversio-rendible-i-a-llarg-termini\/#primaryimage\"},\"image\":{\"@id\":\"https:\/\/gremicafe.cat\/2022\/01\/25\/el-cafe-un-vehicle-dinversio-rendible-i-a-llarg-termini\/#primaryimage\"},\"thumbnailUrl\":\"https:\/\/gremicafe.cat\/wp-content\/uploads\/2022\/01\/cafe-gra-tassa.jpg\",\"datePublished\":\"2022-01-25T10:16:52+00:00\",\"dateModified\":\"2022-02-24T15:38:38+00:00\",\"breadcrumb\":{\"@id\":\"https:\/\/gremicafe.cat\/2022\/01\/25\/el-cafe-un-vehicle-dinversio-rendible-i-a-llarg-termini\/#breadcrumb\"},\"inLanguage\":\"es\",\"potentialAction\":[{\"@type\":\"ReadAction\",\"target\":[\"https:\/\/gremicafe.cat\/2022\/01\/25\/el-cafe-un-vehicle-dinversio-rendible-i-a-llarg-termini\/\"]}]},{\"@type\":\"ImageObject\",\"inLanguage\":\"es\",\"@id\":\"https:\/\/gremicafe.cat\/2022\/01\/25\/el-cafe-un-vehicle-dinversio-rendible-i-a-llarg-termini\/#primaryimage\",\"url\":\"https:\/\/gremicafe.cat\/wp-content\/uploads\/2022\/01\/cafe-gra-tassa.jpg\",\"contentUrl\":\"https:\/\/gremicafe.cat\/wp-content\/uploads\/2022\/01\/cafe-gra-tassa.jpg\",\"width\":1200,\"height\":1800,\"caption\":\"cafe gra tassa\"},{\"@type\":\"BreadcrumbList\",\"@id\":\"https:\/\/gremicafe.cat\/2022\/01\/25\/el-cafe-un-vehicle-dinversio-rendible-i-a-llarg-termini\/#breadcrumb\",\"itemListElement\":[{\"@type\":\"ListItem\",\"position\":1,\"name\":\"Inici\",\"item\":\"https:\/\/gremicafe.cat\/\"},{\"@type\":\"ListItem\",\"position\":2,\"name\":\"El caf\u00e8, un vehicle d&#8217;inversi\u00f3 rendible i a llarg termini\"}]},{\"@type\":\"WebSite\",\"@id\":\"https:\/\/gremicafe.cat\/#website\",\"url\":\"https:\/\/gremicafe.cat\/\",\"name\":\"Gremi del Caf\u00e8, torradors de Catalunya\",\"description\":\"Web oficial del gremi de torradors de caf\u00e8 de Catalunya\",\"publisher\":{\"@id\":\"https:\/\/gremicafe.cat\/#organization\"},\"potentialAction\":[{\"@type\":\"SearchAction\",\"target\":{\"@type\":\"EntryPoint\",\"urlTemplate\":\"https:\/\/gremicafe.cat\/?s={search_term_string}\"},\"query-input\":{\"@type\":\"PropertyValueSpecification\",\"valueRequired\":true,\"valueName\":\"search_term_string\"}}],\"inLanguage\":\"es\"},{\"@type\":\"Organization\",\"@id\":\"https:\/\/gremicafe.cat\/#organization\",\"name\":\"Gremi del Caf\u00e8, Torradors de Catalunya\",\"url\":\"https:\/\/gremicafe.cat\/\",\"logo\":{\"@type\":\"ImageObject\",\"inLanguage\":\"es\",\"@id\":\"https:\/\/gremicafe.cat\/#\/schema\/logo\/image\/\",\"url\":\"https:\/\/gremicafe.cat\/wp-content\/uploads\/2018\/03\/gremicafe-logo250.png\",\"contentUrl\":\"https:\/\/gremicafe.cat\/wp-content\/uploads\/2018\/03\/gremicafe-logo250.png\",\"width\":250,\"height\":49,\"caption\":\"Gremi del Caf\u00e8, Torradors de Catalunya\"},\"image\":{\"@id\":\"https:\/\/gremicafe.cat\/#\/schema\/logo\/image\/\"},\"sameAs\":[\"https:\/\/www.facebook.com\/gremicafecat\",\"https:\/\/x.com\/gremicafecat\",\"https:\/\/www.instagram.com\/gremicafecat\/\",\"https:\/\/www.pinterest.es\/gremicafecat\/\",\"https:\/\/www.youtube.com\/channel\/UCGLo5Y35vLwLvP4FrPZrCrw\/\"]},{\"@type\":\"Person\",\"@id\":\"https:\/\/gremicafe.cat\/#\/schema\/person\/dabfdbb3d0fa36260855a380f94e4733\",\"name\":\"gremicafe\",\"image\":{\"@type\":\"ImageObject\",\"inLanguage\":\"es\",\"@id\":\"https:\/\/gremicafe.cat\/#\/schema\/person\/image\/\",\"url\":\"https:\/\/secure.gravatar.com\/avatar\/e59baa4ca8f6f97576d6375fb6d3c8f0?s=96&d=mm&r=g\",\"contentUrl\":\"https:\/\/secure.gravatar.com\/avatar\/e59baa4ca8f6f97576d6375fb6d3c8f0?s=96&d=mm&r=g\",\"caption\":\"gremicafe\"}}]}<\/script>\n<!-- \/ Yoast SEO plugin. -->","yoast_head_json":{"title":"El caf\u00e8, un vehicle d'inversi\u00f3 rendible i a llarg termini - Gremi del Caf\u00e8, torradors de Catalunya","robots":{"index":"index","follow":"follow","max-snippet":"max-snippet:-1","max-image-preview":"max-image-preview:large","max-video-preview":"max-video-preview:-1"},"canonical":"https:\/\/gremicafe.cat\/es\/2022\/01\/25\/el-cafe-un-vehicle-dinversio-rendible-i-a-llarg-termini\/","og_locale":"es_ES","og_type":"article","og_title":"El caf\u00e8, un vehicle d'inversi\u00f3 rendible i a llarg termini - Gremi del Caf\u00e8, torradors de Catalunya","og_description":"&nbsp; El preu del caf\u00e8 s&#8217;ha augmentat de forma dr\u00e0stica en els \u00faltims mesos. I tot i que els consumidors, n&#8217;estan pagant les conseq\u00fc\u00e8ncies, aquest fet ha afavorit a la valoraci\u00f3 del caf\u00e8, i, per tant, als inversors d&#8217;aquesta mat\u00e8ria primera. La crisi energ\u00e8tica, el canvi clim\u00e0tic als pa\u00efsos productors de caf\u00e8, i la seva [&hellip;]","og_url":"https:\/\/gremicafe.cat\/es\/2022\/01\/25\/el-cafe-un-vehicle-dinversio-rendible-i-a-llarg-termini\/","og_site_name":"Gremi del Caf\u00e8, torradors de Catalunya","article_publisher":"https:\/\/www.facebook.com\/gremicafecat","article_published_time":"2022-01-25T10:16:52+00:00","article_modified_time":"2022-02-24T15:38:38+00:00","og_image":[{"width":1200,"height":1800,"url":"https:\/\/gremicafe.cat\/wp-content\/uploads\/2022\/01\/cafe-gra-tassa.jpg","type":"image\/jpeg"}],"author":"gremicafe","twitter_card":"summary_large_image","twitter_creator":"@gremicafecat","twitter_site":"@gremicafecat","twitter_misc":{"Escrito por":"gremicafe","Tiempo de lectura":"2 minutos"},"schema":{"@context":"https:\/\/schema.org","@graph":[{"@type":"Article","@id":"https:\/\/gremicafe.cat\/2022\/01\/25\/el-cafe-un-vehicle-dinversio-rendible-i-a-llarg-termini\/#article","isPartOf":{"@id":"https:\/\/gremicafe.cat\/2022\/01\/25\/el-cafe-un-vehicle-dinversio-rendible-i-a-llarg-termini\/"},"author":{"name":"gremicafe","@id":"https:\/\/gremicafe.cat\/#\/schema\/person\/dabfdbb3d0fa36260855a380f94e4733"},"headline":"El caf\u00e8, un vehicle d&#8217;inversi\u00f3 rendible i a llarg termini","datePublished":"2022-01-25T10:16:52+00:00","dateModified":"2022-02-24T15:38:38+00:00","mainEntityOfPage":{"@id":"https:\/\/gremicafe.cat\/2022\/01\/25\/el-cafe-un-vehicle-dinversio-rendible-i-a-llarg-termini\/"},"wordCount":275,"publisher":{"@id":"https:\/\/gremicafe.cat\/#organization"},"image":{"@id":"https:\/\/gremicafe.cat\/2022\/01\/25\/el-cafe-un-vehicle-dinversio-rendible-i-a-llarg-termini\/#primaryimage"},"thumbnailUrl":"https:\/\/gremicafe.cat\/wp-content\/uploads\/2022\/01\/cafe-gra-tassa.jpg","articleSection":["Not\u00edcies"],"inLanguage":"es"},{"@type":"WebPage","@id":"https:\/\/gremicafe.cat\/2022\/01\/25\/el-cafe-un-vehicle-dinversio-rendible-i-a-llarg-termini\/","url":"https:\/\/gremicafe.cat\/2022\/01\/25\/el-cafe-un-vehicle-dinversio-rendible-i-a-llarg-termini\/","name":"El caf\u00e8, un vehicle d'inversi\u00f3 rendible i a llarg termini - Gremi del Caf\u00e8, torradors de Catalunya","isPartOf":{"@id":"https:\/\/gremicafe.cat\/#website"},"primaryImageOfPage":{"@id":"https:\/\/gremicafe.cat\/2022\/01\/25\/el-cafe-un-vehicle-dinversio-rendible-i-a-llarg-termini\/#primaryimage"},"image":{"@id":"https:\/\/gremicafe.cat\/2022\/01\/25\/el-cafe-un-vehicle-dinversio-rendible-i-a-llarg-termini\/#primaryimage"},"thumbnailUrl":"https:\/\/gremicafe.cat\/wp-content\/uploads\/2022\/01\/cafe-gra-tassa.jpg","datePublished":"2022-01-25T10:16:52+00:00","dateModified":"2022-02-24T15:38:38+00:00","breadcrumb":{"@id":"https:\/\/gremicafe.cat\/2022\/01\/25\/el-cafe-un-vehicle-dinversio-rendible-i-a-llarg-termini\/#breadcrumb"},"inLanguage":"es","potentialAction":[{"@type":"ReadAction","target":["https:\/\/gremicafe.cat\/2022\/01\/25\/el-cafe-un-vehicle-dinversio-rendible-i-a-llarg-termini\/"]}]},{"@type":"ImageObject","inLanguage":"es","@id":"https:\/\/gremicafe.cat\/2022\/01\/25\/el-cafe-un-vehicle-dinversio-rendible-i-a-llarg-termini\/#primaryimage","url":"https:\/\/gremicafe.cat\/wp-content\/uploads\/2022\/01\/cafe-gra-tassa.jpg","contentUrl":"https:\/\/gremicafe.cat\/wp-content\/uploads\/2022\/01\/cafe-gra-tassa.jpg","width":1200,"height":1800,"caption":"cafe gra tassa"},{"@type":"BreadcrumbList","@id":"https:\/\/gremicafe.cat\/2022\/01\/25\/el-cafe-un-vehicle-dinversio-rendible-i-a-llarg-termini\/#breadcrumb","itemListElement":[{"@type":"ListItem","position":1,"name":"Inici","item":"https:\/\/gremicafe.cat\/"},{"@type":"ListItem","position":2,"name":"El caf\u00e8, un vehicle d&#8217;inversi\u00f3 rendible i a llarg termini"}]},{"@type":"WebSite","@id":"https:\/\/gremicafe.cat\/#website","url":"https:\/\/gremicafe.cat\/","name":"Gremio del Caf\u00e9, tostadores de Catalu\u00f1a","description":"Web oficial del gremio de tostadores de caf\u00e9 de Catalunya","publisher":{"@id":"https:\/\/gremicafe.cat\/#organization"},"potentialAction":[{"@type":"SearchAction","target":{"@type":"EntryPoint","urlTemplate":"https:\/\/gremicafe.cat\/?s={search_term_string}"},"query-input":{"@type":"PropertyValueSpecification","valueRequired":true,"valueName":"search_term_string"}}],"inLanguage":"es"},{"@type":"Organization","@id":"https:\/\/gremicafe.cat\/#organization","name":"Gremio del Caf\u00e9, Tostadores de Catalu\u00f1a","url":"https:\/\/gremicafe.cat\/","logo":{"@type":"ImageObject","inLanguage":"es","@id":"https:\/\/gremicafe.cat\/#\/schema\/logo\/image\/","url":"https:\/\/gremicafe.cat\/wp-content\/uploads\/2018\/03\/gremicafe-logo250.png","contentUrl":"https:\/\/gremicafe.cat\/wp-content\/uploads\/2018\/03\/gremicafe-logo250.png","width":250,"height":49,"caption":"Gremi del Caf\u00e8, Torradors de Catalunya"},"image":{"@id":"https:\/\/gremicafe.cat\/#\/schema\/logo\/image\/"},"sameAs":["https:\/\/www.facebook.com\/gremicafecat","https:\/\/x.com\/gremicafecat","https:\/\/www.instagram.com\/gremicafecat\/","https:\/\/www.pinterest.es\/gremicafecat\/","https:\/\/www.youtube.com\/channel\/UCGLo5Y35vLwLvP4FrPZrCrw\/"]},{"@type":"Person","@id":"https:\/\/gremicafe.cat\/#\/schema\/person\/dabfdbb3d0fa36260855a380f94e4733","name":"gremicafe","image":{"@type":"ImageObject","inLanguage":"es","@id":"https:\/\/gremicafe.cat\/#\/schema\/person\/image\/","url":"https:\/\/secure.gravatar.com\/avatar\/e59baa4ca8f6f97576d6375fb6d3c8f0?s=96&d=mm&r=g","contentUrl":"https:\/\/secure.gravatar.com\/avatar\/e59baa4ca8f6f97576d6375fb6d3c8f0?s=96&d=mm&r=g","caption":"gremicafe"}}]}},"_links":{"self":[{"href":"https:\/\/gremicafe.cat\/es\/wp-json\/wp\/v2\/posts\/6424"}],"collection":[{"href":"https:\/\/gremicafe.cat\/es\/wp-json\/wp\/v2\/posts"}],"about":[{"href":"https:\/\/gremicafe.cat\/es\/wp-json\/wp\/v2\/types\/post"}],"author":[{"embeddable":true,"href":"https:\/\/gremicafe.cat\/es\/wp-json\/wp\/v2\/users\/1"}],"replies":[{"embeddable":true,"href":"https:\/\/gremicafe.cat\/es\/wp-json\/wp\/v2\/comments?post=6424"}],"version-history":[{"count":0,"href":"https:\/\/gremicafe.cat\/es\/wp-json\/wp\/v2\/posts\/6424\/revisions"}],"wp:featuredmedia":[{"embeddable":true,"href":"https:\/\/gremicafe.cat\/es\/wp-json\/wp\/v2\/media\/6425"}],"wp:attachment":[{"href":"https:\/\/gremicafe.cat\/es\/wp-json\/wp\/v2\/media?parent=6424"}],"wp:term":[{"taxonomy":"category","embeddable":true,"href":"https:\/\/gremicafe.cat\/es\/wp-json\/wp\/v2\/categories?post=6424"},{"taxonomy":"post_tag","embeddable":true,"href":"https:\/\/gremicafe.cat\/es\/wp-json\/wp\/v2\/tags?post=6424"}],"curies":[{"name":"wp","href":"https:\/\/api.w.org\/{rel}","templated":true}]}}