{"id":6442,"date":"2022-02-14T15:15:13","date_gmt":"2022-02-14T13:15:13","guid":{"rendered":"https:\/\/gremicafe.cat\/?p=6442"},"modified":"2022-02-15T12:20:34","modified_gmt":"2022-02-15T10:20:34","slug":"la-fira-alimentaria-compta-amb-el-suport-unanime-del-sector","status":"publish","type":"post","link":"https:\/\/gremicafe.cat\/es\/2022\/02\/14\/la-fira-alimentaria-compta-amb-el-suport-unanime-del-sector\/","title":{"rendered":"La feria Alimentaria cuenta con el apoyo un\u00e1nime del sector"},"content":{"rendered":"<p><img loading=\"lazy\" decoding=\"async\" class=\"aligncenter size-full wp-image-6443\" src=\"https:\/\/gremicafe.cat\/wp-content\/uploads\/2022\/02\/Alimentaria-Hostelco.jpg\" alt=\"\" width=\"600\" height=\"400\" \/><\/p>\n<p>&nbsp;<\/p>\n<p>Junto con <strong>Hostelco<\/strong>, la <a href=\"https:\/\/www.alimentaria.com\/ca\/\"><strong>feria l\u00edder de la industria alimentaria y su cadena de valor<\/strong><\/a>, prev\u00e9 ocupar del 4 al 7 de abril de 2022 7 pabellones del recinto <strong>Gran V\u00eda de Fira de Barcelona<\/strong>, con una superficie expositiva neta de casi 85.000 m\u00b2, incluyendo espacios para congresos y otras actividades complementarias a la oferta comercial.<\/p>\n<p>As\u00ed, cerca de 3.000 empresas formar\u00e1n la oferta global de Alimentaria y Hostelco. Seg\u00fan la informaci\u00f3n de los expositores inscritos, la presencia internacional ser\u00e1 considerable: unas 400 empresas, el 18% del total, vendr\u00e1n de 52 pa\u00edses y ocupar\u00e1n una superficie de 15.000 m2. Entre ellos destacan los primeros expositores de Brasil, Eslovaquia, Australia, Canad\u00e1, Emiratos \u00c1rabes Unidos y Puerto Rico.<\/p>\n<p>Para <strong>J. Antonio Valls<\/strong>, director general de Alimentaria Exhibitions, la pr\u00f3xima edici\u00f3n del sal\u00f3n \u201cnos permitir\u00e1 impulsar el desarrollo de la industria de la alimentaci\u00f3n y bebidas, que es un sector estrat\u00e9gico para la econom\u00eda espa\u00f1ola, as\u00ed como continuar potenciando el posicionamiento de los productos alimenticios y bebidas espa\u00f1oles en los mercados internacionales, conectando empresas y fomentando el trabajo en red presencial con los principales decisores del mercado\u201d.<\/p>\n<p>Por tanto, el sal\u00f3n invitar\u00e1 a 1.400 compradores, importadores y distribuidores clave de Europa, Am\u00e9rica Latina y Norteam\u00e9rica a llevar a cabo cerca de 12.500 reuniones de negocios con las empresas expositoras que participan en el sal\u00f3n.<\/p>\n<p>&nbsp;<\/p>\n<p><img loading=\"lazy\" decoding=\"async\" class=\"aligncenter size-full wp-image-6446\" src=\"https:\/\/gremicafe.cat\/wp-content\/uploads\/2022\/02\/Alimentaria2022_Poster_ES.jpg\" alt=\"\" width=\"595\" height=\"842\" srcset=\"https:\/\/gremicafe.cat\/wp-content\/uploads\/2022\/02\/Alimentaria2022_Poster_ES.jpg 595w, https:\/\/gremicafe.cat\/wp-content\/uploads\/2022\/02\/Alimentaria2022_Poster_ES-509x720.jpg 509w\" sizes=\"(max-width: 595px) 100vw, 595px\" \/><\/p>\n<p>&nbsp;<\/p>\n<p>Fuente noticia: <a href=\"https:\/\/www.comunicaffe.com\/alimentaria-hostelco-finalise-the-details-of-a-great-edition-with-the-unanimous-support-of-the-sector\/\">Comunicaffe.com<\/a><\/p>","protected":false},"excerpt":{"rendered":"<p>&nbsp; Juntament amb Hostelco, la fira l\u00edder de la ind\u00fastria aliment\u00e0ria i la seva cadena de valor, preveu ocupar del 4 al 7 d&#8217;abril de 2022 7 pavellons del recinte Gran Via de Fira de Barcelona, \u200b\u200bamb una superf\u00edcie expositiva neta de gaireb\u00e9 85.000 m\u00b2, incloent-hi espais per a congressos i altres activitats complement\u00e0ries a [&hellip;]<\/p>\n","protected":false},"author":1,"featured_media":6443,"comment_status":"closed","ping_status":"open","sticky":false,"template":"","format":"standard","meta":{"_acf_changed":false,"inline_featured_image":false,"footnotes":""},"categories":[1],"tags":[],"class_list":["post-6442","post","type-post","status-publish","format-standard","has-post-thumbnail","hentry","category-noticies"],"acf":[],"yoast_head":"<!-- This site is optimized with the Yoast SEO plugin v25.5 - https:\/\/yoast.com\/wordpress\/plugins\/seo\/ -->\n<title>La fira Alimentaria compta amb el suport un\u00e0nime del sector - Gremi del Caf\u00e8, torradors de Catalunya<\/title>\n<meta name=\"robots\" content=\"index, follow, max-snippet:-1, max-image-preview:large, max-video-preview:-1\" \/>\n<link rel=\"canonical\" href=\"https:\/\/gremicafe.cat\/es\/2022\/02\/14\/la-fira-alimentaria-compta-amb-el-suport-unanime-del-sector\/\" \/>\n<meta property=\"og:locale\" content=\"es_ES\" \/>\n<meta property=\"og:type\" content=\"article\" \/>\n<meta property=\"og:title\" content=\"La fira Alimentaria compta amb el suport un\u00e0nime del sector - Gremi del Caf\u00e8, torradors de Catalunya\" \/>\n<meta property=\"og:description\" content=\"&nbsp; Juntament amb Hostelco, la fira l\u00edder de la ind\u00fastria aliment\u00e0ria i la seva cadena de valor, preveu ocupar del 4 al 7 d&#8217;abril de 2022 7 pavellons del recinte Gran Via de Fira de Barcelona, \u200b\u200bamb una superf\u00edcie expositiva neta de gaireb\u00e9 85.000 m\u00b2, incloent-hi espais per a congressos i altres activitats complement\u00e0ries a [&hellip;]\" \/>\n<meta property=\"og:url\" content=\"https:\/\/gremicafe.cat\/es\/2022\/02\/14\/la-fira-alimentaria-compta-amb-el-suport-unanime-del-sector\/\" \/>\n<meta property=\"og:site_name\" content=\"Gremi del Caf\u00e8, torradors de Catalunya\" \/>\n<meta property=\"article:publisher\" content=\"https:\/\/www.facebook.com\/gremicafecat\" \/>\n<meta property=\"article:published_time\" content=\"2022-02-14T13:15:13+00:00\" \/>\n<meta property=\"article:modified_time\" content=\"2022-02-15T10:20:34+00:00\" \/>\n<meta property=\"og:image\" content=\"https:\/\/gremicafe.cat\/wp-content\/uploads\/2022\/02\/Alimentaria-Hostelco.jpg\" \/>\n\t<meta property=\"og:image:width\" content=\"600\" \/>\n\t<meta property=\"og:image:height\" content=\"400\" \/>\n\t<meta property=\"og:image:type\" content=\"image\/jpeg\" \/>\n<meta name=\"author\" content=\"gremicafe\" \/>\n<meta name=\"twitter:card\" content=\"summary_large_image\" \/>\n<meta name=\"twitter:creator\" content=\"@gremicafecat\" \/>\n<meta name=\"twitter:site\" content=\"@gremicafecat\" \/>\n<meta name=\"twitter:label1\" content=\"Escrito por\" \/>\n\t<meta name=\"twitter:data1\" content=\"gremicafe\" \/>\n\t<meta name=\"twitter:label2\" content=\"Tiempo de lectura\" \/>\n\t<meta name=\"twitter:data2\" content=\"2 minutos\" \/>\n<script type=\"application\/ld+json\" class=\"yoast-schema-graph\">{\"@context\":\"https:\/\/schema.org\",\"@graph\":[{\"@type\":\"Article\",\"@id\":\"https:\/\/gremicafe.cat\/2022\/02\/14\/la-fira-alimentaria-compta-amb-el-suport-unanime-del-sector\/#article\",\"isPartOf\":{\"@id\":\"https:\/\/gremicafe.cat\/2022\/02\/14\/la-fira-alimentaria-compta-amb-el-suport-unanime-del-sector\/\"},\"author\":{\"name\":\"gremicafe\",\"@id\":\"https:\/\/gremicafe.cat\/#\/schema\/person\/dabfdbb3d0fa36260855a380f94e4733\"},\"headline\":\"La fira Alimentaria compta amb el suport un\u00e0nime del sector\",\"datePublished\":\"2022-02-14T13:15:13+00:00\",\"dateModified\":\"2022-02-15T10:20:34+00:00\",\"mainEntityOfPage\":{\"@id\":\"https:\/\/gremicafe.cat\/2022\/02\/14\/la-fira-alimentaria-compta-amb-el-suport-unanime-del-sector\/\"},\"wordCount\":239,\"publisher\":{\"@id\":\"https:\/\/gremicafe.cat\/#organization\"},\"image\":{\"@id\":\"https:\/\/gremicafe.cat\/2022\/02\/14\/la-fira-alimentaria-compta-amb-el-suport-unanime-del-sector\/#primaryimage\"},\"thumbnailUrl\":\"https:\/\/gremicafe.cat\/wp-content\/uploads\/2022\/02\/Alimentaria-Hostelco.jpg\",\"articleSection\":[\"Not\u00edcies\"],\"inLanguage\":\"es\"},{\"@type\":\"WebPage\",\"@id\":\"https:\/\/gremicafe.cat\/2022\/02\/14\/la-fira-alimentaria-compta-amb-el-suport-unanime-del-sector\/\",\"url\":\"https:\/\/gremicafe.cat\/2022\/02\/14\/la-fira-alimentaria-compta-amb-el-suport-unanime-del-sector\/\",\"name\":\"La fira Alimentaria compta amb el suport un\u00e0nime del sector - Gremi del Caf\u00e8, torradors de Catalunya\",\"isPartOf\":{\"@id\":\"https:\/\/gremicafe.cat\/#website\"},\"primaryImageOfPage\":{\"@id\":\"https:\/\/gremicafe.cat\/2022\/02\/14\/la-fira-alimentaria-compta-amb-el-suport-unanime-del-sector\/#primaryimage\"},\"image\":{\"@id\":\"https:\/\/gremicafe.cat\/2022\/02\/14\/la-fira-alimentaria-compta-amb-el-suport-unanime-del-sector\/#primaryimage\"},\"thumbnailUrl\":\"https:\/\/gremicafe.cat\/wp-content\/uploads\/2022\/02\/Alimentaria-Hostelco.jpg\",\"datePublished\":\"2022-02-14T13:15:13+00:00\",\"dateModified\":\"2022-02-15T10:20:34+00:00\",\"breadcrumb\":{\"@id\":\"https:\/\/gremicafe.cat\/2022\/02\/14\/la-fira-alimentaria-compta-amb-el-suport-unanime-del-sector\/#breadcrumb\"},\"inLanguage\":\"es\",\"potentialAction\":[{\"@type\":\"ReadAction\",\"target\":[\"https:\/\/gremicafe.cat\/2022\/02\/14\/la-fira-alimentaria-compta-amb-el-suport-unanime-del-sector\/\"]}]},{\"@type\":\"ImageObject\",\"inLanguage\":\"es\",\"@id\":\"https:\/\/gremicafe.cat\/2022\/02\/14\/la-fira-alimentaria-compta-amb-el-suport-unanime-del-sector\/#primaryimage\",\"url\":\"https:\/\/gremicafe.cat\/wp-content\/uploads\/2022\/02\/Alimentaria-Hostelco.jpg\",\"contentUrl\":\"https:\/\/gremicafe.cat\/wp-content\/uploads\/2022\/02\/Alimentaria-Hostelco.jpg\",\"width\":600,\"height\":400,\"caption\":\"Alimentaria Hostelco\"},{\"@type\":\"BreadcrumbList\",\"@id\":\"https:\/\/gremicafe.cat\/2022\/02\/14\/la-fira-alimentaria-compta-amb-el-suport-unanime-del-sector\/#breadcrumb\",\"itemListElement\":[{\"@type\":\"ListItem\",\"position\":1,\"name\":\"Inici\",\"item\":\"https:\/\/gremicafe.cat\/\"},{\"@type\":\"ListItem\",\"position\":2,\"name\":\"La fira Alimentaria compta amb el suport un\u00e0nime del sector\"}]},{\"@type\":\"WebSite\",\"@id\":\"https:\/\/gremicafe.cat\/#website\",\"url\":\"https:\/\/gremicafe.cat\/\",\"name\":\"Gremi del Caf\u00e8, torradors de Catalunya\",\"description\":\"Web oficial del gremi de torradors de caf\u00e8 de Catalunya\",\"publisher\":{\"@id\":\"https:\/\/gremicafe.cat\/#organization\"},\"potentialAction\":[{\"@type\":\"SearchAction\",\"target\":{\"@type\":\"EntryPoint\",\"urlTemplate\":\"https:\/\/gremicafe.cat\/?s={search_term_string}\"},\"query-input\":{\"@type\":\"PropertyValueSpecification\",\"valueRequired\":true,\"valueName\":\"search_term_string\"}}],\"inLanguage\":\"es\"},{\"@type\":\"Organization\",\"@id\":\"https:\/\/gremicafe.cat\/#organization\",\"name\":\"Gremi del Caf\u00e8, Torradors de Catalunya\",\"url\":\"https:\/\/gremicafe.cat\/\",\"logo\":{\"@type\":\"ImageObject\",\"inLanguage\":\"es\",\"@id\":\"https:\/\/gremicafe.cat\/#\/schema\/logo\/image\/\",\"url\":\"https:\/\/gremicafe.cat\/wp-content\/uploads\/2018\/03\/gremicafe-logo250.png\",\"contentUrl\":\"https:\/\/gremicafe.cat\/wp-content\/uploads\/2018\/03\/gremicafe-logo250.png\",\"width\":250,\"height\":49,\"caption\":\"Gremi del Caf\u00e8, Torradors de Catalunya\"},\"image\":{\"@id\":\"https:\/\/gremicafe.cat\/#\/schema\/logo\/image\/\"},\"sameAs\":[\"https:\/\/www.facebook.com\/gremicafecat\",\"https:\/\/x.com\/gremicafecat\",\"https:\/\/www.instagram.com\/gremicafecat\/\",\"https:\/\/www.pinterest.es\/gremicafecat\/\",\"https:\/\/www.youtube.com\/channel\/UCGLo5Y35vLwLvP4FrPZrCrw\/\"]},{\"@type\":\"Person\",\"@id\":\"https:\/\/gremicafe.cat\/#\/schema\/person\/dabfdbb3d0fa36260855a380f94e4733\",\"name\":\"gremicafe\",\"image\":{\"@type\":\"ImageObject\",\"inLanguage\":\"es\",\"@id\":\"https:\/\/gremicafe.cat\/#\/schema\/person\/image\/\",\"url\":\"https:\/\/secure.gravatar.com\/avatar\/e59baa4ca8f6f97576d6375fb6d3c8f0?s=96&d=mm&r=g\",\"contentUrl\":\"https:\/\/secure.gravatar.com\/avatar\/e59baa4ca8f6f97576d6375fb6d3c8f0?s=96&d=mm&r=g\",\"caption\":\"gremicafe\"}}]}<\/script>\n<!-- \/ Yoast SEO plugin. -->","yoast_head_json":{"title":"La fira Alimentaria compta amb el suport un\u00e0nime del sector - Gremi del Caf\u00e8, torradors de Catalunya","robots":{"index":"index","follow":"follow","max-snippet":"max-snippet:-1","max-image-preview":"max-image-preview:large","max-video-preview":"max-video-preview:-1"},"canonical":"https:\/\/gremicafe.cat\/es\/2022\/02\/14\/la-fira-alimentaria-compta-amb-el-suport-unanime-del-sector\/","og_locale":"es_ES","og_type":"article","og_title":"La fira Alimentaria compta amb el suport un\u00e0nime del sector - Gremi del Caf\u00e8, torradors de Catalunya","og_description":"&nbsp; Juntament amb Hostelco, la fira l\u00edder de la ind\u00fastria aliment\u00e0ria i la seva cadena de valor, preveu ocupar del 4 al 7 d&#8217;abril de 2022 7 pavellons del recinte Gran Via de Fira de Barcelona, \u200b\u200bamb una superf\u00edcie expositiva neta de gaireb\u00e9 85.000 m\u00b2, incloent-hi espais per a congressos i altres activitats complement\u00e0ries a [&hellip;]","og_url":"https:\/\/gremicafe.cat\/es\/2022\/02\/14\/la-fira-alimentaria-compta-amb-el-suport-unanime-del-sector\/","og_site_name":"Gremi del Caf\u00e8, torradors de Catalunya","article_publisher":"https:\/\/www.facebook.com\/gremicafecat","article_published_time":"2022-02-14T13:15:13+00:00","article_modified_time":"2022-02-15T10:20:34+00:00","og_image":[{"width":600,"height":400,"url":"https:\/\/gremicafe.cat\/wp-content\/uploads\/2022\/02\/Alimentaria-Hostelco.jpg","type":"image\/jpeg"}],"author":"gremicafe","twitter_card":"summary_large_image","twitter_creator":"@gremicafecat","twitter_site":"@gremicafecat","twitter_misc":{"Escrito por":"gremicafe","Tiempo de lectura":"2 minutos"},"schema":{"@context":"https:\/\/schema.org","@graph":[{"@type":"Article","@id":"https:\/\/gremicafe.cat\/2022\/02\/14\/la-fira-alimentaria-compta-amb-el-suport-unanime-del-sector\/#article","isPartOf":{"@id":"https:\/\/gremicafe.cat\/2022\/02\/14\/la-fira-alimentaria-compta-amb-el-suport-unanime-del-sector\/"},"author":{"name":"gremicafe","@id":"https:\/\/gremicafe.cat\/#\/schema\/person\/dabfdbb3d0fa36260855a380f94e4733"},"headline":"La fira Alimentaria compta amb el suport un\u00e0nime del sector","datePublished":"2022-02-14T13:15:13+00:00","dateModified":"2022-02-15T10:20:34+00:00","mainEntityOfPage":{"@id":"https:\/\/gremicafe.cat\/2022\/02\/14\/la-fira-alimentaria-compta-amb-el-suport-unanime-del-sector\/"},"wordCount":239,"publisher":{"@id":"https:\/\/gremicafe.cat\/#organization"},"image":{"@id":"https:\/\/gremicafe.cat\/2022\/02\/14\/la-fira-alimentaria-compta-amb-el-suport-unanime-del-sector\/#primaryimage"},"thumbnailUrl":"https:\/\/gremicafe.cat\/wp-content\/uploads\/2022\/02\/Alimentaria-Hostelco.jpg","articleSection":["Not\u00edcies"],"inLanguage":"es"},{"@type":"WebPage","@id":"https:\/\/gremicafe.cat\/2022\/02\/14\/la-fira-alimentaria-compta-amb-el-suport-unanime-del-sector\/","url":"https:\/\/gremicafe.cat\/2022\/02\/14\/la-fira-alimentaria-compta-amb-el-suport-unanime-del-sector\/","name":"La fira Alimentaria compta amb el suport un\u00e0nime del sector - Gremi del Caf\u00e8, torradors de Catalunya","isPartOf":{"@id":"https:\/\/gremicafe.cat\/#website"},"primaryImageOfPage":{"@id":"https:\/\/gremicafe.cat\/2022\/02\/14\/la-fira-alimentaria-compta-amb-el-suport-unanime-del-sector\/#primaryimage"},"image":{"@id":"https:\/\/gremicafe.cat\/2022\/02\/14\/la-fira-alimentaria-compta-amb-el-suport-unanime-del-sector\/#primaryimage"},"thumbnailUrl":"https:\/\/gremicafe.cat\/wp-content\/uploads\/2022\/02\/Alimentaria-Hostelco.jpg","datePublished":"2022-02-14T13:15:13+00:00","dateModified":"2022-02-15T10:20:34+00:00","breadcrumb":{"@id":"https:\/\/gremicafe.cat\/2022\/02\/14\/la-fira-alimentaria-compta-amb-el-suport-unanime-del-sector\/#breadcrumb"},"inLanguage":"es","potentialAction":[{"@type":"ReadAction","target":["https:\/\/gremicafe.cat\/2022\/02\/14\/la-fira-alimentaria-compta-amb-el-suport-unanime-del-sector\/"]}]},{"@type":"ImageObject","inLanguage":"es","@id":"https:\/\/gremicafe.cat\/2022\/02\/14\/la-fira-alimentaria-compta-amb-el-suport-unanime-del-sector\/#primaryimage","url":"https:\/\/gremicafe.cat\/wp-content\/uploads\/2022\/02\/Alimentaria-Hostelco.jpg","contentUrl":"https:\/\/gremicafe.cat\/wp-content\/uploads\/2022\/02\/Alimentaria-Hostelco.jpg","width":600,"height":400,"caption":"Alimentaria Hostelco"},{"@type":"BreadcrumbList","@id":"https:\/\/gremicafe.cat\/2022\/02\/14\/la-fira-alimentaria-compta-amb-el-suport-unanime-del-sector\/#breadcrumb","itemListElement":[{"@type":"ListItem","position":1,"name":"Inici","item":"https:\/\/gremicafe.cat\/"},{"@type":"ListItem","position":2,"name":"La fira Alimentaria compta amb el suport un\u00e0nime del sector"}]},{"@type":"WebSite","@id":"https:\/\/gremicafe.cat\/#website","url":"https:\/\/gremicafe.cat\/","name":"Gremio del Caf\u00e9, tostadores de Catalu\u00f1a","description":"Web oficial del gremio de tostadores de caf\u00e9 de Catalunya","publisher":{"@id":"https:\/\/gremicafe.cat\/#organization"},"potentialAction":[{"@type":"SearchAction","target":{"@type":"EntryPoint","urlTemplate":"https:\/\/gremicafe.cat\/?s={search_term_string}"},"query-input":{"@type":"PropertyValueSpecification","valueRequired":true,"valueName":"search_term_string"}}],"inLanguage":"es"},{"@type":"Organization","@id":"https:\/\/gremicafe.cat\/#organization","name":"Gremio del Caf\u00e9, Tostadores de Catalu\u00f1a","url":"https:\/\/gremicafe.cat\/","logo":{"@type":"ImageObject","inLanguage":"es","@id":"https:\/\/gremicafe.cat\/#\/schema\/logo\/image\/","url":"https:\/\/gremicafe.cat\/wp-content\/uploads\/2018\/03\/gremicafe-logo250.png","contentUrl":"https:\/\/gremicafe.cat\/wp-content\/uploads\/2018\/03\/gremicafe-logo250.png","width":250,"height":49,"caption":"Gremi del Caf\u00e8, Torradors de Catalunya"},"image":{"@id":"https:\/\/gremicafe.cat\/#\/schema\/logo\/image\/"},"sameAs":["https:\/\/www.facebook.com\/gremicafecat","https:\/\/x.com\/gremicafecat","https:\/\/www.instagram.com\/gremicafecat\/","https:\/\/www.pinterest.es\/gremicafecat\/","https:\/\/www.youtube.com\/channel\/UCGLo5Y35vLwLvP4FrPZrCrw\/"]},{"@type":"Person","@id":"https:\/\/gremicafe.cat\/#\/schema\/person\/dabfdbb3d0fa36260855a380f94e4733","name":"gremicafe","image":{"@type":"ImageObject","inLanguage":"es","@id":"https:\/\/gremicafe.cat\/#\/schema\/person\/image\/","url":"https:\/\/secure.gravatar.com\/avatar\/e59baa4ca8f6f97576d6375fb6d3c8f0?s=96&d=mm&r=g","contentUrl":"https:\/\/secure.gravatar.com\/avatar\/e59baa4ca8f6f97576d6375fb6d3c8f0?s=96&d=mm&r=g","caption":"gremicafe"}}]}},"_links":{"self":[{"href":"https:\/\/gremicafe.cat\/es\/wp-json\/wp\/v2\/posts\/6442"}],"collection":[{"href":"https:\/\/gremicafe.cat\/es\/wp-json\/wp\/v2\/posts"}],"about":[{"href":"https:\/\/gremicafe.cat\/es\/wp-json\/wp\/v2\/types\/post"}],"author":[{"embeddable":true,"href":"https:\/\/gremicafe.cat\/es\/wp-json\/wp\/v2\/users\/1"}],"replies":[{"embeddable":true,"href":"https:\/\/gremicafe.cat\/es\/wp-json\/wp\/v2\/comments?post=6442"}],"version-history":[{"count":0,"href":"https:\/\/gremicafe.cat\/es\/wp-json\/wp\/v2\/posts\/6442\/revisions"}],"wp:featuredmedia":[{"embeddable":true,"href":"https:\/\/gremicafe.cat\/es\/wp-json\/wp\/v2\/media\/6443"}],"wp:attachment":[{"href":"https:\/\/gremicafe.cat\/es\/wp-json\/wp\/v2\/media?parent=6442"}],"wp:term":[{"taxonomy":"category","embeddable":true,"href":"https:\/\/gremicafe.cat\/es\/wp-json\/wp\/v2\/categories?post=6442"},{"taxonomy":"post_tag","embeddable":true,"href":"https:\/\/gremicafe.cat\/es\/wp-json\/wp\/v2\/tags?post=6442"}],"curies":[{"name":"wp","href":"https:\/\/api.w.org\/{rel}","templated":true}]}}