{"id":6450,"date":"2022-02-22T16:24:17","date_gmt":"2022-02-22T14:24:17","guid":{"rendered":"https:\/\/gremicafe.cat\/?p=6450"},"modified":"2022-02-25T09:56:55","modified_gmt":"2022-02-25T07:56:55","slug":"reflexions-entorn-el-cafe-origen-i-torrat-del-cafe-de-colombia-a-catalunya","status":"publish","type":"post","link":"https:\/\/gremicafe.cat\/es\/2022\/02\/22\/reflexions-entorn-el-cafe-origen-i-torrat-del-cafe-de-colombia-a-catalunya\/","title":{"rendered":"Reflexiones en torno al caf\u00e9: origen y tostado del caf\u00e9, de Colombia a Catalu\u00f1a"},"content":{"rendered":"<p><img loading=\"lazy\" decoding=\"async\" class=\"aligncenter size-full wp-image-6452\" src=\"https:\/\/gremicafe.cat\/wp-content\/uploads\/2022\/02\/pexels-photo-7125547.jpg\" alt=\"\" width=\"2250\" height=\"1500\" srcset=\"https:\/\/gremicafe.cat\/wp-content\/uploads\/2022\/02\/pexels-photo-7125547.jpg 2250w, https:\/\/gremicafe.cat\/wp-content\/uploads\/2022\/02\/pexels-photo-7125547-768x512.jpg 768w, https:\/\/gremicafe.cat\/wp-content\/uploads\/2022\/02\/pexels-photo-7125547-1536x1024.jpg 1536w, https:\/\/gremicafe.cat\/wp-content\/uploads\/2022\/02\/pexels-photo-7125547-2048x1365.jpg 2048w, https:\/\/gremicafe.cat\/wp-content\/uploads\/2022\/02\/pexels-photo-7125547-1080x720.jpg 1080w\" sizes=\"(max-width: 2250px) 100vw, 2250px\" \/><\/p>\n<p>&nbsp;<\/p>\n<p><strong>Hasta hace poco el caf\u00e9 era un producto industrializado y no se conoc\u00eda su trazabilidad. Pero actualmente los consumidores somos m\u00e1s exigentes y queremos saber de d\u00f3nde viene el caf\u00e9 que consumimos, qui\u00e9n lo ha tostado y d\u00f3nde se ha realizado el proceso.<\/strong><\/p>\n<p>La producci\u00f3n mundial de caf\u00e9 se concentra b\u00e1sicamente en 7 pa\u00edses: Brasil, Vietnam, Colombia, Indonesia, Etiop\u00eda, Honduras y la India. Mi abuelo siempre dec\u00eda que el caf\u00e9 colombiano es el mejor caf\u00e9 del mundo. Y cu\u00e1nta raz\u00f3n ten\u00eda. Este pa\u00eds sudamericano posee condiciones clim\u00e1ticas muy favorables y una larga tradici\u00f3n en la producci\u00f3n de caf\u00e9 de gran calidad. Es evidente que estas cualidades no las tenemos en los pa\u00edses europeos, y, por tanto, necesitamos importar el caf\u00e9 de los pa\u00edses origen para poder consumirlo.<\/p>\n<p>Lo que s\u00ed tenemos son grandes tostadores de caf\u00e9, que procesan el grano, lo torren, hacen mezclas, lo aromatizan, lo envasan y lo venden por todas partes. Y debemos cuidarlos, debemos proteger nuestra industria y sus trabajadores, para que su labor perdure en el tiempo. Al mismo tiempo saldremos beneficiados, disfrutando de las ventajas de la proximidad y la sostenibilidad que nos ofrece el caf\u00e9 tostado en casa. Se trata de un caf\u00e9 de gran calidad y 100% natural, sin conservantes ni aditivos, positivo por el planeta.<\/p>\n<p>Catalu\u00f1a est\u00e1 viviendo un boom de tostadores de caf\u00e9. \u00a1Aprovech\u00e9moslo!<\/p>\n<p>&nbsp;<\/p>\n<p>Eva Salvat, periodista<\/p>\n<p><a href=\"mailto:eva.salvat@gremicafe.cat\">eva.salvat@gremicafe.cat<\/a><\/p>","protected":false},"excerpt":{"rendered":"<p>&nbsp; Fins fa poc el caf\u00e8 era un producte industrialitzat i no se&#8217;n coneixia la tra\u00e7abilitat. Per\u00f2 actualment els consumidors som m\u00e9s exigents i volem saber d&#8217;on ve el caf\u00e8 que consumim, qui l&#8217;ha torrat i a on s&#8217;ha realitzat el proc\u00e9s. La producci\u00f3 mundial de caf\u00e8 es concentra b\u00e0sicament en 7 pa\u00efsos: Brasil, Vietnam, [&hellip;]<\/p>\n","protected":false},"author":1,"featured_media":6452,"comment_status":"closed","ping_status":"open","sticky":false,"template":"","format":"standard","meta":{"_acf_changed":false,"inline_featured_image":false,"footnotes":""},"categories":[1],"tags":[],"class_list":["post-6450","post","type-post","status-publish","format-standard","has-post-thumbnail","hentry","category-noticies"],"acf":[],"yoast_head":"<!-- This site is optimized with the Yoast SEO plugin v25.5 - https:\/\/yoast.com\/wordpress\/plugins\/seo\/ -->\n<title>Reflexions entorn el caf\u00e8: origen i torrat del caf\u00e8, de Col\u00f2mbia a Catalunya - Gremi del Caf\u00e8, torradors de Catalunya<\/title>\n<meta name=\"robots\" content=\"index, follow, max-snippet:-1, max-image-preview:large, max-video-preview:-1\" \/>\n<link rel=\"canonical\" href=\"https:\/\/gremicafe.cat\/es\/2022\/02\/22\/reflexions-entorn-el-cafe-origen-i-torrat-del-cafe-de-colombia-a-catalunya\/\" \/>\n<meta property=\"og:locale\" content=\"es_ES\" \/>\n<meta property=\"og:type\" content=\"article\" \/>\n<meta property=\"og:title\" content=\"Reflexions entorn el caf\u00e8: origen i torrat del caf\u00e8, de Col\u00f2mbia a Catalunya - Gremi del Caf\u00e8, torradors de Catalunya\" \/>\n<meta property=\"og:description\" content=\"&nbsp; Fins fa poc el caf\u00e8 era un producte industrialitzat i no se&#8217;n coneixia la tra\u00e7abilitat. Per\u00f2 actualment els consumidors som m\u00e9s exigents i volem saber d&#8217;on ve el caf\u00e8 que consumim, qui l&#8217;ha torrat i a on s&#8217;ha realitzat el proc\u00e9s. La producci\u00f3 mundial de caf\u00e8 es concentra b\u00e0sicament en 7 pa\u00efsos: Brasil, Vietnam, [&hellip;]\" \/>\n<meta property=\"og:url\" content=\"https:\/\/gremicafe.cat\/es\/2022\/02\/22\/reflexions-entorn-el-cafe-origen-i-torrat-del-cafe-de-colombia-a-catalunya\/\" \/>\n<meta property=\"og:site_name\" content=\"Gremi del Caf\u00e8, torradors de Catalunya\" \/>\n<meta property=\"article:publisher\" content=\"https:\/\/www.facebook.com\/gremicafecat\" \/>\n<meta property=\"article:published_time\" content=\"2022-02-22T14:24:17+00:00\" \/>\n<meta property=\"article:modified_time\" content=\"2022-02-25T07:56:55+00:00\" \/>\n<meta property=\"og:image\" content=\"https:\/\/gremicafe.cat\/wp-content\/uploads\/2022\/02\/pexels-photo-7125547.jpg\" \/>\n\t<meta property=\"og:image:width\" content=\"2250\" \/>\n\t<meta property=\"og:image:height\" content=\"1500\" \/>\n\t<meta property=\"og:image:type\" content=\"image\/jpeg\" \/>\n<meta name=\"author\" content=\"gremicafe\" \/>\n<meta name=\"twitter:card\" content=\"summary_large_image\" \/>\n<meta name=\"twitter:creator\" content=\"@gremicafecat\" \/>\n<meta name=\"twitter:site\" content=\"@gremicafecat\" \/>\n<meta name=\"twitter:label1\" content=\"Escrito por\" \/>\n\t<meta name=\"twitter:data1\" content=\"gremicafe\" \/>\n\t<meta name=\"twitter:label2\" content=\"Tiempo de lectura\" \/>\n\t<meta name=\"twitter:data2\" content=\"2 minutos\" \/>\n<script type=\"application\/ld+json\" class=\"yoast-schema-graph\">{\"@context\":\"https:\/\/schema.org\",\"@graph\":[{\"@type\":\"Article\",\"@id\":\"https:\/\/gremicafe.cat\/2022\/02\/22\/reflexions-entorn-el-cafe-origen-i-torrat-del-cafe-de-colombia-a-catalunya\/#article\",\"isPartOf\":{\"@id\":\"https:\/\/gremicafe.cat\/2022\/02\/22\/reflexions-entorn-el-cafe-origen-i-torrat-del-cafe-de-colombia-a-catalunya\/\"},\"author\":{\"name\":\"gremicafe\",\"@id\":\"https:\/\/gremicafe.cat\/#\/schema\/person\/dabfdbb3d0fa36260855a380f94e4733\"},\"headline\":\"Reflexions entorn el caf\u00e8: origen i torrat del caf\u00e8, de Col\u00f2mbia a Catalunya\",\"datePublished\":\"2022-02-22T14:24:17+00:00\",\"dateModified\":\"2022-02-25T07:56:55+00:00\",\"mainEntityOfPage\":{\"@id\":\"https:\/\/gremicafe.cat\/2022\/02\/22\/reflexions-entorn-el-cafe-origen-i-torrat-del-cafe-de-colombia-a-catalunya\/\"},\"wordCount\":255,\"publisher\":{\"@id\":\"https:\/\/gremicafe.cat\/#organization\"},\"image\":{\"@id\":\"https:\/\/gremicafe.cat\/2022\/02\/22\/reflexions-entorn-el-cafe-origen-i-torrat-del-cafe-de-colombia-a-catalunya\/#primaryimage\"},\"thumbnailUrl\":\"https:\/\/gremicafe.cat\/wp-content\/uploads\/2022\/02\/pexels-photo-7125547.jpg\",\"articleSection\":[\"Not\u00edcies\"],\"inLanguage\":\"es\"},{\"@type\":\"WebPage\",\"@id\":\"https:\/\/gremicafe.cat\/2022\/02\/22\/reflexions-entorn-el-cafe-origen-i-torrat-del-cafe-de-colombia-a-catalunya\/\",\"url\":\"https:\/\/gremicafe.cat\/2022\/02\/22\/reflexions-entorn-el-cafe-origen-i-torrat-del-cafe-de-colombia-a-catalunya\/\",\"name\":\"Reflexions entorn el caf\u00e8: origen i torrat del caf\u00e8, de Col\u00f2mbia a Catalunya - Gremi del Caf\u00e8, torradors de Catalunya\",\"isPartOf\":{\"@id\":\"https:\/\/gremicafe.cat\/#website\"},\"primaryImageOfPage\":{\"@id\":\"https:\/\/gremicafe.cat\/2022\/02\/22\/reflexions-entorn-el-cafe-origen-i-torrat-del-cafe-de-colombia-a-catalunya\/#primaryimage\"},\"image\":{\"@id\":\"https:\/\/gremicafe.cat\/2022\/02\/22\/reflexions-entorn-el-cafe-origen-i-torrat-del-cafe-de-colombia-a-catalunya\/#primaryimage\"},\"thumbnailUrl\":\"https:\/\/gremicafe.cat\/wp-content\/uploads\/2022\/02\/pexels-photo-7125547.jpg\",\"datePublished\":\"2022-02-22T14:24:17+00:00\",\"dateModified\":\"2022-02-25T07:56:55+00:00\",\"breadcrumb\":{\"@id\":\"https:\/\/gremicafe.cat\/2022\/02\/22\/reflexions-entorn-el-cafe-origen-i-torrat-del-cafe-de-colombia-a-catalunya\/#breadcrumb\"},\"inLanguage\":\"es\",\"potentialAction\":[{\"@type\":\"ReadAction\",\"target\":[\"https:\/\/gremicafe.cat\/2022\/02\/22\/reflexions-entorn-el-cafe-origen-i-torrat-del-cafe-de-colombia-a-catalunya\/\"]}]},{\"@type\":\"ImageObject\",\"inLanguage\":\"es\",\"@id\":\"https:\/\/gremicafe.cat\/2022\/02\/22\/reflexions-entorn-el-cafe-origen-i-torrat-del-cafe-de-colombia-a-catalunya\/#primaryimage\",\"url\":\"https:\/\/gremicafe.cat\/wp-content\/uploads\/2022\/02\/pexels-photo-7125547.jpg\",\"contentUrl\":\"https:\/\/gremicafe.cat\/wp-content\/uploads\/2022\/02\/pexels-photo-7125547.jpg\",\"width\":2250,\"height\":1500,\"caption\":\"foto caf\u00e8 - gremi cafe\"},{\"@type\":\"BreadcrumbList\",\"@id\":\"https:\/\/gremicafe.cat\/2022\/02\/22\/reflexions-entorn-el-cafe-origen-i-torrat-del-cafe-de-colombia-a-catalunya\/#breadcrumb\",\"itemListElement\":[{\"@type\":\"ListItem\",\"position\":1,\"name\":\"Inici\",\"item\":\"https:\/\/gremicafe.cat\/\"},{\"@type\":\"ListItem\",\"position\":2,\"name\":\"Reflexions entorn el caf\u00e8: origen i torrat del caf\u00e8, de Col\u00f2mbia a Catalunya\"}]},{\"@type\":\"WebSite\",\"@id\":\"https:\/\/gremicafe.cat\/#website\",\"url\":\"https:\/\/gremicafe.cat\/\",\"name\":\"Gremi del Caf\u00e8, torradors de Catalunya\",\"description\":\"Web oficial del gremi de torradors de caf\u00e8 de Catalunya\",\"publisher\":{\"@id\":\"https:\/\/gremicafe.cat\/#organization\"},\"potentialAction\":[{\"@type\":\"SearchAction\",\"target\":{\"@type\":\"EntryPoint\",\"urlTemplate\":\"https:\/\/gremicafe.cat\/?s={search_term_string}\"},\"query-input\":{\"@type\":\"PropertyValueSpecification\",\"valueRequired\":true,\"valueName\":\"search_term_string\"}}],\"inLanguage\":\"es\"},{\"@type\":\"Organization\",\"@id\":\"https:\/\/gremicafe.cat\/#organization\",\"name\":\"Gremi del Caf\u00e8, Torradors de Catalunya\",\"url\":\"https:\/\/gremicafe.cat\/\",\"logo\":{\"@type\":\"ImageObject\",\"inLanguage\":\"es\",\"@id\":\"https:\/\/gremicafe.cat\/#\/schema\/logo\/image\/\",\"url\":\"https:\/\/gremicafe.cat\/wp-content\/uploads\/2018\/03\/gremicafe-logo250.png\",\"contentUrl\":\"https:\/\/gremicafe.cat\/wp-content\/uploads\/2018\/03\/gremicafe-logo250.png\",\"width\":250,\"height\":49,\"caption\":\"Gremi del Caf\u00e8, Torradors de Catalunya\"},\"image\":{\"@id\":\"https:\/\/gremicafe.cat\/#\/schema\/logo\/image\/\"},\"sameAs\":[\"https:\/\/www.facebook.com\/gremicafecat\",\"https:\/\/x.com\/gremicafecat\",\"https:\/\/www.instagram.com\/gremicafecat\/\",\"https:\/\/www.pinterest.es\/gremicafecat\/\",\"https:\/\/www.youtube.com\/channel\/UCGLo5Y35vLwLvP4FrPZrCrw\/\"]},{\"@type\":\"Person\",\"@id\":\"https:\/\/gremicafe.cat\/#\/schema\/person\/dabfdbb3d0fa36260855a380f94e4733\",\"name\":\"gremicafe\",\"image\":{\"@type\":\"ImageObject\",\"inLanguage\":\"es\",\"@id\":\"https:\/\/gremicafe.cat\/#\/schema\/person\/image\/\",\"url\":\"https:\/\/secure.gravatar.com\/avatar\/e59baa4ca8f6f97576d6375fb6d3c8f0?s=96&d=mm&r=g\",\"contentUrl\":\"https:\/\/secure.gravatar.com\/avatar\/e59baa4ca8f6f97576d6375fb6d3c8f0?s=96&d=mm&r=g\",\"caption\":\"gremicafe\"}}]}<\/script>\n<!-- \/ Yoast SEO plugin. -->","yoast_head_json":{"title":"Reflexions entorn el caf\u00e8: origen i torrat del caf\u00e8, de Col\u00f2mbia a Catalunya - Gremi del Caf\u00e8, torradors de Catalunya","robots":{"index":"index","follow":"follow","max-snippet":"max-snippet:-1","max-image-preview":"max-image-preview:large","max-video-preview":"max-video-preview:-1"},"canonical":"https:\/\/gremicafe.cat\/es\/2022\/02\/22\/reflexions-entorn-el-cafe-origen-i-torrat-del-cafe-de-colombia-a-catalunya\/","og_locale":"es_ES","og_type":"article","og_title":"Reflexions entorn el caf\u00e8: origen i torrat del caf\u00e8, de Col\u00f2mbia a Catalunya - Gremi del Caf\u00e8, torradors de Catalunya","og_description":"&nbsp; Fins fa poc el caf\u00e8 era un producte industrialitzat i no se&#8217;n coneixia la tra\u00e7abilitat. Per\u00f2 actualment els consumidors som m\u00e9s exigents i volem saber d&#8217;on ve el caf\u00e8 que consumim, qui l&#8217;ha torrat i a on s&#8217;ha realitzat el proc\u00e9s. La producci\u00f3 mundial de caf\u00e8 es concentra b\u00e0sicament en 7 pa\u00efsos: Brasil, Vietnam, [&hellip;]","og_url":"https:\/\/gremicafe.cat\/es\/2022\/02\/22\/reflexions-entorn-el-cafe-origen-i-torrat-del-cafe-de-colombia-a-catalunya\/","og_site_name":"Gremi del Caf\u00e8, torradors de Catalunya","article_publisher":"https:\/\/www.facebook.com\/gremicafecat","article_published_time":"2022-02-22T14:24:17+00:00","article_modified_time":"2022-02-25T07:56:55+00:00","og_image":[{"width":2250,"height":1500,"url":"https:\/\/gremicafe.cat\/wp-content\/uploads\/2022\/02\/pexels-photo-7125547.jpg","type":"image\/jpeg"}],"author":"gremicafe","twitter_card":"summary_large_image","twitter_creator":"@gremicafecat","twitter_site":"@gremicafecat","twitter_misc":{"Escrito por":"gremicafe","Tiempo de lectura":"2 minutos"},"schema":{"@context":"https:\/\/schema.org","@graph":[{"@type":"Article","@id":"https:\/\/gremicafe.cat\/2022\/02\/22\/reflexions-entorn-el-cafe-origen-i-torrat-del-cafe-de-colombia-a-catalunya\/#article","isPartOf":{"@id":"https:\/\/gremicafe.cat\/2022\/02\/22\/reflexions-entorn-el-cafe-origen-i-torrat-del-cafe-de-colombia-a-catalunya\/"},"author":{"name":"gremicafe","@id":"https:\/\/gremicafe.cat\/#\/schema\/person\/dabfdbb3d0fa36260855a380f94e4733"},"headline":"Reflexions entorn el caf\u00e8: origen i torrat del caf\u00e8, de Col\u00f2mbia a Catalunya","datePublished":"2022-02-22T14:24:17+00:00","dateModified":"2022-02-25T07:56:55+00:00","mainEntityOfPage":{"@id":"https:\/\/gremicafe.cat\/2022\/02\/22\/reflexions-entorn-el-cafe-origen-i-torrat-del-cafe-de-colombia-a-catalunya\/"},"wordCount":255,"publisher":{"@id":"https:\/\/gremicafe.cat\/#organization"},"image":{"@id":"https:\/\/gremicafe.cat\/2022\/02\/22\/reflexions-entorn-el-cafe-origen-i-torrat-del-cafe-de-colombia-a-catalunya\/#primaryimage"},"thumbnailUrl":"https:\/\/gremicafe.cat\/wp-content\/uploads\/2022\/02\/pexels-photo-7125547.jpg","articleSection":["Not\u00edcies"],"inLanguage":"es"},{"@type":"WebPage","@id":"https:\/\/gremicafe.cat\/2022\/02\/22\/reflexions-entorn-el-cafe-origen-i-torrat-del-cafe-de-colombia-a-catalunya\/","url":"https:\/\/gremicafe.cat\/2022\/02\/22\/reflexions-entorn-el-cafe-origen-i-torrat-del-cafe-de-colombia-a-catalunya\/","name":"Reflexions entorn el caf\u00e8: origen i torrat del caf\u00e8, de Col\u00f2mbia a Catalunya - Gremi del Caf\u00e8, torradors de Catalunya","isPartOf":{"@id":"https:\/\/gremicafe.cat\/#website"},"primaryImageOfPage":{"@id":"https:\/\/gremicafe.cat\/2022\/02\/22\/reflexions-entorn-el-cafe-origen-i-torrat-del-cafe-de-colombia-a-catalunya\/#primaryimage"},"image":{"@id":"https:\/\/gremicafe.cat\/2022\/02\/22\/reflexions-entorn-el-cafe-origen-i-torrat-del-cafe-de-colombia-a-catalunya\/#primaryimage"},"thumbnailUrl":"https:\/\/gremicafe.cat\/wp-content\/uploads\/2022\/02\/pexels-photo-7125547.jpg","datePublished":"2022-02-22T14:24:17+00:00","dateModified":"2022-02-25T07:56:55+00:00","breadcrumb":{"@id":"https:\/\/gremicafe.cat\/2022\/02\/22\/reflexions-entorn-el-cafe-origen-i-torrat-del-cafe-de-colombia-a-catalunya\/#breadcrumb"},"inLanguage":"es","potentialAction":[{"@type":"ReadAction","target":["https:\/\/gremicafe.cat\/2022\/02\/22\/reflexions-entorn-el-cafe-origen-i-torrat-del-cafe-de-colombia-a-catalunya\/"]}]},{"@type":"ImageObject","inLanguage":"es","@id":"https:\/\/gremicafe.cat\/2022\/02\/22\/reflexions-entorn-el-cafe-origen-i-torrat-del-cafe-de-colombia-a-catalunya\/#primaryimage","url":"https:\/\/gremicafe.cat\/wp-content\/uploads\/2022\/02\/pexels-photo-7125547.jpg","contentUrl":"https:\/\/gremicafe.cat\/wp-content\/uploads\/2022\/02\/pexels-photo-7125547.jpg","width":2250,"height":1500,"caption":"foto caf\u00e8 - gremi cafe"},{"@type":"BreadcrumbList","@id":"https:\/\/gremicafe.cat\/2022\/02\/22\/reflexions-entorn-el-cafe-origen-i-torrat-del-cafe-de-colombia-a-catalunya\/#breadcrumb","itemListElement":[{"@type":"ListItem","position":1,"name":"Inici","item":"https:\/\/gremicafe.cat\/"},{"@type":"ListItem","position":2,"name":"Reflexions entorn el caf\u00e8: origen i torrat del caf\u00e8, de Col\u00f2mbia a Catalunya"}]},{"@type":"WebSite","@id":"https:\/\/gremicafe.cat\/#website","url":"https:\/\/gremicafe.cat\/","name":"Gremio del Caf\u00e9, tostadores de Catalu\u00f1a","description":"Web oficial del gremio de tostadores de caf\u00e9 de Catalunya","publisher":{"@id":"https:\/\/gremicafe.cat\/#organization"},"potentialAction":[{"@type":"SearchAction","target":{"@type":"EntryPoint","urlTemplate":"https:\/\/gremicafe.cat\/?s={search_term_string}"},"query-input":{"@type":"PropertyValueSpecification","valueRequired":true,"valueName":"search_term_string"}}],"inLanguage":"es"},{"@type":"Organization","@id":"https:\/\/gremicafe.cat\/#organization","name":"Gremio del Caf\u00e9, Tostadores de Catalu\u00f1a","url":"https:\/\/gremicafe.cat\/","logo":{"@type":"ImageObject","inLanguage":"es","@id":"https:\/\/gremicafe.cat\/#\/schema\/logo\/image\/","url":"https:\/\/gremicafe.cat\/wp-content\/uploads\/2018\/03\/gremicafe-logo250.png","contentUrl":"https:\/\/gremicafe.cat\/wp-content\/uploads\/2018\/03\/gremicafe-logo250.png","width":250,"height":49,"caption":"Gremi del Caf\u00e8, Torradors de Catalunya"},"image":{"@id":"https:\/\/gremicafe.cat\/#\/schema\/logo\/image\/"},"sameAs":["https:\/\/www.facebook.com\/gremicafecat","https:\/\/x.com\/gremicafecat","https:\/\/www.instagram.com\/gremicafecat\/","https:\/\/www.pinterest.es\/gremicafecat\/","https:\/\/www.youtube.com\/channel\/UCGLo5Y35vLwLvP4FrPZrCrw\/"]},{"@type":"Person","@id":"https:\/\/gremicafe.cat\/#\/schema\/person\/dabfdbb3d0fa36260855a380f94e4733","name":"gremicafe","image":{"@type":"ImageObject","inLanguage":"es","@id":"https:\/\/gremicafe.cat\/#\/schema\/person\/image\/","url":"https:\/\/secure.gravatar.com\/avatar\/e59baa4ca8f6f97576d6375fb6d3c8f0?s=96&d=mm&r=g","contentUrl":"https:\/\/secure.gravatar.com\/avatar\/e59baa4ca8f6f97576d6375fb6d3c8f0?s=96&d=mm&r=g","caption":"gremicafe"}}]}},"_links":{"self":[{"href":"https:\/\/gremicafe.cat\/es\/wp-json\/wp\/v2\/posts\/6450"}],"collection":[{"href":"https:\/\/gremicafe.cat\/es\/wp-json\/wp\/v2\/posts"}],"about":[{"href":"https:\/\/gremicafe.cat\/es\/wp-json\/wp\/v2\/types\/post"}],"author":[{"embeddable":true,"href":"https:\/\/gremicafe.cat\/es\/wp-json\/wp\/v2\/users\/1"}],"replies":[{"embeddable":true,"href":"https:\/\/gremicafe.cat\/es\/wp-json\/wp\/v2\/comments?post=6450"}],"version-history":[{"count":0,"href":"https:\/\/gremicafe.cat\/es\/wp-json\/wp\/v2\/posts\/6450\/revisions"}],"wp:featuredmedia":[{"embeddable":true,"href":"https:\/\/gremicafe.cat\/es\/wp-json\/wp\/v2\/media\/6452"}],"wp:attachment":[{"href":"https:\/\/gremicafe.cat\/es\/wp-json\/wp\/v2\/media?parent=6450"}],"wp:term":[{"taxonomy":"category","embeddable":true,"href":"https:\/\/gremicafe.cat\/es\/wp-json\/wp\/v2\/categories?post=6450"},{"taxonomy":"post_tag","embeddable":true,"href":"https:\/\/gremicafe.cat\/es\/wp-json\/wp\/v2\/tags?post=6450"}],"curies":[{"name":"wp","href":"https:\/\/api.w.org\/{rel}","templated":true}]}}