{"id":6455,"date":"2022-02-18T17:44:33","date_gmt":"2022-02-18T15:44:33","guid":{"rendered":"https:\/\/gremicafe.cat\/?p=6455"},"modified":"2022-02-24T18:02:02","modified_gmt":"2022-02-24T16:02:02","slug":"cafe-saula-amplia-el-seu-ventall-de-capsules-compostables-amb-les-de-cafe-ecologic-intense","status":"publish","type":"post","link":"https:\/\/gremicafe.cat\/es\/2022\/02\/18\/cafe-saula-amplia-el-seu-ventall-de-capsules-compostables-amb-les-de-cafe-ecologic-intense\/","title":{"rendered":"Caf\u00e9 Saula ampl\u00eda su abanico de c\u00e1psulas compostables con las de caf\u00e9 ecol\u00f3gico &#039;Intense&#039;"},"content":{"rendered":"<p><img loading=\"lazy\" decoding=\"async\" class=\"aligncenter size-full wp-image-6456\" src=\"https:\/\/gremicafe.cat\/wp-content\/uploads\/2022\/02\/unnamed-800x580-1.jpg\" alt=\"cafe saula premium organic intense\" width=\"800\" height=\"580\" srcset=\"https:\/\/gremicafe.cat\/wp-content\/uploads\/2022\/02\/unnamed-800x580-1.jpg 800w, https:\/\/gremicafe.cat\/wp-content\/uploads\/2022\/02\/unnamed-800x580-1-768x557.jpg 768w\" sizes=\"(max-width: 800px) 100vw, 800px\" \/><\/p>\n<p>&nbsp;<\/p>\n<p>&nbsp;<\/p>\n<p>El pasado mes de enero, <strong>Caf\u00e9 Saula<\/strong> lanz\u00f3 al mercado las nuevas <a href=\"https:\/\/www.cafesaula.com\/store\/ca\/cafe-en-capsules\/186-capsules-compostables-cafe-ecologic-intense-compatibles-nespresso\"><strong>c\u00e1psulas compostables de caf\u00e9 ecol\u00f3gico &#039;Intense&#039;<\/strong><\/a> compatibles con Nespresso.<\/p>\n<p>Este tipo de caf\u00e9, se trata de una nueva versi\u00f3n de la gama Organic de Caf\u00e9 Saula Premium que tambi\u00e9n llega en lata met\u00e1lica con 20 c\u00e1psulas 100% compostables.<\/p>\n<p><a href=\"https:\/\/www.cafesaula.com\/store\/ca\/cafe-en-capsules\/186-capsules-compostables-cafe-ecologic-intense-compatibles-nespresso\"><strong>Caf\u00e9 Saula<\/strong><\/a> define la variante <strong>Premium Ecol\u00f3gico<\/strong> como un caf\u00e9 arom\u00e1tico con notas de frutos secos tostado, chocolate amargo y especias como la vainilla. Este resultado se consigue gracias a que utiliza un caf\u00e9 certificado bio y vegano con un tostado artesano lento, y en este caso, el caf\u00e9 es de origen de plantaciones originarias de Centro Am\u00e9rica, Am\u00e9rica del Sur y \u00c1frica.<\/p>\n<p>Siguiendo su l\u00ednea de c\u00e1psulas 100% compostables y biodegradables, fabricadas a partir de materias renovables. Encontrar\u00e1s toda la informaci\u00f3n de este nuevo producto, as\u00ed como comprarlo online, en la <a href=\"https:\/\/www.cafesaula.com\/store\/ca\/cafe-en-capsules\/186-capsules-compostables-cafe-ecologic-intense-compatibles-nespresso\"><strong>su web de Caf\u00e9 Saula<\/strong><\/a>.<\/p>","protected":false},"excerpt":{"rendered":"<p>&nbsp; &nbsp; El passat mes de gener, Caf\u00e8 Saula va llen\u00e7ar al mercat les noves c\u00e0psules compostables de caf\u00e8 ecol\u00f2gic \u2018Intense\u2019 compatibles amb Nespresso. Aquest tipus de caf\u00e8, es tracta d\u2019una nova versi\u00f3 de la gamma Organic de Caf\u00e8 Saula Premium que tamb\u00e9 arriba en llauna met\u00e0l\u00b7lica amb 20 c\u00e0psules 100% compostables. Caf\u00e8 Saula defineix [&hellip;]<\/p>\n","protected":false},"author":1,"featured_media":6456,"comment_status":"closed","ping_status":"open","sticky":false,"template":"","format":"standard","meta":{"_acf_changed":false,"inline_featured_image":false,"footnotes":""},"categories":[1,81],"tags":[],"class_list":["post-6455","post","type-post","status-publish","format-standard","has-post-thumbnail","hentry","category-noticies","category-novetats"],"acf":[],"yoast_head":"<!-- This site is optimized with the Yoast SEO plugin v25.5 - https:\/\/yoast.com\/wordpress\/plugins\/seo\/ -->\n<title>Caf\u00e8 Saula amplia el seu ventall de c\u00e0psules compostables amb les de caf\u00e8 ecol\u00f2gic \u2018Intense\u2019 - Gremi del Caf\u00e8, torradors de Catalunya<\/title>\n<meta name=\"robots\" content=\"index, follow, max-snippet:-1, max-image-preview:large, max-video-preview:-1\" \/>\n<link rel=\"canonical\" href=\"https:\/\/gremicafe.cat\/es\/2022\/02\/18\/cafe-saula-amplia-el-seu-ventall-de-capsules-compostables-amb-les-de-cafe-ecologic-intense\/\" \/>\n<meta property=\"og:locale\" content=\"es_ES\" \/>\n<meta property=\"og:type\" content=\"article\" \/>\n<meta property=\"og:title\" content=\"Caf\u00e8 Saula amplia el seu ventall de c\u00e0psules compostables amb les de caf\u00e8 ecol\u00f2gic \u2018Intense\u2019 - Gremi del Caf\u00e8, torradors de Catalunya\" \/>\n<meta property=\"og:description\" content=\"&nbsp; &nbsp; El passat mes de gener, Caf\u00e8 Saula va llen\u00e7ar al mercat les noves c\u00e0psules compostables de caf\u00e8 ecol\u00f2gic \u2018Intense\u2019 compatibles amb Nespresso. Aquest tipus de caf\u00e8, es tracta d\u2019una nova versi\u00f3 de la gamma Organic de Caf\u00e8 Saula Premium que tamb\u00e9 arriba en llauna met\u00e0l\u00b7lica amb 20 c\u00e0psules 100% compostables. Caf\u00e8 Saula defineix [&hellip;]\" \/>\n<meta property=\"og:url\" content=\"https:\/\/gremicafe.cat\/es\/2022\/02\/18\/cafe-saula-amplia-el-seu-ventall-de-capsules-compostables-amb-les-de-cafe-ecologic-intense\/\" \/>\n<meta property=\"og:site_name\" content=\"Gremi del Caf\u00e8, torradors de Catalunya\" \/>\n<meta property=\"article:publisher\" content=\"https:\/\/www.facebook.com\/gremicafecat\" \/>\n<meta property=\"article:published_time\" content=\"2022-02-18T15:44:33+00:00\" \/>\n<meta property=\"article:modified_time\" content=\"2022-02-24T16:02:02+00:00\" \/>\n<meta property=\"og:image\" content=\"https:\/\/gremicafe.cat\/wp-content\/uploads\/2022\/02\/unnamed-800x580-1.jpg\" \/>\n\t<meta property=\"og:image:width\" content=\"800\" \/>\n\t<meta property=\"og:image:height\" content=\"580\" \/>\n\t<meta property=\"og:image:type\" content=\"image\/jpeg\" \/>\n<meta name=\"author\" content=\"gremicafe\" \/>\n<meta name=\"twitter:card\" content=\"summary_large_image\" \/>\n<meta name=\"twitter:creator\" content=\"@gremicafecat\" \/>\n<meta name=\"twitter:site\" content=\"@gremicafecat\" \/>\n<meta name=\"twitter:label1\" content=\"Escrito por\" \/>\n\t<meta name=\"twitter:data1\" content=\"gremicafe\" \/>\n\t<meta name=\"twitter:label2\" content=\"Tiempo de lectura\" \/>\n\t<meta name=\"twitter:data2\" content=\"1 minuto\" \/>\n<script type=\"application\/ld+json\" class=\"yoast-schema-graph\">{\"@context\":\"https:\/\/schema.org\",\"@graph\":[{\"@type\":\"Article\",\"@id\":\"https:\/\/gremicafe.cat\/2022\/02\/18\/cafe-saula-amplia-el-seu-ventall-de-capsules-compostables-amb-les-de-cafe-ecologic-intense\/#article\",\"isPartOf\":{\"@id\":\"https:\/\/gremicafe.cat\/2022\/02\/18\/cafe-saula-amplia-el-seu-ventall-de-capsules-compostables-amb-les-de-cafe-ecologic-intense\/\"},\"author\":{\"name\":\"gremicafe\",\"@id\":\"https:\/\/gremicafe.cat\/#\/schema\/person\/dabfdbb3d0fa36260855a380f94e4733\"},\"headline\":\"Caf\u00e8 Saula amplia el seu ventall de c\u00e0psules compostables amb les de caf\u00e8 ecol\u00f2gic \u2018Intense\u2019\",\"datePublished\":\"2022-02-18T15:44:33+00:00\",\"dateModified\":\"2022-02-24T16:02:02+00:00\",\"mainEntityOfPage\":{\"@id\":\"https:\/\/gremicafe.cat\/2022\/02\/18\/cafe-saula-amplia-el-seu-ventall-de-capsules-compostables-amb-les-de-cafe-ecologic-intense\/\"},\"wordCount\":180,\"publisher\":{\"@id\":\"https:\/\/gremicafe.cat\/#organization\"},\"image\":{\"@id\":\"https:\/\/gremicafe.cat\/2022\/02\/18\/cafe-saula-amplia-el-seu-ventall-de-capsules-compostables-amb-les-de-cafe-ecologic-intense\/#primaryimage\"},\"thumbnailUrl\":\"https:\/\/gremicafe.cat\/wp-content\/uploads\/2022\/02\/unnamed-800x580-1.jpg\",\"articleSection\":[\"Not\u00edcies\",\"Novetats\"],\"inLanguage\":\"es\"},{\"@type\":\"WebPage\",\"@id\":\"https:\/\/gremicafe.cat\/2022\/02\/18\/cafe-saula-amplia-el-seu-ventall-de-capsules-compostables-amb-les-de-cafe-ecologic-intense\/\",\"url\":\"https:\/\/gremicafe.cat\/2022\/02\/18\/cafe-saula-amplia-el-seu-ventall-de-capsules-compostables-amb-les-de-cafe-ecologic-intense\/\",\"name\":\"Caf\u00e8 Saula amplia el seu ventall de c\u00e0psules compostables amb les de caf\u00e8 ecol\u00f2gic \u2018Intense\u2019 - Gremi del Caf\u00e8, torradors de Catalunya\",\"isPartOf\":{\"@id\":\"https:\/\/gremicafe.cat\/#website\"},\"primaryImageOfPage\":{\"@id\":\"https:\/\/gremicafe.cat\/2022\/02\/18\/cafe-saula-amplia-el-seu-ventall-de-capsules-compostables-amb-les-de-cafe-ecologic-intense\/#primaryimage\"},\"image\":{\"@id\":\"https:\/\/gremicafe.cat\/2022\/02\/18\/cafe-saula-amplia-el-seu-ventall-de-capsules-compostables-amb-les-de-cafe-ecologic-intense\/#primaryimage\"},\"thumbnailUrl\":\"https:\/\/gremicafe.cat\/wp-content\/uploads\/2022\/02\/unnamed-800x580-1.jpg\",\"datePublished\":\"2022-02-18T15:44:33+00:00\",\"dateModified\":\"2022-02-24T16:02:02+00:00\",\"breadcrumb\":{\"@id\":\"https:\/\/gremicafe.cat\/2022\/02\/18\/cafe-saula-amplia-el-seu-ventall-de-capsules-compostables-amb-les-de-cafe-ecologic-intense\/#breadcrumb\"},\"inLanguage\":\"es\",\"potentialAction\":[{\"@type\":\"ReadAction\",\"target\":[\"https:\/\/gremicafe.cat\/2022\/02\/18\/cafe-saula-amplia-el-seu-ventall-de-capsules-compostables-amb-les-de-cafe-ecologic-intense\/\"]}]},{\"@type\":\"ImageObject\",\"inLanguage\":\"es\",\"@id\":\"https:\/\/gremicafe.cat\/2022\/02\/18\/cafe-saula-amplia-el-seu-ventall-de-capsules-compostables-amb-les-de-cafe-ecologic-intense\/#primaryimage\",\"url\":\"https:\/\/gremicafe.cat\/wp-content\/uploads\/2022\/02\/unnamed-800x580-1.jpg\",\"contentUrl\":\"https:\/\/gremicafe.cat\/wp-content\/uploads\/2022\/02\/unnamed-800x580-1.jpg\",\"width\":800,\"height\":580,\"caption\":\"cafe saula premium organic intense\"},{\"@type\":\"BreadcrumbList\",\"@id\":\"https:\/\/gremicafe.cat\/2022\/02\/18\/cafe-saula-amplia-el-seu-ventall-de-capsules-compostables-amb-les-de-cafe-ecologic-intense\/#breadcrumb\",\"itemListElement\":[{\"@type\":\"ListItem\",\"position\":1,\"name\":\"Inici\",\"item\":\"https:\/\/gremicafe.cat\/\"},{\"@type\":\"ListItem\",\"position\":2,\"name\":\"Caf\u00e8 Saula amplia el seu ventall de c\u00e0psules compostables amb les de caf\u00e8 ecol\u00f2gic \u2018Intense\u2019\"}]},{\"@type\":\"WebSite\",\"@id\":\"https:\/\/gremicafe.cat\/#website\",\"url\":\"https:\/\/gremicafe.cat\/\",\"name\":\"Gremi del Caf\u00e8, torradors de Catalunya\",\"description\":\"Web oficial del gremi de torradors de caf\u00e8 de Catalunya\",\"publisher\":{\"@id\":\"https:\/\/gremicafe.cat\/#organization\"},\"potentialAction\":[{\"@type\":\"SearchAction\",\"target\":{\"@type\":\"EntryPoint\",\"urlTemplate\":\"https:\/\/gremicafe.cat\/?s={search_term_string}\"},\"query-input\":{\"@type\":\"PropertyValueSpecification\",\"valueRequired\":true,\"valueName\":\"search_term_string\"}}],\"inLanguage\":\"es\"},{\"@type\":\"Organization\",\"@id\":\"https:\/\/gremicafe.cat\/#organization\",\"name\":\"Gremi del Caf\u00e8, Torradors de Catalunya\",\"url\":\"https:\/\/gremicafe.cat\/\",\"logo\":{\"@type\":\"ImageObject\",\"inLanguage\":\"es\",\"@id\":\"https:\/\/gremicafe.cat\/#\/schema\/logo\/image\/\",\"url\":\"https:\/\/gremicafe.cat\/wp-content\/uploads\/2018\/03\/gremicafe-logo250.png\",\"contentUrl\":\"https:\/\/gremicafe.cat\/wp-content\/uploads\/2018\/03\/gremicafe-logo250.png\",\"width\":250,\"height\":49,\"caption\":\"Gremi del Caf\u00e8, Torradors de Catalunya\"},\"image\":{\"@id\":\"https:\/\/gremicafe.cat\/#\/schema\/logo\/image\/\"},\"sameAs\":[\"https:\/\/www.facebook.com\/gremicafecat\",\"https:\/\/x.com\/gremicafecat\",\"https:\/\/www.instagram.com\/gremicafecat\/\",\"https:\/\/www.pinterest.es\/gremicafecat\/\",\"https:\/\/www.youtube.com\/channel\/UCGLo5Y35vLwLvP4FrPZrCrw\/\"]},{\"@type\":\"Person\",\"@id\":\"https:\/\/gremicafe.cat\/#\/schema\/person\/dabfdbb3d0fa36260855a380f94e4733\",\"name\":\"gremicafe\",\"image\":{\"@type\":\"ImageObject\",\"inLanguage\":\"es\",\"@id\":\"https:\/\/gremicafe.cat\/#\/schema\/person\/image\/\",\"url\":\"https:\/\/secure.gravatar.com\/avatar\/e59baa4ca8f6f97576d6375fb6d3c8f0?s=96&d=mm&r=g\",\"contentUrl\":\"https:\/\/secure.gravatar.com\/avatar\/e59baa4ca8f6f97576d6375fb6d3c8f0?s=96&d=mm&r=g\",\"caption\":\"gremicafe\"}}]}<\/script>\n<!-- \/ Yoast SEO plugin. -->","yoast_head_json":{"title":"Caf\u00e8 Saula amplia el seu ventall de c\u00e0psules compostables amb les de caf\u00e8 ecol\u00f2gic \u2018Intense\u2019 - Gremi del Caf\u00e8, torradors de Catalunya","robots":{"index":"index","follow":"follow","max-snippet":"max-snippet:-1","max-image-preview":"max-image-preview:large","max-video-preview":"max-video-preview:-1"},"canonical":"https:\/\/gremicafe.cat\/es\/2022\/02\/18\/cafe-saula-amplia-el-seu-ventall-de-capsules-compostables-amb-les-de-cafe-ecologic-intense\/","og_locale":"es_ES","og_type":"article","og_title":"Caf\u00e8 Saula amplia el seu ventall de c\u00e0psules compostables amb les de caf\u00e8 ecol\u00f2gic \u2018Intense\u2019 - Gremi del Caf\u00e8, torradors de Catalunya","og_description":"&nbsp; &nbsp; El passat mes de gener, Caf\u00e8 Saula va llen\u00e7ar al mercat les noves c\u00e0psules compostables de caf\u00e8 ecol\u00f2gic \u2018Intense\u2019 compatibles amb Nespresso. Aquest tipus de caf\u00e8, es tracta d\u2019una nova versi\u00f3 de la gamma Organic de Caf\u00e8 Saula Premium que tamb\u00e9 arriba en llauna met\u00e0l\u00b7lica amb 20 c\u00e0psules 100% compostables. Caf\u00e8 Saula defineix [&hellip;]","og_url":"https:\/\/gremicafe.cat\/es\/2022\/02\/18\/cafe-saula-amplia-el-seu-ventall-de-capsules-compostables-amb-les-de-cafe-ecologic-intense\/","og_site_name":"Gremi del Caf\u00e8, torradors de Catalunya","article_publisher":"https:\/\/www.facebook.com\/gremicafecat","article_published_time":"2022-02-18T15:44:33+00:00","article_modified_time":"2022-02-24T16:02:02+00:00","og_image":[{"width":800,"height":580,"url":"https:\/\/gremicafe.cat\/wp-content\/uploads\/2022\/02\/unnamed-800x580-1.jpg","type":"image\/jpeg"}],"author":"gremicafe","twitter_card":"summary_large_image","twitter_creator":"@gremicafecat","twitter_site":"@gremicafecat","twitter_misc":{"Escrito por":"gremicafe","Tiempo de lectura":"1 minuto"},"schema":{"@context":"https:\/\/schema.org","@graph":[{"@type":"Article","@id":"https:\/\/gremicafe.cat\/2022\/02\/18\/cafe-saula-amplia-el-seu-ventall-de-capsules-compostables-amb-les-de-cafe-ecologic-intense\/#article","isPartOf":{"@id":"https:\/\/gremicafe.cat\/2022\/02\/18\/cafe-saula-amplia-el-seu-ventall-de-capsules-compostables-amb-les-de-cafe-ecologic-intense\/"},"author":{"name":"gremicafe","@id":"https:\/\/gremicafe.cat\/#\/schema\/person\/dabfdbb3d0fa36260855a380f94e4733"},"headline":"Caf\u00e8 Saula amplia el seu ventall de c\u00e0psules compostables amb les de caf\u00e8 ecol\u00f2gic \u2018Intense\u2019","datePublished":"2022-02-18T15:44:33+00:00","dateModified":"2022-02-24T16:02:02+00:00","mainEntityOfPage":{"@id":"https:\/\/gremicafe.cat\/2022\/02\/18\/cafe-saula-amplia-el-seu-ventall-de-capsules-compostables-amb-les-de-cafe-ecologic-intense\/"},"wordCount":180,"publisher":{"@id":"https:\/\/gremicafe.cat\/#organization"},"image":{"@id":"https:\/\/gremicafe.cat\/2022\/02\/18\/cafe-saula-amplia-el-seu-ventall-de-capsules-compostables-amb-les-de-cafe-ecologic-intense\/#primaryimage"},"thumbnailUrl":"https:\/\/gremicafe.cat\/wp-content\/uploads\/2022\/02\/unnamed-800x580-1.jpg","articleSection":["Not\u00edcies","Novetats"],"inLanguage":"es"},{"@type":"WebPage","@id":"https:\/\/gremicafe.cat\/2022\/02\/18\/cafe-saula-amplia-el-seu-ventall-de-capsules-compostables-amb-les-de-cafe-ecologic-intense\/","url":"https:\/\/gremicafe.cat\/2022\/02\/18\/cafe-saula-amplia-el-seu-ventall-de-capsules-compostables-amb-les-de-cafe-ecologic-intense\/","name":"Caf\u00e8 Saula amplia el seu ventall de c\u00e0psules compostables amb les de caf\u00e8 ecol\u00f2gic \u2018Intense\u2019 - Gremi del Caf\u00e8, torradors de Catalunya","isPartOf":{"@id":"https:\/\/gremicafe.cat\/#website"},"primaryImageOfPage":{"@id":"https:\/\/gremicafe.cat\/2022\/02\/18\/cafe-saula-amplia-el-seu-ventall-de-capsules-compostables-amb-les-de-cafe-ecologic-intense\/#primaryimage"},"image":{"@id":"https:\/\/gremicafe.cat\/2022\/02\/18\/cafe-saula-amplia-el-seu-ventall-de-capsules-compostables-amb-les-de-cafe-ecologic-intense\/#primaryimage"},"thumbnailUrl":"https:\/\/gremicafe.cat\/wp-content\/uploads\/2022\/02\/unnamed-800x580-1.jpg","datePublished":"2022-02-18T15:44:33+00:00","dateModified":"2022-02-24T16:02:02+00:00","breadcrumb":{"@id":"https:\/\/gremicafe.cat\/2022\/02\/18\/cafe-saula-amplia-el-seu-ventall-de-capsules-compostables-amb-les-de-cafe-ecologic-intense\/#breadcrumb"},"inLanguage":"es","potentialAction":[{"@type":"ReadAction","target":["https:\/\/gremicafe.cat\/2022\/02\/18\/cafe-saula-amplia-el-seu-ventall-de-capsules-compostables-amb-les-de-cafe-ecologic-intense\/"]}]},{"@type":"ImageObject","inLanguage":"es","@id":"https:\/\/gremicafe.cat\/2022\/02\/18\/cafe-saula-amplia-el-seu-ventall-de-capsules-compostables-amb-les-de-cafe-ecologic-intense\/#primaryimage","url":"https:\/\/gremicafe.cat\/wp-content\/uploads\/2022\/02\/unnamed-800x580-1.jpg","contentUrl":"https:\/\/gremicafe.cat\/wp-content\/uploads\/2022\/02\/unnamed-800x580-1.jpg","width":800,"height":580,"caption":"cafe saula premium organic intense"},{"@type":"BreadcrumbList","@id":"https:\/\/gremicafe.cat\/2022\/02\/18\/cafe-saula-amplia-el-seu-ventall-de-capsules-compostables-amb-les-de-cafe-ecologic-intense\/#breadcrumb","itemListElement":[{"@type":"ListItem","position":1,"name":"Inici","item":"https:\/\/gremicafe.cat\/"},{"@type":"ListItem","position":2,"name":"Caf\u00e8 Saula amplia el seu ventall de c\u00e0psules compostables amb les de caf\u00e8 ecol\u00f2gic \u2018Intense\u2019"}]},{"@type":"WebSite","@id":"https:\/\/gremicafe.cat\/#website","url":"https:\/\/gremicafe.cat\/","name":"Gremio del Caf\u00e9, tostadores de Catalu\u00f1a","description":"Web oficial del gremio de tostadores de caf\u00e9 de Catalunya","publisher":{"@id":"https:\/\/gremicafe.cat\/#organization"},"potentialAction":[{"@type":"SearchAction","target":{"@type":"EntryPoint","urlTemplate":"https:\/\/gremicafe.cat\/?s={search_term_string}"},"query-input":{"@type":"PropertyValueSpecification","valueRequired":true,"valueName":"search_term_string"}}],"inLanguage":"es"},{"@type":"Organization","@id":"https:\/\/gremicafe.cat\/#organization","name":"Gremio del Caf\u00e9, Tostadores de Catalu\u00f1a","url":"https:\/\/gremicafe.cat\/","logo":{"@type":"ImageObject","inLanguage":"es","@id":"https:\/\/gremicafe.cat\/#\/schema\/logo\/image\/","url":"https:\/\/gremicafe.cat\/wp-content\/uploads\/2018\/03\/gremicafe-logo250.png","contentUrl":"https:\/\/gremicafe.cat\/wp-content\/uploads\/2018\/03\/gremicafe-logo250.png","width":250,"height":49,"caption":"Gremi del Caf\u00e8, Torradors de Catalunya"},"image":{"@id":"https:\/\/gremicafe.cat\/#\/schema\/logo\/image\/"},"sameAs":["https:\/\/www.facebook.com\/gremicafecat","https:\/\/x.com\/gremicafecat","https:\/\/www.instagram.com\/gremicafecat\/","https:\/\/www.pinterest.es\/gremicafecat\/","https:\/\/www.youtube.com\/channel\/UCGLo5Y35vLwLvP4FrPZrCrw\/"]},{"@type":"Person","@id":"https:\/\/gremicafe.cat\/#\/schema\/person\/dabfdbb3d0fa36260855a380f94e4733","name":"gremicafe","image":{"@type":"ImageObject","inLanguage":"es","@id":"https:\/\/gremicafe.cat\/#\/schema\/person\/image\/","url":"https:\/\/secure.gravatar.com\/avatar\/e59baa4ca8f6f97576d6375fb6d3c8f0?s=96&d=mm&r=g","contentUrl":"https:\/\/secure.gravatar.com\/avatar\/e59baa4ca8f6f97576d6375fb6d3c8f0?s=96&d=mm&r=g","caption":"gremicafe"}}]}},"_links":{"self":[{"href":"https:\/\/gremicafe.cat\/es\/wp-json\/wp\/v2\/posts\/6455"}],"collection":[{"href":"https:\/\/gremicafe.cat\/es\/wp-json\/wp\/v2\/posts"}],"about":[{"href":"https:\/\/gremicafe.cat\/es\/wp-json\/wp\/v2\/types\/post"}],"author":[{"embeddable":true,"href":"https:\/\/gremicafe.cat\/es\/wp-json\/wp\/v2\/users\/1"}],"replies":[{"embeddable":true,"href":"https:\/\/gremicafe.cat\/es\/wp-json\/wp\/v2\/comments?post=6455"}],"version-history":[{"count":0,"href":"https:\/\/gremicafe.cat\/es\/wp-json\/wp\/v2\/posts\/6455\/revisions"}],"wp:featuredmedia":[{"embeddable":true,"href":"https:\/\/gremicafe.cat\/es\/wp-json\/wp\/v2\/media\/6456"}],"wp:attachment":[{"href":"https:\/\/gremicafe.cat\/es\/wp-json\/wp\/v2\/media?parent=6455"}],"wp:term":[{"taxonomy":"category","embeddable":true,"href":"https:\/\/gremicafe.cat\/es\/wp-json\/wp\/v2\/categories?post=6455"},{"taxonomy":"post_tag","embeddable":true,"href":"https:\/\/gremicafe.cat\/es\/wp-json\/wp\/v2\/tags?post=6455"}],"curies":[{"name":"wp","href":"https:\/\/api.w.org\/{rel}","templated":true}]}}