{"id":6491,"date":"2022-03-28T10:52:19","date_gmt":"2022-03-28T08:52:19","guid":{"rendered":"https:\/\/gremicafe.cat\/?p=6491"},"modified":"2022-03-29T11:08:10","modified_gmt":"2022-03-29T09:08:10","slug":"beure-dues-o-tres-tasses-de-cafe-al-dia-tajuda-a-viure-mes-temps","status":"publish","type":"post","link":"https:\/\/gremicafe.cat\/es\/2022\/03\/28\/beure-dues-o-tres-tasses-de-cafe-al-dia-tajuda-a-viure-mes-temps\/","title":{"rendered":"Beber dos o tres tazas de caf\u00e9 al d\u00eda te ayuda a vivir m\u00e1s tiempo"},"content":{"rendered":"<p><strong><img loading=\"lazy\" decoding=\"async\" class=\"aligncenter size-full wp-image-6494\" src=\"https:\/\/gremicafe.cat\/wp-content\/uploads\/2022\/03\/tassa-cafe-gremi-cafe.jpg\" alt=\"\" width=\"1200\" height=\"800\" srcset=\"https:\/\/gremicafe.cat\/wp-content\/uploads\/2022\/03\/tassa-cafe-gremi-cafe.jpg 1200w, https:\/\/gremicafe.cat\/wp-content\/uploads\/2022\/03\/tassa-cafe-gremi-cafe-768x512.jpg 768w, https:\/\/gremicafe.cat\/wp-content\/uploads\/2022\/03\/tassa-cafe-gremi-cafe-1080x720.jpg 1080w\" sizes=\"(max-width: 1200px) 100vw, 1200px\" \/><\/strong><\/p>\n<p>&nbsp;<\/p>\n<p><strong>Seg\u00fan los estudios presentados en la 71 edici\u00f3n cient\u00edfica anual del American College of Cardiology, muestran que beber entre dos y tres tazas de caf\u00e9 al d\u00eda no s\u00f3lo asociado con un menor riesgo de enfermedad card\u00edaca y ritmos card\u00edacos peligrosos, sino tambi\u00e9n con una vida m\u00e1s larga.<\/strong><\/p>\n<p>Estos hechos se comprobaron con personas con enfermedades cardiovasculares y sin ellas. Los investigadores dijeron que los an\u00e1lisis, el mayor para mirar el papel potencial del caf\u00e9 en la enfermedad card\u00edaca y la muerte, prometen que el caf\u00e9 no est\u00e1 vinculado a una enfermedad card\u00edaca nueva o empeorante y que puede ser protector del coraz\u00f3n.<\/p>\n<p>Los investigadores examinaron distintos niveles de consumo de caf\u00e9 que van desde una taza hasta m\u00e1s de seis tazas al d\u00eda y la relaci\u00f3n con los problemas del ritmo card\u00edaco (arritmias); enfermedades cardiovasculares, incluyendo la enfermedad de la arteria coronaria, insuficiencia card\u00edaca y derrame cerebral; y muertes totales y muertes relacionadas con el coraz\u00f3n entre personas con y sin enfermedades cardiovasculares.<\/p>\n<p>Aunque dos o tres tazas de caf\u00e9 al d\u00eda parec\u00edan ser las m\u00e1s favorables por lo general, Kistler sugiri\u00f3 que la gente no deber\u00eda aumentar su ingesta de caf\u00e9, especialmente si les hace sentirse ansiosos o inc\u00f3modos.<\/p>\n<p>Los estudios se presentar\u00e1n durante la ACC.22, y tendr\u00e1 lugar entre el 2 y el 4 de abril en Washington, DC, reuniendo a cardi\u00f3logos y especialistas cardiovasculares de todo el mundo para compartir los descubrimientos m\u00e1s novedosos en el tratamiento y la prevenci\u00f3n.<\/p>\n<p>&nbsp;<\/p>\n<p>Lee la noticia entera en <a href=\"https:\/\/www.comunicaffe.com\/drinking-two-to-three-cups-of-coffee-a-day-helps-you-live-longer-studies-say\/\">Comunicaffe.<\/a><\/p>","protected":false},"excerpt":{"rendered":"<p>&nbsp; Segons els estudis presentats a la 71a edici\u00f3 cient\u00edfica anual de l&#8217;American College of Cardiology, mostren que beure entre dues i tres tasses de caf\u00e8 al dia no nom\u00e9s associat amb un menor risc de malaltia card\u00edaca i ritmes card\u00edacs perillosos, sin\u00f3 tamb\u00e9 amb una vida m\u00e9s llarga. Aquests fets es van comprovar amb [&hellip;]<\/p>\n","protected":false},"author":1,"featured_media":6494,"comment_status":"closed","ping_status":"open","sticky":false,"template":"","format":"standard","meta":{"_acf_changed":false,"inline_featured_image":false,"footnotes":""},"categories":[1],"tags":[],"class_list":["post-6491","post","type-post","status-publish","format-standard","has-post-thumbnail","hentry","category-noticies"],"acf":[],"yoast_head":"<!-- This site is optimized with the Yoast SEO plugin v25.5 - https:\/\/yoast.com\/wordpress\/plugins\/seo\/ -->\n<title>Beure dues o tres tasses de caf\u00e8 al dia t&#039;ajuda a viure m\u00e9s temps - Gremi del Caf\u00e8, torradors de Catalunya<\/title>\n<meta name=\"robots\" content=\"index, follow, max-snippet:-1, max-image-preview:large, max-video-preview:-1\" \/>\n<link rel=\"canonical\" href=\"https:\/\/gremicafe.cat\/es\/2022\/03\/28\/beure-dues-o-tres-tasses-de-cafe-al-dia-tajuda-a-viure-mes-temps\/\" \/>\n<meta property=\"og:locale\" content=\"es_ES\" \/>\n<meta property=\"og:type\" content=\"article\" \/>\n<meta property=\"og:title\" content=\"Beure dues o tres tasses de caf\u00e8 al dia t&#039;ajuda a viure m\u00e9s temps - Gremi del Caf\u00e8, torradors de Catalunya\" \/>\n<meta property=\"og:description\" content=\"&nbsp; Segons els estudis presentats a la 71a edici\u00f3 cient\u00edfica anual de l&#8217;American College of Cardiology, mostren que beure entre dues i tres tasses de caf\u00e8 al dia no nom\u00e9s associat amb un menor risc de malaltia card\u00edaca i ritmes card\u00edacs perillosos, sin\u00f3 tamb\u00e9 amb una vida m\u00e9s llarga. Aquests fets es van comprovar amb [&hellip;]\" \/>\n<meta property=\"og:url\" content=\"https:\/\/gremicafe.cat\/es\/2022\/03\/28\/beure-dues-o-tres-tasses-de-cafe-al-dia-tajuda-a-viure-mes-temps\/\" \/>\n<meta property=\"og:site_name\" content=\"Gremi del Caf\u00e8, torradors de Catalunya\" \/>\n<meta property=\"article:publisher\" content=\"https:\/\/www.facebook.com\/gremicafecat\" \/>\n<meta property=\"article:published_time\" content=\"2022-03-28T08:52:19+00:00\" \/>\n<meta property=\"article:modified_time\" content=\"2022-03-29T09:08:10+00:00\" \/>\n<meta property=\"og:image\" content=\"https:\/\/gremicafe.cat\/wp-content\/uploads\/2022\/03\/tassa-cafe-gremi-cafe.jpg\" \/>\n\t<meta property=\"og:image:width\" content=\"1200\" \/>\n\t<meta property=\"og:image:height\" content=\"800\" \/>\n\t<meta property=\"og:image:type\" content=\"image\/jpeg\" \/>\n<meta name=\"author\" content=\"gremicafe\" \/>\n<meta name=\"twitter:card\" content=\"summary_large_image\" \/>\n<meta name=\"twitter:creator\" content=\"@gremicafecat\" \/>\n<meta name=\"twitter:site\" content=\"@gremicafecat\" \/>\n<meta name=\"twitter:label1\" content=\"Escrito por\" \/>\n\t<meta name=\"twitter:data1\" content=\"gremicafe\" \/>\n\t<meta name=\"twitter:label2\" content=\"Tiempo de lectura\" \/>\n\t<meta name=\"twitter:data2\" content=\"2 minutos\" \/>\n<script type=\"application\/ld+json\" class=\"yoast-schema-graph\">{\"@context\":\"https:\/\/schema.org\",\"@graph\":[{\"@type\":\"Article\",\"@id\":\"https:\/\/gremicafe.cat\/2022\/03\/28\/beure-dues-o-tres-tasses-de-cafe-al-dia-tajuda-a-viure-mes-temps\/#article\",\"isPartOf\":{\"@id\":\"https:\/\/gremicafe.cat\/2022\/03\/28\/beure-dues-o-tres-tasses-de-cafe-al-dia-tajuda-a-viure-mes-temps\/\"},\"author\":{\"name\":\"gremicafe\",\"@id\":\"https:\/\/gremicafe.cat\/#\/schema\/person\/dabfdbb3d0fa36260855a380f94e4733\"},\"headline\":\"Beure dues o tres tasses de caf\u00e8 al dia t&#8217;ajuda a viure m\u00e9s temps\",\"datePublished\":\"2022-03-28T08:52:19+00:00\",\"dateModified\":\"2022-03-29T09:08:10+00:00\",\"mainEntityOfPage\":{\"@id\":\"https:\/\/gremicafe.cat\/2022\/03\/28\/beure-dues-o-tres-tasses-de-cafe-al-dia-tajuda-a-viure-mes-temps\/\"},\"wordCount\":290,\"publisher\":{\"@id\":\"https:\/\/gremicafe.cat\/#organization\"},\"image\":{\"@id\":\"https:\/\/gremicafe.cat\/2022\/03\/28\/beure-dues-o-tres-tasses-de-cafe-al-dia-tajuda-a-viure-mes-temps\/#primaryimage\"},\"thumbnailUrl\":\"https:\/\/gremicafe.cat\/wp-content\/uploads\/2022\/03\/tassa-cafe-gremi-cafe.jpg\",\"articleSection\":[\"Not\u00edcies\"],\"inLanguage\":\"es\"},{\"@type\":\"WebPage\",\"@id\":\"https:\/\/gremicafe.cat\/2022\/03\/28\/beure-dues-o-tres-tasses-de-cafe-al-dia-tajuda-a-viure-mes-temps\/\",\"url\":\"https:\/\/gremicafe.cat\/2022\/03\/28\/beure-dues-o-tres-tasses-de-cafe-al-dia-tajuda-a-viure-mes-temps\/\",\"name\":\"Beure dues o tres tasses de caf\u00e8 al dia t'ajuda a viure m\u00e9s temps - Gremi del Caf\u00e8, torradors de Catalunya\",\"isPartOf\":{\"@id\":\"https:\/\/gremicafe.cat\/#website\"},\"primaryImageOfPage\":{\"@id\":\"https:\/\/gremicafe.cat\/2022\/03\/28\/beure-dues-o-tres-tasses-de-cafe-al-dia-tajuda-a-viure-mes-temps\/#primaryimage\"},\"image\":{\"@id\":\"https:\/\/gremicafe.cat\/2022\/03\/28\/beure-dues-o-tres-tasses-de-cafe-al-dia-tajuda-a-viure-mes-temps\/#primaryimage\"},\"thumbnailUrl\":\"https:\/\/gremicafe.cat\/wp-content\/uploads\/2022\/03\/tassa-cafe-gremi-cafe.jpg\",\"datePublished\":\"2022-03-28T08:52:19+00:00\",\"dateModified\":\"2022-03-29T09:08:10+00:00\",\"breadcrumb\":{\"@id\":\"https:\/\/gremicafe.cat\/2022\/03\/28\/beure-dues-o-tres-tasses-de-cafe-al-dia-tajuda-a-viure-mes-temps\/#breadcrumb\"},\"inLanguage\":\"es\",\"potentialAction\":[{\"@type\":\"ReadAction\",\"target\":[\"https:\/\/gremicafe.cat\/2022\/03\/28\/beure-dues-o-tres-tasses-de-cafe-al-dia-tajuda-a-viure-mes-temps\/\"]}]},{\"@type\":\"ImageObject\",\"inLanguage\":\"es\",\"@id\":\"https:\/\/gremicafe.cat\/2022\/03\/28\/beure-dues-o-tres-tasses-de-cafe-al-dia-tajuda-a-viure-mes-temps\/#primaryimage\",\"url\":\"https:\/\/gremicafe.cat\/wp-content\/uploads\/2022\/03\/tassa-cafe-gremi-cafe.jpg\",\"contentUrl\":\"https:\/\/gremicafe.cat\/wp-content\/uploads\/2022\/03\/tassa-cafe-gremi-cafe.jpg\",\"width\":1200,\"height\":800,\"caption\":\"tassa cafe gremi cafe\"},{\"@type\":\"BreadcrumbList\",\"@id\":\"https:\/\/gremicafe.cat\/2022\/03\/28\/beure-dues-o-tres-tasses-de-cafe-al-dia-tajuda-a-viure-mes-temps\/#breadcrumb\",\"itemListElement\":[{\"@type\":\"ListItem\",\"position\":1,\"name\":\"Inici\",\"item\":\"https:\/\/gremicafe.cat\/\"},{\"@type\":\"ListItem\",\"position\":2,\"name\":\"Beure dues o tres tasses de caf\u00e8 al dia t&#8217;ajuda a viure m\u00e9s temps\"}]},{\"@type\":\"WebSite\",\"@id\":\"https:\/\/gremicafe.cat\/#website\",\"url\":\"https:\/\/gremicafe.cat\/\",\"name\":\"Gremi del Caf\u00e8, torradors de Catalunya\",\"description\":\"Web oficial del gremi de torradors de caf\u00e8 de Catalunya\",\"publisher\":{\"@id\":\"https:\/\/gremicafe.cat\/#organization\"},\"potentialAction\":[{\"@type\":\"SearchAction\",\"target\":{\"@type\":\"EntryPoint\",\"urlTemplate\":\"https:\/\/gremicafe.cat\/?s={search_term_string}\"},\"query-input\":{\"@type\":\"PropertyValueSpecification\",\"valueRequired\":true,\"valueName\":\"search_term_string\"}}],\"inLanguage\":\"es\"},{\"@type\":\"Organization\",\"@id\":\"https:\/\/gremicafe.cat\/#organization\",\"name\":\"Gremi del Caf\u00e8, Torradors de Catalunya\",\"url\":\"https:\/\/gremicafe.cat\/\",\"logo\":{\"@type\":\"ImageObject\",\"inLanguage\":\"es\",\"@id\":\"https:\/\/gremicafe.cat\/#\/schema\/logo\/image\/\",\"url\":\"https:\/\/gremicafe.cat\/wp-content\/uploads\/2018\/03\/gremicafe-logo250.png\",\"contentUrl\":\"https:\/\/gremicafe.cat\/wp-content\/uploads\/2018\/03\/gremicafe-logo250.png\",\"width\":250,\"height\":49,\"caption\":\"Gremi del Caf\u00e8, Torradors de Catalunya\"},\"image\":{\"@id\":\"https:\/\/gremicafe.cat\/#\/schema\/logo\/image\/\"},\"sameAs\":[\"https:\/\/www.facebook.com\/gremicafecat\",\"https:\/\/x.com\/gremicafecat\",\"https:\/\/www.instagram.com\/gremicafecat\/\",\"https:\/\/www.pinterest.es\/gremicafecat\/\",\"https:\/\/www.youtube.com\/channel\/UCGLo5Y35vLwLvP4FrPZrCrw\/\"]},{\"@type\":\"Person\",\"@id\":\"https:\/\/gremicafe.cat\/#\/schema\/person\/dabfdbb3d0fa36260855a380f94e4733\",\"name\":\"gremicafe\",\"image\":{\"@type\":\"ImageObject\",\"inLanguage\":\"es\",\"@id\":\"https:\/\/gremicafe.cat\/#\/schema\/person\/image\/\",\"url\":\"https:\/\/secure.gravatar.com\/avatar\/e59baa4ca8f6f97576d6375fb6d3c8f0?s=96&d=mm&r=g\",\"contentUrl\":\"https:\/\/secure.gravatar.com\/avatar\/e59baa4ca8f6f97576d6375fb6d3c8f0?s=96&d=mm&r=g\",\"caption\":\"gremicafe\"}}]}<\/script>\n<!-- \/ Yoast SEO plugin. -->","yoast_head_json":{"title":"Beure dues o tres tasses de caf\u00e8 al dia t'ajuda a viure m\u00e9s temps - Gremi del Caf\u00e8, torradors de Catalunya","robots":{"index":"index","follow":"follow","max-snippet":"max-snippet:-1","max-image-preview":"max-image-preview:large","max-video-preview":"max-video-preview:-1"},"canonical":"https:\/\/gremicafe.cat\/es\/2022\/03\/28\/beure-dues-o-tres-tasses-de-cafe-al-dia-tajuda-a-viure-mes-temps\/","og_locale":"es_ES","og_type":"article","og_title":"Beure dues o tres tasses de caf\u00e8 al dia t'ajuda a viure m\u00e9s temps - Gremi del Caf\u00e8, torradors de Catalunya","og_description":"&nbsp; Segons els estudis presentats a la 71a edici\u00f3 cient\u00edfica anual de l&#8217;American College of Cardiology, mostren que beure entre dues i tres tasses de caf\u00e8 al dia no nom\u00e9s associat amb un menor risc de malaltia card\u00edaca i ritmes card\u00edacs perillosos, sin\u00f3 tamb\u00e9 amb una vida m\u00e9s llarga. Aquests fets es van comprovar amb [&hellip;]","og_url":"https:\/\/gremicafe.cat\/es\/2022\/03\/28\/beure-dues-o-tres-tasses-de-cafe-al-dia-tajuda-a-viure-mes-temps\/","og_site_name":"Gremi del Caf\u00e8, torradors de Catalunya","article_publisher":"https:\/\/www.facebook.com\/gremicafecat","article_published_time":"2022-03-28T08:52:19+00:00","article_modified_time":"2022-03-29T09:08:10+00:00","og_image":[{"width":1200,"height":800,"url":"https:\/\/gremicafe.cat\/wp-content\/uploads\/2022\/03\/tassa-cafe-gremi-cafe.jpg","type":"image\/jpeg"}],"author":"gremicafe","twitter_card":"summary_large_image","twitter_creator":"@gremicafecat","twitter_site":"@gremicafecat","twitter_misc":{"Escrito por":"gremicafe","Tiempo de lectura":"2 minutos"},"schema":{"@context":"https:\/\/schema.org","@graph":[{"@type":"Article","@id":"https:\/\/gremicafe.cat\/2022\/03\/28\/beure-dues-o-tres-tasses-de-cafe-al-dia-tajuda-a-viure-mes-temps\/#article","isPartOf":{"@id":"https:\/\/gremicafe.cat\/2022\/03\/28\/beure-dues-o-tres-tasses-de-cafe-al-dia-tajuda-a-viure-mes-temps\/"},"author":{"name":"gremicafe","@id":"https:\/\/gremicafe.cat\/#\/schema\/person\/dabfdbb3d0fa36260855a380f94e4733"},"headline":"Beure dues o tres tasses de caf\u00e8 al dia t&#8217;ajuda a viure m\u00e9s temps","datePublished":"2022-03-28T08:52:19+00:00","dateModified":"2022-03-29T09:08:10+00:00","mainEntityOfPage":{"@id":"https:\/\/gremicafe.cat\/2022\/03\/28\/beure-dues-o-tres-tasses-de-cafe-al-dia-tajuda-a-viure-mes-temps\/"},"wordCount":290,"publisher":{"@id":"https:\/\/gremicafe.cat\/#organization"},"image":{"@id":"https:\/\/gremicafe.cat\/2022\/03\/28\/beure-dues-o-tres-tasses-de-cafe-al-dia-tajuda-a-viure-mes-temps\/#primaryimage"},"thumbnailUrl":"https:\/\/gremicafe.cat\/wp-content\/uploads\/2022\/03\/tassa-cafe-gremi-cafe.jpg","articleSection":["Not\u00edcies"],"inLanguage":"es"},{"@type":"WebPage","@id":"https:\/\/gremicafe.cat\/2022\/03\/28\/beure-dues-o-tres-tasses-de-cafe-al-dia-tajuda-a-viure-mes-temps\/","url":"https:\/\/gremicafe.cat\/2022\/03\/28\/beure-dues-o-tres-tasses-de-cafe-al-dia-tajuda-a-viure-mes-temps\/","name":"Beure dues o tres tasses de caf\u00e8 al dia t'ajuda a viure m\u00e9s temps - Gremi del Caf\u00e8, torradors de Catalunya","isPartOf":{"@id":"https:\/\/gremicafe.cat\/#website"},"primaryImageOfPage":{"@id":"https:\/\/gremicafe.cat\/2022\/03\/28\/beure-dues-o-tres-tasses-de-cafe-al-dia-tajuda-a-viure-mes-temps\/#primaryimage"},"image":{"@id":"https:\/\/gremicafe.cat\/2022\/03\/28\/beure-dues-o-tres-tasses-de-cafe-al-dia-tajuda-a-viure-mes-temps\/#primaryimage"},"thumbnailUrl":"https:\/\/gremicafe.cat\/wp-content\/uploads\/2022\/03\/tassa-cafe-gremi-cafe.jpg","datePublished":"2022-03-28T08:52:19+00:00","dateModified":"2022-03-29T09:08:10+00:00","breadcrumb":{"@id":"https:\/\/gremicafe.cat\/2022\/03\/28\/beure-dues-o-tres-tasses-de-cafe-al-dia-tajuda-a-viure-mes-temps\/#breadcrumb"},"inLanguage":"es","potentialAction":[{"@type":"ReadAction","target":["https:\/\/gremicafe.cat\/2022\/03\/28\/beure-dues-o-tres-tasses-de-cafe-al-dia-tajuda-a-viure-mes-temps\/"]}]},{"@type":"ImageObject","inLanguage":"es","@id":"https:\/\/gremicafe.cat\/2022\/03\/28\/beure-dues-o-tres-tasses-de-cafe-al-dia-tajuda-a-viure-mes-temps\/#primaryimage","url":"https:\/\/gremicafe.cat\/wp-content\/uploads\/2022\/03\/tassa-cafe-gremi-cafe.jpg","contentUrl":"https:\/\/gremicafe.cat\/wp-content\/uploads\/2022\/03\/tassa-cafe-gremi-cafe.jpg","width":1200,"height":800,"caption":"tassa cafe gremi cafe"},{"@type":"BreadcrumbList","@id":"https:\/\/gremicafe.cat\/2022\/03\/28\/beure-dues-o-tres-tasses-de-cafe-al-dia-tajuda-a-viure-mes-temps\/#breadcrumb","itemListElement":[{"@type":"ListItem","position":1,"name":"Inici","item":"https:\/\/gremicafe.cat\/"},{"@type":"ListItem","position":2,"name":"Beure dues o tres tasses de caf\u00e8 al dia t&#8217;ajuda a viure m\u00e9s temps"}]},{"@type":"WebSite","@id":"https:\/\/gremicafe.cat\/#website","url":"https:\/\/gremicafe.cat\/","name":"Gremio del Caf\u00e9, tostadores de Catalu\u00f1a","description":"Web oficial del gremio de tostadores de caf\u00e9 de Catalunya","publisher":{"@id":"https:\/\/gremicafe.cat\/#organization"},"potentialAction":[{"@type":"SearchAction","target":{"@type":"EntryPoint","urlTemplate":"https:\/\/gremicafe.cat\/?s={search_term_string}"},"query-input":{"@type":"PropertyValueSpecification","valueRequired":true,"valueName":"search_term_string"}}],"inLanguage":"es"},{"@type":"Organization","@id":"https:\/\/gremicafe.cat\/#organization","name":"Gremio del Caf\u00e9, Tostadores de Catalu\u00f1a","url":"https:\/\/gremicafe.cat\/","logo":{"@type":"ImageObject","inLanguage":"es","@id":"https:\/\/gremicafe.cat\/#\/schema\/logo\/image\/","url":"https:\/\/gremicafe.cat\/wp-content\/uploads\/2018\/03\/gremicafe-logo250.png","contentUrl":"https:\/\/gremicafe.cat\/wp-content\/uploads\/2018\/03\/gremicafe-logo250.png","width":250,"height":49,"caption":"Gremi del Caf\u00e8, Torradors de Catalunya"},"image":{"@id":"https:\/\/gremicafe.cat\/#\/schema\/logo\/image\/"},"sameAs":["https:\/\/www.facebook.com\/gremicafecat","https:\/\/x.com\/gremicafecat","https:\/\/www.instagram.com\/gremicafecat\/","https:\/\/www.pinterest.es\/gremicafecat\/","https:\/\/www.youtube.com\/channel\/UCGLo5Y35vLwLvP4FrPZrCrw\/"]},{"@type":"Person","@id":"https:\/\/gremicafe.cat\/#\/schema\/person\/dabfdbb3d0fa36260855a380f94e4733","name":"gremicafe","image":{"@type":"ImageObject","inLanguage":"es","@id":"https:\/\/gremicafe.cat\/#\/schema\/person\/image\/","url":"https:\/\/secure.gravatar.com\/avatar\/e59baa4ca8f6f97576d6375fb6d3c8f0?s=96&d=mm&r=g","contentUrl":"https:\/\/secure.gravatar.com\/avatar\/e59baa4ca8f6f97576d6375fb6d3c8f0?s=96&d=mm&r=g","caption":"gremicafe"}}]}},"_links":{"self":[{"href":"https:\/\/gremicafe.cat\/es\/wp-json\/wp\/v2\/posts\/6491"}],"collection":[{"href":"https:\/\/gremicafe.cat\/es\/wp-json\/wp\/v2\/posts"}],"about":[{"href":"https:\/\/gremicafe.cat\/es\/wp-json\/wp\/v2\/types\/post"}],"author":[{"embeddable":true,"href":"https:\/\/gremicafe.cat\/es\/wp-json\/wp\/v2\/users\/1"}],"replies":[{"embeddable":true,"href":"https:\/\/gremicafe.cat\/es\/wp-json\/wp\/v2\/comments?post=6491"}],"version-history":[{"count":0,"href":"https:\/\/gremicafe.cat\/es\/wp-json\/wp\/v2\/posts\/6491\/revisions"}],"wp:featuredmedia":[{"embeddable":true,"href":"https:\/\/gremicafe.cat\/es\/wp-json\/wp\/v2\/media\/6494"}],"wp:attachment":[{"href":"https:\/\/gremicafe.cat\/es\/wp-json\/wp\/v2\/media?parent=6491"}],"wp:term":[{"taxonomy":"category","embeddable":true,"href":"https:\/\/gremicafe.cat\/es\/wp-json\/wp\/v2\/categories?post=6491"},{"taxonomy":"post_tag","embeddable":true,"href":"https:\/\/gremicafe.cat\/es\/wp-json\/wp\/v2\/tags?post=6491"}],"curies":[{"name":"wp","href":"https:\/\/api.w.org\/{rel}","templated":true}]}}