{"id":6499,"date":"2022-03-21T12:39:32","date_gmt":"2022-03-21T10:39:32","guid":{"rendered":"https:\/\/gremicafe.cat\/?p=6499"},"modified":"2022-03-30T12:50:13","modified_gmt":"2022-03-30T10:50:13","slug":"cafe-saula-participa-al-taste-spain-suissa","status":"publish","type":"post","link":"https:\/\/gremicafe.cat\/es\/2022\/03\/21\/cafe-saula-participa-al-taste-spain-suissa\/","title":{"rendered":"Caf\u00e9 Saula participa en el \u201cTaste Spain Suiza\u201d"},"content":{"rendered":"<p><strong><img loading=\"lazy\" decoding=\"async\" class=\"aligncenter size-full wp-image-6500\" src=\"https:\/\/gremicafe.cat\/wp-content\/uploads\/2022\/03\/cafe-saula-taste-spain-suissa.jpeg\" alt=\"\" width=\"800\" height=\"576\" srcset=\"https:\/\/gremicafe.cat\/wp-content\/uploads\/2022\/03\/cafe-saula-taste-spain-suissa.jpeg 800w, https:\/\/gremicafe.cat\/wp-content\/uploads\/2022\/03\/cafe-saula-taste-spain-suissa-768x553.jpeg 768w\" sizes=\"(max-width: 800px) 100vw, 800px\" \/><\/strong><\/p>\n<p>&nbsp;<\/p>\n<p><strong>Caf\u00e9 Saula estuvo presente en la \u00faltima edici\u00f3n n\u00famero 21 del <a href=\"https:\/\/www.icex.es\/icex\/es\/navegacion-principal\/todos-nuestros-servicios\/informacion-de-mercados\/paises\/navegacion-principal\/agenda\/taste-spain-suiza-sem2021894467.html?idPais=CH&amp;null\">Taste Spain Suiza<\/a> que se celebr\u00f3 el pasado 14 de marzo en el Palacio de Congresos de Zurich.<\/strong><\/p>\n<p>Anteriormente conocido como Fein &amp; Klein, era un evento especializado en el sector del vino, pero desde los \u00faltimos a\u00f1os se ha abierto a empresas del sector agroalimentario.<\/p>\n<p>Durante el evento, todos los asistentes pudieron conocer y probar los productos de alta calidad de <strong>Caf\u00e9s Saula<\/strong> y su apuesta por estar siempre a la vanguardia en innovaci\u00f3n tecnol\u00f3gica, investigaci\u00f3n organol\u00e9ptica, selecci\u00f3n de materias primas y sostenibilidad durante todo el proceso de producci\u00f3n. Como ellos lo llaman, su filosof\u00eda <strong>Only Premium Coffee<\/strong>.<\/p>\n<p>&nbsp;<\/p>\n<p>Fuente de la noticia y foto: <a href=\"https:\/\/www.cafesaula.com\/blog\/ca\/cafe-saula-participa-en-el-taste-spain-suiza\/\">Caf\u00e9 Saula<\/a><\/p>","protected":false},"excerpt":{"rendered":"<p>&nbsp; Caf\u00e8 Saula va ser present a l&#8217;\u00faltima edici\u00f3 n\u00famero 21 del Taste Spain Su\u00efssa que es va celebrar el passat 14 de mar\u00e7 al Palau de Congressos de Zurich. Anteriorment conegut com a Fein &amp; Klein, era un esdeveniment especialitzat en el sector del vi, per\u00f2 des dels darrers anys s&#8217;ha obert a empreses [&hellip;]<\/p>\n","protected":false},"author":1,"featured_media":6500,"comment_status":"closed","ping_status":"open","sticky":false,"template":"","format":"standard","meta":{"_acf_changed":false,"inline_featured_image":false,"footnotes":""},"categories":[1],"tags":[],"class_list":["post-6499","post","type-post","status-publish","format-standard","has-post-thumbnail","hentry","category-noticies"],"acf":[],"yoast_head":"<!-- This site is optimized with the Yoast SEO plugin v25.5 - https:\/\/yoast.com\/wordpress\/plugins\/seo\/ -->\n<title>Caf\u00e8 Saula participa al &quot;Taste Spain Su\u00efssa&quot; - Gremi del Caf\u00e8, torradors de Catalunya<\/title>\n<meta name=\"robots\" content=\"index, follow, max-snippet:-1, max-image-preview:large, max-video-preview:-1\" \/>\n<link rel=\"canonical\" href=\"https:\/\/gremicafe.cat\/es\/2022\/03\/21\/cafe-saula-participa-al-taste-spain-suissa\/\" \/>\n<meta property=\"og:locale\" content=\"es_ES\" \/>\n<meta property=\"og:type\" content=\"article\" \/>\n<meta property=\"og:title\" content=\"Caf\u00e8 Saula participa al &quot;Taste Spain Su\u00efssa&quot; - Gremi del Caf\u00e8, torradors de Catalunya\" \/>\n<meta property=\"og:description\" content=\"&nbsp; Caf\u00e8 Saula va ser present a l&#8217;\u00faltima edici\u00f3 n\u00famero 21 del Taste Spain Su\u00efssa que es va celebrar el passat 14 de mar\u00e7 al Palau de Congressos de Zurich. Anteriorment conegut com a Fein &amp; Klein, era un esdeveniment especialitzat en el sector del vi, per\u00f2 des dels darrers anys s&#8217;ha obert a empreses [&hellip;]\" \/>\n<meta property=\"og:url\" content=\"https:\/\/gremicafe.cat\/es\/2022\/03\/21\/cafe-saula-participa-al-taste-spain-suissa\/\" \/>\n<meta property=\"og:site_name\" content=\"Gremi del Caf\u00e8, torradors de Catalunya\" \/>\n<meta property=\"article:publisher\" content=\"https:\/\/www.facebook.com\/gremicafecat\" \/>\n<meta property=\"article:published_time\" content=\"2022-03-21T10:39:32+00:00\" \/>\n<meta property=\"article:modified_time\" content=\"2022-03-30T10:50:13+00:00\" \/>\n<meta property=\"og:image\" content=\"https:\/\/gremicafe.cat\/wp-content\/uploads\/2022\/03\/cafe-saula-taste-spain-suissa.jpeg\" \/>\n\t<meta property=\"og:image:width\" content=\"800\" \/>\n\t<meta property=\"og:image:height\" content=\"576\" \/>\n\t<meta property=\"og:image:type\" content=\"image\/jpeg\" \/>\n<meta name=\"author\" content=\"gremicafe\" \/>\n<meta name=\"twitter:card\" content=\"summary_large_image\" \/>\n<meta name=\"twitter:creator\" content=\"@gremicafecat\" \/>\n<meta name=\"twitter:site\" content=\"@gremicafecat\" \/>\n<meta name=\"twitter:label1\" content=\"Escrito por\" \/>\n\t<meta name=\"twitter:data1\" content=\"gremicafe\" \/>\n\t<meta name=\"twitter:label2\" content=\"Tiempo de lectura\" \/>\n\t<meta name=\"twitter:data2\" content=\"1 minuto\" \/>\n<script type=\"application\/ld+json\" class=\"yoast-schema-graph\">{\"@context\":\"https:\/\/schema.org\",\"@graph\":[{\"@type\":\"Article\",\"@id\":\"https:\/\/gremicafe.cat\/2022\/03\/21\/cafe-saula-participa-al-taste-spain-suissa\/#article\",\"isPartOf\":{\"@id\":\"https:\/\/gremicafe.cat\/2022\/03\/21\/cafe-saula-participa-al-taste-spain-suissa\/\"},\"author\":{\"name\":\"gremicafe\",\"@id\":\"https:\/\/gremicafe.cat\/#\/schema\/person\/dabfdbb3d0fa36260855a380f94e4733\"},\"headline\":\"Caf\u00e8 Saula participa al &#8220;Taste Spain Su\u00efssa&#8221;\",\"datePublished\":\"2022-03-21T10:39:32+00:00\",\"dateModified\":\"2022-03-30T10:50:13+00:00\",\"mainEntityOfPage\":{\"@id\":\"https:\/\/gremicafe.cat\/2022\/03\/21\/cafe-saula-participa-al-taste-spain-suissa\/\"},\"wordCount\":138,\"publisher\":{\"@id\":\"https:\/\/gremicafe.cat\/#organization\"},\"image\":{\"@id\":\"https:\/\/gremicafe.cat\/2022\/03\/21\/cafe-saula-participa-al-taste-spain-suissa\/#primaryimage\"},\"thumbnailUrl\":\"https:\/\/gremicafe.cat\/wp-content\/uploads\/2022\/03\/cafe-saula-taste-spain-suissa.jpeg\",\"articleSection\":[\"Not\u00edcies\"],\"inLanguage\":\"es\"},{\"@type\":\"WebPage\",\"@id\":\"https:\/\/gremicafe.cat\/2022\/03\/21\/cafe-saula-participa-al-taste-spain-suissa\/\",\"url\":\"https:\/\/gremicafe.cat\/2022\/03\/21\/cafe-saula-participa-al-taste-spain-suissa\/\",\"name\":\"Caf\u00e8 Saula participa al \\\"Taste Spain Su\u00efssa\\\" - Gremi del Caf\u00e8, torradors de Catalunya\",\"isPartOf\":{\"@id\":\"https:\/\/gremicafe.cat\/#website\"},\"primaryImageOfPage\":{\"@id\":\"https:\/\/gremicafe.cat\/2022\/03\/21\/cafe-saula-participa-al-taste-spain-suissa\/#primaryimage\"},\"image\":{\"@id\":\"https:\/\/gremicafe.cat\/2022\/03\/21\/cafe-saula-participa-al-taste-spain-suissa\/#primaryimage\"},\"thumbnailUrl\":\"https:\/\/gremicafe.cat\/wp-content\/uploads\/2022\/03\/cafe-saula-taste-spain-suissa.jpeg\",\"datePublished\":\"2022-03-21T10:39:32+00:00\",\"dateModified\":\"2022-03-30T10:50:13+00:00\",\"breadcrumb\":{\"@id\":\"https:\/\/gremicafe.cat\/2022\/03\/21\/cafe-saula-participa-al-taste-spain-suissa\/#breadcrumb\"},\"inLanguage\":\"es\",\"potentialAction\":[{\"@type\":\"ReadAction\",\"target\":[\"https:\/\/gremicafe.cat\/2022\/03\/21\/cafe-saula-participa-al-taste-spain-suissa\/\"]}]},{\"@type\":\"ImageObject\",\"inLanguage\":\"es\",\"@id\":\"https:\/\/gremicafe.cat\/2022\/03\/21\/cafe-saula-participa-al-taste-spain-suissa\/#primaryimage\",\"url\":\"https:\/\/gremicafe.cat\/wp-content\/uploads\/2022\/03\/cafe-saula-taste-spain-suissa.jpeg\",\"contentUrl\":\"https:\/\/gremicafe.cat\/wp-content\/uploads\/2022\/03\/cafe-saula-taste-spain-suissa.jpeg\",\"width\":800,\"height\":576,\"caption\":\"cafe saula taste spain suissa\"},{\"@type\":\"BreadcrumbList\",\"@id\":\"https:\/\/gremicafe.cat\/2022\/03\/21\/cafe-saula-participa-al-taste-spain-suissa\/#breadcrumb\",\"itemListElement\":[{\"@type\":\"ListItem\",\"position\":1,\"name\":\"Inici\",\"item\":\"https:\/\/gremicafe.cat\/\"},{\"@type\":\"ListItem\",\"position\":2,\"name\":\"Caf\u00e8 Saula participa al &#8220;Taste Spain Su\u00efssa&#8221;\"}]},{\"@type\":\"WebSite\",\"@id\":\"https:\/\/gremicafe.cat\/#website\",\"url\":\"https:\/\/gremicafe.cat\/\",\"name\":\"Gremi del Caf\u00e8, torradors de Catalunya\",\"description\":\"Web oficial del gremi de torradors de caf\u00e8 de Catalunya\",\"publisher\":{\"@id\":\"https:\/\/gremicafe.cat\/#organization\"},\"potentialAction\":[{\"@type\":\"SearchAction\",\"target\":{\"@type\":\"EntryPoint\",\"urlTemplate\":\"https:\/\/gremicafe.cat\/?s={search_term_string}\"},\"query-input\":{\"@type\":\"PropertyValueSpecification\",\"valueRequired\":true,\"valueName\":\"search_term_string\"}}],\"inLanguage\":\"es\"},{\"@type\":\"Organization\",\"@id\":\"https:\/\/gremicafe.cat\/#organization\",\"name\":\"Gremi del Caf\u00e8, Torradors de Catalunya\",\"url\":\"https:\/\/gremicafe.cat\/\",\"logo\":{\"@type\":\"ImageObject\",\"inLanguage\":\"es\",\"@id\":\"https:\/\/gremicafe.cat\/#\/schema\/logo\/image\/\",\"url\":\"https:\/\/gremicafe.cat\/wp-content\/uploads\/2018\/03\/gremicafe-logo250.png\",\"contentUrl\":\"https:\/\/gremicafe.cat\/wp-content\/uploads\/2018\/03\/gremicafe-logo250.png\",\"width\":250,\"height\":49,\"caption\":\"Gremi del Caf\u00e8, Torradors de Catalunya\"},\"image\":{\"@id\":\"https:\/\/gremicafe.cat\/#\/schema\/logo\/image\/\"},\"sameAs\":[\"https:\/\/www.facebook.com\/gremicafecat\",\"https:\/\/x.com\/gremicafecat\",\"https:\/\/www.instagram.com\/gremicafecat\/\",\"https:\/\/www.pinterest.es\/gremicafecat\/\",\"https:\/\/www.youtube.com\/channel\/UCGLo5Y35vLwLvP4FrPZrCrw\/\"]},{\"@type\":\"Person\",\"@id\":\"https:\/\/gremicafe.cat\/#\/schema\/person\/dabfdbb3d0fa36260855a380f94e4733\",\"name\":\"gremicafe\",\"image\":{\"@type\":\"ImageObject\",\"inLanguage\":\"es\",\"@id\":\"https:\/\/gremicafe.cat\/#\/schema\/person\/image\/\",\"url\":\"https:\/\/secure.gravatar.com\/avatar\/e59baa4ca8f6f97576d6375fb6d3c8f0?s=96&d=mm&r=g\",\"contentUrl\":\"https:\/\/secure.gravatar.com\/avatar\/e59baa4ca8f6f97576d6375fb6d3c8f0?s=96&d=mm&r=g\",\"caption\":\"gremicafe\"}}]}<\/script>\n<!-- \/ Yoast SEO plugin. -->","yoast_head_json":{"title":"Caf\u00e8 Saula participa al \"Taste Spain Su\u00efssa\" - Gremi del Caf\u00e8, torradors de Catalunya","robots":{"index":"index","follow":"follow","max-snippet":"max-snippet:-1","max-image-preview":"max-image-preview:large","max-video-preview":"max-video-preview:-1"},"canonical":"https:\/\/gremicafe.cat\/es\/2022\/03\/21\/cafe-saula-participa-al-taste-spain-suissa\/","og_locale":"es_ES","og_type":"article","og_title":"Caf\u00e8 Saula participa al \"Taste Spain Su\u00efssa\" - Gremi del Caf\u00e8, torradors de Catalunya","og_description":"&nbsp; Caf\u00e8 Saula va ser present a l&#8217;\u00faltima edici\u00f3 n\u00famero 21 del Taste Spain Su\u00efssa que es va celebrar el passat 14 de mar\u00e7 al Palau de Congressos de Zurich. Anteriorment conegut com a Fein &amp; Klein, era un esdeveniment especialitzat en el sector del vi, per\u00f2 des dels darrers anys s&#8217;ha obert a empreses [&hellip;]","og_url":"https:\/\/gremicafe.cat\/es\/2022\/03\/21\/cafe-saula-participa-al-taste-spain-suissa\/","og_site_name":"Gremi del Caf\u00e8, torradors de Catalunya","article_publisher":"https:\/\/www.facebook.com\/gremicafecat","article_published_time":"2022-03-21T10:39:32+00:00","article_modified_time":"2022-03-30T10:50:13+00:00","og_image":[{"width":800,"height":576,"url":"https:\/\/gremicafe.cat\/wp-content\/uploads\/2022\/03\/cafe-saula-taste-spain-suissa.jpeg","type":"image\/jpeg"}],"author":"gremicafe","twitter_card":"summary_large_image","twitter_creator":"@gremicafecat","twitter_site":"@gremicafecat","twitter_misc":{"Escrito por":"gremicafe","Tiempo de lectura":"1 minuto"},"schema":{"@context":"https:\/\/schema.org","@graph":[{"@type":"Article","@id":"https:\/\/gremicafe.cat\/2022\/03\/21\/cafe-saula-participa-al-taste-spain-suissa\/#article","isPartOf":{"@id":"https:\/\/gremicafe.cat\/2022\/03\/21\/cafe-saula-participa-al-taste-spain-suissa\/"},"author":{"name":"gremicafe","@id":"https:\/\/gremicafe.cat\/#\/schema\/person\/dabfdbb3d0fa36260855a380f94e4733"},"headline":"Caf\u00e8 Saula participa al &#8220;Taste Spain Su\u00efssa&#8221;","datePublished":"2022-03-21T10:39:32+00:00","dateModified":"2022-03-30T10:50:13+00:00","mainEntityOfPage":{"@id":"https:\/\/gremicafe.cat\/2022\/03\/21\/cafe-saula-participa-al-taste-spain-suissa\/"},"wordCount":138,"publisher":{"@id":"https:\/\/gremicafe.cat\/#organization"},"image":{"@id":"https:\/\/gremicafe.cat\/2022\/03\/21\/cafe-saula-participa-al-taste-spain-suissa\/#primaryimage"},"thumbnailUrl":"https:\/\/gremicafe.cat\/wp-content\/uploads\/2022\/03\/cafe-saula-taste-spain-suissa.jpeg","articleSection":["Not\u00edcies"],"inLanguage":"es"},{"@type":"WebPage","@id":"https:\/\/gremicafe.cat\/2022\/03\/21\/cafe-saula-participa-al-taste-spain-suissa\/","url":"https:\/\/gremicafe.cat\/2022\/03\/21\/cafe-saula-participa-al-taste-spain-suissa\/","name":"Caf\u00e8 Saula participa al \"Taste Spain Su\u00efssa\" - Gremi del Caf\u00e8, torradors de Catalunya","isPartOf":{"@id":"https:\/\/gremicafe.cat\/#website"},"primaryImageOfPage":{"@id":"https:\/\/gremicafe.cat\/2022\/03\/21\/cafe-saula-participa-al-taste-spain-suissa\/#primaryimage"},"image":{"@id":"https:\/\/gremicafe.cat\/2022\/03\/21\/cafe-saula-participa-al-taste-spain-suissa\/#primaryimage"},"thumbnailUrl":"https:\/\/gremicafe.cat\/wp-content\/uploads\/2022\/03\/cafe-saula-taste-spain-suissa.jpeg","datePublished":"2022-03-21T10:39:32+00:00","dateModified":"2022-03-30T10:50:13+00:00","breadcrumb":{"@id":"https:\/\/gremicafe.cat\/2022\/03\/21\/cafe-saula-participa-al-taste-spain-suissa\/#breadcrumb"},"inLanguage":"es","potentialAction":[{"@type":"ReadAction","target":["https:\/\/gremicafe.cat\/2022\/03\/21\/cafe-saula-participa-al-taste-spain-suissa\/"]}]},{"@type":"ImageObject","inLanguage":"es","@id":"https:\/\/gremicafe.cat\/2022\/03\/21\/cafe-saula-participa-al-taste-spain-suissa\/#primaryimage","url":"https:\/\/gremicafe.cat\/wp-content\/uploads\/2022\/03\/cafe-saula-taste-spain-suissa.jpeg","contentUrl":"https:\/\/gremicafe.cat\/wp-content\/uploads\/2022\/03\/cafe-saula-taste-spain-suissa.jpeg","width":800,"height":576,"caption":"cafe saula taste spain suissa"},{"@type":"BreadcrumbList","@id":"https:\/\/gremicafe.cat\/2022\/03\/21\/cafe-saula-participa-al-taste-spain-suissa\/#breadcrumb","itemListElement":[{"@type":"ListItem","position":1,"name":"Inici","item":"https:\/\/gremicafe.cat\/"},{"@type":"ListItem","position":2,"name":"Caf\u00e8 Saula participa al &#8220;Taste Spain Su\u00efssa&#8221;"}]},{"@type":"WebSite","@id":"https:\/\/gremicafe.cat\/#website","url":"https:\/\/gremicafe.cat\/","name":"Gremio del Caf\u00e9, tostadores de Catalu\u00f1a","description":"Web oficial del gremio de tostadores de caf\u00e9 de Catalunya","publisher":{"@id":"https:\/\/gremicafe.cat\/#organization"},"potentialAction":[{"@type":"SearchAction","target":{"@type":"EntryPoint","urlTemplate":"https:\/\/gremicafe.cat\/?s={search_term_string}"},"query-input":{"@type":"PropertyValueSpecification","valueRequired":true,"valueName":"search_term_string"}}],"inLanguage":"es"},{"@type":"Organization","@id":"https:\/\/gremicafe.cat\/#organization","name":"Gremio del Caf\u00e9, Tostadores de Catalu\u00f1a","url":"https:\/\/gremicafe.cat\/","logo":{"@type":"ImageObject","inLanguage":"es","@id":"https:\/\/gremicafe.cat\/#\/schema\/logo\/image\/","url":"https:\/\/gremicafe.cat\/wp-content\/uploads\/2018\/03\/gremicafe-logo250.png","contentUrl":"https:\/\/gremicafe.cat\/wp-content\/uploads\/2018\/03\/gremicafe-logo250.png","width":250,"height":49,"caption":"Gremi del Caf\u00e8, Torradors de Catalunya"},"image":{"@id":"https:\/\/gremicafe.cat\/#\/schema\/logo\/image\/"},"sameAs":["https:\/\/www.facebook.com\/gremicafecat","https:\/\/x.com\/gremicafecat","https:\/\/www.instagram.com\/gremicafecat\/","https:\/\/www.pinterest.es\/gremicafecat\/","https:\/\/www.youtube.com\/channel\/UCGLo5Y35vLwLvP4FrPZrCrw\/"]},{"@type":"Person","@id":"https:\/\/gremicafe.cat\/#\/schema\/person\/dabfdbb3d0fa36260855a380f94e4733","name":"gremicafe","image":{"@type":"ImageObject","inLanguage":"es","@id":"https:\/\/gremicafe.cat\/#\/schema\/person\/image\/","url":"https:\/\/secure.gravatar.com\/avatar\/e59baa4ca8f6f97576d6375fb6d3c8f0?s=96&d=mm&r=g","contentUrl":"https:\/\/secure.gravatar.com\/avatar\/e59baa4ca8f6f97576d6375fb6d3c8f0?s=96&d=mm&r=g","caption":"gremicafe"}}]}},"_links":{"self":[{"href":"https:\/\/gremicafe.cat\/es\/wp-json\/wp\/v2\/posts\/6499"}],"collection":[{"href":"https:\/\/gremicafe.cat\/es\/wp-json\/wp\/v2\/posts"}],"about":[{"href":"https:\/\/gremicafe.cat\/es\/wp-json\/wp\/v2\/types\/post"}],"author":[{"embeddable":true,"href":"https:\/\/gremicafe.cat\/es\/wp-json\/wp\/v2\/users\/1"}],"replies":[{"embeddable":true,"href":"https:\/\/gremicafe.cat\/es\/wp-json\/wp\/v2\/comments?post=6499"}],"version-history":[{"count":0,"href":"https:\/\/gremicafe.cat\/es\/wp-json\/wp\/v2\/posts\/6499\/revisions"}],"wp:featuredmedia":[{"embeddable":true,"href":"https:\/\/gremicafe.cat\/es\/wp-json\/wp\/v2\/media\/6500"}],"wp:attachment":[{"href":"https:\/\/gremicafe.cat\/es\/wp-json\/wp\/v2\/media?parent=6499"}],"wp:term":[{"taxonomy":"category","embeddable":true,"href":"https:\/\/gremicafe.cat\/es\/wp-json\/wp\/v2\/categories?post=6499"},{"taxonomy":"post_tag","embeddable":true,"href":"https:\/\/gremicafe.cat\/es\/wp-json\/wp\/v2\/tags?post=6499"}],"curies":[{"name":"wp","href":"https:\/\/api.w.org\/{rel}","templated":true}]}}