{"id":6506,"date":"2022-04-01T09:40:52","date_gmt":"2022-04-01T07:40:52","guid":{"rendered":"https:\/\/gremicafe.cat\/?p=6506"},"modified":"2022-04-01T09:40:52","modified_gmt":"2022-04-01T07:40:52","slug":"cafes-pont-sera-present-en-alimentaria-2022","status":"publish","type":"post","link":"https:\/\/gremicafe.cat\/es\/2022\/04\/01\/cafes-pont-sera-present-en-alimentaria-2022\/","title":{"rendered":"Caf\u00e8s Pont estar\u00e1 presente en Alimentaria 2022"},"content":{"rendered":"<p><img loading=\"lazy\" decoding=\"async\" class=\"aligncenter size-full wp-image-6507\" src=\"https:\/\/gremicafe.cat\/wp-content\/uploads\/2022\/04\/Collection_gamma.jpg\" alt=\"\" width=\"1200\" height=\"905\" srcset=\"https:\/\/gremicafe.cat\/wp-content\/uploads\/2022\/04\/Collection_gamma.jpg 1200w, https:\/\/gremicafe.cat\/wp-content\/uploads\/2022\/04\/Collection_gamma-768x579.jpg 768w, https:\/\/gremicafe.cat\/wp-content\/uploads\/2022\/04\/Collection_gamma-955x720.jpg 955w\" sizes=\"(max-width: 1200px) 100vw, 1200px\" \/><\/p>\n<p>&nbsp;<\/p>\n<p><strong><a href=\"https:\/\/www.cafespont.com\/ca\/\" target=\"_blank\" rel=\"noopener\">Caf\u00e9s Puente<\/a> contar\u00e1 con un espacio dentro del \u00e1rea de alimentaci\u00f3n (Grocery Foods) en una de las ferias de alimentaci\u00f3n m\u00e1s importantes a nivel internacional: Alimentaria.<\/p>\n<p><\/strong>Del 4 al 7 de abril, los visitantes del sal\u00f3n podr\u00e1n conocer, en el stand N\u00ba. 325, calle E del Pabell\u00f3n 2, toda la gama de caf\u00e9s de la l\u00ednea profesional y de gran consumo de la marca, as\u00ed como sus \u00faltimas novedades.<\/p>\n<p>Grocery Foods, o productos de gran consumo, es uno de los salones m\u00e1s extensos de Alimentaria, ya que cuenta con cerca de 9.000 m\u00b2 de superficie expositiva y con casi 400 empresas participantes, donde Caf\u00e8s Pont compartir\u00e1 espacio con otras marcas l\u00edderes de la industria alimentaria , tanto nacionales como internacionales.<\/p>\n<p>El sal\u00f3n tambi\u00e9n coincidir\u00e1 con la conmemoraci\u00f3n del <strong>70\u00ba Aniversario de Caf\u00e9s Pont<\/strong>, cuyos inicios se remontan al a\u00f1o 1952. Sus 70 a\u00f1os de trayectoria le han convertido en una de las principales empresas productoras y comercializadoras de caf\u00e9, con una producci\u00f3n anual de m\u00e1s de 1000 toneladas de caf\u00e9, y exportadora a diferentes pa\u00edses de la Uni\u00f3n Europea y Asia.<\/p>\n<p>Alimentaria acoger\u00e1 en esta edici\u00f3n, despu\u00e9s de dos a\u00f1os de ausencia por la Pandemia, la presentaci\u00f3n de las dos nuevas l\u00edneas de caf\u00e9 en grano de la marca:\u00a0<strong>Collection N.52 y Collection N.73 ECO<\/strong>. Dos referencias que marcar\u00e1n el inicio de una nueva familia de caf\u00e9s gourmet de alta calidad, con distribuci\u00f3n para gran consumo.<\/p>\n<p>La gama\u00a0<strong>Collection<\/strong>\u00a0recoge la esencia de los mejores caf\u00e9s seleccionados en origen, con el objetivo de que los consumidores disfruten en casa de todo el aroma y sabor del caf\u00e9 recientemente mucho, ya que ha sido especialmente creada, siguiendo un proceso de tostado lento, para una preparaci\u00f3n \u00f3ptima en cafeteras superautom\u00e1ticas.<\/p>\n<p><strong>Collection<\/strong>\u00a0es una apuesta decidida por una nueva gama de\u00a0<em>blends<\/em>\u00a0en grano de alta calidad y tambi\u00e9n de origen ecol\u00f3gico, cuyo consumo, a diferencia de las c\u00e1psulas, no genera residuos. Adem\u00e1s se presentan en formato DoyPack 100% reciclable, contribuyendo con el medio ambiente y la sostenibilidad.<\/p>","protected":false},"excerpt":{"rendered":"<p>&nbsp; Caf\u00e8s Pont comptar\u00e0 amb un espai dins de l&#8217;\u00e0rea d&#8217;alimentaci\u00f3 (Grocery\u00a0Foods)\u00a0en una de les fires d&#8217;alimentaci\u00f3 m\u00e9s importants a nivell internacional: Aliment\u00e0ria. Del 4 al 7 d&#8217;abril, els visitants del sal\u00f3 podran con\u00e8ixer, en l&#8217;estand N\u00fam. 325, carrer E del Pavell\u00f3 2, els tota la gamma de caf\u00e8s de la l\u00ednia professional i de [&hellip;]<\/p>\n","protected":false},"author":1,"featured_media":6507,"comment_status":"closed","ping_status":"open","sticky":false,"template":"","format":"standard","meta":{"_acf_changed":false,"inline_featured_image":false,"footnotes":""},"categories":[1],"tags":[],"class_list":["post-6506","post","type-post","status-publish","format-standard","has-post-thumbnail","hentry","category-noticies"],"acf":[],"yoast_head":"<!-- This site is optimized with the Yoast SEO plugin v25.5 - https:\/\/yoast.com\/wordpress\/plugins\/seo\/ -->\n<title>Caf\u00e8s Pont ser\u00e0 present en Aliment\u00e0ria 2022 - Gremi del Caf\u00e8, torradors de Catalunya<\/title>\n<meta name=\"robots\" content=\"index, follow, max-snippet:-1, max-image-preview:large, max-video-preview:-1\" \/>\n<link rel=\"canonical\" href=\"https:\/\/gremicafe.cat\/es\/2022\/04\/01\/cafes-pont-sera-present-en-alimentaria-2022\/\" \/>\n<meta property=\"og:locale\" content=\"es_ES\" \/>\n<meta property=\"og:type\" content=\"article\" \/>\n<meta property=\"og:title\" content=\"Caf\u00e8s Pont ser\u00e0 present en Aliment\u00e0ria 2022 - Gremi del Caf\u00e8, torradors de Catalunya\" \/>\n<meta property=\"og:description\" content=\"&nbsp; Caf\u00e8s Pont comptar\u00e0 amb un espai dins de l&#8217;\u00e0rea d&#8217;alimentaci\u00f3 (Grocery\u00a0Foods)\u00a0en una de les fires d&#8217;alimentaci\u00f3 m\u00e9s importants a nivell internacional: Aliment\u00e0ria. Del 4 al 7 d&#8217;abril, els visitants del sal\u00f3 podran con\u00e8ixer, en l&#8217;estand N\u00fam. 325, carrer E del Pavell\u00f3 2, els tota la gamma de caf\u00e8s de la l\u00ednia professional i de [&hellip;]\" \/>\n<meta property=\"og:url\" content=\"https:\/\/gremicafe.cat\/es\/2022\/04\/01\/cafes-pont-sera-present-en-alimentaria-2022\/\" \/>\n<meta property=\"og:site_name\" content=\"Gremi del Caf\u00e8, torradors de Catalunya\" \/>\n<meta property=\"article:publisher\" content=\"https:\/\/www.facebook.com\/gremicafecat\" \/>\n<meta property=\"article:published_time\" content=\"2022-04-01T07:40:52+00:00\" \/>\n<meta property=\"og:image\" content=\"https:\/\/gremicafe.cat\/wp-content\/uploads\/2022\/04\/Collection_gamma.jpg\" \/>\n\t<meta property=\"og:image:width\" content=\"1200\" \/>\n\t<meta property=\"og:image:height\" content=\"905\" \/>\n\t<meta property=\"og:image:type\" content=\"image\/jpeg\" \/>\n<meta name=\"author\" content=\"gremicafe\" \/>\n<meta name=\"twitter:card\" content=\"summary_large_image\" \/>\n<meta name=\"twitter:creator\" content=\"@gremicafecat\" \/>\n<meta name=\"twitter:site\" content=\"@gremicafecat\" \/>\n<meta name=\"twitter:label1\" content=\"Escrito por\" \/>\n\t<meta name=\"twitter:data1\" content=\"gremicafe\" \/>\n\t<meta name=\"twitter:label2\" content=\"Tiempo de lectura\" \/>\n\t<meta name=\"twitter:data2\" content=\"2 minutos\" \/>\n<script type=\"application\/ld+json\" class=\"yoast-schema-graph\">{\"@context\":\"https:\/\/schema.org\",\"@graph\":[{\"@type\":\"Article\",\"@id\":\"https:\/\/gremicafe.cat\/2022\/04\/01\/cafes-pont-sera-present-en-alimentaria-2022\/#article\",\"isPartOf\":{\"@id\":\"https:\/\/gremicafe.cat\/2022\/04\/01\/cafes-pont-sera-present-en-alimentaria-2022\/\"},\"author\":{\"name\":\"gremicafe\",\"@id\":\"https:\/\/gremicafe.cat\/#\/schema\/person\/dabfdbb3d0fa36260855a380f94e4733\"},\"headline\":\"Caf\u00e8s Pont ser\u00e0 present en Aliment\u00e0ria 2022\",\"datePublished\":\"2022-04-01T07:40:52+00:00\",\"mainEntityOfPage\":{\"@id\":\"https:\/\/gremicafe.cat\/2022\/04\/01\/cafes-pont-sera-present-en-alimentaria-2022\/\"},\"wordCount\":359,\"publisher\":{\"@id\":\"https:\/\/gremicafe.cat\/#organization\"},\"image\":{\"@id\":\"https:\/\/gremicafe.cat\/2022\/04\/01\/cafes-pont-sera-present-en-alimentaria-2022\/#primaryimage\"},\"thumbnailUrl\":\"https:\/\/gremicafe.cat\/wp-content\/uploads\/2022\/04\/Collection_gamma.jpg\",\"articleSection\":[\"Not\u00edcies\"],\"inLanguage\":\"es\"},{\"@type\":\"WebPage\",\"@id\":\"https:\/\/gremicafe.cat\/2022\/04\/01\/cafes-pont-sera-present-en-alimentaria-2022\/\",\"url\":\"https:\/\/gremicafe.cat\/2022\/04\/01\/cafes-pont-sera-present-en-alimentaria-2022\/\",\"name\":\"Caf\u00e8s Pont ser\u00e0 present en Aliment\u00e0ria 2022 - Gremi del Caf\u00e8, torradors de Catalunya\",\"isPartOf\":{\"@id\":\"https:\/\/gremicafe.cat\/#website\"},\"primaryImageOfPage\":{\"@id\":\"https:\/\/gremicafe.cat\/2022\/04\/01\/cafes-pont-sera-present-en-alimentaria-2022\/#primaryimage\"},\"image\":{\"@id\":\"https:\/\/gremicafe.cat\/2022\/04\/01\/cafes-pont-sera-present-en-alimentaria-2022\/#primaryimage\"},\"thumbnailUrl\":\"https:\/\/gremicafe.cat\/wp-content\/uploads\/2022\/04\/Collection_gamma.jpg\",\"datePublished\":\"2022-04-01T07:40:52+00:00\",\"breadcrumb\":{\"@id\":\"https:\/\/gremicafe.cat\/2022\/04\/01\/cafes-pont-sera-present-en-alimentaria-2022\/#breadcrumb\"},\"inLanguage\":\"es\",\"potentialAction\":[{\"@type\":\"ReadAction\",\"target\":[\"https:\/\/gremicafe.cat\/2022\/04\/01\/cafes-pont-sera-present-en-alimentaria-2022\/\"]}]},{\"@type\":\"ImageObject\",\"inLanguage\":\"es\",\"@id\":\"https:\/\/gremicafe.cat\/2022\/04\/01\/cafes-pont-sera-present-en-alimentaria-2022\/#primaryimage\",\"url\":\"https:\/\/gremicafe.cat\/wp-content\/uploads\/2022\/04\/Collection_gamma.jpg\",\"contentUrl\":\"https:\/\/gremicafe.cat\/wp-content\/uploads\/2022\/04\/Collection_gamma.jpg\",\"width\":1200,\"height\":905,\"caption\":\"Collection gamma\"},{\"@type\":\"BreadcrumbList\",\"@id\":\"https:\/\/gremicafe.cat\/2022\/04\/01\/cafes-pont-sera-present-en-alimentaria-2022\/#breadcrumb\",\"itemListElement\":[{\"@type\":\"ListItem\",\"position\":1,\"name\":\"Inici\",\"item\":\"https:\/\/gremicafe.cat\/\"},{\"@type\":\"ListItem\",\"position\":2,\"name\":\"Caf\u00e8s Pont ser\u00e0 present en Aliment\u00e0ria 2022\"}]},{\"@type\":\"WebSite\",\"@id\":\"https:\/\/gremicafe.cat\/#website\",\"url\":\"https:\/\/gremicafe.cat\/\",\"name\":\"Gremi del Caf\u00e8, torradors de Catalunya\",\"description\":\"Web oficial del gremi de torradors de caf\u00e8 de Catalunya\",\"publisher\":{\"@id\":\"https:\/\/gremicafe.cat\/#organization\"},\"potentialAction\":[{\"@type\":\"SearchAction\",\"target\":{\"@type\":\"EntryPoint\",\"urlTemplate\":\"https:\/\/gremicafe.cat\/?s={search_term_string}\"},\"query-input\":{\"@type\":\"PropertyValueSpecification\",\"valueRequired\":true,\"valueName\":\"search_term_string\"}}],\"inLanguage\":\"es\"},{\"@type\":\"Organization\",\"@id\":\"https:\/\/gremicafe.cat\/#organization\",\"name\":\"Gremi del Caf\u00e8, Torradors de Catalunya\",\"url\":\"https:\/\/gremicafe.cat\/\",\"logo\":{\"@type\":\"ImageObject\",\"inLanguage\":\"es\",\"@id\":\"https:\/\/gremicafe.cat\/#\/schema\/logo\/image\/\",\"url\":\"https:\/\/gremicafe.cat\/wp-content\/uploads\/2018\/03\/gremicafe-logo250.png\",\"contentUrl\":\"https:\/\/gremicafe.cat\/wp-content\/uploads\/2018\/03\/gremicafe-logo250.png\",\"width\":250,\"height\":49,\"caption\":\"Gremi del Caf\u00e8, Torradors de Catalunya\"},\"image\":{\"@id\":\"https:\/\/gremicafe.cat\/#\/schema\/logo\/image\/\"},\"sameAs\":[\"https:\/\/www.facebook.com\/gremicafecat\",\"https:\/\/x.com\/gremicafecat\",\"https:\/\/www.instagram.com\/gremicafecat\/\",\"https:\/\/www.pinterest.es\/gremicafecat\/\",\"https:\/\/www.youtube.com\/channel\/UCGLo5Y35vLwLvP4FrPZrCrw\/\"]},{\"@type\":\"Person\",\"@id\":\"https:\/\/gremicafe.cat\/#\/schema\/person\/dabfdbb3d0fa36260855a380f94e4733\",\"name\":\"gremicafe\",\"image\":{\"@type\":\"ImageObject\",\"inLanguage\":\"es\",\"@id\":\"https:\/\/gremicafe.cat\/#\/schema\/person\/image\/\",\"url\":\"https:\/\/secure.gravatar.com\/avatar\/e59baa4ca8f6f97576d6375fb6d3c8f0?s=96&d=mm&r=g\",\"contentUrl\":\"https:\/\/secure.gravatar.com\/avatar\/e59baa4ca8f6f97576d6375fb6d3c8f0?s=96&d=mm&r=g\",\"caption\":\"gremicafe\"}}]}<\/script>\n<!-- \/ Yoast SEO plugin. -->","yoast_head_json":{"title":"Caf\u00e8s Pont ser\u00e0 present en Aliment\u00e0ria 2022 - Gremi del Caf\u00e8, torradors de Catalunya","robots":{"index":"index","follow":"follow","max-snippet":"max-snippet:-1","max-image-preview":"max-image-preview:large","max-video-preview":"max-video-preview:-1"},"canonical":"https:\/\/gremicafe.cat\/es\/2022\/04\/01\/cafes-pont-sera-present-en-alimentaria-2022\/","og_locale":"es_ES","og_type":"article","og_title":"Caf\u00e8s Pont ser\u00e0 present en Aliment\u00e0ria 2022 - Gremi del Caf\u00e8, torradors de Catalunya","og_description":"&nbsp; Caf\u00e8s Pont comptar\u00e0 amb un espai dins de l&#8217;\u00e0rea d&#8217;alimentaci\u00f3 (Grocery\u00a0Foods)\u00a0en una de les fires d&#8217;alimentaci\u00f3 m\u00e9s importants a nivell internacional: Aliment\u00e0ria. Del 4 al 7 d&#8217;abril, els visitants del sal\u00f3 podran con\u00e8ixer, en l&#8217;estand N\u00fam. 325, carrer E del Pavell\u00f3 2, els tota la gamma de caf\u00e8s de la l\u00ednia professional i de [&hellip;]","og_url":"https:\/\/gremicafe.cat\/es\/2022\/04\/01\/cafes-pont-sera-present-en-alimentaria-2022\/","og_site_name":"Gremi del Caf\u00e8, torradors de Catalunya","article_publisher":"https:\/\/www.facebook.com\/gremicafecat","article_published_time":"2022-04-01T07:40:52+00:00","og_image":[{"width":1200,"height":905,"url":"https:\/\/gremicafe.cat\/wp-content\/uploads\/2022\/04\/Collection_gamma.jpg","type":"image\/jpeg"}],"author":"gremicafe","twitter_card":"summary_large_image","twitter_creator":"@gremicafecat","twitter_site":"@gremicafecat","twitter_misc":{"Escrito por":"gremicafe","Tiempo de lectura":"2 minutos"},"schema":{"@context":"https:\/\/schema.org","@graph":[{"@type":"Article","@id":"https:\/\/gremicafe.cat\/2022\/04\/01\/cafes-pont-sera-present-en-alimentaria-2022\/#article","isPartOf":{"@id":"https:\/\/gremicafe.cat\/2022\/04\/01\/cafes-pont-sera-present-en-alimentaria-2022\/"},"author":{"name":"gremicafe","@id":"https:\/\/gremicafe.cat\/#\/schema\/person\/dabfdbb3d0fa36260855a380f94e4733"},"headline":"Caf\u00e8s Pont ser\u00e0 present en Aliment\u00e0ria 2022","datePublished":"2022-04-01T07:40:52+00:00","mainEntityOfPage":{"@id":"https:\/\/gremicafe.cat\/2022\/04\/01\/cafes-pont-sera-present-en-alimentaria-2022\/"},"wordCount":359,"publisher":{"@id":"https:\/\/gremicafe.cat\/#organization"},"image":{"@id":"https:\/\/gremicafe.cat\/2022\/04\/01\/cafes-pont-sera-present-en-alimentaria-2022\/#primaryimage"},"thumbnailUrl":"https:\/\/gremicafe.cat\/wp-content\/uploads\/2022\/04\/Collection_gamma.jpg","articleSection":["Not\u00edcies"],"inLanguage":"es"},{"@type":"WebPage","@id":"https:\/\/gremicafe.cat\/2022\/04\/01\/cafes-pont-sera-present-en-alimentaria-2022\/","url":"https:\/\/gremicafe.cat\/2022\/04\/01\/cafes-pont-sera-present-en-alimentaria-2022\/","name":"Caf\u00e8s Pont ser\u00e0 present en Aliment\u00e0ria 2022 - Gremi del Caf\u00e8, torradors de Catalunya","isPartOf":{"@id":"https:\/\/gremicafe.cat\/#website"},"primaryImageOfPage":{"@id":"https:\/\/gremicafe.cat\/2022\/04\/01\/cafes-pont-sera-present-en-alimentaria-2022\/#primaryimage"},"image":{"@id":"https:\/\/gremicafe.cat\/2022\/04\/01\/cafes-pont-sera-present-en-alimentaria-2022\/#primaryimage"},"thumbnailUrl":"https:\/\/gremicafe.cat\/wp-content\/uploads\/2022\/04\/Collection_gamma.jpg","datePublished":"2022-04-01T07:40:52+00:00","breadcrumb":{"@id":"https:\/\/gremicafe.cat\/2022\/04\/01\/cafes-pont-sera-present-en-alimentaria-2022\/#breadcrumb"},"inLanguage":"es","potentialAction":[{"@type":"ReadAction","target":["https:\/\/gremicafe.cat\/2022\/04\/01\/cafes-pont-sera-present-en-alimentaria-2022\/"]}]},{"@type":"ImageObject","inLanguage":"es","@id":"https:\/\/gremicafe.cat\/2022\/04\/01\/cafes-pont-sera-present-en-alimentaria-2022\/#primaryimage","url":"https:\/\/gremicafe.cat\/wp-content\/uploads\/2022\/04\/Collection_gamma.jpg","contentUrl":"https:\/\/gremicafe.cat\/wp-content\/uploads\/2022\/04\/Collection_gamma.jpg","width":1200,"height":905,"caption":"Collection gamma"},{"@type":"BreadcrumbList","@id":"https:\/\/gremicafe.cat\/2022\/04\/01\/cafes-pont-sera-present-en-alimentaria-2022\/#breadcrumb","itemListElement":[{"@type":"ListItem","position":1,"name":"Inici","item":"https:\/\/gremicafe.cat\/"},{"@type":"ListItem","position":2,"name":"Caf\u00e8s Pont ser\u00e0 present en Aliment\u00e0ria 2022"}]},{"@type":"WebSite","@id":"https:\/\/gremicafe.cat\/#website","url":"https:\/\/gremicafe.cat\/","name":"Gremio del Caf\u00e9, tostadores de Catalu\u00f1a","description":"Web oficial del gremio de tostadores de caf\u00e9 de Catalunya","publisher":{"@id":"https:\/\/gremicafe.cat\/#organization"},"potentialAction":[{"@type":"SearchAction","target":{"@type":"EntryPoint","urlTemplate":"https:\/\/gremicafe.cat\/?s={search_term_string}"},"query-input":{"@type":"PropertyValueSpecification","valueRequired":true,"valueName":"search_term_string"}}],"inLanguage":"es"},{"@type":"Organization","@id":"https:\/\/gremicafe.cat\/#organization","name":"Gremio del Caf\u00e9, Tostadores de Catalu\u00f1a","url":"https:\/\/gremicafe.cat\/","logo":{"@type":"ImageObject","inLanguage":"es","@id":"https:\/\/gremicafe.cat\/#\/schema\/logo\/image\/","url":"https:\/\/gremicafe.cat\/wp-content\/uploads\/2018\/03\/gremicafe-logo250.png","contentUrl":"https:\/\/gremicafe.cat\/wp-content\/uploads\/2018\/03\/gremicafe-logo250.png","width":250,"height":49,"caption":"Gremi del Caf\u00e8, Torradors de Catalunya"},"image":{"@id":"https:\/\/gremicafe.cat\/#\/schema\/logo\/image\/"},"sameAs":["https:\/\/www.facebook.com\/gremicafecat","https:\/\/x.com\/gremicafecat","https:\/\/www.instagram.com\/gremicafecat\/","https:\/\/www.pinterest.es\/gremicafecat\/","https:\/\/www.youtube.com\/channel\/UCGLo5Y35vLwLvP4FrPZrCrw\/"]},{"@type":"Person","@id":"https:\/\/gremicafe.cat\/#\/schema\/person\/dabfdbb3d0fa36260855a380f94e4733","name":"gremicafe","image":{"@type":"ImageObject","inLanguage":"es","@id":"https:\/\/gremicafe.cat\/#\/schema\/person\/image\/","url":"https:\/\/secure.gravatar.com\/avatar\/e59baa4ca8f6f97576d6375fb6d3c8f0?s=96&d=mm&r=g","contentUrl":"https:\/\/secure.gravatar.com\/avatar\/e59baa4ca8f6f97576d6375fb6d3c8f0?s=96&d=mm&r=g","caption":"gremicafe"}}]}},"_links":{"self":[{"href":"https:\/\/gremicafe.cat\/es\/wp-json\/wp\/v2\/posts\/6506"}],"collection":[{"href":"https:\/\/gremicafe.cat\/es\/wp-json\/wp\/v2\/posts"}],"about":[{"href":"https:\/\/gremicafe.cat\/es\/wp-json\/wp\/v2\/types\/post"}],"author":[{"embeddable":true,"href":"https:\/\/gremicafe.cat\/es\/wp-json\/wp\/v2\/users\/1"}],"replies":[{"embeddable":true,"href":"https:\/\/gremicafe.cat\/es\/wp-json\/wp\/v2\/comments?post=6506"}],"version-history":[{"count":0,"href":"https:\/\/gremicafe.cat\/es\/wp-json\/wp\/v2\/posts\/6506\/revisions"}],"wp:featuredmedia":[{"embeddable":true,"href":"https:\/\/gremicafe.cat\/es\/wp-json\/wp\/v2\/media\/6507"}],"wp:attachment":[{"href":"https:\/\/gremicafe.cat\/es\/wp-json\/wp\/v2\/media?parent=6506"}],"wp:term":[{"taxonomy":"category","embeddable":true,"href":"https:\/\/gremicafe.cat\/es\/wp-json\/wp\/v2\/categories?post=6506"},{"taxonomy":"post_tag","embeddable":true,"href":"https:\/\/gremicafe.cat\/es\/wp-json\/wp\/v2\/tags?post=6506"}],"curies":[{"name":"wp","href":"https:\/\/api.w.org\/{rel}","templated":true}]}}