{"id":6529,"date":"2022-04-22T16:11:45","date_gmt":"2022-04-22T14:11:45","guid":{"rendered":"https:\/\/gremicafe.cat\/?p=6529"},"modified":"2022-04-28T08:56:15","modified_gmt":"2022-04-28T06:56:15","slug":"el-preu-de-larabica-al-brasil-es-mante-mentre-que-el-del-robusta-augmenta","status":"publish","type":"post","link":"https:\/\/gremicafe.cat\/es\/2022\/04\/22\/el-preu-de-larabica-al-brasil-es-mante-mentre-que-el-del-robusta-augmenta\/","title":{"rendered":"El precio de la ar\u00e1bica en Brasil se mantiene al alza, mientras que el del robusta aumenta"},"content":{"rendered":"<p><img loading=\"lazy\" decoding=\"async\" class=\"aligncenter size-full wp-image-6530\" src=\"https:\/\/gremicafe.cat\/wp-content\/uploads\/2022\/04\/cafe-gra-gremi-cafe.jpg\" alt=\"\" width=\"1200\" height=\"800\" srcset=\"https:\/\/gremicafe.cat\/wp-content\/uploads\/2022\/04\/cafe-gra-gremi-cafe.jpg 1200w, https:\/\/gremicafe.cat\/wp-content\/uploads\/2022\/04\/cafe-gra-gremi-cafe-768x512.jpg 768w, https:\/\/gremicafe.cat\/wp-content\/uploads\/2022\/04\/cafe-gra-gremi-cafe-1080x720.jpg 1080w\" sizes=\"(max-width: 1200px) 100vw, 1200px\" \/><\/p>\n<p>&nbsp;<\/p>\n<p><strong>El precio del caf\u00e9 ar\u00e1bica en Brasil se mantiene adem\u00e1s del doble del precio de hace s\u00f3lo 12 meses, mientras que el del robusta sigue aumentando, sobrepasando un incremento de un 60% respecto a 2021.<\/strong><\/p>\n<p>Seg\u00fan inform\u00f3 Cepea en su \u00faltimo an\u00e1lisis, durante la primera quincena de abril, los precios del caf\u00e9 ar\u00e1bica se mantuvieron pr\u00e1cticamente estables, pero hay que tener en cuenta que este precio mantenido se encuentra adem\u00e1s del doble respecto al 2021.<\/p>\n<p>La mayor\u00eda de los vendedores de Brasil se mantuvieron alejados del mercado en la primera mitad del mes, esperando que los valores aumentaran.<\/p>\n<p>En cuanto a la variedad Robusta, los precios aumentaron durante el mismo per\u00edodo, influenciados por las valoraciones de contratos futuros y la ausencia de vendedores en el mercado nacional.<\/p>\n<p>En cuanto a los cultivos, las condiciones no cambiaron mucho en la primera quincena de abril, y se prev\u00e9 que la vendimia comience en mayo, seg\u00fan los agentes.<\/p>\n<p>&nbsp;<\/p>\n<p>Fuente de la noticia: <a href=\"https:\/\/www.comunicaffe.com\/arabica-prices-remain-stable-robusta-quotations-increase-in-brazil\/\">Comunicaffe<\/a><\/p>","protected":false},"excerpt":{"rendered":"<p>&nbsp; El preu del caf\u00e8 ar\u00e0bica al Brasil es mant\u00e9 a m\u00e9s del doble del preu de fa nom\u00e9s 12 mesos, mentre que el del robusta segueix augmentant, sobrepassant un increment d&#8217;un 60% respecte el 2021. Segons va informar Cepea en la seva \u00faltima an\u00e0lisi, durant la primera quinzena d&#8217;abril, els preus del caf\u00e8 ar\u00e0bica [&hellip;]<\/p>\n","protected":false},"author":1,"featured_media":6530,"comment_status":"closed","ping_status":"open","sticky":false,"template":"","format":"standard","meta":{"_acf_changed":false,"inline_featured_image":false,"footnotes":""},"categories":[1],"tags":[],"class_list":["post-6529","post","type-post","status-publish","format-standard","has-post-thumbnail","hentry","category-noticies"],"acf":[],"yoast_head":"<!-- This site is optimized with the Yoast SEO plugin v25.5 - https:\/\/yoast.com\/wordpress\/plugins\/seo\/ -->\n<title>El preu de l&#039;ar\u00e0bica al Brasil es mant\u00e9 a l&#039;al\u00e7a, mentre que el del robusta augmenta - Gremi del Caf\u00e8, torradors de Catalunya<\/title>\n<meta name=\"robots\" content=\"index, follow, max-snippet:-1, max-image-preview:large, max-video-preview:-1\" \/>\n<link rel=\"canonical\" href=\"https:\/\/gremicafe.cat\/es\/2022\/04\/22\/el-preu-de-larabica-al-brasil-es-mante-mentre-que-el-del-robusta-augmenta\/\" \/>\n<meta property=\"og:locale\" content=\"es_ES\" \/>\n<meta property=\"og:type\" content=\"article\" \/>\n<meta property=\"og:title\" content=\"El preu de l&#039;ar\u00e0bica al Brasil es mant\u00e9 a l&#039;al\u00e7a, mentre que el del robusta augmenta - Gremi del Caf\u00e8, torradors de Catalunya\" \/>\n<meta property=\"og:description\" content=\"&nbsp; El preu del caf\u00e8 ar\u00e0bica al Brasil es mant\u00e9 a m\u00e9s del doble del preu de fa nom\u00e9s 12 mesos, mentre que el del robusta segueix augmentant, sobrepassant un increment d&#8217;un 60% respecte el 2021. Segons va informar Cepea en la seva \u00faltima an\u00e0lisi, durant la primera quinzena d&#8217;abril, els preus del caf\u00e8 ar\u00e0bica [&hellip;]\" \/>\n<meta property=\"og:url\" content=\"https:\/\/gremicafe.cat\/es\/2022\/04\/22\/el-preu-de-larabica-al-brasil-es-mante-mentre-que-el-del-robusta-augmenta\/\" \/>\n<meta property=\"og:site_name\" content=\"Gremi del Caf\u00e8, torradors de Catalunya\" \/>\n<meta property=\"article:publisher\" content=\"https:\/\/www.facebook.com\/gremicafecat\" \/>\n<meta property=\"article:published_time\" content=\"2022-04-22T14:11:45+00:00\" \/>\n<meta property=\"article:modified_time\" content=\"2022-04-28T06:56:15+00:00\" \/>\n<meta property=\"og:image\" content=\"https:\/\/gremicafe.cat\/wp-content\/uploads\/2022\/04\/cafe-gra-gremi-cafe.jpg\" \/>\n\t<meta property=\"og:image:width\" content=\"1200\" \/>\n\t<meta property=\"og:image:height\" content=\"800\" \/>\n\t<meta property=\"og:image:type\" content=\"image\/jpeg\" \/>\n<meta name=\"author\" content=\"gremicafe\" \/>\n<meta name=\"twitter:card\" content=\"summary_large_image\" \/>\n<meta name=\"twitter:creator\" content=\"@gremicafecat\" \/>\n<meta name=\"twitter:site\" content=\"@gremicafecat\" \/>\n<meta name=\"twitter:label1\" content=\"Escrito por\" \/>\n\t<meta name=\"twitter:data1\" content=\"gremicafe\" \/>\n\t<meta name=\"twitter:label2\" content=\"Tiempo de lectura\" \/>\n\t<meta name=\"twitter:data2\" content=\"2 minutos\" \/>\n<script type=\"application\/ld+json\" class=\"yoast-schema-graph\">{\"@context\":\"https:\/\/schema.org\",\"@graph\":[{\"@type\":\"Article\",\"@id\":\"https:\/\/gremicafe.cat\/2022\/04\/22\/el-preu-de-larabica-al-brasil-es-mante-mentre-que-el-del-robusta-augmenta\/#article\",\"isPartOf\":{\"@id\":\"https:\/\/gremicafe.cat\/2022\/04\/22\/el-preu-de-larabica-al-brasil-es-mante-mentre-que-el-del-robusta-augmenta\/\"},\"author\":{\"name\":\"gremicafe\",\"@id\":\"https:\/\/gremicafe.cat\/#\/schema\/person\/dabfdbb3d0fa36260855a380f94e4733\"},\"headline\":\"El preu de l&#8217;ar\u00e0bica al Brasil es mant\u00e9 a l&#8217;al\u00e7a, mentre que el del robusta augmenta\",\"datePublished\":\"2022-04-22T14:11:45+00:00\",\"dateModified\":\"2022-04-28T06:56:15+00:00\",\"mainEntityOfPage\":{\"@id\":\"https:\/\/gremicafe.cat\/2022\/04\/22\/el-preu-de-larabica-al-brasil-es-mante-mentre-que-el-del-robusta-augmenta\/\"},\"wordCount\":188,\"publisher\":{\"@id\":\"https:\/\/gremicafe.cat\/#organization\"},\"image\":{\"@id\":\"https:\/\/gremicafe.cat\/2022\/04\/22\/el-preu-de-larabica-al-brasil-es-mante-mentre-que-el-del-robusta-augmenta\/#primaryimage\"},\"thumbnailUrl\":\"https:\/\/gremicafe.cat\/wp-content\/uploads\/2022\/04\/cafe-gra-gremi-cafe.jpg\",\"articleSection\":[\"Not\u00edcies\"],\"inLanguage\":\"es\"},{\"@type\":\"WebPage\",\"@id\":\"https:\/\/gremicafe.cat\/2022\/04\/22\/el-preu-de-larabica-al-brasil-es-mante-mentre-que-el-del-robusta-augmenta\/\",\"url\":\"https:\/\/gremicafe.cat\/2022\/04\/22\/el-preu-de-larabica-al-brasil-es-mante-mentre-que-el-del-robusta-augmenta\/\",\"name\":\"El preu de l'ar\u00e0bica al Brasil es mant\u00e9 a l'al\u00e7a, mentre que el del robusta augmenta - Gremi del Caf\u00e8, torradors de Catalunya\",\"isPartOf\":{\"@id\":\"https:\/\/gremicafe.cat\/#website\"},\"primaryImageOfPage\":{\"@id\":\"https:\/\/gremicafe.cat\/2022\/04\/22\/el-preu-de-larabica-al-brasil-es-mante-mentre-que-el-del-robusta-augmenta\/#primaryimage\"},\"image\":{\"@id\":\"https:\/\/gremicafe.cat\/2022\/04\/22\/el-preu-de-larabica-al-brasil-es-mante-mentre-que-el-del-robusta-augmenta\/#primaryimage\"},\"thumbnailUrl\":\"https:\/\/gremicafe.cat\/wp-content\/uploads\/2022\/04\/cafe-gra-gremi-cafe.jpg\",\"datePublished\":\"2022-04-22T14:11:45+00:00\",\"dateModified\":\"2022-04-28T06:56:15+00:00\",\"breadcrumb\":{\"@id\":\"https:\/\/gremicafe.cat\/2022\/04\/22\/el-preu-de-larabica-al-brasil-es-mante-mentre-que-el-del-robusta-augmenta\/#breadcrumb\"},\"inLanguage\":\"es\",\"potentialAction\":[{\"@type\":\"ReadAction\",\"target\":[\"https:\/\/gremicafe.cat\/2022\/04\/22\/el-preu-de-larabica-al-brasil-es-mante-mentre-que-el-del-robusta-augmenta\/\"]}]},{\"@type\":\"ImageObject\",\"inLanguage\":\"es\",\"@id\":\"https:\/\/gremicafe.cat\/2022\/04\/22\/el-preu-de-larabica-al-brasil-es-mante-mentre-que-el-del-robusta-augmenta\/#primaryimage\",\"url\":\"https:\/\/gremicafe.cat\/wp-content\/uploads\/2022\/04\/cafe-gra-gremi-cafe.jpg\",\"contentUrl\":\"https:\/\/gremicafe.cat\/wp-content\/uploads\/2022\/04\/cafe-gra-gremi-cafe.jpg\",\"width\":1200,\"height\":800,\"caption\":\"caf\u00e8 en gr\u00e0 - Gremi Caf\u00e8\"},{\"@type\":\"BreadcrumbList\",\"@id\":\"https:\/\/gremicafe.cat\/2022\/04\/22\/el-preu-de-larabica-al-brasil-es-mante-mentre-que-el-del-robusta-augmenta\/#breadcrumb\",\"itemListElement\":[{\"@type\":\"ListItem\",\"position\":1,\"name\":\"Inici\",\"item\":\"https:\/\/gremicafe.cat\/\"},{\"@type\":\"ListItem\",\"position\":2,\"name\":\"El preu de l&#8217;ar\u00e0bica al Brasil es mant\u00e9 a l&#8217;al\u00e7a, mentre que el del robusta augmenta\"}]},{\"@type\":\"WebSite\",\"@id\":\"https:\/\/gremicafe.cat\/#website\",\"url\":\"https:\/\/gremicafe.cat\/\",\"name\":\"Gremi del Caf\u00e8, torradors de Catalunya\",\"description\":\"Web oficial del gremi de torradors de caf\u00e8 de Catalunya\",\"publisher\":{\"@id\":\"https:\/\/gremicafe.cat\/#organization\"},\"potentialAction\":[{\"@type\":\"SearchAction\",\"target\":{\"@type\":\"EntryPoint\",\"urlTemplate\":\"https:\/\/gremicafe.cat\/?s={search_term_string}\"},\"query-input\":{\"@type\":\"PropertyValueSpecification\",\"valueRequired\":true,\"valueName\":\"search_term_string\"}}],\"inLanguage\":\"es\"},{\"@type\":\"Organization\",\"@id\":\"https:\/\/gremicafe.cat\/#organization\",\"name\":\"Gremi del Caf\u00e8, Torradors de Catalunya\",\"url\":\"https:\/\/gremicafe.cat\/\",\"logo\":{\"@type\":\"ImageObject\",\"inLanguage\":\"es\",\"@id\":\"https:\/\/gremicafe.cat\/#\/schema\/logo\/image\/\",\"url\":\"https:\/\/gremicafe.cat\/wp-content\/uploads\/2018\/03\/gremicafe-logo250.png\",\"contentUrl\":\"https:\/\/gremicafe.cat\/wp-content\/uploads\/2018\/03\/gremicafe-logo250.png\",\"width\":250,\"height\":49,\"caption\":\"Gremi del Caf\u00e8, Torradors de Catalunya\"},\"image\":{\"@id\":\"https:\/\/gremicafe.cat\/#\/schema\/logo\/image\/\"},\"sameAs\":[\"https:\/\/www.facebook.com\/gremicafecat\",\"https:\/\/x.com\/gremicafecat\",\"https:\/\/www.instagram.com\/gremicafecat\/\",\"https:\/\/www.pinterest.es\/gremicafecat\/\",\"https:\/\/www.youtube.com\/channel\/UCGLo5Y35vLwLvP4FrPZrCrw\/\"]},{\"@type\":\"Person\",\"@id\":\"https:\/\/gremicafe.cat\/#\/schema\/person\/dabfdbb3d0fa36260855a380f94e4733\",\"name\":\"gremicafe\",\"image\":{\"@type\":\"ImageObject\",\"inLanguage\":\"es\",\"@id\":\"https:\/\/gremicafe.cat\/#\/schema\/person\/image\/\",\"url\":\"https:\/\/secure.gravatar.com\/avatar\/e59baa4ca8f6f97576d6375fb6d3c8f0?s=96&d=mm&r=g\",\"contentUrl\":\"https:\/\/secure.gravatar.com\/avatar\/e59baa4ca8f6f97576d6375fb6d3c8f0?s=96&d=mm&r=g\",\"caption\":\"gremicafe\"}}]}<\/script>\n<!-- \/ Yoast SEO plugin. -->","yoast_head_json":{"title":"El preu de l'ar\u00e0bica al Brasil es mant\u00e9 a l'al\u00e7a, mentre que el del robusta augmenta - Gremi del Caf\u00e8, torradors de Catalunya","robots":{"index":"index","follow":"follow","max-snippet":"max-snippet:-1","max-image-preview":"max-image-preview:large","max-video-preview":"max-video-preview:-1"},"canonical":"https:\/\/gremicafe.cat\/es\/2022\/04\/22\/el-preu-de-larabica-al-brasil-es-mante-mentre-que-el-del-robusta-augmenta\/","og_locale":"es_ES","og_type":"article","og_title":"El preu de l'ar\u00e0bica al Brasil es mant\u00e9 a l'al\u00e7a, mentre que el del robusta augmenta - Gremi del Caf\u00e8, torradors de Catalunya","og_description":"&nbsp; El preu del caf\u00e8 ar\u00e0bica al Brasil es mant\u00e9 a m\u00e9s del doble del preu de fa nom\u00e9s 12 mesos, mentre que el del robusta segueix augmentant, sobrepassant un increment d&#8217;un 60% respecte el 2021. Segons va informar Cepea en la seva \u00faltima an\u00e0lisi, durant la primera quinzena d&#8217;abril, els preus del caf\u00e8 ar\u00e0bica [&hellip;]","og_url":"https:\/\/gremicafe.cat\/es\/2022\/04\/22\/el-preu-de-larabica-al-brasil-es-mante-mentre-que-el-del-robusta-augmenta\/","og_site_name":"Gremi del Caf\u00e8, torradors de Catalunya","article_publisher":"https:\/\/www.facebook.com\/gremicafecat","article_published_time":"2022-04-22T14:11:45+00:00","article_modified_time":"2022-04-28T06:56:15+00:00","og_image":[{"width":1200,"height":800,"url":"https:\/\/gremicafe.cat\/wp-content\/uploads\/2022\/04\/cafe-gra-gremi-cafe.jpg","type":"image\/jpeg"}],"author":"gremicafe","twitter_card":"summary_large_image","twitter_creator":"@gremicafecat","twitter_site":"@gremicafecat","twitter_misc":{"Escrito por":"gremicafe","Tiempo de lectura":"2 minutos"},"schema":{"@context":"https:\/\/schema.org","@graph":[{"@type":"Article","@id":"https:\/\/gremicafe.cat\/2022\/04\/22\/el-preu-de-larabica-al-brasil-es-mante-mentre-que-el-del-robusta-augmenta\/#article","isPartOf":{"@id":"https:\/\/gremicafe.cat\/2022\/04\/22\/el-preu-de-larabica-al-brasil-es-mante-mentre-que-el-del-robusta-augmenta\/"},"author":{"name":"gremicafe","@id":"https:\/\/gremicafe.cat\/#\/schema\/person\/dabfdbb3d0fa36260855a380f94e4733"},"headline":"El preu de l&#8217;ar\u00e0bica al Brasil es mant\u00e9 a l&#8217;al\u00e7a, mentre que el del robusta augmenta","datePublished":"2022-04-22T14:11:45+00:00","dateModified":"2022-04-28T06:56:15+00:00","mainEntityOfPage":{"@id":"https:\/\/gremicafe.cat\/2022\/04\/22\/el-preu-de-larabica-al-brasil-es-mante-mentre-que-el-del-robusta-augmenta\/"},"wordCount":188,"publisher":{"@id":"https:\/\/gremicafe.cat\/#organization"},"image":{"@id":"https:\/\/gremicafe.cat\/2022\/04\/22\/el-preu-de-larabica-al-brasil-es-mante-mentre-que-el-del-robusta-augmenta\/#primaryimage"},"thumbnailUrl":"https:\/\/gremicafe.cat\/wp-content\/uploads\/2022\/04\/cafe-gra-gremi-cafe.jpg","articleSection":["Not\u00edcies"],"inLanguage":"es"},{"@type":"WebPage","@id":"https:\/\/gremicafe.cat\/2022\/04\/22\/el-preu-de-larabica-al-brasil-es-mante-mentre-que-el-del-robusta-augmenta\/","url":"https:\/\/gremicafe.cat\/2022\/04\/22\/el-preu-de-larabica-al-brasil-es-mante-mentre-que-el-del-robusta-augmenta\/","name":"El preu de l'ar\u00e0bica al Brasil es mant\u00e9 a l'al\u00e7a, mentre que el del robusta augmenta - Gremi del Caf\u00e8, torradors de Catalunya","isPartOf":{"@id":"https:\/\/gremicafe.cat\/#website"},"primaryImageOfPage":{"@id":"https:\/\/gremicafe.cat\/2022\/04\/22\/el-preu-de-larabica-al-brasil-es-mante-mentre-que-el-del-robusta-augmenta\/#primaryimage"},"image":{"@id":"https:\/\/gremicafe.cat\/2022\/04\/22\/el-preu-de-larabica-al-brasil-es-mante-mentre-que-el-del-robusta-augmenta\/#primaryimage"},"thumbnailUrl":"https:\/\/gremicafe.cat\/wp-content\/uploads\/2022\/04\/cafe-gra-gremi-cafe.jpg","datePublished":"2022-04-22T14:11:45+00:00","dateModified":"2022-04-28T06:56:15+00:00","breadcrumb":{"@id":"https:\/\/gremicafe.cat\/2022\/04\/22\/el-preu-de-larabica-al-brasil-es-mante-mentre-que-el-del-robusta-augmenta\/#breadcrumb"},"inLanguage":"es","potentialAction":[{"@type":"ReadAction","target":["https:\/\/gremicafe.cat\/2022\/04\/22\/el-preu-de-larabica-al-brasil-es-mante-mentre-que-el-del-robusta-augmenta\/"]}]},{"@type":"ImageObject","inLanguage":"es","@id":"https:\/\/gremicafe.cat\/2022\/04\/22\/el-preu-de-larabica-al-brasil-es-mante-mentre-que-el-del-robusta-augmenta\/#primaryimage","url":"https:\/\/gremicafe.cat\/wp-content\/uploads\/2022\/04\/cafe-gra-gremi-cafe.jpg","contentUrl":"https:\/\/gremicafe.cat\/wp-content\/uploads\/2022\/04\/cafe-gra-gremi-cafe.jpg","width":1200,"height":800,"caption":"caf\u00e8 en gr\u00e0 - Gremi Caf\u00e8"},{"@type":"BreadcrumbList","@id":"https:\/\/gremicafe.cat\/2022\/04\/22\/el-preu-de-larabica-al-brasil-es-mante-mentre-que-el-del-robusta-augmenta\/#breadcrumb","itemListElement":[{"@type":"ListItem","position":1,"name":"Inici","item":"https:\/\/gremicafe.cat\/"},{"@type":"ListItem","position":2,"name":"El preu de l&#8217;ar\u00e0bica al Brasil es mant\u00e9 a l&#8217;al\u00e7a, mentre que el del robusta augmenta"}]},{"@type":"WebSite","@id":"https:\/\/gremicafe.cat\/#website","url":"https:\/\/gremicafe.cat\/","name":"Gremio del Caf\u00e9, tostadores de Catalu\u00f1a","description":"Web oficial del gremio de tostadores de caf\u00e9 de Catalunya","publisher":{"@id":"https:\/\/gremicafe.cat\/#organization"},"potentialAction":[{"@type":"SearchAction","target":{"@type":"EntryPoint","urlTemplate":"https:\/\/gremicafe.cat\/?s={search_term_string}"},"query-input":{"@type":"PropertyValueSpecification","valueRequired":true,"valueName":"search_term_string"}}],"inLanguage":"es"},{"@type":"Organization","@id":"https:\/\/gremicafe.cat\/#organization","name":"Gremio del Caf\u00e9, Tostadores de Catalu\u00f1a","url":"https:\/\/gremicafe.cat\/","logo":{"@type":"ImageObject","inLanguage":"es","@id":"https:\/\/gremicafe.cat\/#\/schema\/logo\/image\/","url":"https:\/\/gremicafe.cat\/wp-content\/uploads\/2018\/03\/gremicafe-logo250.png","contentUrl":"https:\/\/gremicafe.cat\/wp-content\/uploads\/2018\/03\/gremicafe-logo250.png","width":250,"height":49,"caption":"Gremi del Caf\u00e8, Torradors de Catalunya"},"image":{"@id":"https:\/\/gremicafe.cat\/#\/schema\/logo\/image\/"},"sameAs":["https:\/\/www.facebook.com\/gremicafecat","https:\/\/x.com\/gremicafecat","https:\/\/www.instagram.com\/gremicafecat\/","https:\/\/www.pinterest.es\/gremicafecat\/","https:\/\/www.youtube.com\/channel\/UCGLo5Y35vLwLvP4FrPZrCrw\/"]},{"@type":"Person","@id":"https:\/\/gremicafe.cat\/#\/schema\/person\/dabfdbb3d0fa36260855a380f94e4733","name":"gremicafe","image":{"@type":"ImageObject","inLanguage":"es","@id":"https:\/\/gremicafe.cat\/#\/schema\/person\/image\/","url":"https:\/\/secure.gravatar.com\/avatar\/e59baa4ca8f6f97576d6375fb6d3c8f0?s=96&d=mm&r=g","contentUrl":"https:\/\/secure.gravatar.com\/avatar\/e59baa4ca8f6f97576d6375fb6d3c8f0?s=96&d=mm&r=g","caption":"gremicafe"}}]}},"_links":{"self":[{"href":"https:\/\/gremicafe.cat\/es\/wp-json\/wp\/v2\/posts\/6529"}],"collection":[{"href":"https:\/\/gremicafe.cat\/es\/wp-json\/wp\/v2\/posts"}],"about":[{"href":"https:\/\/gremicafe.cat\/es\/wp-json\/wp\/v2\/types\/post"}],"author":[{"embeddable":true,"href":"https:\/\/gremicafe.cat\/es\/wp-json\/wp\/v2\/users\/1"}],"replies":[{"embeddable":true,"href":"https:\/\/gremicafe.cat\/es\/wp-json\/wp\/v2\/comments?post=6529"}],"version-history":[{"count":0,"href":"https:\/\/gremicafe.cat\/es\/wp-json\/wp\/v2\/posts\/6529\/revisions"}],"wp:featuredmedia":[{"embeddable":true,"href":"https:\/\/gremicafe.cat\/es\/wp-json\/wp\/v2\/media\/6530"}],"wp:attachment":[{"href":"https:\/\/gremicafe.cat\/es\/wp-json\/wp\/v2\/media?parent=6529"}],"wp:term":[{"taxonomy":"category","embeddable":true,"href":"https:\/\/gremicafe.cat\/es\/wp-json\/wp\/v2\/categories?post=6529"},{"taxonomy":"post_tag","embeddable":true,"href":"https:\/\/gremicafe.cat\/es\/wp-json\/wp\/v2\/tags?post=6529"}],"curies":[{"name":"wp","href":"https:\/\/api.w.org\/{rel}","templated":true}]}}