{"id":6559,"date":"2022-05-19T09:03:09","date_gmt":"2022-05-19T07:03:09","guid":{"rendered":"https:\/\/gremicafe.cat\/?p=6559"},"modified":"2022-05-20T09:50:53","modified_gmt":"2022-05-20T07:50:53","slug":"el-preu-de-larabica-es-dispara-davant-del-risc-de-gelades-a-brasil","status":"publish","type":"post","link":"https:\/\/gremicafe.cat\/es\/2022\/05\/19\/el-preu-de-larabica-es-dispara-davant-del-risc-de-gelades-a-brasil\/","title":{"rendered":"El precio de Ar\u00e1bica se dispara ante el riesgo de heladas en Brasil"},"content":{"rendered":"<p><img loading=\"lazy\" decoding=\"async\" class=\"aligncenter size-full wp-image-6560\" src=\"https:\/\/gremicafe.cat\/wp-content\/uploads\/2022\/05\/planta-cafe-brasil-gremi-cafe.jpg\" alt=\"\" width=\"1920\" height=\"1277\" srcset=\"https:\/\/gremicafe.cat\/wp-content\/uploads\/2022\/05\/planta-cafe-brasil-gremi-cafe.jpg 1920w, https:\/\/gremicafe.cat\/wp-content\/uploads\/2022\/05\/planta-cafe-brasil-gremi-cafe-768x511.jpg 768w, https:\/\/gremicafe.cat\/wp-content\/uploads\/2022\/05\/planta-cafe-brasil-gremi-cafe-1536x1022.jpg 1536w, https:\/\/gremicafe.cat\/wp-content\/uploads\/2022\/05\/planta-cafe-brasil-gremi-cafe-1083x720.jpg 1083w\" sizes=\"(max-width: 1920px) 100vw, 1920px\" \/><\/p>\n<p>&nbsp;<\/p>\n<p>&nbsp;<\/p>\n<p><strong>Los futuros del caf\u00e9 ar\u00e1bica en Nueva York se dispararon, debido al aumento en el riesgo de heladas en Brasil.<\/strong><\/p>\n<p>El<strong>Administraci\u00f3n Nacional Oce\u00e1nica y Atmosf\u00e9rica (NOAA) de Estados Unidos<\/strong> emiti\u00f3 ayer un pron\u00f3stico que dice que las temperaturas en el sur de Brasil, una zona que incluye a muchas de las regiones productoras de caf\u00e9 del pa\u00eds, podr\u00edan ser afectadas por las heladas el 16 de mayo. Es probable que las temperaturas se mantengan por debajo de lo normal, hasta el 19 de mayo.<\/p>\n<p>Los distribuidores dijeron que el mercado hab\u00eda vendido por encima de lo disponible despu\u00e9s de caer m\u00e1s de un 10% durante el \u00faltimo mes. Las perspectivas de cosecha m\u00e1s bajas en Colombia tambi\u00e9n apoyaron.<\/p>\n<p>La <strong>Federaci\u00f3n Nacional de Cafeteros de Colombia<\/strong> inform\u00f3 que la producci\u00f3n de caf\u00e9 del pa\u00eds para el a\u00f1o del caf\u00e9 actual de octubre de 2021 a septiembre de 2022 podr\u00eda disminuir un 13,80% desde las estimaciones anteriores de 14,50 millones de bolsas. Esto supondr\u00eda un descenso del 10% respecto al a\u00f1o anterior del caf\u00e9.<\/p>\n<p>La ca\u00edda de la producci\u00f3n se debe a la persistencia de lluvias excesivas que se ha experimentado durante la fase de desarrollo de la cereza, puesto que <strong>Colombia sigue afectada por las lluvias intensivas<\/strong> provocadas por un segundo a\u00f1o consecutivo de las condiciones meteorol\u00f3gicas de La Ni\u00f1a.<\/p>\n<p>Asimismo, <strong>las exportaciones tambi\u00e9n pueden caer entre 11,50 y 12,00 millones<\/strong>, frente a los 13 millones de bolsas exportadas durante el a\u00f1o caf\u00e9 anterior.<\/p>\n<p>&nbsp;<\/p>\n<p>Fuente noticia: <a href=\"https:\/\/www.comunicaffe.com\/ice-arabica-futures-rally-8-on-frost-concerns-in-brazil\/\">Comunicaffe<\/a><\/p>","protected":false},"excerpt":{"rendered":"<p>&nbsp; &nbsp; Els futurs del caf\u00e8 ar\u00e0bica a Nova York es van disparar, a causa de l&#8217;augment en el risc de gelades al Brasil. L&#8217;Administraci\u00f3 Nacional Oce\u00e0nica i Atmosf\u00e8rica (NOAA) dels Estats Units va emetre ahir un pron\u00f2stic que diu que les temperatures al sud del Brasil, una zona que inclou moltes de les regions [&hellip;]<\/p>\n","protected":false},"author":1,"featured_media":6560,"comment_status":"closed","ping_status":"open","sticky":false,"template":"","format":"standard","meta":{"_acf_changed":false,"inline_featured_image":false,"footnotes":""},"categories":[1],"tags":[],"class_list":["post-6559","post","type-post","status-publish","format-standard","has-post-thumbnail","hentry","category-noticies"],"acf":[],"yoast_head":"<!-- This site is optimized with the Yoast SEO plugin v25.5 - https:\/\/yoast.com\/wordpress\/plugins\/seo\/ -->\n<title>El preu de l&#039;Ar\u00e0bica es dispara davant del risc de gelades a Brasil - Gremi del Caf\u00e8, torradors de Catalunya<\/title>\n<meta name=\"robots\" content=\"index, follow, max-snippet:-1, max-image-preview:large, max-video-preview:-1\" \/>\n<link rel=\"canonical\" href=\"https:\/\/gremicafe.cat\/es\/2022\/05\/19\/el-preu-de-larabica-es-dispara-davant-del-risc-de-gelades-a-brasil\/\" \/>\n<meta property=\"og:locale\" content=\"es_ES\" \/>\n<meta property=\"og:type\" content=\"article\" \/>\n<meta property=\"og:title\" content=\"El preu de l&#039;Ar\u00e0bica es dispara davant del risc de gelades a Brasil - Gremi del Caf\u00e8, torradors de Catalunya\" \/>\n<meta property=\"og:description\" content=\"&nbsp; &nbsp; Els futurs del caf\u00e8 ar\u00e0bica a Nova York es van disparar, a causa de l&#8217;augment en el risc de gelades al Brasil. L&#8217;Administraci\u00f3 Nacional Oce\u00e0nica i Atmosf\u00e8rica (NOAA) dels Estats Units va emetre ahir un pron\u00f2stic que diu que les temperatures al sud del Brasil, una zona que inclou moltes de les regions [&hellip;]\" \/>\n<meta property=\"og:url\" content=\"https:\/\/gremicafe.cat\/es\/2022\/05\/19\/el-preu-de-larabica-es-dispara-davant-del-risc-de-gelades-a-brasil\/\" \/>\n<meta property=\"og:site_name\" content=\"Gremi del Caf\u00e8, torradors de Catalunya\" \/>\n<meta property=\"article:publisher\" content=\"https:\/\/www.facebook.com\/gremicafecat\" \/>\n<meta property=\"article:published_time\" content=\"2022-05-19T07:03:09+00:00\" \/>\n<meta property=\"article:modified_time\" content=\"2022-05-20T07:50:53+00:00\" \/>\n<meta property=\"og:image\" content=\"https:\/\/gremicafe.cat\/wp-content\/uploads\/2022\/05\/planta-cafe-brasil-gremi-cafe.jpg\" \/>\n\t<meta property=\"og:image:width\" content=\"1920\" \/>\n\t<meta property=\"og:image:height\" content=\"1277\" \/>\n\t<meta property=\"og:image:type\" content=\"image\/jpeg\" \/>\n<meta name=\"author\" content=\"gremicafe\" \/>\n<meta name=\"twitter:card\" content=\"summary_large_image\" \/>\n<meta name=\"twitter:creator\" content=\"@gremicafecat\" \/>\n<meta name=\"twitter:site\" content=\"@gremicafecat\" \/>\n<meta name=\"twitter:label1\" content=\"Escrito por\" \/>\n\t<meta name=\"twitter:data1\" content=\"gremicafe\" \/>\n\t<meta name=\"twitter:label2\" content=\"Tiempo de lectura\" \/>\n\t<meta name=\"twitter:data2\" content=\"2 minutos\" \/>\n<script type=\"application\/ld+json\" class=\"yoast-schema-graph\">{\"@context\":\"https:\/\/schema.org\",\"@graph\":[{\"@type\":\"Article\",\"@id\":\"https:\/\/gremicafe.cat\/2022\/05\/19\/el-preu-de-larabica-es-dispara-davant-del-risc-de-gelades-a-brasil\/#article\",\"isPartOf\":{\"@id\":\"https:\/\/gremicafe.cat\/2022\/05\/19\/el-preu-de-larabica-es-dispara-davant-del-risc-de-gelades-a-brasil\/\"},\"author\":{\"name\":\"gremicafe\",\"@id\":\"https:\/\/gremicafe.cat\/#\/schema\/person\/dabfdbb3d0fa36260855a380f94e4733\"},\"headline\":\"El preu de l&#8217;Ar\u00e0bica es dispara davant del risc de gelades a Brasil\",\"datePublished\":\"2022-05-19T07:03:09+00:00\",\"dateModified\":\"2022-05-20T07:50:53+00:00\",\"mainEntityOfPage\":{\"@id\":\"https:\/\/gremicafe.cat\/2022\/05\/19\/el-preu-de-larabica-es-dispara-davant-del-risc-de-gelades-a-brasil\/\"},\"wordCount\":271,\"publisher\":{\"@id\":\"https:\/\/gremicafe.cat\/#organization\"},\"image\":{\"@id\":\"https:\/\/gremicafe.cat\/2022\/05\/19\/el-preu-de-larabica-es-dispara-davant-del-risc-de-gelades-a-brasil\/#primaryimage\"},\"thumbnailUrl\":\"https:\/\/gremicafe.cat\/wp-content\/uploads\/2022\/05\/planta-cafe-brasil-gremi-cafe.jpg\",\"articleSection\":[\"Not\u00edcies\"],\"inLanguage\":\"es\"},{\"@type\":\"WebPage\",\"@id\":\"https:\/\/gremicafe.cat\/2022\/05\/19\/el-preu-de-larabica-es-dispara-davant-del-risc-de-gelades-a-brasil\/\",\"url\":\"https:\/\/gremicafe.cat\/2022\/05\/19\/el-preu-de-larabica-es-dispara-davant-del-risc-de-gelades-a-brasil\/\",\"name\":\"El preu de l'Ar\u00e0bica es dispara davant del risc de gelades a Brasil - Gremi del Caf\u00e8, torradors de Catalunya\",\"isPartOf\":{\"@id\":\"https:\/\/gremicafe.cat\/#website\"},\"primaryImageOfPage\":{\"@id\":\"https:\/\/gremicafe.cat\/2022\/05\/19\/el-preu-de-larabica-es-dispara-davant-del-risc-de-gelades-a-brasil\/#primaryimage\"},\"image\":{\"@id\":\"https:\/\/gremicafe.cat\/2022\/05\/19\/el-preu-de-larabica-es-dispara-davant-del-risc-de-gelades-a-brasil\/#primaryimage\"},\"thumbnailUrl\":\"https:\/\/gremicafe.cat\/wp-content\/uploads\/2022\/05\/planta-cafe-brasil-gremi-cafe.jpg\",\"datePublished\":\"2022-05-19T07:03:09+00:00\",\"dateModified\":\"2022-05-20T07:50:53+00:00\",\"breadcrumb\":{\"@id\":\"https:\/\/gremicafe.cat\/2022\/05\/19\/el-preu-de-larabica-es-dispara-davant-del-risc-de-gelades-a-brasil\/#breadcrumb\"},\"inLanguage\":\"es\",\"potentialAction\":[{\"@type\":\"ReadAction\",\"target\":[\"https:\/\/gremicafe.cat\/2022\/05\/19\/el-preu-de-larabica-es-dispara-davant-del-risc-de-gelades-a-brasil\/\"]}]},{\"@type\":\"ImageObject\",\"inLanguage\":\"es\",\"@id\":\"https:\/\/gremicafe.cat\/2022\/05\/19\/el-preu-de-larabica-es-dispara-davant-del-risc-de-gelades-a-brasil\/#primaryimage\",\"url\":\"https:\/\/gremicafe.cat\/wp-content\/uploads\/2022\/05\/planta-cafe-brasil-gremi-cafe.jpg\",\"contentUrl\":\"https:\/\/gremicafe.cat\/wp-content\/uploads\/2022\/05\/planta-cafe-brasil-gremi-cafe.jpg\",\"width\":1920,\"height\":1277,\"caption\":\"planta caf\u00e8 Brasil - Gremi Caf\u00e8\"},{\"@type\":\"BreadcrumbList\",\"@id\":\"https:\/\/gremicafe.cat\/2022\/05\/19\/el-preu-de-larabica-es-dispara-davant-del-risc-de-gelades-a-brasil\/#breadcrumb\",\"itemListElement\":[{\"@type\":\"ListItem\",\"position\":1,\"name\":\"Inici\",\"item\":\"https:\/\/gremicafe.cat\/\"},{\"@type\":\"ListItem\",\"position\":2,\"name\":\"El preu de l&#8217;Ar\u00e0bica es dispara davant del risc de gelades a Brasil\"}]},{\"@type\":\"WebSite\",\"@id\":\"https:\/\/gremicafe.cat\/#website\",\"url\":\"https:\/\/gremicafe.cat\/\",\"name\":\"Gremi del Caf\u00e8, torradors de Catalunya\",\"description\":\"Web oficial del gremi de torradors de caf\u00e8 de Catalunya\",\"publisher\":{\"@id\":\"https:\/\/gremicafe.cat\/#organization\"},\"potentialAction\":[{\"@type\":\"SearchAction\",\"target\":{\"@type\":\"EntryPoint\",\"urlTemplate\":\"https:\/\/gremicafe.cat\/?s={search_term_string}\"},\"query-input\":{\"@type\":\"PropertyValueSpecification\",\"valueRequired\":true,\"valueName\":\"search_term_string\"}}],\"inLanguage\":\"es\"},{\"@type\":\"Organization\",\"@id\":\"https:\/\/gremicafe.cat\/#organization\",\"name\":\"Gremi del Caf\u00e8, Torradors de Catalunya\",\"url\":\"https:\/\/gremicafe.cat\/\",\"logo\":{\"@type\":\"ImageObject\",\"inLanguage\":\"es\",\"@id\":\"https:\/\/gremicafe.cat\/#\/schema\/logo\/image\/\",\"url\":\"https:\/\/gremicafe.cat\/wp-content\/uploads\/2018\/03\/gremicafe-logo250.png\",\"contentUrl\":\"https:\/\/gremicafe.cat\/wp-content\/uploads\/2018\/03\/gremicafe-logo250.png\",\"width\":250,\"height\":49,\"caption\":\"Gremi del Caf\u00e8, Torradors de Catalunya\"},\"image\":{\"@id\":\"https:\/\/gremicafe.cat\/#\/schema\/logo\/image\/\"},\"sameAs\":[\"https:\/\/www.facebook.com\/gremicafecat\",\"https:\/\/x.com\/gremicafecat\",\"https:\/\/www.instagram.com\/gremicafecat\/\",\"https:\/\/www.pinterest.es\/gremicafecat\/\",\"https:\/\/www.youtube.com\/channel\/UCGLo5Y35vLwLvP4FrPZrCrw\/\"]},{\"@type\":\"Person\",\"@id\":\"https:\/\/gremicafe.cat\/#\/schema\/person\/dabfdbb3d0fa36260855a380f94e4733\",\"name\":\"gremicafe\",\"image\":{\"@type\":\"ImageObject\",\"inLanguage\":\"es\",\"@id\":\"https:\/\/gremicafe.cat\/#\/schema\/person\/image\/\",\"url\":\"https:\/\/secure.gravatar.com\/avatar\/e59baa4ca8f6f97576d6375fb6d3c8f0?s=96&d=mm&r=g\",\"contentUrl\":\"https:\/\/secure.gravatar.com\/avatar\/e59baa4ca8f6f97576d6375fb6d3c8f0?s=96&d=mm&r=g\",\"caption\":\"gremicafe\"}}]}<\/script>\n<!-- \/ Yoast SEO plugin. -->","yoast_head_json":{"title":"El preu de l'Ar\u00e0bica es dispara davant del risc de gelades a Brasil - Gremi del Caf\u00e8, torradors de Catalunya","robots":{"index":"index","follow":"follow","max-snippet":"max-snippet:-1","max-image-preview":"max-image-preview:large","max-video-preview":"max-video-preview:-1"},"canonical":"https:\/\/gremicafe.cat\/es\/2022\/05\/19\/el-preu-de-larabica-es-dispara-davant-del-risc-de-gelades-a-brasil\/","og_locale":"es_ES","og_type":"article","og_title":"El preu de l'Ar\u00e0bica es dispara davant del risc de gelades a Brasil - Gremi del Caf\u00e8, torradors de Catalunya","og_description":"&nbsp; &nbsp; Els futurs del caf\u00e8 ar\u00e0bica a Nova York es van disparar, a causa de l&#8217;augment en el risc de gelades al Brasil. L&#8217;Administraci\u00f3 Nacional Oce\u00e0nica i Atmosf\u00e8rica (NOAA) dels Estats Units va emetre ahir un pron\u00f2stic que diu que les temperatures al sud del Brasil, una zona que inclou moltes de les regions [&hellip;]","og_url":"https:\/\/gremicafe.cat\/es\/2022\/05\/19\/el-preu-de-larabica-es-dispara-davant-del-risc-de-gelades-a-brasil\/","og_site_name":"Gremi del Caf\u00e8, torradors de Catalunya","article_publisher":"https:\/\/www.facebook.com\/gremicafecat","article_published_time":"2022-05-19T07:03:09+00:00","article_modified_time":"2022-05-20T07:50:53+00:00","og_image":[{"width":1920,"height":1277,"url":"https:\/\/gremicafe.cat\/wp-content\/uploads\/2022\/05\/planta-cafe-brasil-gremi-cafe.jpg","type":"image\/jpeg"}],"author":"gremicafe","twitter_card":"summary_large_image","twitter_creator":"@gremicafecat","twitter_site":"@gremicafecat","twitter_misc":{"Escrito por":"gremicafe","Tiempo de lectura":"2 minutos"},"schema":{"@context":"https:\/\/schema.org","@graph":[{"@type":"Article","@id":"https:\/\/gremicafe.cat\/2022\/05\/19\/el-preu-de-larabica-es-dispara-davant-del-risc-de-gelades-a-brasil\/#article","isPartOf":{"@id":"https:\/\/gremicafe.cat\/2022\/05\/19\/el-preu-de-larabica-es-dispara-davant-del-risc-de-gelades-a-brasil\/"},"author":{"name":"gremicafe","@id":"https:\/\/gremicafe.cat\/#\/schema\/person\/dabfdbb3d0fa36260855a380f94e4733"},"headline":"El preu de l&#8217;Ar\u00e0bica es dispara davant del risc de gelades a Brasil","datePublished":"2022-05-19T07:03:09+00:00","dateModified":"2022-05-20T07:50:53+00:00","mainEntityOfPage":{"@id":"https:\/\/gremicafe.cat\/2022\/05\/19\/el-preu-de-larabica-es-dispara-davant-del-risc-de-gelades-a-brasil\/"},"wordCount":271,"publisher":{"@id":"https:\/\/gremicafe.cat\/#organization"},"image":{"@id":"https:\/\/gremicafe.cat\/2022\/05\/19\/el-preu-de-larabica-es-dispara-davant-del-risc-de-gelades-a-brasil\/#primaryimage"},"thumbnailUrl":"https:\/\/gremicafe.cat\/wp-content\/uploads\/2022\/05\/planta-cafe-brasil-gremi-cafe.jpg","articleSection":["Not\u00edcies"],"inLanguage":"es"},{"@type":"WebPage","@id":"https:\/\/gremicafe.cat\/2022\/05\/19\/el-preu-de-larabica-es-dispara-davant-del-risc-de-gelades-a-brasil\/","url":"https:\/\/gremicafe.cat\/2022\/05\/19\/el-preu-de-larabica-es-dispara-davant-del-risc-de-gelades-a-brasil\/","name":"El preu de l'Ar\u00e0bica es dispara davant del risc de gelades a Brasil - Gremi del Caf\u00e8, torradors de Catalunya","isPartOf":{"@id":"https:\/\/gremicafe.cat\/#website"},"primaryImageOfPage":{"@id":"https:\/\/gremicafe.cat\/2022\/05\/19\/el-preu-de-larabica-es-dispara-davant-del-risc-de-gelades-a-brasil\/#primaryimage"},"image":{"@id":"https:\/\/gremicafe.cat\/2022\/05\/19\/el-preu-de-larabica-es-dispara-davant-del-risc-de-gelades-a-brasil\/#primaryimage"},"thumbnailUrl":"https:\/\/gremicafe.cat\/wp-content\/uploads\/2022\/05\/planta-cafe-brasil-gremi-cafe.jpg","datePublished":"2022-05-19T07:03:09+00:00","dateModified":"2022-05-20T07:50:53+00:00","breadcrumb":{"@id":"https:\/\/gremicafe.cat\/2022\/05\/19\/el-preu-de-larabica-es-dispara-davant-del-risc-de-gelades-a-brasil\/#breadcrumb"},"inLanguage":"es","potentialAction":[{"@type":"ReadAction","target":["https:\/\/gremicafe.cat\/2022\/05\/19\/el-preu-de-larabica-es-dispara-davant-del-risc-de-gelades-a-brasil\/"]}]},{"@type":"ImageObject","inLanguage":"es","@id":"https:\/\/gremicafe.cat\/2022\/05\/19\/el-preu-de-larabica-es-dispara-davant-del-risc-de-gelades-a-brasil\/#primaryimage","url":"https:\/\/gremicafe.cat\/wp-content\/uploads\/2022\/05\/planta-cafe-brasil-gremi-cafe.jpg","contentUrl":"https:\/\/gremicafe.cat\/wp-content\/uploads\/2022\/05\/planta-cafe-brasil-gremi-cafe.jpg","width":1920,"height":1277,"caption":"planta caf\u00e8 Brasil - Gremi Caf\u00e8"},{"@type":"BreadcrumbList","@id":"https:\/\/gremicafe.cat\/2022\/05\/19\/el-preu-de-larabica-es-dispara-davant-del-risc-de-gelades-a-brasil\/#breadcrumb","itemListElement":[{"@type":"ListItem","position":1,"name":"Inici","item":"https:\/\/gremicafe.cat\/"},{"@type":"ListItem","position":2,"name":"El preu de l&#8217;Ar\u00e0bica es dispara davant del risc de gelades a Brasil"}]},{"@type":"WebSite","@id":"https:\/\/gremicafe.cat\/#website","url":"https:\/\/gremicafe.cat\/","name":"Gremio del Caf\u00e9, tostadores de Catalu\u00f1a","description":"Web oficial del gremio de tostadores de caf\u00e9 de Catalunya","publisher":{"@id":"https:\/\/gremicafe.cat\/#organization"},"potentialAction":[{"@type":"SearchAction","target":{"@type":"EntryPoint","urlTemplate":"https:\/\/gremicafe.cat\/?s={search_term_string}"},"query-input":{"@type":"PropertyValueSpecification","valueRequired":true,"valueName":"search_term_string"}}],"inLanguage":"es"},{"@type":"Organization","@id":"https:\/\/gremicafe.cat\/#organization","name":"Gremio del Caf\u00e9, Tostadores de Catalu\u00f1a","url":"https:\/\/gremicafe.cat\/","logo":{"@type":"ImageObject","inLanguage":"es","@id":"https:\/\/gremicafe.cat\/#\/schema\/logo\/image\/","url":"https:\/\/gremicafe.cat\/wp-content\/uploads\/2018\/03\/gremicafe-logo250.png","contentUrl":"https:\/\/gremicafe.cat\/wp-content\/uploads\/2018\/03\/gremicafe-logo250.png","width":250,"height":49,"caption":"Gremi del Caf\u00e8, Torradors de Catalunya"},"image":{"@id":"https:\/\/gremicafe.cat\/#\/schema\/logo\/image\/"},"sameAs":["https:\/\/www.facebook.com\/gremicafecat","https:\/\/x.com\/gremicafecat","https:\/\/www.instagram.com\/gremicafecat\/","https:\/\/www.pinterest.es\/gremicafecat\/","https:\/\/www.youtube.com\/channel\/UCGLo5Y35vLwLvP4FrPZrCrw\/"]},{"@type":"Person","@id":"https:\/\/gremicafe.cat\/#\/schema\/person\/dabfdbb3d0fa36260855a380f94e4733","name":"gremicafe","image":{"@type":"ImageObject","inLanguage":"es","@id":"https:\/\/gremicafe.cat\/#\/schema\/person\/image\/","url":"https:\/\/secure.gravatar.com\/avatar\/e59baa4ca8f6f97576d6375fb6d3c8f0?s=96&d=mm&r=g","contentUrl":"https:\/\/secure.gravatar.com\/avatar\/e59baa4ca8f6f97576d6375fb6d3c8f0?s=96&d=mm&r=g","caption":"gremicafe"}}]}},"_links":{"self":[{"href":"https:\/\/gremicafe.cat\/es\/wp-json\/wp\/v2\/posts\/6559"}],"collection":[{"href":"https:\/\/gremicafe.cat\/es\/wp-json\/wp\/v2\/posts"}],"about":[{"href":"https:\/\/gremicafe.cat\/es\/wp-json\/wp\/v2\/types\/post"}],"author":[{"embeddable":true,"href":"https:\/\/gremicafe.cat\/es\/wp-json\/wp\/v2\/users\/1"}],"replies":[{"embeddable":true,"href":"https:\/\/gremicafe.cat\/es\/wp-json\/wp\/v2\/comments?post=6559"}],"version-history":[{"count":0,"href":"https:\/\/gremicafe.cat\/es\/wp-json\/wp\/v2\/posts\/6559\/revisions"}],"wp:featuredmedia":[{"embeddable":true,"href":"https:\/\/gremicafe.cat\/es\/wp-json\/wp\/v2\/media\/6560"}],"wp:attachment":[{"href":"https:\/\/gremicafe.cat\/es\/wp-json\/wp\/v2\/media?parent=6559"}],"wp:term":[{"taxonomy":"category","embeddable":true,"href":"https:\/\/gremicafe.cat\/es\/wp-json\/wp\/v2\/categories?post=6559"},{"taxonomy":"post_tag","embeddable":true,"href":"https:\/\/gremicafe.cat\/es\/wp-json\/wp\/v2\/tags?post=6559"}],"curies":[{"name":"wp","href":"https:\/\/api.w.org\/{rel}","templated":true}]}}