{"id":6563,"date":"2022-05-23T10:01:05","date_gmt":"2022-05-23T08:01:05","guid":{"rendered":"https:\/\/gremicafe.cat\/?p=6563"},"modified":"2022-05-27T10:07:19","modified_gmt":"2022-05-27T08:07:19","slug":"la-quantitat-exacta-de-cafe-que-hauries-de-beure-al-dia-segons-una-experta-dharvard","status":"publish","type":"post","link":"https:\/\/gremicafe.cat\/es\/2022\/05\/23\/la-quantitat-exacta-de-cafe-que-hauries-de-beure-al-dia-segons-una-experta-dharvard\/","title":{"rendered":"La cantidad exacta de caf\u00e9 que deber\u00edas beber al d\u00eda, seg\u00fan una experta de Harvard"},"content":{"rendered":"<p><strong><img loading=\"lazy\" decoding=\"async\" class=\"aligncenter size-full wp-image-6584\" src=\"https:\/\/gremicafe.cat\/wp-content\/uploads\/2022\/05\/cafe-cafetera-gremi-cafe-catalunya.jpg\" alt=\"\" width=\"1200\" height=\"929\" srcset=\"https:\/\/gremicafe.cat\/wp-content\/uploads\/2022\/05\/cafe-cafetera-gremi-cafe-catalunya.jpg 1200w, https:\/\/gremicafe.cat\/wp-content\/uploads\/2022\/05\/cafe-cafetera-gremi-cafe-catalunya-768x595.jpg 768w, https:\/\/gremicafe.cat\/wp-content\/uploads\/2022\/05\/cafe-cafetera-gremi-cafe-catalunya-930x720.jpg 930w\" sizes=\"(max-width: 1200px) 100vw, 1200px\" \/><\/strong><\/p>\n<p>&nbsp;<\/p>\n<blockquote><p><strong>Estudios recientes han asociado la toma de caf\u00e9 con m\u00faltiples beneficios para el organismo, desde una mejora de la salud cardiovascular a una menor probabilidad de morir de forma prematura.<\/strong><\/p><\/blockquote>\n<p><span class=\"hiddenSpellError\">Uma<\/span>\u00a0<span class=\"hiddenSpellError\">Maidoo<\/span>, es una psiquiatra formada en la Universidad de Harvard y autora de<em>\u00a0<span class=\"hiddenSpellError\">This<\/span>\u00a0is\u00a0<span class=\"hiddenSpellError\">your<\/span>\u00a0<span class=\"hiddenSpellError\">brain<\/span>\u00a0donde\u00a0<span class=\"hiddenSpellError\">food<\/span><\/em>, y ha asegurado que <strong>un consumo de 3 caf\u00e9s diarios<\/strong> es la taza que deber\u00eda beberse para obtener el <strong>m\u00e1ximo beneficio para la salud<\/strong> y, concretamente, para el cerebro. As\u00ed lo declar\u00f3 en un art\u00edculo para Cnbc.com, en el que detall\u00f3 un estudio en el que los investigadores analizaron tanto el consumo de esta bebida como la salud cognitiva de 676 hombres adultos durante diez a\u00f1os. Los autores del trabajo encontraron que <strong>los bebedores de caf\u00e9 ten\u00edan menos de la mitad del deterioro cognitivo que los que no lo tomaban<\/strong> y que los que beb\u00edan tres tazas al d\u00eda ten\u00edan el menor declive de todos los participantes.<\/p>\n<p>Otra investigaci\u00f3n, firmada, en este caso, por la Universidad de Harvard, examin\u00f3 el riesgo de muerte de 208.501 hombres y mujeres durante m\u00e1s de\u00a0<span class=\"hiddenGreenError\">10<\/span>\u00a0a\u00f1os, y concluy\u00f3 que <strong>los participantes que beb\u00edan caf\u00e9 ten\u00edan menos probabilidades de morir que los que no lo hac\u00edan<\/strong>. Adem\u00e1s, notaron que la esperanza de vida era mayor en aquellos que beb\u00edan entre 3 y 5 tazas al d\u00eda.<\/p>\n<p>Hace pocos a\u00f1os, el caf\u00e9 se asociaba a enfermedades card\u00edacas, apoplej\u00edas, diabetes tipo 2, c\u00e1ncer pancre\u00e1tico, trastornos de ansiedad y m\u00e1s. De hecho, hasta 1991, la OMS lo catalogaba como posible carcin\u00f3geno, pero hoy en d\u00eda se han desmentido muchas de estas informaciones.<\/p>\n<p>&nbsp;<\/p>\n<p>Fuente noticia: <a href=\"https:\/\/www.lavanguardia.com\/comer\/al-dia\/20220221\/8071967\/cantidad-exacta-cafe-deberias-beber-experta-harvard.html\">La Vanguardia<\/a><\/p>","protected":false},"excerpt":{"rendered":"<p>&nbsp; Estudis recents han associat la presa de caf\u00e8 amb m\u00faltiples beneficis per a l&#8217;organisme, des d&#8217;una millora de la salut cardiovascular a una menor probabilitat de morir de manera prematura. Uma\u00a0Maidoo, \u00e9s\u00a0una psiquiatra\u00a0formada a la\u00a0Universitat de Harvard\u00a0i autora de\u00a0This\u00a0is\u00a0your\u00a0brain\u00a0on\u00a0food, i ha assegurat que un consum de 3 caf\u00e8s diaris \u00e9s la tassa que caldria [&hellip;]<\/p>\n","protected":false},"author":1,"featured_media":6584,"comment_status":"closed","ping_status":"open","sticky":false,"template":"","format":"standard","meta":{"_acf_changed":false,"inline_featured_image":false,"footnotes":""},"categories":[1],"tags":[],"class_list":["post-6563","post","type-post","status-publish","format-standard","has-post-thumbnail","hentry","category-noticies"],"acf":[],"yoast_head":"<!-- This site is optimized with the Yoast SEO plugin v25.5 - https:\/\/yoast.com\/wordpress\/plugins\/seo\/ -->\n<title>La quantitat exacta de caf\u00e8 que hauries de beure al dia, segons una experta d&#039;Harvard - Gremi del Caf\u00e8, torradors de Catalunya<\/title>\n<meta name=\"robots\" content=\"index, follow, max-snippet:-1, max-image-preview:large, max-video-preview:-1\" \/>\n<link rel=\"canonical\" href=\"https:\/\/gremicafe.cat\/es\/2022\/05\/23\/la-quantitat-exacta-de-cafe-que-hauries-de-beure-al-dia-segons-una-experta-dharvard\/\" \/>\n<meta property=\"og:locale\" content=\"es_ES\" \/>\n<meta property=\"og:type\" content=\"article\" \/>\n<meta property=\"og:title\" content=\"La quantitat exacta de caf\u00e8 que hauries de beure al dia, segons una experta d&#039;Harvard - Gremi del Caf\u00e8, torradors de Catalunya\" \/>\n<meta property=\"og:description\" content=\"&nbsp; Estudis recents han associat la presa de caf\u00e8 amb m\u00faltiples beneficis per a l&#8217;organisme, des d&#8217;una millora de la salut cardiovascular a una menor probabilitat de morir de manera prematura. Uma\u00a0Maidoo, \u00e9s\u00a0una psiquiatra\u00a0formada a la\u00a0Universitat de Harvard\u00a0i autora de\u00a0This\u00a0is\u00a0your\u00a0brain\u00a0on\u00a0food, i ha assegurat que un consum de 3 caf\u00e8s diaris \u00e9s la tassa que caldria [&hellip;]\" \/>\n<meta property=\"og:url\" content=\"https:\/\/gremicafe.cat\/es\/2022\/05\/23\/la-quantitat-exacta-de-cafe-que-hauries-de-beure-al-dia-segons-una-experta-dharvard\/\" \/>\n<meta property=\"og:site_name\" content=\"Gremi del Caf\u00e8, torradors de Catalunya\" \/>\n<meta property=\"article:publisher\" content=\"https:\/\/www.facebook.com\/gremicafecat\" \/>\n<meta property=\"article:published_time\" content=\"2022-05-23T08:01:05+00:00\" \/>\n<meta property=\"article:modified_time\" content=\"2022-05-27T08:07:19+00:00\" \/>\n<meta property=\"og:image\" content=\"https:\/\/gremicafe.cat\/wp-content\/uploads\/2022\/05\/cafe-cafetera-gremi-cafe-catalunya.jpg\" \/>\n\t<meta property=\"og:image:width\" content=\"1200\" \/>\n\t<meta property=\"og:image:height\" content=\"929\" \/>\n\t<meta property=\"og:image:type\" content=\"image\/jpeg\" \/>\n<meta name=\"author\" content=\"gremicafe\" \/>\n<meta name=\"twitter:card\" content=\"summary_large_image\" \/>\n<meta name=\"twitter:creator\" content=\"@gremicafecat\" \/>\n<meta name=\"twitter:site\" content=\"@gremicafecat\" \/>\n<meta name=\"twitter:label1\" content=\"Escrito por\" \/>\n\t<meta name=\"twitter:data1\" content=\"gremicafe\" \/>\n\t<meta name=\"twitter:label2\" content=\"Tiempo de lectura\" \/>\n\t<meta name=\"twitter:data2\" content=\"2 minutos\" \/>\n<script type=\"application\/ld+json\" class=\"yoast-schema-graph\">{\"@context\":\"https:\/\/schema.org\",\"@graph\":[{\"@type\":\"Article\",\"@id\":\"https:\/\/gremicafe.cat\/2022\/05\/23\/la-quantitat-exacta-de-cafe-que-hauries-de-beure-al-dia-segons-una-experta-dharvard\/#article\",\"isPartOf\":{\"@id\":\"https:\/\/gremicafe.cat\/2022\/05\/23\/la-quantitat-exacta-de-cafe-que-hauries-de-beure-al-dia-segons-una-experta-dharvard\/\"},\"author\":{\"name\":\"gremicafe\",\"@id\":\"https:\/\/gremicafe.cat\/#\/schema\/person\/dabfdbb3d0fa36260855a380f94e4733\"},\"headline\":\"La quantitat exacta de caf\u00e8 que hauries de beure al dia, segons una experta d&#8217;Harvard\",\"datePublished\":\"2022-05-23T08:01:05+00:00\",\"dateModified\":\"2022-05-27T08:07:19+00:00\",\"mainEntityOfPage\":{\"@id\":\"https:\/\/gremicafe.cat\/2022\/05\/23\/la-quantitat-exacta-de-cafe-que-hauries-de-beure-al-dia-segons-una-experta-dharvard\/\"},\"wordCount\":299,\"publisher\":{\"@id\":\"https:\/\/gremicafe.cat\/#organization\"},\"image\":{\"@id\":\"https:\/\/gremicafe.cat\/2022\/05\/23\/la-quantitat-exacta-de-cafe-que-hauries-de-beure-al-dia-segons-una-experta-dharvard\/#primaryimage\"},\"thumbnailUrl\":\"https:\/\/gremicafe.cat\/wp-content\/uploads\/2022\/05\/cafe-cafetera-gremi-cafe-catalunya.jpg\",\"articleSection\":[\"Not\u00edcies\"],\"inLanguage\":\"es\"},{\"@type\":\"WebPage\",\"@id\":\"https:\/\/gremicafe.cat\/2022\/05\/23\/la-quantitat-exacta-de-cafe-que-hauries-de-beure-al-dia-segons-una-experta-dharvard\/\",\"url\":\"https:\/\/gremicafe.cat\/2022\/05\/23\/la-quantitat-exacta-de-cafe-que-hauries-de-beure-al-dia-segons-una-experta-dharvard\/\",\"name\":\"La quantitat exacta de caf\u00e8 que hauries de beure al dia, segons una experta d'Harvard - Gremi del Caf\u00e8, torradors de Catalunya\",\"isPartOf\":{\"@id\":\"https:\/\/gremicafe.cat\/#website\"},\"primaryImageOfPage\":{\"@id\":\"https:\/\/gremicafe.cat\/2022\/05\/23\/la-quantitat-exacta-de-cafe-que-hauries-de-beure-al-dia-segons-una-experta-dharvard\/#primaryimage\"},\"image\":{\"@id\":\"https:\/\/gremicafe.cat\/2022\/05\/23\/la-quantitat-exacta-de-cafe-que-hauries-de-beure-al-dia-segons-una-experta-dharvard\/#primaryimage\"},\"thumbnailUrl\":\"https:\/\/gremicafe.cat\/wp-content\/uploads\/2022\/05\/cafe-cafetera-gremi-cafe-catalunya.jpg\",\"datePublished\":\"2022-05-23T08:01:05+00:00\",\"dateModified\":\"2022-05-27T08:07:19+00:00\",\"breadcrumb\":{\"@id\":\"https:\/\/gremicafe.cat\/2022\/05\/23\/la-quantitat-exacta-de-cafe-que-hauries-de-beure-al-dia-segons-una-experta-dharvard\/#breadcrumb\"},\"inLanguage\":\"es\",\"potentialAction\":[{\"@type\":\"ReadAction\",\"target\":[\"https:\/\/gremicafe.cat\/2022\/05\/23\/la-quantitat-exacta-de-cafe-que-hauries-de-beure-al-dia-segons-una-experta-dharvard\/\"]}]},{\"@type\":\"ImageObject\",\"inLanguage\":\"es\",\"@id\":\"https:\/\/gremicafe.cat\/2022\/05\/23\/la-quantitat-exacta-de-cafe-que-hauries-de-beure-al-dia-segons-una-experta-dharvard\/#primaryimage\",\"url\":\"https:\/\/gremicafe.cat\/wp-content\/uploads\/2022\/05\/cafe-cafetera-gremi-cafe-catalunya.jpg\",\"contentUrl\":\"https:\/\/gremicafe.cat\/wp-content\/uploads\/2022\/05\/cafe-cafetera-gremi-cafe-catalunya.jpg\",\"width\":1200,\"height\":929,\"caption\":\"caf\u00e8 cafetera - Gremi Caf\u00e8 Catalunya\"},{\"@type\":\"BreadcrumbList\",\"@id\":\"https:\/\/gremicafe.cat\/2022\/05\/23\/la-quantitat-exacta-de-cafe-que-hauries-de-beure-al-dia-segons-una-experta-dharvard\/#breadcrumb\",\"itemListElement\":[{\"@type\":\"ListItem\",\"position\":1,\"name\":\"Inici\",\"item\":\"https:\/\/gremicafe.cat\/\"},{\"@type\":\"ListItem\",\"position\":2,\"name\":\"La quantitat exacta de caf\u00e8 que hauries de beure al dia, segons una experta d&#8217;Harvard\"}]},{\"@type\":\"WebSite\",\"@id\":\"https:\/\/gremicafe.cat\/#website\",\"url\":\"https:\/\/gremicafe.cat\/\",\"name\":\"Gremi del Caf\u00e8, torradors de Catalunya\",\"description\":\"Web oficial del gremi de torradors de caf\u00e8 de Catalunya\",\"publisher\":{\"@id\":\"https:\/\/gremicafe.cat\/#organization\"},\"potentialAction\":[{\"@type\":\"SearchAction\",\"target\":{\"@type\":\"EntryPoint\",\"urlTemplate\":\"https:\/\/gremicafe.cat\/?s={search_term_string}\"},\"query-input\":{\"@type\":\"PropertyValueSpecification\",\"valueRequired\":true,\"valueName\":\"search_term_string\"}}],\"inLanguage\":\"es\"},{\"@type\":\"Organization\",\"@id\":\"https:\/\/gremicafe.cat\/#organization\",\"name\":\"Gremi del Caf\u00e8, Torradors de Catalunya\",\"url\":\"https:\/\/gremicafe.cat\/\",\"logo\":{\"@type\":\"ImageObject\",\"inLanguage\":\"es\",\"@id\":\"https:\/\/gremicafe.cat\/#\/schema\/logo\/image\/\",\"url\":\"https:\/\/gremicafe.cat\/wp-content\/uploads\/2018\/03\/gremicafe-logo250.png\",\"contentUrl\":\"https:\/\/gremicafe.cat\/wp-content\/uploads\/2018\/03\/gremicafe-logo250.png\",\"width\":250,\"height\":49,\"caption\":\"Gremi del Caf\u00e8, Torradors de Catalunya\"},\"image\":{\"@id\":\"https:\/\/gremicafe.cat\/#\/schema\/logo\/image\/\"},\"sameAs\":[\"https:\/\/www.facebook.com\/gremicafecat\",\"https:\/\/x.com\/gremicafecat\",\"https:\/\/www.instagram.com\/gremicafecat\/\",\"https:\/\/www.pinterest.es\/gremicafecat\/\",\"https:\/\/www.youtube.com\/channel\/UCGLo5Y35vLwLvP4FrPZrCrw\/\"]},{\"@type\":\"Person\",\"@id\":\"https:\/\/gremicafe.cat\/#\/schema\/person\/dabfdbb3d0fa36260855a380f94e4733\",\"name\":\"gremicafe\",\"image\":{\"@type\":\"ImageObject\",\"inLanguage\":\"es\",\"@id\":\"https:\/\/gremicafe.cat\/#\/schema\/person\/image\/\",\"url\":\"https:\/\/secure.gravatar.com\/avatar\/e59baa4ca8f6f97576d6375fb6d3c8f0?s=96&d=mm&r=g\",\"contentUrl\":\"https:\/\/secure.gravatar.com\/avatar\/e59baa4ca8f6f97576d6375fb6d3c8f0?s=96&d=mm&r=g\",\"caption\":\"gremicafe\"}}]}<\/script>\n<!-- \/ Yoast SEO plugin. -->","yoast_head_json":{"title":"La quantitat exacta de caf\u00e8 que hauries de beure al dia, segons una experta d'Harvard - Gremi del Caf\u00e8, torradors de Catalunya","robots":{"index":"index","follow":"follow","max-snippet":"max-snippet:-1","max-image-preview":"max-image-preview:large","max-video-preview":"max-video-preview:-1"},"canonical":"https:\/\/gremicafe.cat\/es\/2022\/05\/23\/la-quantitat-exacta-de-cafe-que-hauries-de-beure-al-dia-segons-una-experta-dharvard\/","og_locale":"es_ES","og_type":"article","og_title":"La quantitat exacta de caf\u00e8 que hauries de beure al dia, segons una experta d'Harvard - Gremi del Caf\u00e8, torradors de Catalunya","og_description":"&nbsp; Estudis recents han associat la presa de caf\u00e8 amb m\u00faltiples beneficis per a l&#8217;organisme, des d&#8217;una millora de la salut cardiovascular a una menor probabilitat de morir de manera prematura. Uma\u00a0Maidoo, \u00e9s\u00a0una psiquiatra\u00a0formada a la\u00a0Universitat de Harvard\u00a0i autora de\u00a0This\u00a0is\u00a0your\u00a0brain\u00a0on\u00a0food, i ha assegurat que un consum de 3 caf\u00e8s diaris \u00e9s la tassa que caldria [&hellip;]","og_url":"https:\/\/gremicafe.cat\/es\/2022\/05\/23\/la-quantitat-exacta-de-cafe-que-hauries-de-beure-al-dia-segons-una-experta-dharvard\/","og_site_name":"Gremi del Caf\u00e8, torradors de Catalunya","article_publisher":"https:\/\/www.facebook.com\/gremicafecat","article_published_time":"2022-05-23T08:01:05+00:00","article_modified_time":"2022-05-27T08:07:19+00:00","og_image":[{"width":1200,"height":929,"url":"https:\/\/gremicafe.cat\/wp-content\/uploads\/2022\/05\/cafe-cafetera-gremi-cafe-catalunya.jpg","type":"image\/jpeg"}],"author":"gremicafe","twitter_card":"summary_large_image","twitter_creator":"@gremicafecat","twitter_site":"@gremicafecat","twitter_misc":{"Escrito por":"gremicafe","Tiempo de lectura":"2 minutos"},"schema":{"@context":"https:\/\/schema.org","@graph":[{"@type":"Article","@id":"https:\/\/gremicafe.cat\/2022\/05\/23\/la-quantitat-exacta-de-cafe-que-hauries-de-beure-al-dia-segons-una-experta-dharvard\/#article","isPartOf":{"@id":"https:\/\/gremicafe.cat\/2022\/05\/23\/la-quantitat-exacta-de-cafe-que-hauries-de-beure-al-dia-segons-una-experta-dharvard\/"},"author":{"name":"gremicafe","@id":"https:\/\/gremicafe.cat\/#\/schema\/person\/dabfdbb3d0fa36260855a380f94e4733"},"headline":"La quantitat exacta de caf\u00e8 que hauries de beure al dia, segons una experta d&#8217;Harvard","datePublished":"2022-05-23T08:01:05+00:00","dateModified":"2022-05-27T08:07:19+00:00","mainEntityOfPage":{"@id":"https:\/\/gremicafe.cat\/2022\/05\/23\/la-quantitat-exacta-de-cafe-que-hauries-de-beure-al-dia-segons-una-experta-dharvard\/"},"wordCount":299,"publisher":{"@id":"https:\/\/gremicafe.cat\/#organization"},"image":{"@id":"https:\/\/gremicafe.cat\/2022\/05\/23\/la-quantitat-exacta-de-cafe-que-hauries-de-beure-al-dia-segons-una-experta-dharvard\/#primaryimage"},"thumbnailUrl":"https:\/\/gremicafe.cat\/wp-content\/uploads\/2022\/05\/cafe-cafetera-gremi-cafe-catalunya.jpg","articleSection":["Not\u00edcies"],"inLanguage":"es"},{"@type":"WebPage","@id":"https:\/\/gremicafe.cat\/2022\/05\/23\/la-quantitat-exacta-de-cafe-que-hauries-de-beure-al-dia-segons-una-experta-dharvard\/","url":"https:\/\/gremicafe.cat\/2022\/05\/23\/la-quantitat-exacta-de-cafe-que-hauries-de-beure-al-dia-segons-una-experta-dharvard\/","name":"La quantitat exacta de caf\u00e8 que hauries de beure al dia, segons una experta d'Harvard - Gremi del Caf\u00e8, torradors de Catalunya","isPartOf":{"@id":"https:\/\/gremicafe.cat\/#website"},"primaryImageOfPage":{"@id":"https:\/\/gremicafe.cat\/2022\/05\/23\/la-quantitat-exacta-de-cafe-que-hauries-de-beure-al-dia-segons-una-experta-dharvard\/#primaryimage"},"image":{"@id":"https:\/\/gremicafe.cat\/2022\/05\/23\/la-quantitat-exacta-de-cafe-que-hauries-de-beure-al-dia-segons-una-experta-dharvard\/#primaryimage"},"thumbnailUrl":"https:\/\/gremicafe.cat\/wp-content\/uploads\/2022\/05\/cafe-cafetera-gremi-cafe-catalunya.jpg","datePublished":"2022-05-23T08:01:05+00:00","dateModified":"2022-05-27T08:07:19+00:00","breadcrumb":{"@id":"https:\/\/gremicafe.cat\/2022\/05\/23\/la-quantitat-exacta-de-cafe-que-hauries-de-beure-al-dia-segons-una-experta-dharvard\/#breadcrumb"},"inLanguage":"es","potentialAction":[{"@type":"ReadAction","target":["https:\/\/gremicafe.cat\/2022\/05\/23\/la-quantitat-exacta-de-cafe-que-hauries-de-beure-al-dia-segons-una-experta-dharvard\/"]}]},{"@type":"ImageObject","inLanguage":"es","@id":"https:\/\/gremicafe.cat\/2022\/05\/23\/la-quantitat-exacta-de-cafe-que-hauries-de-beure-al-dia-segons-una-experta-dharvard\/#primaryimage","url":"https:\/\/gremicafe.cat\/wp-content\/uploads\/2022\/05\/cafe-cafetera-gremi-cafe-catalunya.jpg","contentUrl":"https:\/\/gremicafe.cat\/wp-content\/uploads\/2022\/05\/cafe-cafetera-gremi-cafe-catalunya.jpg","width":1200,"height":929,"caption":"caf\u00e8 cafetera - Gremi Caf\u00e8 Catalunya"},{"@type":"BreadcrumbList","@id":"https:\/\/gremicafe.cat\/2022\/05\/23\/la-quantitat-exacta-de-cafe-que-hauries-de-beure-al-dia-segons-una-experta-dharvard\/#breadcrumb","itemListElement":[{"@type":"ListItem","position":1,"name":"Inici","item":"https:\/\/gremicafe.cat\/"},{"@type":"ListItem","position":2,"name":"La quantitat exacta de caf\u00e8 que hauries de beure al dia, segons una experta d&#8217;Harvard"}]},{"@type":"WebSite","@id":"https:\/\/gremicafe.cat\/#website","url":"https:\/\/gremicafe.cat\/","name":"Gremio del Caf\u00e9, tostadores de Catalu\u00f1a","description":"Web oficial del gremio de tostadores de caf\u00e9 de Catalunya","publisher":{"@id":"https:\/\/gremicafe.cat\/#organization"},"potentialAction":[{"@type":"SearchAction","target":{"@type":"EntryPoint","urlTemplate":"https:\/\/gremicafe.cat\/?s={search_term_string}"},"query-input":{"@type":"PropertyValueSpecification","valueRequired":true,"valueName":"search_term_string"}}],"inLanguage":"es"},{"@type":"Organization","@id":"https:\/\/gremicafe.cat\/#organization","name":"Gremio del Caf\u00e9, Tostadores de Catalu\u00f1a","url":"https:\/\/gremicafe.cat\/","logo":{"@type":"ImageObject","inLanguage":"es","@id":"https:\/\/gremicafe.cat\/#\/schema\/logo\/image\/","url":"https:\/\/gremicafe.cat\/wp-content\/uploads\/2018\/03\/gremicafe-logo250.png","contentUrl":"https:\/\/gremicafe.cat\/wp-content\/uploads\/2018\/03\/gremicafe-logo250.png","width":250,"height":49,"caption":"Gremi del Caf\u00e8, Torradors de Catalunya"},"image":{"@id":"https:\/\/gremicafe.cat\/#\/schema\/logo\/image\/"},"sameAs":["https:\/\/www.facebook.com\/gremicafecat","https:\/\/x.com\/gremicafecat","https:\/\/www.instagram.com\/gremicafecat\/","https:\/\/www.pinterest.es\/gremicafecat\/","https:\/\/www.youtube.com\/channel\/UCGLo5Y35vLwLvP4FrPZrCrw\/"]},{"@type":"Person","@id":"https:\/\/gremicafe.cat\/#\/schema\/person\/dabfdbb3d0fa36260855a380f94e4733","name":"gremicafe","image":{"@type":"ImageObject","inLanguage":"es","@id":"https:\/\/gremicafe.cat\/#\/schema\/person\/image\/","url":"https:\/\/secure.gravatar.com\/avatar\/e59baa4ca8f6f97576d6375fb6d3c8f0?s=96&d=mm&r=g","contentUrl":"https:\/\/secure.gravatar.com\/avatar\/e59baa4ca8f6f97576d6375fb6d3c8f0?s=96&d=mm&r=g","caption":"gremicafe"}}]}},"_links":{"self":[{"href":"https:\/\/gremicafe.cat\/es\/wp-json\/wp\/v2\/posts\/6563"}],"collection":[{"href":"https:\/\/gremicafe.cat\/es\/wp-json\/wp\/v2\/posts"}],"about":[{"href":"https:\/\/gremicafe.cat\/es\/wp-json\/wp\/v2\/types\/post"}],"author":[{"embeddable":true,"href":"https:\/\/gremicafe.cat\/es\/wp-json\/wp\/v2\/users\/1"}],"replies":[{"embeddable":true,"href":"https:\/\/gremicafe.cat\/es\/wp-json\/wp\/v2\/comments?post=6563"}],"version-history":[{"count":0,"href":"https:\/\/gremicafe.cat\/es\/wp-json\/wp\/v2\/posts\/6563\/revisions"}],"wp:featuredmedia":[{"embeddable":true,"href":"https:\/\/gremicafe.cat\/es\/wp-json\/wp\/v2\/media\/6584"}],"wp:attachment":[{"href":"https:\/\/gremicafe.cat\/es\/wp-json\/wp\/v2\/media?parent=6563"}],"wp:term":[{"taxonomy":"category","embeddable":true,"href":"https:\/\/gremicafe.cat\/es\/wp-json\/wp\/v2\/categories?post=6563"},{"taxonomy":"post_tag","embeddable":true,"href":"https:\/\/gremicafe.cat\/es\/wp-json\/wp\/v2\/tags?post=6563"}],"curies":[{"name":"wp","href":"https:\/\/api.w.org\/{rel}","templated":true}]}}