{"id":6576,"date":"2022-05-20T13:22:58","date_gmt":"2022-05-20T11:22:58","guid":{"rendered":"https:\/\/gremicafe.cat\/?p=6576"},"modified":"2022-05-30T14:29:49","modified_gmt":"2022-05-30T12:29:49","slug":"la-generalitat-de-catalunya-idea-un-nou-impost-sobre-les-capsules-de-cafe","status":"publish","type":"post","link":"https:\/\/gremicafe.cat\/es\/2022\/05\/20\/la-generalitat-de-catalunya-idea-un-nou-impost-sobre-les-capsules-de-cafe\/","title":{"rendered":"La Generalitat de Catalunya quiere crear un nuevo impuesto sobre las c\u00e1psulas de caf\u00e9"},"content":{"rendered":"<p><img loading=\"lazy\" decoding=\"async\" class=\"aligncenter size-full wp-image-6577\" src=\"https:\/\/gremicafe.cat\/wp-content\/uploads\/2022\/05\/capsules-cafe-gremi-cafe-catalunya.jpg\" alt=\"\" width=\"1200\" height=\"800\" srcset=\"https:\/\/gremicafe.cat\/wp-content\/uploads\/2022\/05\/capsules-cafe-gremi-cafe-catalunya.jpg 1200w, https:\/\/gremicafe.cat\/wp-content\/uploads\/2022\/05\/capsules-cafe-gremi-cafe-catalunya-768x512.jpg 768w, https:\/\/gremicafe.cat\/wp-content\/uploads\/2022\/05\/capsules-cafe-gremi-cafe-catalunya-1080x720.jpg 1080w\" sizes=\"(max-width: 1200px) 100vw, 1200px\" \/><\/p>\n<p>&nbsp;<\/p>\n<blockquote><p><strong>El Departamento de Acci\u00f3n Clim\u00e1tica, Alimentaci\u00f3n y Agenda Rural de Catalu\u00f1a ha lanzado un borrador para modificar la ley de residuos e incluir una tasa de entre 0,1 y 0,2 euros en la compra de cigarrillos, en los envases de un desechables, las c\u00e1psulas de caf\u00e9 y en exceso de pl\u00e1stico de embalaje utilizado por los supermercados.<\/strong><\/p><\/blockquote>\n<p>Con este nuevo impuesto se pretende recaudar cerca de 200 millones de euros y est\u00e1 previsto que para principios de julio se abrir\u00e1 la consulta p\u00fablica.<\/p>\n<p>El nuevo impuesto que se pretende aplicar a las c\u00e1psulas de caf\u00e9, afectar\u00eda a todos los usuarios de bares y restaurantes que usen c\u00e1psulas de caf\u00e9 de aluminio. As\u00ed, los propietarios de bares y restaurantes ya han manifestado que en caso de que se apruebe la ley, subir\u00e1n los precios. De esta forma, se impondr\u00e1 el IVA sobre el mismo impuesto exponiendo una doble recaudaci\u00f3n por un mismo hecho. Lo mismo ocurrir\u00eda con los supermercados. El exceso de embalaje se trasladar\u00e1 irremediablemente a los consumidores, que pagar\u00e1n de nuevo el IVA sobre un impuesto.<\/p>\n<p>&nbsp;<\/p>\n<p>Fuente de la noticia: <a href=\"https:\/\/www.merca2.es\/2022\/05\/20\/la-generalitat-incognitas-el-impuesto-para-el-cafe-y-el-tabaco\/\">Merca2.es<\/a><\/p>\n<p>&nbsp;<\/p>","protected":false},"excerpt":{"rendered":"<p>&nbsp; El Departament d&#8217;Acci\u00f3 Clim\u00e0tica, Alimentaci\u00f3 i Agenda Rural de Catalunya ha llan\u00e7at un esborrany per a modificar la llei de residus i incloure una taxa d&#8217;entre 0,1 i 0,2 euros en la compra de cigarrets, als envasos d&#8217;un sol \u00fas, les c\u00e0psules de caf\u00e8 i a l&#8217;exc\u00e9s de pl\u00e0stic d&#8217;embalatge utilitzat pels supermercats. Amb [&hellip;]<\/p>\n","protected":false},"author":1,"featured_media":6577,"comment_status":"closed","ping_status":"open","sticky":false,"template":"","format":"standard","meta":{"_acf_changed":false,"inline_featured_image":false,"footnotes":""},"categories":[1],"tags":[],"class_list":["post-6576","post","type-post","status-publish","format-standard","has-post-thumbnail","hentry","category-noticies"],"acf":[],"yoast_head":"<!-- This site is optimized with the Yoast SEO plugin v25.5 - https:\/\/yoast.com\/wordpress\/plugins\/seo\/ -->\n<title>La Generalitat de Catalunya vol crear un nou impost sobre les c\u00e0psules de caf\u00e8 - Gremi del Caf\u00e8, torradors de Catalunya<\/title>\n<meta name=\"robots\" content=\"index, follow, max-snippet:-1, max-image-preview:large, max-video-preview:-1\" \/>\n<link rel=\"canonical\" href=\"https:\/\/gremicafe.cat\/es\/2022\/05\/20\/la-generalitat-de-catalunya-idea-un-nou-impost-sobre-les-capsules-de-cafe\/\" \/>\n<meta property=\"og:locale\" content=\"es_ES\" \/>\n<meta property=\"og:type\" content=\"article\" \/>\n<meta property=\"og:title\" content=\"La Generalitat de Catalunya vol crear un nou impost sobre les c\u00e0psules de caf\u00e8 - Gremi del Caf\u00e8, torradors de Catalunya\" \/>\n<meta property=\"og:description\" content=\"&nbsp; El Departament d&#8217;Acci\u00f3 Clim\u00e0tica, Alimentaci\u00f3 i Agenda Rural de Catalunya ha llan\u00e7at un esborrany per a modificar la llei de residus i incloure una taxa d&#8217;entre 0,1 i 0,2 euros en la compra de cigarrets, als envasos d&#8217;un sol \u00fas, les c\u00e0psules de caf\u00e8 i a l&#8217;exc\u00e9s de pl\u00e0stic d&#8217;embalatge utilitzat pels supermercats. Amb [&hellip;]\" \/>\n<meta property=\"og:url\" content=\"https:\/\/gremicafe.cat\/es\/2022\/05\/20\/la-generalitat-de-catalunya-idea-un-nou-impost-sobre-les-capsules-de-cafe\/\" \/>\n<meta property=\"og:site_name\" content=\"Gremi del Caf\u00e8, torradors de Catalunya\" \/>\n<meta property=\"article:publisher\" content=\"https:\/\/www.facebook.com\/gremicafecat\" \/>\n<meta property=\"article:published_time\" content=\"2022-05-20T11:22:58+00:00\" \/>\n<meta property=\"article:modified_time\" content=\"2022-05-30T12:29:49+00:00\" \/>\n<meta property=\"og:image\" content=\"https:\/\/gremicafe.cat\/wp-content\/uploads\/2022\/05\/capsules-cafe-gremi-cafe-catalunya.jpg\" \/>\n\t<meta property=\"og:image:width\" content=\"1200\" \/>\n\t<meta property=\"og:image:height\" content=\"800\" \/>\n\t<meta property=\"og:image:type\" content=\"image\/jpeg\" \/>\n<meta name=\"author\" content=\"gremicafe\" \/>\n<meta name=\"twitter:card\" content=\"summary_large_image\" \/>\n<meta name=\"twitter:creator\" content=\"@gremicafecat\" \/>\n<meta name=\"twitter:site\" content=\"@gremicafecat\" \/>\n<meta name=\"twitter:label1\" content=\"Escrito por\" \/>\n\t<meta name=\"twitter:data1\" content=\"gremicafe\" \/>\n\t<meta name=\"twitter:label2\" content=\"Tiempo de lectura\" \/>\n\t<meta name=\"twitter:data2\" content=\"2 minutos\" \/>\n<script type=\"application\/ld+json\" class=\"yoast-schema-graph\">{\"@context\":\"https:\/\/schema.org\",\"@graph\":[{\"@type\":\"Article\",\"@id\":\"https:\/\/gremicafe.cat\/2022\/05\/20\/la-generalitat-de-catalunya-idea-un-nou-impost-sobre-les-capsules-de-cafe\/#article\",\"isPartOf\":{\"@id\":\"https:\/\/gremicafe.cat\/2022\/05\/20\/la-generalitat-de-catalunya-idea-un-nou-impost-sobre-les-capsules-de-cafe\/\"},\"author\":{\"name\":\"gremicafe\",\"@id\":\"https:\/\/gremicafe.cat\/#\/schema\/person\/dabfdbb3d0fa36260855a380f94e4733\"},\"headline\":\"La Generalitat de Catalunya vol crear un nou impost sobre les c\u00e0psules de caf\u00e8\",\"datePublished\":\"2022-05-20T11:22:58+00:00\",\"dateModified\":\"2022-05-30T12:29:49+00:00\",\"mainEntityOfPage\":{\"@id\":\"https:\/\/gremicafe.cat\/2022\/05\/20\/la-generalitat-de-catalunya-idea-un-nou-impost-sobre-les-capsules-de-cafe\/\"},\"wordCount\":196,\"publisher\":{\"@id\":\"https:\/\/gremicafe.cat\/#organization\"},\"image\":{\"@id\":\"https:\/\/gremicafe.cat\/2022\/05\/20\/la-generalitat-de-catalunya-idea-un-nou-impost-sobre-les-capsules-de-cafe\/#primaryimage\"},\"thumbnailUrl\":\"https:\/\/gremicafe.cat\/wp-content\/uploads\/2022\/05\/capsules-cafe-gremi-cafe-catalunya.jpg\",\"articleSection\":[\"Not\u00edcies\"],\"inLanguage\":\"es\"},{\"@type\":\"WebPage\",\"@id\":\"https:\/\/gremicafe.cat\/2022\/05\/20\/la-generalitat-de-catalunya-idea-un-nou-impost-sobre-les-capsules-de-cafe\/\",\"url\":\"https:\/\/gremicafe.cat\/2022\/05\/20\/la-generalitat-de-catalunya-idea-un-nou-impost-sobre-les-capsules-de-cafe\/\",\"name\":\"La Generalitat de Catalunya vol crear un nou impost sobre les c\u00e0psules de caf\u00e8 - Gremi del Caf\u00e8, torradors de Catalunya\",\"isPartOf\":{\"@id\":\"https:\/\/gremicafe.cat\/#website\"},\"primaryImageOfPage\":{\"@id\":\"https:\/\/gremicafe.cat\/2022\/05\/20\/la-generalitat-de-catalunya-idea-un-nou-impost-sobre-les-capsules-de-cafe\/#primaryimage\"},\"image\":{\"@id\":\"https:\/\/gremicafe.cat\/2022\/05\/20\/la-generalitat-de-catalunya-idea-un-nou-impost-sobre-les-capsules-de-cafe\/#primaryimage\"},\"thumbnailUrl\":\"https:\/\/gremicafe.cat\/wp-content\/uploads\/2022\/05\/capsules-cafe-gremi-cafe-catalunya.jpg\",\"datePublished\":\"2022-05-20T11:22:58+00:00\",\"dateModified\":\"2022-05-30T12:29:49+00:00\",\"breadcrumb\":{\"@id\":\"https:\/\/gremicafe.cat\/2022\/05\/20\/la-generalitat-de-catalunya-idea-un-nou-impost-sobre-les-capsules-de-cafe\/#breadcrumb\"},\"inLanguage\":\"es\",\"potentialAction\":[{\"@type\":\"ReadAction\",\"target\":[\"https:\/\/gremicafe.cat\/2022\/05\/20\/la-generalitat-de-catalunya-idea-un-nou-impost-sobre-les-capsules-de-cafe\/\"]}]},{\"@type\":\"ImageObject\",\"inLanguage\":\"es\",\"@id\":\"https:\/\/gremicafe.cat\/2022\/05\/20\/la-generalitat-de-catalunya-idea-un-nou-impost-sobre-les-capsules-de-cafe\/#primaryimage\",\"url\":\"https:\/\/gremicafe.cat\/wp-content\/uploads\/2022\/05\/capsules-cafe-gremi-cafe-catalunya.jpg\",\"contentUrl\":\"https:\/\/gremicafe.cat\/wp-content\/uploads\/2022\/05\/capsules-cafe-gremi-cafe-catalunya.jpg\",\"width\":1200,\"height\":800,\"caption\":\"capsules de caf\u00e8 Gremi Caf\u00e8 Catalunya\"},{\"@type\":\"BreadcrumbList\",\"@id\":\"https:\/\/gremicafe.cat\/2022\/05\/20\/la-generalitat-de-catalunya-idea-un-nou-impost-sobre-les-capsules-de-cafe\/#breadcrumb\",\"itemListElement\":[{\"@type\":\"ListItem\",\"position\":1,\"name\":\"Inici\",\"item\":\"https:\/\/gremicafe.cat\/\"},{\"@type\":\"ListItem\",\"position\":2,\"name\":\"La Generalitat de Catalunya vol crear un nou impost sobre les c\u00e0psules de caf\u00e8\"}]},{\"@type\":\"WebSite\",\"@id\":\"https:\/\/gremicafe.cat\/#website\",\"url\":\"https:\/\/gremicafe.cat\/\",\"name\":\"Gremi del Caf\u00e8, torradors de Catalunya\",\"description\":\"Web oficial del gremi de torradors de caf\u00e8 de Catalunya\",\"publisher\":{\"@id\":\"https:\/\/gremicafe.cat\/#organization\"},\"potentialAction\":[{\"@type\":\"SearchAction\",\"target\":{\"@type\":\"EntryPoint\",\"urlTemplate\":\"https:\/\/gremicafe.cat\/?s={search_term_string}\"},\"query-input\":{\"@type\":\"PropertyValueSpecification\",\"valueRequired\":true,\"valueName\":\"search_term_string\"}}],\"inLanguage\":\"es\"},{\"@type\":\"Organization\",\"@id\":\"https:\/\/gremicafe.cat\/#organization\",\"name\":\"Gremi del Caf\u00e8, Torradors de Catalunya\",\"url\":\"https:\/\/gremicafe.cat\/\",\"logo\":{\"@type\":\"ImageObject\",\"inLanguage\":\"es\",\"@id\":\"https:\/\/gremicafe.cat\/#\/schema\/logo\/image\/\",\"url\":\"https:\/\/gremicafe.cat\/wp-content\/uploads\/2018\/03\/gremicafe-logo250.png\",\"contentUrl\":\"https:\/\/gremicafe.cat\/wp-content\/uploads\/2018\/03\/gremicafe-logo250.png\",\"width\":250,\"height\":49,\"caption\":\"Gremi del Caf\u00e8, Torradors de Catalunya\"},\"image\":{\"@id\":\"https:\/\/gremicafe.cat\/#\/schema\/logo\/image\/\"},\"sameAs\":[\"https:\/\/www.facebook.com\/gremicafecat\",\"https:\/\/x.com\/gremicafecat\",\"https:\/\/www.instagram.com\/gremicafecat\/\",\"https:\/\/www.pinterest.es\/gremicafecat\/\",\"https:\/\/www.youtube.com\/channel\/UCGLo5Y35vLwLvP4FrPZrCrw\/\"]},{\"@type\":\"Person\",\"@id\":\"https:\/\/gremicafe.cat\/#\/schema\/person\/dabfdbb3d0fa36260855a380f94e4733\",\"name\":\"gremicafe\",\"image\":{\"@type\":\"ImageObject\",\"inLanguage\":\"es\",\"@id\":\"https:\/\/gremicafe.cat\/#\/schema\/person\/image\/\",\"url\":\"https:\/\/secure.gravatar.com\/avatar\/e59baa4ca8f6f97576d6375fb6d3c8f0?s=96&d=mm&r=g\",\"contentUrl\":\"https:\/\/secure.gravatar.com\/avatar\/e59baa4ca8f6f97576d6375fb6d3c8f0?s=96&d=mm&r=g\",\"caption\":\"gremicafe\"}}]}<\/script>\n<!-- \/ Yoast SEO plugin. -->","yoast_head_json":{"title":"La Generalitat de Catalunya vol crear un nou impost sobre les c\u00e0psules de caf\u00e8 - Gremi del Caf\u00e8, torradors de Catalunya","robots":{"index":"index","follow":"follow","max-snippet":"max-snippet:-1","max-image-preview":"max-image-preview:large","max-video-preview":"max-video-preview:-1"},"canonical":"https:\/\/gremicafe.cat\/es\/2022\/05\/20\/la-generalitat-de-catalunya-idea-un-nou-impost-sobre-les-capsules-de-cafe\/","og_locale":"es_ES","og_type":"article","og_title":"La Generalitat de Catalunya vol crear un nou impost sobre les c\u00e0psules de caf\u00e8 - Gremi del Caf\u00e8, torradors de Catalunya","og_description":"&nbsp; El Departament d&#8217;Acci\u00f3 Clim\u00e0tica, Alimentaci\u00f3 i Agenda Rural de Catalunya ha llan\u00e7at un esborrany per a modificar la llei de residus i incloure una taxa d&#8217;entre 0,1 i 0,2 euros en la compra de cigarrets, als envasos d&#8217;un sol \u00fas, les c\u00e0psules de caf\u00e8 i a l&#8217;exc\u00e9s de pl\u00e0stic d&#8217;embalatge utilitzat pels supermercats. Amb [&hellip;]","og_url":"https:\/\/gremicafe.cat\/es\/2022\/05\/20\/la-generalitat-de-catalunya-idea-un-nou-impost-sobre-les-capsules-de-cafe\/","og_site_name":"Gremi del Caf\u00e8, torradors de Catalunya","article_publisher":"https:\/\/www.facebook.com\/gremicafecat","article_published_time":"2022-05-20T11:22:58+00:00","article_modified_time":"2022-05-30T12:29:49+00:00","og_image":[{"width":1200,"height":800,"url":"https:\/\/gremicafe.cat\/wp-content\/uploads\/2022\/05\/capsules-cafe-gremi-cafe-catalunya.jpg","type":"image\/jpeg"}],"author":"gremicafe","twitter_card":"summary_large_image","twitter_creator":"@gremicafecat","twitter_site":"@gremicafecat","twitter_misc":{"Escrito por":"gremicafe","Tiempo de lectura":"2 minutos"},"schema":{"@context":"https:\/\/schema.org","@graph":[{"@type":"Article","@id":"https:\/\/gremicafe.cat\/2022\/05\/20\/la-generalitat-de-catalunya-idea-un-nou-impost-sobre-les-capsules-de-cafe\/#article","isPartOf":{"@id":"https:\/\/gremicafe.cat\/2022\/05\/20\/la-generalitat-de-catalunya-idea-un-nou-impost-sobre-les-capsules-de-cafe\/"},"author":{"name":"gremicafe","@id":"https:\/\/gremicafe.cat\/#\/schema\/person\/dabfdbb3d0fa36260855a380f94e4733"},"headline":"La Generalitat de Catalunya vol crear un nou impost sobre les c\u00e0psules de caf\u00e8","datePublished":"2022-05-20T11:22:58+00:00","dateModified":"2022-05-30T12:29:49+00:00","mainEntityOfPage":{"@id":"https:\/\/gremicafe.cat\/2022\/05\/20\/la-generalitat-de-catalunya-idea-un-nou-impost-sobre-les-capsules-de-cafe\/"},"wordCount":196,"publisher":{"@id":"https:\/\/gremicafe.cat\/#organization"},"image":{"@id":"https:\/\/gremicafe.cat\/2022\/05\/20\/la-generalitat-de-catalunya-idea-un-nou-impost-sobre-les-capsules-de-cafe\/#primaryimage"},"thumbnailUrl":"https:\/\/gremicafe.cat\/wp-content\/uploads\/2022\/05\/capsules-cafe-gremi-cafe-catalunya.jpg","articleSection":["Not\u00edcies"],"inLanguage":"es"},{"@type":"WebPage","@id":"https:\/\/gremicafe.cat\/2022\/05\/20\/la-generalitat-de-catalunya-idea-un-nou-impost-sobre-les-capsules-de-cafe\/","url":"https:\/\/gremicafe.cat\/2022\/05\/20\/la-generalitat-de-catalunya-idea-un-nou-impost-sobre-les-capsules-de-cafe\/","name":"La Generalitat de Catalunya vol crear un nou impost sobre les c\u00e0psules de caf\u00e8 - Gremi del Caf\u00e8, torradors de Catalunya","isPartOf":{"@id":"https:\/\/gremicafe.cat\/#website"},"primaryImageOfPage":{"@id":"https:\/\/gremicafe.cat\/2022\/05\/20\/la-generalitat-de-catalunya-idea-un-nou-impost-sobre-les-capsules-de-cafe\/#primaryimage"},"image":{"@id":"https:\/\/gremicafe.cat\/2022\/05\/20\/la-generalitat-de-catalunya-idea-un-nou-impost-sobre-les-capsules-de-cafe\/#primaryimage"},"thumbnailUrl":"https:\/\/gremicafe.cat\/wp-content\/uploads\/2022\/05\/capsules-cafe-gremi-cafe-catalunya.jpg","datePublished":"2022-05-20T11:22:58+00:00","dateModified":"2022-05-30T12:29:49+00:00","breadcrumb":{"@id":"https:\/\/gremicafe.cat\/2022\/05\/20\/la-generalitat-de-catalunya-idea-un-nou-impost-sobre-les-capsules-de-cafe\/#breadcrumb"},"inLanguage":"es","potentialAction":[{"@type":"ReadAction","target":["https:\/\/gremicafe.cat\/2022\/05\/20\/la-generalitat-de-catalunya-idea-un-nou-impost-sobre-les-capsules-de-cafe\/"]}]},{"@type":"ImageObject","inLanguage":"es","@id":"https:\/\/gremicafe.cat\/2022\/05\/20\/la-generalitat-de-catalunya-idea-un-nou-impost-sobre-les-capsules-de-cafe\/#primaryimage","url":"https:\/\/gremicafe.cat\/wp-content\/uploads\/2022\/05\/capsules-cafe-gremi-cafe-catalunya.jpg","contentUrl":"https:\/\/gremicafe.cat\/wp-content\/uploads\/2022\/05\/capsules-cafe-gremi-cafe-catalunya.jpg","width":1200,"height":800,"caption":"capsules de caf\u00e8 Gremi Caf\u00e8 Catalunya"},{"@type":"BreadcrumbList","@id":"https:\/\/gremicafe.cat\/2022\/05\/20\/la-generalitat-de-catalunya-idea-un-nou-impost-sobre-les-capsules-de-cafe\/#breadcrumb","itemListElement":[{"@type":"ListItem","position":1,"name":"Inici","item":"https:\/\/gremicafe.cat\/"},{"@type":"ListItem","position":2,"name":"La Generalitat de Catalunya vol crear un nou impost sobre les c\u00e0psules de caf\u00e8"}]},{"@type":"WebSite","@id":"https:\/\/gremicafe.cat\/#website","url":"https:\/\/gremicafe.cat\/","name":"Gremio del Caf\u00e9, tostadores de Catalu\u00f1a","description":"Web oficial del gremio de tostadores de caf\u00e9 de Catalunya","publisher":{"@id":"https:\/\/gremicafe.cat\/#organization"},"potentialAction":[{"@type":"SearchAction","target":{"@type":"EntryPoint","urlTemplate":"https:\/\/gremicafe.cat\/?s={search_term_string}"},"query-input":{"@type":"PropertyValueSpecification","valueRequired":true,"valueName":"search_term_string"}}],"inLanguage":"es"},{"@type":"Organization","@id":"https:\/\/gremicafe.cat\/#organization","name":"Gremio del Caf\u00e9, Tostadores de Catalu\u00f1a","url":"https:\/\/gremicafe.cat\/","logo":{"@type":"ImageObject","inLanguage":"es","@id":"https:\/\/gremicafe.cat\/#\/schema\/logo\/image\/","url":"https:\/\/gremicafe.cat\/wp-content\/uploads\/2018\/03\/gremicafe-logo250.png","contentUrl":"https:\/\/gremicafe.cat\/wp-content\/uploads\/2018\/03\/gremicafe-logo250.png","width":250,"height":49,"caption":"Gremi del Caf\u00e8, Torradors de Catalunya"},"image":{"@id":"https:\/\/gremicafe.cat\/#\/schema\/logo\/image\/"},"sameAs":["https:\/\/www.facebook.com\/gremicafecat","https:\/\/x.com\/gremicafecat","https:\/\/www.instagram.com\/gremicafecat\/","https:\/\/www.pinterest.es\/gremicafecat\/","https:\/\/www.youtube.com\/channel\/UCGLo5Y35vLwLvP4FrPZrCrw\/"]},{"@type":"Person","@id":"https:\/\/gremicafe.cat\/#\/schema\/person\/dabfdbb3d0fa36260855a380f94e4733","name":"gremicafe","image":{"@type":"ImageObject","inLanguage":"es","@id":"https:\/\/gremicafe.cat\/#\/schema\/person\/image\/","url":"https:\/\/secure.gravatar.com\/avatar\/e59baa4ca8f6f97576d6375fb6d3c8f0?s=96&d=mm&r=g","contentUrl":"https:\/\/secure.gravatar.com\/avatar\/e59baa4ca8f6f97576d6375fb6d3c8f0?s=96&d=mm&r=g","caption":"gremicafe"}}]}},"_links":{"self":[{"href":"https:\/\/gremicafe.cat\/es\/wp-json\/wp\/v2\/posts\/6576"}],"collection":[{"href":"https:\/\/gremicafe.cat\/es\/wp-json\/wp\/v2\/posts"}],"about":[{"href":"https:\/\/gremicafe.cat\/es\/wp-json\/wp\/v2\/types\/post"}],"author":[{"embeddable":true,"href":"https:\/\/gremicafe.cat\/es\/wp-json\/wp\/v2\/users\/1"}],"replies":[{"embeddable":true,"href":"https:\/\/gremicafe.cat\/es\/wp-json\/wp\/v2\/comments?post=6576"}],"version-history":[{"count":0,"href":"https:\/\/gremicafe.cat\/es\/wp-json\/wp\/v2\/posts\/6576\/revisions"}],"wp:featuredmedia":[{"embeddable":true,"href":"https:\/\/gremicafe.cat\/es\/wp-json\/wp\/v2\/media\/6577"}],"wp:attachment":[{"href":"https:\/\/gremicafe.cat\/es\/wp-json\/wp\/v2\/media?parent=6576"}],"wp:term":[{"taxonomy":"category","embeddable":true,"href":"https:\/\/gremicafe.cat\/es\/wp-json\/wp\/v2\/categories?post=6576"},{"taxonomy":"post_tag","embeddable":true,"href":"https:\/\/gremicafe.cat\/es\/wp-json\/wp\/v2\/tags?post=6576"}],"curies":[{"name":"wp","href":"https:\/\/api.w.org\/{rel}","templated":true}]}}