{"id":6581,"date":"2022-05-25T12:02:57","date_gmt":"2022-05-25T10:02:57","guid":{"rendered":"https:\/\/gremicafe.cat\/?p=6581"},"modified":"2022-05-25T12:02:57","modified_gmt":"2022-05-25T10:02:57","slug":"cafe-saula-participa-a-les-fires-de-productes-de-proximitat-de-caprabo","status":"publish","type":"post","link":"https:\/\/gremicafe.cat\/es\/2022\/05\/25\/cafe-saula-participa-a-les-fires-de-productes-de-proximitat-de-caprabo\/","title":{"rendered":"Caf\u00e9 Saula participa en las ferias de productos de proximidad de Caprabo"},"content":{"rendered":"<p><img loading=\"lazy\" decoding=\"async\" class=\"aligncenter size-full wp-image-6582\" src=\"https:\/\/gremicafe.cat\/wp-content\/uploads\/2022\/05\/caprabo-800x580-1.jpg\" alt=\"\" width=\"800\" height=\"580\" srcset=\"https:\/\/gremicafe.cat\/wp-content\/uploads\/2022\/05\/caprabo-800x580-1.jpg 800w, https:\/\/gremicafe.cat\/wp-content\/uploads\/2022\/05\/caprabo-800x580-1-768x557.jpg 768w\" sizes=\"(max-width: 800px) 100vw, 800px\" \/><\/p>\n<p>&nbsp;<\/p>\n<p>&nbsp;<\/p>\n<p>Caf\u00e9 Saula participar\u00e1 en el programa de\u00a0<a href=\"https:\/\/www.cafesaula.com\/blog\/ca\/cafe-saula-participa-en-las-ferias-de-productos-de-proximidad-de-caprabo\/\"><strong>Ferias de Productos de Proximidad<\/strong><\/a> que organiza la cadena de supermercados Caprabo y cuenta con el apoyo de la <strong>Federaci\u00f3n Catalana de Cooperativas Agrarias<\/strong>\u00a0(FCAC), la\u00a0<strong>Federaci\u00f3n Catalana de DOP e IGP<\/strong>\u00a0y el\u00a0<strong>Departamento de Agricultura de la Generalidad de Catalu\u00f1a<\/strong>.<\/p>\n<p>El programa de Ferias de Productos de Proximidad incluye 11 ferias donde se mostrar\u00e1n productos catalanes con sello de calidad DOP (Denominaci\u00f3n de Origen Protegida) e IGP (Identificaci\u00f3n Geogr\u00e1fica Protegida).<\/p>\n<p>La feria ha sido reanudada tras el par\u00f3n de las dos \u00faltimas ediciones a causa de la pandemia. Las 11 ferias programadas tienen previsto recorrer buena parte de Catalu\u00f1a hasta finales de octubre.<\/p>\n<p>El objetivo de la feria es valorar los productos de proximidad de las comarcas catalanas, fomentar su conocimiento y consumo, adem\u00e1s de apoyar la producci\u00f3n agroalimentaria de proximidad. Todo un compromiso radical, sostenible y s\u00f3lido con el trabajo de peque\u00f1os productores agroalimentarios.<\/p>\n<p>&nbsp;<\/p>\n<p><strong>Calendario previsto de ferias en 2022:<\/strong><\/p>\n<p>13 de mayo - Barcelona<br \/>\n28 de mayo - San Pedro de Ribes<br \/>\n4 de junio \u2013 El Masnou<br \/>\n18 de junio \u2013 Altafulla<br \/>\n2 de julio \u2013 Pedret<br \/>\n16 de julio \u2013 Alp<br \/>\n3 de septiembre - Igualada<br \/>\n17 de septiembre \u2013 Golm\u00e9s<br \/>\n1 de octubre \u2013 Caldes<br \/>\n15 de octubre - Sitges<br \/>\n29 de octubre - Granollers<\/p>\n<p>&nbsp;<\/p>\n<p>Fuente de la noticia e imagen de <a href=\"https:\/\/www.cafesaula.com\/blog\/ca\/cafe-saula-participa-en-las-ferias-de-productos-de-proximidad-de-caprabo\/\" target=\"_blank\" rel=\"noopener\">Caf\u00e9 Saula<\/a>.<\/p>","protected":false},"excerpt":{"rendered":"<p>&nbsp; &nbsp; Caf\u00e9 Saula participar\u00e0 al programa de\u00a0Fires de Productes de Proximitat que organitza la cadena de supermercats Caprabo i compta amb el suport de la Federaci\u00f3 Catalana de Cooperatives Agr\u00e0ries\u00a0(FCAC), la\u00a0Federaci\u00f3 Catalana de DOP i IGP\u00a0i el\u00a0Departament d&#8217;Agricultura de la Generalitat de Catalunya. El programa de Fires de Productes de Proximitat, inclou 11 fires [&hellip;]<\/p>\n","protected":false},"author":1,"featured_media":6582,"comment_status":"closed","ping_status":"open","sticky":false,"template":"","format":"standard","meta":{"_acf_changed":false,"inline_featured_image":false,"footnotes":""},"categories":[1],"tags":[],"class_list":["post-6581","post","type-post","status-publish","format-standard","has-post-thumbnail","hentry","category-noticies"],"acf":[],"yoast_head":"<!-- This site is optimized with the Yoast SEO plugin v25.5 - https:\/\/yoast.com\/wordpress\/plugins\/seo\/ -->\n<title>Caf\u00e9 Saula participa a les fires de productes de proximitat de Caprabo - Gremi del Caf\u00e8, torradors de Catalunya<\/title>\n<meta name=\"robots\" content=\"index, follow, max-snippet:-1, max-image-preview:large, max-video-preview:-1\" \/>\n<link rel=\"canonical\" href=\"https:\/\/gremicafe.cat\/es\/2022\/05\/25\/cafe-saula-participa-a-les-fires-de-productes-de-proximitat-de-caprabo\/\" \/>\n<meta property=\"og:locale\" content=\"es_ES\" \/>\n<meta property=\"og:type\" content=\"article\" \/>\n<meta property=\"og:title\" content=\"Caf\u00e9 Saula participa a les fires de productes de proximitat de Caprabo - Gremi del Caf\u00e8, torradors de Catalunya\" \/>\n<meta property=\"og:description\" content=\"&nbsp; &nbsp; Caf\u00e9 Saula participar\u00e0 al programa de\u00a0Fires de Productes de Proximitat que organitza la cadena de supermercats Caprabo i compta amb el suport de la Federaci\u00f3 Catalana de Cooperatives Agr\u00e0ries\u00a0(FCAC), la\u00a0Federaci\u00f3 Catalana de DOP i IGP\u00a0i el\u00a0Departament d&#8217;Agricultura de la Generalitat de Catalunya. El programa de Fires de Productes de Proximitat, inclou 11 fires [&hellip;]\" \/>\n<meta property=\"og:url\" content=\"https:\/\/gremicafe.cat\/es\/2022\/05\/25\/cafe-saula-participa-a-les-fires-de-productes-de-proximitat-de-caprabo\/\" \/>\n<meta property=\"og:site_name\" content=\"Gremi del Caf\u00e8, torradors de Catalunya\" \/>\n<meta property=\"article:publisher\" content=\"https:\/\/www.facebook.com\/gremicafecat\" \/>\n<meta property=\"article:published_time\" content=\"2022-05-25T10:02:57+00:00\" \/>\n<meta property=\"og:image\" content=\"https:\/\/gremicafe.cat\/wp-content\/uploads\/2022\/05\/caprabo-800x580-1.jpg\" \/>\n\t<meta property=\"og:image:width\" content=\"800\" \/>\n\t<meta property=\"og:image:height\" content=\"580\" \/>\n\t<meta property=\"og:image:type\" content=\"image\/jpeg\" \/>\n<meta name=\"author\" content=\"gremicafe\" \/>\n<meta name=\"twitter:card\" content=\"summary_large_image\" \/>\n<meta name=\"twitter:creator\" content=\"@gremicafecat\" \/>\n<meta name=\"twitter:site\" content=\"@gremicafecat\" \/>\n<meta name=\"twitter:label1\" content=\"Escrito por\" \/>\n\t<meta name=\"twitter:data1\" content=\"gremicafe\" \/>\n\t<meta name=\"twitter:label2\" content=\"Tiempo de lectura\" \/>\n\t<meta name=\"twitter:data2\" content=\"2 minutos\" \/>\n<script type=\"application\/ld+json\" class=\"yoast-schema-graph\">{\"@context\":\"https:\/\/schema.org\",\"@graph\":[{\"@type\":\"Article\",\"@id\":\"https:\/\/gremicafe.cat\/2022\/05\/25\/cafe-saula-participa-a-les-fires-de-productes-de-proximitat-de-caprabo\/#article\",\"isPartOf\":{\"@id\":\"https:\/\/gremicafe.cat\/2022\/05\/25\/cafe-saula-participa-a-les-fires-de-productes-de-proximitat-de-caprabo\/\"},\"author\":{\"name\":\"gremicafe\",\"@id\":\"https:\/\/gremicafe.cat\/#\/schema\/person\/dabfdbb3d0fa36260855a380f94e4733\"},\"headline\":\"Caf\u00e9 Saula participa a les fires de productes de proximitat de Caprabo\",\"datePublished\":\"2022-05-25T10:02:57+00:00\",\"mainEntityOfPage\":{\"@id\":\"https:\/\/gremicafe.cat\/2022\/05\/25\/cafe-saula-participa-a-les-fires-de-productes-de-proximitat-de-caprabo\/\"},\"wordCount\":242,\"publisher\":{\"@id\":\"https:\/\/gremicafe.cat\/#organization\"},\"image\":{\"@id\":\"https:\/\/gremicafe.cat\/2022\/05\/25\/cafe-saula-participa-a-les-fires-de-productes-de-proximitat-de-caprabo\/#primaryimage\"},\"thumbnailUrl\":\"https:\/\/gremicafe.cat\/wp-content\/uploads\/2022\/05\/caprabo-800x580-1.jpg\",\"articleSection\":[\"Not\u00edcies\"],\"inLanguage\":\"es\"},{\"@type\":\"WebPage\",\"@id\":\"https:\/\/gremicafe.cat\/2022\/05\/25\/cafe-saula-participa-a-les-fires-de-productes-de-proximitat-de-caprabo\/\",\"url\":\"https:\/\/gremicafe.cat\/2022\/05\/25\/cafe-saula-participa-a-les-fires-de-productes-de-proximitat-de-caprabo\/\",\"name\":\"Caf\u00e9 Saula participa a les fires de productes de proximitat de Caprabo - Gremi del Caf\u00e8, torradors de Catalunya\",\"isPartOf\":{\"@id\":\"https:\/\/gremicafe.cat\/#website\"},\"primaryImageOfPage\":{\"@id\":\"https:\/\/gremicafe.cat\/2022\/05\/25\/cafe-saula-participa-a-les-fires-de-productes-de-proximitat-de-caprabo\/#primaryimage\"},\"image\":{\"@id\":\"https:\/\/gremicafe.cat\/2022\/05\/25\/cafe-saula-participa-a-les-fires-de-productes-de-proximitat-de-caprabo\/#primaryimage\"},\"thumbnailUrl\":\"https:\/\/gremicafe.cat\/wp-content\/uploads\/2022\/05\/caprabo-800x580-1.jpg\",\"datePublished\":\"2022-05-25T10:02:57+00:00\",\"breadcrumb\":{\"@id\":\"https:\/\/gremicafe.cat\/2022\/05\/25\/cafe-saula-participa-a-les-fires-de-productes-de-proximitat-de-caprabo\/#breadcrumb\"},\"inLanguage\":\"es\",\"potentialAction\":[{\"@type\":\"ReadAction\",\"target\":[\"https:\/\/gremicafe.cat\/2022\/05\/25\/cafe-saula-participa-a-les-fires-de-productes-de-proximitat-de-caprabo\/\"]}]},{\"@type\":\"ImageObject\",\"inLanguage\":\"es\",\"@id\":\"https:\/\/gremicafe.cat\/2022\/05\/25\/cafe-saula-participa-a-les-fires-de-productes-de-proximitat-de-caprabo\/#primaryimage\",\"url\":\"https:\/\/gremicafe.cat\/wp-content\/uploads\/2022\/05\/caprabo-800x580-1.jpg\",\"contentUrl\":\"https:\/\/gremicafe.cat\/wp-content\/uploads\/2022\/05\/caprabo-800x580-1.jpg\",\"width\":800,\"height\":580,\"caption\":\"Banner V fira al Caprabo\"},{\"@type\":\"BreadcrumbList\",\"@id\":\"https:\/\/gremicafe.cat\/2022\/05\/25\/cafe-saula-participa-a-les-fires-de-productes-de-proximitat-de-caprabo\/#breadcrumb\",\"itemListElement\":[{\"@type\":\"ListItem\",\"position\":1,\"name\":\"Inici\",\"item\":\"https:\/\/gremicafe.cat\/\"},{\"@type\":\"ListItem\",\"position\":2,\"name\":\"Caf\u00e9 Saula participa a les fires de productes de proximitat de Caprabo\"}]},{\"@type\":\"WebSite\",\"@id\":\"https:\/\/gremicafe.cat\/#website\",\"url\":\"https:\/\/gremicafe.cat\/\",\"name\":\"Gremi del Caf\u00e8, torradors de Catalunya\",\"description\":\"Web oficial del gremi de torradors de caf\u00e8 de Catalunya\",\"publisher\":{\"@id\":\"https:\/\/gremicafe.cat\/#organization\"},\"potentialAction\":[{\"@type\":\"SearchAction\",\"target\":{\"@type\":\"EntryPoint\",\"urlTemplate\":\"https:\/\/gremicafe.cat\/?s={search_term_string}\"},\"query-input\":{\"@type\":\"PropertyValueSpecification\",\"valueRequired\":true,\"valueName\":\"search_term_string\"}}],\"inLanguage\":\"es\"},{\"@type\":\"Organization\",\"@id\":\"https:\/\/gremicafe.cat\/#organization\",\"name\":\"Gremi del Caf\u00e8, Torradors de Catalunya\",\"url\":\"https:\/\/gremicafe.cat\/\",\"logo\":{\"@type\":\"ImageObject\",\"inLanguage\":\"es\",\"@id\":\"https:\/\/gremicafe.cat\/#\/schema\/logo\/image\/\",\"url\":\"https:\/\/gremicafe.cat\/wp-content\/uploads\/2018\/03\/gremicafe-logo250.png\",\"contentUrl\":\"https:\/\/gremicafe.cat\/wp-content\/uploads\/2018\/03\/gremicafe-logo250.png\",\"width\":250,\"height\":49,\"caption\":\"Gremi del Caf\u00e8, Torradors de Catalunya\"},\"image\":{\"@id\":\"https:\/\/gremicafe.cat\/#\/schema\/logo\/image\/\"},\"sameAs\":[\"https:\/\/www.facebook.com\/gremicafecat\",\"https:\/\/x.com\/gremicafecat\",\"https:\/\/www.instagram.com\/gremicafecat\/\",\"https:\/\/www.pinterest.es\/gremicafecat\/\",\"https:\/\/www.youtube.com\/channel\/UCGLo5Y35vLwLvP4FrPZrCrw\/\"]},{\"@type\":\"Person\",\"@id\":\"https:\/\/gremicafe.cat\/#\/schema\/person\/dabfdbb3d0fa36260855a380f94e4733\",\"name\":\"gremicafe\",\"image\":{\"@type\":\"ImageObject\",\"inLanguage\":\"es\",\"@id\":\"https:\/\/gremicafe.cat\/#\/schema\/person\/image\/\",\"url\":\"https:\/\/secure.gravatar.com\/avatar\/e59baa4ca8f6f97576d6375fb6d3c8f0?s=96&d=mm&r=g\",\"contentUrl\":\"https:\/\/secure.gravatar.com\/avatar\/e59baa4ca8f6f97576d6375fb6d3c8f0?s=96&d=mm&r=g\",\"caption\":\"gremicafe\"}}]}<\/script>\n<!-- \/ Yoast SEO plugin. -->","yoast_head_json":{"title":"Caf\u00e9 Saula participa a les fires de productes de proximitat de Caprabo - Gremi del Caf\u00e8, torradors de Catalunya","robots":{"index":"index","follow":"follow","max-snippet":"max-snippet:-1","max-image-preview":"max-image-preview:large","max-video-preview":"max-video-preview:-1"},"canonical":"https:\/\/gremicafe.cat\/es\/2022\/05\/25\/cafe-saula-participa-a-les-fires-de-productes-de-proximitat-de-caprabo\/","og_locale":"es_ES","og_type":"article","og_title":"Caf\u00e9 Saula participa a les fires de productes de proximitat de Caprabo - Gremi del Caf\u00e8, torradors de Catalunya","og_description":"&nbsp; &nbsp; Caf\u00e9 Saula participar\u00e0 al programa de\u00a0Fires de Productes de Proximitat que organitza la cadena de supermercats Caprabo i compta amb el suport de la Federaci\u00f3 Catalana de Cooperatives Agr\u00e0ries\u00a0(FCAC), la\u00a0Federaci\u00f3 Catalana de DOP i IGP\u00a0i el\u00a0Departament d&#8217;Agricultura de la Generalitat de Catalunya. El programa de Fires de Productes de Proximitat, inclou 11 fires [&hellip;]","og_url":"https:\/\/gremicafe.cat\/es\/2022\/05\/25\/cafe-saula-participa-a-les-fires-de-productes-de-proximitat-de-caprabo\/","og_site_name":"Gremi del Caf\u00e8, torradors de Catalunya","article_publisher":"https:\/\/www.facebook.com\/gremicafecat","article_published_time":"2022-05-25T10:02:57+00:00","og_image":[{"width":800,"height":580,"url":"https:\/\/gremicafe.cat\/wp-content\/uploads\/2022\/05\/caprabo-800x580-1.jpg","type":"image\/jpeg"}],"author":"gremicafe","twitter_card":"summary_large_image","twitter_creator":"@gremicafecat","twitter_site":"@gremicafecat","twitter_misc":{"Escrito por":"gremicafe","Tiempo de lectura":"2 minutos"},"schema":{"@context":"https:\/\/schema.org","@graph":[{"@type":"Article","@id":"https:\/\/gremicafe.cat\/2022\/05\/25\/cafe-saula-participa-a-les-fires-de-productes-de-proximitat-de-caprabo\/#article","isPartOf":{"@id":"https:\/\/gremicafe.cat\/2022\/05\/25\/cafe-saula-participa-a-les-fires-de-productes-de-proximitat-de-caprabo\/"},"author":{"name":"gremicafe","@id":"https:\/\/gremicafe.cat\/#\/schema\/person\/dabfdbb3d0fa36260855a380f94e4733"},"headline":"Caf\u00e9 Saula participa a les fires de productes de proximitat de Caprabo","datePublished":"2022-05-25T10:02:57+00:00","mainEntityOfPage":{"@id":"https:\/\/gremicafe.cat\/2022\/05\/25\/cafe-saula-participa-a-les-fires-de-productes-de-proximitat-de-caprabo\/"},"wordCount":242,"publisher":{"@id":"https:\/\/gremicafe.cat\/#organization"},"image":{"@id":"https:\/\/gremicafe.cat\/2022\/05\/25\/cafe-saula-participa-a-les-fires-de-productes-de-proximitat-de-caprabo\/#primaryimage"},"thumbnailUrl":"https:\/\/gremicafe.cat\/wp-content\/uploads\/2022\/05\/caprabo-800x580-1.jpg","articleSection":["Not\u00edcies"],"inLanguage":"es"},{"@type":"WebPage","@id":"https:\/\/gremicafe.cat\/2022\/05\/25\/cafe-saula-participa-a-les-fires-de-productes-de-proximitat-de-caprabo\/","url":"https:\/\/gremicafe.cat\/2022\/05\/25\/cafe-saula-participa-a-les-fires-de-productes-de-proximitat-de-caprabo\/","name":"Caf\u00e9 Saula participa a les fires de productes de proximitat de Caprabo - Gremi del Caf\u00e8, torradors de Catalunya","isPartOf":{"@id":"https:\/\/gremicafe.cat\/#website"},"primaryImageOfPage":{"@id":"https:\/\/gremicafe.cat\/2022\/05\/25\/cafe-saula-participa-a-les-fires-de-productes-de-proximitat-de-caprabo\/#primaryimage"},"image":{"@id":"https:\/\/gremicafe.cat\/2022\/05\/25\/cafe-saula-participa-a-les-fires-de-productes-de-proximitat-de-caprabo\/#primaryimage"},"thumbnailUrl":"https:\/\/gremicafe.cat\/wp-content\/uploads\/2022\/05\/caprabo-800x580-1.jpg","datePublished":"2022-05-25T10:02:57+00:00","breadcrumb":{"@id":"https:\/\/gremicafe.cat\/2022\/05\/25\/cafe-saula-participa-a-les-fires-de-productes-de-proximitat-de-caprabo\/#breadcrumb"},"inLanguage":"es","potentialAction":[{"@type":"ReadAction","target":["https:\/\/gremicafe.cat\/2022\/05\/25\/cafe-saula-participa-a-les-fires-de-productes-de-proximitat-de-caprabo\/"]}]},{"@type":"ImageObject","inLanguage":"es","@id":"https:\/\/gremicafe.cat\/2022\/05\/25\/cafe-saula-participa-a-les-fires-de-productes-de-proximitat-de-caprabo\/#primaryimage","url":"https:\/\/gremicafe.cat\/wp-content\/uploads\/2022\/05\/caprabo-800x580-1.jpg","contentUrl":"https:\/\/gremicafe.cat\/wp-content\/uploads\/2022\/05\/caprabo-800x580-1.jpg","width":800,"height":580,"caption":"Banner V fira al Caprabo"},{"@type":"BreadcrumbList","@id":"https:\/\/gremicafe.cat\/2022\/05\/25\/cafe-saula-participa-a-les-fires-de-productes-de-proximitat-de-caprabo\/#breadcrumb","itemListElement":[{"@type":"ListItem","position":1,"name":"Inici","item":"https:\/\/gremicafe.cat\/"},{"@type":"ListItem","position":2,"name":"Caf\u00e9 Saula participa a les fires de productes de proximitat de Caprabo"}]},{"@type":"WebSite","@id":"https:\/\/gremicafe.cat\/#website","url":"https:\/\/gremicafe.cat\/","name":"Gremio del Caf\u00e9, tostadores de Catalu\u00f1a","description":"Web oficial del gremio de tostadores de caf\u00e9 de Catalunya","publisher":{"@id":"https:\/\/gremicafe.cat\/#organization"},"potentialAction":[{"@type":"SearchAction","target":{"@type":"EntryPoint","urlTemplate":"https:\/\/gremicafe.cat\/?s={search_term_string}"},"query-input":{"@type":"PropertyValueSpecification","valueRequired":true,"valueName":"search_term_string"}}],"inLanguage":"es"},{"@type":"Organization","@id":"https:\/\/gremicafe.cat\/#organization","name":"Gremio del Caf\u00e9, Tostadores de Catalu\u00f1a","url":"https:\/\/gremicafe.cat\/","logo":{"@type":"ImageObject","inLanguage":"es","@id":"https:\/\/gremicafe.cat\/#\/schema\/logo\/image\/","url":"https:\/\/gremicafe.cat\/wp-content\/uploads\/2018\/03\/gremicafe-logo250.png","contentUrl":"https:\/\/gremicafe.cat\/wp-content\/uploads\/2018\/03\/gremicafe-logo250.png","width":250,"height":49,"caption":"Gremi del Caf\u00e8, Torradors de Catalunya"},"image":{"@id":"https:\/\/gremicafe.cat\/#\/schema\/logo\/image\/"},"sameAs":["https:\/\/www.facebook.com\/gremicafecat","https:\/\/x.com\/gremicafecat","https:\/\/www.instagram.com\/gremicafecat\/","https:\/\/www.pinterest.es\/gremicafecat\/","https:\/\/www.youtube.com\/channel\/UCGLo5Y35vLwLvP4FrPZrCrw\/"]},{"@type":"Person","@id":"https:\/\/gremicafe.cat\/#\/schema\/person\/dabfdbb3d0fa36260855a380f94e4733","name":"gremicafe","image":{"@type":"ImageObject","inLanguage":"es","@id":"https:\/\/gremicafe.cat\/#\/schema\/person\/image\/","url":"https:\/\/secure.gravatar.com\/avatar\/e59baa4ca8f6f97576d6375fb6d3c8f0?s=96&d=mm&r=g","contentUrl":"https:\/\/secure.gravatar.com\/avatar\/e59baa4ca8f6f97576d6375fb6d3c8f0?s=96&d=mm&r=g","caption":"gremicafe"}}]}},"_links":{"self":[{"href":"https:\/\/gremicafe.cat\/es\/wp-json\/wp\/v2\/posts\/6581"}],"collection":[{"href":"https:\/\/gremicafe.cat\/es\/wp-json\/wp\/v2\/posts"}],"about":[{"href":"https:\/\/gremicafe.cat\/es\/wp-json\/wp\/v2\/types\/post"}],"author":[{"embeddable":true,"href":"https:\/\/gremicafe.cat\/es\/wp-json\/wp\/v2\/users\/1"}],"replies":[{"embeddable":true,"href":"https:\/\/gremicafe.cat\/es\/wp-json\/wp\/v2\/comments?post=6581"}],"version-history":[{"count":0,"href":"https:\/\/gremicafe.cat\/es\/wp-json\/wp\/v2\/posts\/6581\/revisions"}],"wp:featuredmedia":[{"embeddable":true,"href":"https:\/\/gremicafe.cat\/es\/wp-json\/wp\/v2\/media\/6582"}],"wp:attachment":[{"href":"https:\/\/gremicafe.cat\/es\/wp-json\/wp\/v2\/media?parent=6581"}],"wp:term":[{"taxonomy":"category","embeddable":true,"href":"https:\/\/gremicafe.cat\/es\/wp-json\/wp\/v2\/categories?post=6581"},{"taxonomy":"post_tag","embeddable":true,"href":"https:\/\/gremicafe.cat\/es\/wp-json\/wp\/v2\/tags?post=6581"}],"curies":[{"name":"wp","href":"https:\/\/api.w.org\/{rel}","templated":true}]}}