{"id":6589,"date":"2022-05-31T17:41:43","date_gmt":"2022-05-31T15:41:43","guid":{"rendered":"https:\/\/gremicafe.cat\/?p=6589"},"modified":"2022-05-31T17:41:43","modified_gmt":"2022-05-31T15:41:43","slug":"isic-trenca-alguns-dels-mites-del-cafe-i-la-digestio","status":"publish","type":"post","link":"https:\/\/gremicafe.cat\/es\/2022\/05\/31\/isic-trenca-alguns-dels-mites-del-cafe-i-la-digestio\/","title":{"rendered":"ISIC rompe algunos de los mitos del caf\u00e9 y la digesti\u00f3n"},"content":{"rendered":"<p><img loading=\"lazy\" decoding=\"async\" class=\"aligncenter size-full wp-image-6590\" src=\"https:\/\/gremicafe.cat\/wp-content\/uploads\/2022\/05\/mites-cafe-digestio-gremicafe.jpg\" alt=\"\" width=\"1200\" height=\"800\" srcset=\"https:\/\/gremicafe.cat\/wp-content\/uploads\/2022\/05\/mites-cafe-digestio-gremicafe.jpg 1200w, https:\/\/gremicafe.cat\/wp-content\/uploads\/2022\/05\/mites-cafe-digestio-gremicafe-768x512.jpg 768w, https:\/\/gremicafe.cat\/wp-content\/uploads\/2022\/05\/mites-cafe-digestio-gremicafe-1080x720.jpg 1080w\" sizes=\"(max-width: 1200px) 100vw, 1200px\" \/><\/p>\n<p>&nbsp;<\/p>\n<p><strong>El ISIC (<a href=\"https:\/\/www.coffeeandhealth.org\/\">Instituto de Informaci\u00f3n Cient\u00edfica sobre el Caf\u00e9<\/a><\/strong><span><strong>) est\u00e1 rompiendo algunos mitos comunes sobre el impacto del consumo de beber caf\u00e9 en la digesti\u00f3n y el trato gastrointestinal.<\/strong> <\/span><\/p>\n<p><span>Astrid Nehlig, Ph.D., directora de investigaci\u00f3n em\u00e9rita del Instituto Nacional de Salud e Investigaci\u00f3n M\u00e9dica de Francia (INSERM) y autora de una reciente revisi\u00f3n de 194 estudios que investigan el impacto del caf\u00e9 en el trato gastrointestinal, explic\u00f3 que\u00a0<\/span><span>\u201cEl consumo de caf\u00e9 sigue siendo un tema debatido en relaci\u00f3n con los problemas intestinales o digestivos. Sin embargo, existe un n\u00famero creciente de evidencias que sugieren que con moderaci\u00f3n, el caf\u00e9 puede tener algunos efectos \u00fatiles, incluida una asociaci\u00f3n con niveles mejorados de microbiota en el intestino. A medida que aparecen nuevos datos y somos m\u00e1s conscientes de c\u00f3mo gestionar nuestra salud de forma proactiva, es alentador ver que nuestro caf\u00e9 de la ma\u00f1ana puede contribuir a ello\u201d.<\/span><\/p>\n<p>A continuaci\u00f3n, se desglosan los mitos:<\/p>\n<p>&nbsp;<\/p>\n<h2>Mito 1: El caf\u00e9 afecta a la digesti\u00f3n<\/h2>\n<p><span>Verdad: beber caf\u00e9 con moderaci\u00f3n (3-5 tazas al d\u00eda\u00a0<\/span><sup><span>2<\/span><\/sup><span>\u00a0) ayuda a estimular el proceso digestivo, especialmente la hormona digestiva gastrina y el \u00e1cido clorh\u00eddrico presentes en el jugo g\u00e1strico, ambos pueden ayudar a la descomposici\u00f3n de los alimentos en el est\u00f3mago.<\/span><\/p>\n<p><span>Adem\u00e1s, el caf\u00e9 estimula la secreci\u00f3n de colecistoquinina (CCK), una hormona que aumenta la producci\u00f3n de bilis, un l\u00edquido que descompone las grasas introducidas en el organismo por el trato digestivo.<\/span><\/p>\n<p>&nbsp;<\/p>\n<h2><span>Mito 2: El caf\u00e9 aumenta los movimientos intestinales<\/span><\/h2>\n<p><span>Hecho: la mayor\u00eda de los alimentos y bebidas estimulan el movimiento en el intestino grueso, como parte del proceso digestivo. El caf\u00e9 puede estimular la motilidad del colon tanto como los cereales, un 23% m\u00e1s que el caf\u00e9 descafeinado o un 60% m\u00e1s que un vaso de agua y puede estar relacionado con un riesgo reducido de estre\u00f1imiento cr\u00f3nico.<\/span><\/p>\n<p>&nbsp;<\/p>\n<h2><span>Mito 3: Evite el caf\u00e9 con el est\u00f3mago vac\u00edo<\/span><\/h2>\n<p><span>Hecho: no existe ninguna investigaci\u00f3n concluyente que sugiera que beber caf\u00e9 con el est\u00f3mago vac\u00edo puede causar efectos negativos en el proceso de digesti\u00f3n. Sin embargo, existe una creciente evidencia que informa que la\u00a0<\/span><strong>\u00a0<\/strong><span>bebida puede ofrecer un efecto protector contra algunos trastornos digestivos, incluida una asociaci\u00f3n con un riesgo potencial reducido de c\u00e1lculos biliares\u00a0<\/span><sup>\u00a0<\/sup><span>y pancreatitis, aunque todav\u00eda se necesitan m\u00e1s investigaciones.<\/span><\/p>\n<p><span>Adem\u00e1s, un metaan\u00e1lisis independiente encontr\u00f3 que la investigaci\u00f3n indica un posible efecto protector del caf\u00e9 contra las enfermedades del h\u00edgado, incluido el carcinoma hepatocelular<\/span><span>, uno de los tipos m\u00e1s comunes de c\u00e1ncer de h\u00edgado.<\/span><\/p>\n<p>&nbsp;<\/p>\n<h2><span>Mito 4: el caf\u00e9 afecta a las bacterias intestinales<\/span><\/h2>\n<p><span>Hecho: En cuatro estudios revisados, se encontr\u00f3 que los polifenoles presentes en el caf\u00e9 pueden inducir cambios positivos en la composici\u00f3n de la microbiota intestinal, principalmente a nivel poblacional de bifidobacterio, consideradas \u201cbacterias buenas\u201d. Una microbiota sana puede ayudar a protegerse de las infecciones, apoyar al sistema inmunitario y contribuir a una digesti\u00f3n saludable.<\/span><\/p>\n<p>&nbsp;<\/p>\n<h2><span>Mito 5: beber caf\u00e9 te deshidrata<\/span><\/h2>\n<p><strong><span>Hecho:<\/span><\/strong><em>\u00a0<\/em><span>\u00a0el componente principal del caf\u00e9 es el agua. De hecho, el caf\u00e9 negro contiene m\u00e1s de un 95% de agua. Aunque existe un inter\u00e9s significativo en si beber caf\u00e9 se asocia con la deshidrataci\u00f3n, la investigaci\u00f3n descubre que beber caf\u00e9 con moderaci\u00f3n contribuye realmente a la ingesta general de l\u00edquidos y no comporta deshidrataci\u00f3n ni p\u00e9rdida significativa de l\u00edquidos corporales.<\/span><\/p>\n<p>&nbsp;<\/p>\n<p>Fuente de la noticia: <a href=\"https:\/\/www.comunicaffe.com\/isic-busts-some-common-myths-about-coffee-on-digestion\/\">Comunicaffe<\/a><\/p>","protected":false},"excerpt":{"rendered":"<p>&nbsp; L&#8217;ISIC (Institut d&#8217;Informaci\u00f3 Cient\u00edfica sobre el Caf\u00e8) est\u00e0 trencant alguns mites comuns sobre l&#8217;impacte del consum de beure caf\u00e8 en la digesti\u00f3 i el tracte gastrointestinal. Astrid Nehlig, Ph.D., directora d&#8217;investigaci\u00f3 em\u00e8rita de l&#8217;Institut Nacional de Salut i Investigaci\u00f3 M\u00e8dica de Fran\u00e7a (INSERM) i autora d&#8217;una revisi\u00f3 recent de 194 estudis que investiguen l&#8217;impacte [&hellip;]<\/p>\n","protected":false},"author":1,"featured_media":6590,"comment_status":"closed","ping_status":"open","sticky":false,"template":"","format":"standard","meta":{"_acf_changed":false,"inline_featured_image":false,"footnotes":""},"categories":[1],"tags":[],"class_list":["post-6589","post","type-post","status-publish","format-standard","has-post-thumbnail","hentry","category-noticies"],"acf":[],"yoast_head":"<!-- This site is optimized with the Yoast SEO plugin v25.5 - https:\/\/yoast.com\/wordpress\/plugins\/seo\/ -->\n<title>ISIC trenca alguns dels mites del caf\u00e8 i la digesti\u00f3 - Gremi del Caf\u00e8, torradors de Catalunya<\/title>\n<meta name=\"robots\" content=\"index, follow, max-snippet:-1, max-image-preview:large, max-video-preview:-1\" \/>\n<link rel=\"canonical\" href=\"https:\/\/gremicafe.cat\/es\/2022\/05\/31\/isic-trenca-alguns-dels-mites-del-cafe-i-la-digestio\/\" \/>\n<meta property=\"og:locale\" content=\"es_ES\" \/>\n<meta property=\"og:type\" content=\"article\" \/>\n<meta property=\"og:title\" content=\"ISIC trenca alguns dels mites del caf\u00e8 i la digesti\u00f3 - Gremi del Caf\u00e8, torradors de Catalunya\" \/>\n<meta property=\"og:description\" content=\"&nbsp; L&#8217;ISIC (Institut d&#8217;Informaci\u00f3 Cient\u00edfica sobre el Caf\u00e8) est\u00e0 trencant alguns mites comuns sobre l&#8217;impacte del consum de beure caf\u00e8 en la digesti\u00f3 i el tracte gastrointestinal. Astrid Nehlig, Ph.D., directora d&#8217;investigaci\u00f3 em\u00e8rita de l&#8217;Institut Nacional de Salut i Investigaci\u00f3 M\u00e8dica de Fran\u00e7a (INSERM) i autora d&#8217;una revisi\u00f3 recent de 194 estudis que investiguen l&#8217;impacte [&hellip;]\" \/>\n<meta property=\"og:url\" content=\"https:\/\/gremicafe.cat\/es\/2022\/05\/31\/isic-trenca-alguns-dels-mites-del-cafe-i-la-digestio\/\" \/>\n<meta property=\"og:site_name\" content=\"Gremi del Caf\u00e8, torradors de Catalunya\" \/>\n<meta property=\"article:publisher\" content=\"https:\/\/www.facebook.com\/gremicafecat\" \/>\n<meta property=\"article:published_time\" content=\"2022-05-31T15:41:43+00:00\" \/>\n<meta property=\"og:image\" content=\"https:\/\/gremicafe.cat\/wp-content\/uploads\/2022\/05\/mites-cafe-digestio-gremicafe.jpg\" \/>\n\t<meta property=\"og:image:width\" content=\"1200\" \/>\n\t<meta property=\"og:image:height\" content=\"800\" \/>\n\t<meta property=\"og:image:type\" content=\"image\/jpeg\" \/>\n<meta name=\"author\" content=\"gremicafe\" \/>\n<meta name=\"twitter:card\" content=\"summary_large_image\" \/>\n<meta name=\"twitter:creator\" content=\"@gremicafecat\" \/>\n<meta name=\"twitter:site\" content=\"@gremicafecat\" \/>\n<meta name=\"twitter:label1\" content=\"Escrito por\" \/>\n\t<meta name=\"twitter:data1\" content=\"gremicafe\" \/>\n\t<meta name=\"twitter:label2\" content=\"Tiempo de lectura\" \/>\n\t<meta name=\"twitter:data2\" content=\"4 minutos\" \/>\n<script type=\"application\/ld+json\" class=\"yoast-schema-graph\">{\"@context\":\"https:\/\/schema.org\",\"@graph\":[{\"@type\":\"Article\",\"@id\":\"https:\/\/gremicafe.cat\/2022\/05\/31\/isic-trenca-alguns-dels-mites-del-cafe-i-la-digestio\/#article\",\"isPartOf\":{\"@id\":\"https:\/\/gremicafe.cat\/2022\/05\/31\/isic-trenca-alguns-dels-mites-del-cafe-i-la-digestio\/\"},\"author\":{\"name\":\"gremicafe\",\"@id\":\"https:\/\/gremicafe.cat\/#\/schema\/person\/dabfdbb3d0fa36260855a380f94e4733\"},\"headline\":\"ISIC trenca alguns dels mites del caf\u00e8 i la digesti\u00f3\",\"datePublished\":\"2022-05-31T15:41:43+00:00\",\"mainEntityOfPage\":{\"@id\":\"https:\/\/gremicafe.cat\/2022\/05\/31\/isic-trenca-alguns-dels-mites-del-cafe-i-la-digestio\/\"},\"wordCount\":576,\"publisher\":{\"@id\":\"https:\/\/gremicafe.cat\/#organization\"},\"image\":{\"@id\":\"https:\/\/gremicafe.cat\/2022\/05\/31\/isic-trenca-alguns-dels-mites-del-cafe-i-la-digestio\/#primaryimage\"},\"thumbnailUrl\":\"https:\/\/gremicafe.cat\/wp-content\/uploads\/2022\/05\/mites-cafe-digestio-gremicafe.jpg\",\"articleSection\":[\"Not\u00edcies\"],\"inLanguage\":\"es\"},{\"@type\":\"WebPage\",\"@id\":\"https:\/\/gremicafe.cat\/2022\/05\/31\/isic-trenca-alguns-dels-mites-del-cafe-i-la-digestio\/\",\"url\":\"https:\/\/gremicafe.cat\/2022\/05\/31\/isic-trenca-alguns-dels-mites-del-cafe-i-la-digestio\/\",\"name\":\"ISIC trenca alguns dels mites del caf\u00e8 i la digesti\u00f3 - Gremi del Caf\u00e8, torradors de Catalunya\",\"isPartOf\":{\"@id\":\"https:\/\/gremicafe.cat\/#website\"},\"primaryImageOfPage\":{\"@id\":\"https:\/\/gremicafe.cat\/2022\/05\/31\/isic-trenca-alguns-dels-mites-del-cafe-i-la-digestio\/#primaryimage\"},\"image\":{\"@id\":\"https:\/\/gremicafe.cat\/2022\/05\/31\/isic-trenca-alguns-dels-mites-del-cafe-i-la-digestio\/#primaryimage\"},\"thumbnailUrl\":\"https:\/\/gremicafe.cat\/wp-content\/uploads\/2022\/05\/mites-cafe-digestio-gremicafe.jpg\",\"datePublished\":\"2022-05-31T15:41:43+00:00\",\"breadcrumb\":{\"@id\":\"https:\/\/gremicafe.cat\/2022\/05\/31\/isic-trenca-alguns-dels-mites-del-cafe-i-la-digestio\/#breadcrumb\"},\"inLanguage\":\"es\",\"potentialAction\":[{\"@type\":\"ReadAction\",\"target\":[\"https:\/\/gremicafe.cat\/2022\/05\/31\/isic-trenca-alguns-dels-mites-del-cafe-i-la-digestio\/\"]}]},{\"@type\":\"ImageObject\",\"inLanguage\":\"es\",\"@id\":\"https:\/\/gremicafe.cat\/2022\/05\/31\/isic-trenca-alguns-dels-mites-del-cafe-i-la-digestio\/#primaryimage\",\"url\":\"https:\/\/gremicafe.cat\/wp-content\/uploads\/2022\/05\/mites-cafe-digestio-gremicafe.jpg\",\"contentUrl\":\"https:\/\/gremicafe.cat\/wp-content\/uploads\/2022\/05\/mites-cafe-digestio-gremicafe.jpg\",\"width\":1200,\"height\":800,\"caption\":\"mites del caf\u00e8 - Gremi Caf\u00e8\"},{\"@type\":\"BreadcrumbList\",\"@id\":\"https:\/\/gremicafe.cat\/2022\/05\/31\/isic-trenca-alguns-dels-mites-del-cafe-i-la-digestio\/#breadcrumb\",\"itemListElement\":[{\"@type\":\"ListItem\",\"position\":1,\"name\":\"Inici\",\"item\":\"https:\/\/gremicafe.cat\/\"},{\"@type\":\"ListItem\",\"position\":2,\"name\":\"ISIC trenca alguns dels mites del caf\u00e8 i la digesti\u00f3\"}]},{\"@type\":\"WebSite\",\"@id\":\"https:\/\/gremicafe.cat\/#website\",\"url\":\"https:\/\/gremicafe.cat\/\",\"name\":\"Gremi del Caf\u00e8, torradors de Catalunya\",\"description\":\"Web oficial del gremi de torradors de caf\u00e8 de Catalunya\",\"publisher\":{\"@id\":\"https:\/\/gremicafe.cat\/#organization\"},\"potentialAction\":[{\"@type\":\"SearchAction\",\"target\":{\"@type\":\"EntryPoint\",\"urlTemplate\":\"https:\/\/gremicafe.cat\/?s={search_term_string}\"},\"query-input\":{\"@type\":\"PropertyValueSpecification\",\"valueRequired\":true,\"valueName\":\"search_term_string\"}}],\"inLanguage\":\"es\"},{\"@type\":\"Organization\",\"@id\":\"https:\/\/gremicafe.cat\/#organization\",\"name\":\"Gremi del Caf\u00e8, Torradors de Catalunya\",\"url\":\"https:\/\/gremicafe.cat\/\",\"logo\":{\"@type\":\"ImageObject\",\"inLanguage\":\"es\",\"@id\":\"https:\/\/gremicafe.cat\/#\/schema\/logo\/image\/\",\"url\":\"https:\/\/gremicafe.cat\/wp-content\/uploads\/2018\/03\/gremicafe-logo250.png\",\"contentUrl\":\"https:\/\/gremicafe.cat\/wp-content\/uploads\/2018\/03\/gremicafe-logo250.png\",\"width\":250,\"height\":49,\"caption\":\"Gremi del Caf\u00e8, Torradors de Catalunya\"},\"image\":{\"@id\":\"https:\/\/gremicafe.cat\/#\/schema\/logo\/image\/\"},\"sameAs\":[\"https:\/\/www.facebook.com\/gremicafecat\",\"https:\/\/x.com\/gremicafecat\",\"https:\/\/www.instagram.com\/gremicafecat\/\",\"https:\/\/www.pinterest.es\/gremicafecat\/\",\"https:\/\/www.youtube.com\/channel\/UCGLo5Y35vLwLvP4FrPZrCrw\/\"]},{\"@type\":\"Person\",\"@id\":\"https:\/\/gremicafe.cat\/#\/schema\/person\/dabfdbb3d0fa36260855a380f94e4733\",\"name\":\"gremicafe\",\"image\":{\"@type\":\"ImageObject\",\"inLanguage\":\"es\",\"@id\":\"https:\/\/gremicafe.cat\/#\/schema\/person\/image\/\",\"url\":\"https:\/\/secure.gravatar.com\/avatar\/e59baa4ca8f6f97576d6375fb6d3c8f0?s=96&d=mm&r=g\",\"contentUrl\":\"https:\/\/secure.gravatar.com\/avatar\/e59baa4ca8f6f97576d6375fb6d3c8f0?s=96&d=mm&r=g\",\"caption\":\"gremicafe\"}}]}<\/script>\n<!-- \/ Yoast SEO plugin. -->","yoast_head_json":{"title":"ISIC trenca alguns dels mites del caf\u00e8 i la digesti\u00f3 - Gremi del Caf\u00e8, torradors de Catalunya","robots":{"index":"index","follow":"follow","max-snippet":"max-snippet:-1","max-image-preview":"max-image-preview:large","max-video-preview":"max-video-preview:-1"},"canonical":"https:\/\/gremicafe.cat\/es\/2022\/05\/31\/isic-trenca-alguns-dels-mites-del-cafe-i-la-digestio\/","og_locale":"es_ES","og_type":"article","og_title":"ISIC trenca alguns dels mites del caf\u00e8 i la digesti\u00f3 - Gremi del Caf\u00e8, torradors de Catalunya","og_description":"&nbsp; L&#8217;ISIC (Institut d&#8217;Informaci\u00f3 Cient\u00edfica sobre el Caf\u00e8) est\u00e0 trencant alguns mites comuns sobre l&#8217;impacte del consum de beure caf\u00e8 en la digesti\u00f3 i el tracte gastrointestinal. Astrid Nehlig, Ph.D., directora d&#8217;investigaci\u00f3 em\u00e8rita de l&#8217;Institut Nacional de Salut i Investigaci\u00f3 M\u00e8dica de Fran\u00e7a (INSERM) i autora d&#8217;una revisi\u00f3 recent de 194 estudis que investiguen l&#8217;impacte [&hellip;]","og_url":"https:\/\/gremicafe.cat\/es\/2022\/05\/31\/isic-trenca-alguns-dels-mites-del-cafe-i-la-digestio\/","og_site_name":"Gremi del Caf\u00e8, torradors de Catalunya","article_publisher":"https:\/\/www.facebook.com\/gremicafecat","article_published_time":"2022-05-31T15:41:43+00:00","og_image":[{"width":1200,"height":800,"url":"https:\/\/gremicafe.cat\/wp-content\/uploads\/2022\/05\/mites-cafe-digestio-gremicafe.jpg","type":"image\/jpeg"}],"author":"gremicafe","twitter_card":"summary_large_image","twitter_creator":"@gremicafecat","twitter_site":"@gremicafecat","twitter_misc":{"Escrito por":"gremicafe","Tiempo de lectura":"4 minutos"},"schema":{"@context":"https:\/\/schema.org","@graph":[{"@type":"Article","@id":"https:\/\/gremicafe.cat\/2022\/05\/31\/isic-trenca-alguns-dels-mites-del-cafe-i-la-digestio\/#article","isPartOf":{"@id":"https:\/\/gremicafe.cat\/2022\/05\/31\/isic-trenca-alguns-dels-mites-del-cafe-i-la-digestio\/"},"author":{"name":"gremicafe","@id":"https:\/\/gremicafe.cat\/#\/schema\/person\/dabfdbb3d0fa36260855a380f94e4733"},"headline":"ISIC trenca alguns dels mites del caf\u00e8 i la digesti\u00f3","datePublished":"2022-05-31T15:41:43+00:00","mainEntityOfPage":{"@id":"https:\/\/gremicafe.cat\/2022\/05\/31\/isic-trenca-alguns-dels-mites-del-cafe-i-la-digestio\/"},"wordCount":576,"publisher":{"@id":"https:\/\/gremicafe.cat\/#organization"},"image":{"@id":"https:\/\/gremicafe.cat\/2022\/05\/31\/isic-trenca-alguns-dels-mites-del-cafe-i-la-digestio\/#primaryimage"},"thumbnailUrl":"https:\/\/gremicafe.cat\/wp-content\/uploads\/2022\/05\/mites-cafe-digestio-gremicafe.jpg","articleSection":["Not\u00edcies"],"inLanguage":"es"},{"@type":"WebPage","@id":"https:\/\/gremicafe.cat\/2022\/05\/31\/isic-trenca-alguns-dels-mites-del-cafe-i-la-digestio\/","url":"https:\/\/gremicafe.cat\/2022\/05\/31\/isic-trenca-alguns-dels-mites-del-cafe-i-la-digestio\/","name":"ISIC trenca alguns dels mites del caf\u00e8 i la digesti\u00f3 - Gremi del Caf\u00e8, torradors de Catalunya","isPartOf":{"@id":"https:\/\/gremicafe.cat\/#website"},"primaryImageOfPage":{"@id":"https:\/\/gremicafe.cat\/2022\/05\/31\/isic-trenca-alguns-dels-mites-del-cafe-i-la-digestio\/#primaryimage"},"image":{"@id":"https:\/\/gremicafe.cat\/2022\/05\/31\/isic-trenca-alguns-dels-mites-del-cafe-i-la-digestio\/#primaryimage"},"thumbnailUrl":"https:\/\/gremicafe.cat\/wp-content\/uploads\/2022\/05\/mites-cafe-digestio-gremicafe.jpg","datePublished":"2022-05-31T15:41:43+00:00","breadcrumb":{"@id":"https:\/\/gremicafe.cat\/2022\/05\/31\/isic-trenca-alguns-dels-mites-del-cafe-i-la-digestio\/#breadcrumb"},"inLanguage":"es","potentialAction":[{"@type":"ReadAction","target":["https:\/\/gremicafe.cat\/2022\/05\/31\/isic-trenca-alguns-dels-mites-del-cafe-i-la-digestio\/"]}]},{"@type":"ImageObject","inLanguage":"es","@id":"https:\/\/gremicafe.cat\/2022\/05\/31\/isic-trenca-alguns-dels-mites-del-cafe-i-la-digestio\/#primaryimage","url":"https:\/\/gremicafe.cat\/wp-content\/uploads\/2022\/05\/mites-cafe-digestio-gremicafe.jpg","contentUrl":"https:\/\/gremicafe.cat\/wp-content\/uploads\/2022\/05\/mites-cafe-digestio-gremicafe.jpg","width":1200,"height":800,"caption":"mites del caf\u00e8 - Gremi Caf\u00e8"},{"@type":"BreadcrumbList","@id":"https:\/\/gremicafe.cat\/2022\/05\/31\/isic-trenca-alguns-dels-mites-del-cafe-i-la-digestio\/#breadcrumb","itemListElement":[{"@type":"ListItem","position":1,"name":"Inici","item":"https:\/\/gremicafe.cat\/"},{"@type":"ListItem","position":2,"name":"ISIC trenca alguns dels mites del caf\u00e8 i la digesti\u00f3"}]},{"@type":"WebSite","@id":"https:\/\/gremicafe.cat\/#website","url":"https:\/\/gremicafe.cat\/","name":"Gremio del Caf\u00e9, tostadores de Catalu\u00f1a","description":"Web oficial del gremio de tostadores de caf\u00e9 de Catalunya","publisher":{"@id":"https:\/\/gremicafe.cat\/#organization"},"potentialAction":[{"@type":"SearchAction","target":{"@type":"EntryPoint","urlTemplate":"https:\/\/gremicafe.cat\/?s={search_term_string}"},"query-input":{"@type":"PropertyValueSpecification","valueRequired":true,"valueName":"search_term_string"}}],"inLanguage":"es"},{"@type":"Organization","@id":"https:\/\/gremicafe.cat\/#organization","name":"Gremio del Caf\u00e9, Tostadores de Catalu\u00f1a","url":"https:\/\/gremicafe.cat\/","logo":{"@type":"ImageObject","inLanguage":"es","@id":"https:\/\/gremicafe.cat\/#\/schema\/logo\/image\/","url":"https:\/\/gremicafe.cat\/wp-content\/uploads\/2018\/03\/gremicafe-logo250.png","contentUrl":"https:\/\/gremicafe.cat\/wp-content\/uploads\/2018\/03\/gremicafe-logo250.png","width":250,"height":49,"caption":"Gremi del Caf\u00e8, Torradors de Catalunya"},"image":{"@id":"https:\/\/gremicafe.cat\/#\/schema\/logo\/image\/"},"sameAs":["https:\/\/www.facebook.com\/gremicafecat","https:\/\/x.com\/gremicafecat","https:\/\/www.instagram.com\/gremicafecat\/","https:\/\/www.pinterest.es\/gremicafecat\/","https:\/\/www.youtube.com\/channel\/UCGLo5Y35vLwLvP4FrPZrCrw\/"]},{"@type":"Person","@id":"https:\/\/gremicafe.cat\/#\/schema\/person\/dabfdbb3d0fa36260855a380f94e4733","name":"gremicafe","image":{"@type":"ImageObject","inLanguage":"es","@id":"https:\/\/gremicafe.cat\/#\/schema\/person\/image\/","url":"https:\/\/secure.gravatar.com\/avatar\/e59baa4ca8f6f97576d6375fb6d3c8f0?s=96&d=mm&r=g","contentUrl":"https:\/\/secure.gravatar.com\/avatar\/e59baa4ca8f6f97576d6375fb6d3c8f0?s=96&d=mm&r=g","caption":"gremicafe"}}]}},"_links":{"self":[{"href":"https:\/\/gremicafe.cat\/es\/wp-json\/wp\/v2\/posts\/6589"}],"collection":[{"href":"https:\/\/gremicafe.cat\/es\/wp-json\/wp\/v2\/posts"}],"about":[{"href":"https:\/\/gremicafe.cat\/es\/wp-json\/wp\/v2\/types\/post"}],"author":[{"embeddable":true,"href":"https:\/\/gremicafe.cat\/es\/wp-json\/wp\/v2\/users\/1"}],"replies":[{"embeddable":true,"href":"https:\/\/gremicafe.cat\/es\/wp-json\/wp\/v2\/comments?post=6589"}],"version-history":[{"count":0,"href":"https:\/\/gremicafe.cat\/es\/wp-json\/wp\/v2\/posts\/6589\/revisions"}],"wp:featuredmedia":[{"embeddable":true,"href":"https:\/\/gremicafe.cat\/es\/wp-json\/wp\/v2\/media\/6590"}],"wp:attachment":[{"href":"https:\/\/gremicafe.cat\/es\/wp-json\/wp\/v2\/media?parent=6589"}],"wp:term":[{"taxonomy":"category","embeddable":true,"href":"https:\/\/gremicafe.cat\/es\/wp-json\/wp\/v2\/categories?post=6589"},{"taxonomy":"post_tag","embeddable":true,"href":"https:\/\/gremicafe.cat\/es\/wp-json\/wp\/v2\/tags?post=6589"}],"curies":[{"name":"wp","href":"https:\/\/api.w.org\/{rel}","templated":true}]}}