{"id":6596,"date":"2022-05-30T11:25:32","date_gmt":"2022-05-30T09:25:32","guid":{"rendered":"https:\/\/gremicafe.cat\/?p=6596"},"modified":"2022-06-08T17:20:13","modified_gmt":"2022-06-08T15:20:13","slug":"estimacio-de-la-produccio-de-cafe-al-brasil-disminueix-en-23-milions-de-bosses","status":"publish","type":"post","link":"https:\/\/gremicafe.cat\/es\/2022\/05\/30\/estimacio-de-la-produccio-de-cafe-al-brasil-disminueix-en-23-milions-de-bosses\/","title":{"rendered":"La estimaci\u00f3n de la producci\u00f3n de caf\u00e9 en Brasil disminuye en 2,3 millones de bolsas"},"content":{"rendered":"<p><img loading=\"lazy\" decoding=\"async\" class=\"aligncenter size-full wp-image-6598\" src=\"https:\/\/gremicafe.cat\/wp-content\/uploads\/2022\/06\/Estimacio\u0301-produccio\u0301-Conab.jpg\" alt=\"Estimacio\u0301 produccio\u0301 Conab - Gremi Cafe\" width=\"1920\" height=\"1280\" srcset=\"https:\/\/gremicafe.cat\/wp-content\/uploads\/2022\/06\/Estimacio\u0301-produccio\u0301-Conab.jpg 1920w, https:\/\/gremicafe.cat\/wp-content\/uploads\/2022\/06\/Estimacio\u0301-produccio\u0301-Conab-768x512.jpg 768w, https:\/\/gremicafe.cat\/wp-content\/uploads\/2022\/06\/Estimacio\u0301-produccio\u0301-Conab-1536x1024.jpg 1536w, https:\/\/gremicafe.cat\/wp-content\/uploads\/2022\/06\/Estimacio\u0301-produccio\u0301-Conab-1080x720.jpg 1080w\" sizes=\"(max-width: 1920px) 100vw, 1920px\" \/><\/p>\n<p>&nbsp;<\/p>\n<p>En su segunda encuesta para 2022, la <strong>National Supply Company de Brasil<\/strong> (CONAB) redujo su previsi\u00f3n para la cosecha de caf\u00e9 del pa\u00eds 2022\/23 en 2,3 millones de bolsas hasta los 53,43 millones de bolsas, un 12% m\u00e1s que el pasado a\u00f1o, pero 9,65 millones de bolsas bolsas menos (- 15,3%) de una cosecha r\u00e9cord de 63,1 millones de sacos cosechados 2020, el a\u00f1o anterior del ciclo bienal.<\/p>\n<p><strong>CONAB<\/strong> revis\u00f3 a la baja su estimaci\u00f3n para la producci\u00f3n de<strong>ar\u00e1bica<\/strong>\u00a0en 3,1 millones de bolsas, mientras que la previsi\u00f3n para la cosecha de\u00a0<strong>Robusta<\/strong>\u00a0se increment\u00f3 en unas 760.000 bolsas.<\/p>\n<p>El ajuste <strong>refleja la sequ\u00eda y las heladas del a\u00f1o pasado<\/strong> que afectaron a las plantas de caf\u00e9, haciendo que los rendimientos bajen, dice Conab en el informe.<\/p>\n<p><strong>La producci\u00f3n de ar\u00e1bica<\/strong>\u00a0est\u00e1 fijada en 35,71 millones de bolsas: un 13,6% m\u00e1s que la cosecha de 31,42 millones de bolsas del pasado a\u00f1o, pero un 23,6% menos que una cosecha r\u00e9cord de 48,74 millones de bolsas en 2020 .<\/p>\n<p><strong>Se espera que la producci\u00f3n de Robusta<\/strong>\u00a0alcance un nuevo r\u00e9cord de 17,72 millones de bolsas, un 8,7% m\u00e1s que el a\u00f1o, gracias a una mejor productividad y ampliaci\u00f3n de la superficie.<\/p>\n<p><strong>Se prev\u00e9 que la productividad<\/strong>\u00a0media llegue a los 29 sacos por hect\u00e1rea, un 10% m\u00e1s que en 2021, pero un 13,4% inferior a la de 2020.<\/p>\n<p>&nbsp;<\/p>\n<p>&nbsp;<\/p>\n<p>Fuente de la noticia: <a href=\"https:\/\/www.comunicaffe.com\/brazil-conab-cuts-its-estimate-for-2022-23-by-2-3m-bags-to-53-4m-bags\/\">Comunicaffe<\/a><\/p>","protected":false},"excerpt":{"rendered":"<p>&nbsp; En la seva segona enquesta per al 2022, la National Supply Company del Brasil (CONAB) va reduir la seva previsi\u00f3 per a la collita de caf\u00e8 del pa\u00eds 2022\/23 en 2,3 milions de bosses fins als 53,43 milions de bosses, un 12% m\u00e9s que l&#8217;any passat, per\u00f2 9,65 milions de bosses menys (- 15,3%) [&hellip;]<\/p>\n","protected":false},"author":1,"featured_media":6598,"comment_status":"closed","ping_status":"open","sticky":false,"template":"","format":"standard","meta":{"_acf_changed":false,"inline_featured_image":false,"footnotes":""},"categories":[1],"tags":[],"class_list":["post-6596","post","type-post","status-publish","format-standard","has-post-thumbnail","hentry","category-noticies"],"acf":[],"yoast_head":"<!-- This site is optimized with the Yoast SEO plugin v25.5 - https:\/\/yoast.com\/wordpress\/plugins\/seo\/ -->\n<title>L&#039;estimaci\u00f3 de la producci\u00f3 de caf\u00e8 al Brasil disminueix en 2,3 milions de bosses - Gremi del Caf\u00e8, torradors de Catalunya<\/title>\n<meta name=\"robots\" content=\"index, follow, max-snippet:-1, max-image-preview:large, max-video-preview:-1\" \/>\n<link rel=\"canonical\" href=\"https:\/\/gremicafe.cat\/es\/2022\/05\/30\/estimacio-de-la-produccio-de-cafe-al-brasil-disminueix-en-23-milions-de-bosses\/\" \/>\n<meta property=\"og:locale\" content=\"es_ES\" \/>\n<meta property=\"og:type\" content=\"article\" \/>\n<meta property=\"og:title\" content=\"L&#039;estimaci\u00f3 de la producci\u00f3 de caf\u00e8 al Brasil disminueix en 2,3 milions de bosses - Gremi del Caf\u00e8, torradors de Catalunya\" \/>\n<meta property=\"og:description\" content=\"&nbsp; En la seva segona enquesta per al 2022, la National Supply Company del Brasil (CONAB) va reduir la seva previsi\u00f3 per a la collita de caf\u00e8 del pa\u00eds 2022\/23 en 2,3 milions de bosses fins als 53,43 milions de bosses, un 12% m\u00e9s que l&#8217;any passat, per\u00f2 9,65 milions de bosses menys (- 15,3%) [&hellip;]\" \/>\n<meta property=\"og:url\" content=\"https:\/\/gremicafe.cat\/es\/2022\/05\/30\/estimacio-de-la-produccio-de-cafe-al-brasil-disminueix-en-23-milions-de-bosses\/\" \/>\n<meta property=\"og:site_name\" content=\"Gremi del Caf\u00e8, torradors de Catalunya\" \/>\n<meta property=\"article:publisher\" content=\"https:\/\/www.facebook.com\/gremicafecat\" \/>\n<meta property=\"article:published_time\" content=\"2022-05-30T09:25:32+00:00\" \/>\n<meta property=\"article:modified_time\" content=\"2022-06-08T15:20:13+00:00\" \/>\n<meta property=\"og:image\" content=\"https:\/\/gremicafe.cat\/wp-content\/uploads\/2022\/06\/Estimacio\u0301-produccio\u0301-Conab.jpg\" \/>\n\t<meta property=\"og:image:width\" content=\"1920\" \/>\n\t<meta property=\"og:image:height\" content=\"1280\" \/>\n\t<meta property=\"og:image:type\" content=\"image\/jpeg\" \/>\n<meta name=\"author\" content=\"gremicafe\" \/>\n<meta name=\"twitter:card\" content=\"summary_large_image\" \/>\n<meta name=\"twitter:creator\" content=\"@gremicafecat\" \/>\n<meta name=\"twitter:site\" content=\"@gremicafecat\" \/>\n<meta name=\"twitter:label1\" content=\"Escrito por\" \/>\n\t<meta name=\"twitter:data1\" content=\"gremicafe\" \/>\n\t<meta name=\"twitter:label2\" content=\"Tiempo de lectura\" \/>\n\t<meta name=\"twitter:data2\" content=\"2 minutos\" \/>\n<script type=\"application\/ld+json\" class=\"yoast-schema-graph\">{\"@context\":\"https:\/\/schema.org\",\"@graph\":[{\"@type\":\"Article\",\"@id\":\"https:\/\/gremicafe.cat\/2022\/05\/30\/estimacio-de-la-produccio-de-cafe-al-brasil-disminueix-en-23-milions-de-bosses\/#article\",\"isPartOf\":{\"@id\":\"https:\/\/gremicafe.cat\/2022\/05\/30\/estimacio-de-la-produccio-de-cafe-al-brasil-disminueix-en-23-milions-de-bosses\/\"},\"author\":{\"name\":\"gremicafe\",\"@id\":\"https:\/\/gremicafe.cat\/#\/schema\/person\/dabfdbb3d0fa36260855a380f94e4733\"},\"headline\":\"L&#8217;estimaci\u00f3 de la producci\u00f3 de caf\u00e8 al Brasil disminueix en 2,3 milions de bosses\",\"datePublished\":\"2022-05-30T09:25:32+00:00\",\"dateModified\":\"2022-06-08T15:20:13+00:00\",\"mainEntityOfPage\":{\"@id\":\"https:\/\/gremicafe.cat\/2022\/05\/30\/estimacio-de-la-produccio-de-cafe-al-brasil-disminueix-en-23-milions-de-bosses\/\"},\"wordCount\":239,\"publisher\":{\"@id\":\"https:\/\/gremicafe.cat\/#organization\"},\"image\":{\"@id\":\"https:\/\/gremicafe.cat\/2022\/05\/30\/estimacio-de-la-produccio-de-cafe-al-brasil-disminueix-en-23-milions-de-bosses\/#primaryimage\"},\"thumbnailUrl\":\"https:\/\/gremicafe.cat\/wp-content\/uploads\/2022\/06\/Estimacio\u0301-produccio\u0301-Conab.jpg\",\"articleSection\":[\"Not\u00edcies\"],\"inLanguage\":\"es\"},{\"@type\":\"WebPage\",\"@id\":\"https:\/\/gremicafe.cat\/2022\/05\/30\/estimacio-de-la-produccio-de-cafe-al-brasil-disminueix-en-23-milions-de-bosses\/\",\"url\":\"https:\/\/gremicafe.cat\/2022\/05\/30\/estimacio-de-la-produccio-de-cafe-al-brasil-disminueix-en-23-milions-de-bosses\/\",\"name\":\"L'estimaci\u00f3 de la producci\u00f3 de caf\u00e8 al Brasil disminueix en 2,3 milions de bosses - Gremi del Caf\u00e8, torradors de Catalunya\",\"isPartOf\":{\"@id\":\"https:\/\/gremicafe.cat\/#website\"},\"primaryImageOfPage\":{\"@id\":\"https:\/\/gremicafe.cat\/2022\/05\/30\/estimacio-de-la-produccio-de-cafe-al-brasil-disminueix-en-23-milions-de-bosses\/#primaryimage\"},\"image\":{\"@id\":\"https:\/\/gremicafe.cat\/2022\/05\/30\/estimacio-de-la-produccio-de-cafe-al-brasil-disminueix-en-23-milions-de-bosses\/#primaryimage\"},\"thumbnailUrl\":\"https:\/\/gremicafe.cat\/wp-content\/uploads\/2022\/06\/Estimacio\u0301-produccio\u0301-Conab.jpg\",\"datePublished\":\"2022-05-30T09:25:32+00:00\",\"dateModified\":\"2022-06-08T15:20:13+00:00\",\"breadcrumb\":{\"@id\":\"https:\/\/gremicafe.cat\/2022\/05\/30\/estimacio-de-la-produccio-de-cafe-al-brasil-disminueix-en-23-milions-de-bosses\/#breadcrumb\"},\"inLanguage\":\"es\",\"potentialAction\":[{\"@type\":\"ReadAction\",\"target\":[\"https:\/\/gremicafe.cat\/2022\/05\/30\/estimacio-de-la-produccio-de-cafe-al-brasil-disminueix-en-23-milions-de-bosses\/\"]}]},{\"@type\":\"ImageObject\",\"inLanguage\":\"es\",\"@id\":\"https:\/\/gremicafe.cat\/2022\/05\/30\/estimacio-de-la-produccio-de-cafe-al-brasil-disminueix-en-23-milions-de-bosses\/#primaryimage\",\"url\":\"https:\/\/gremicafe.cat\/wp-content\/uploads\/2022\/06\/Estimacio\u0301-produccio\u0301-Conab.jpg\",\"contentUrl\":\"https:\/\/gremicafe.cat\/wp-content\/uploads\/2022\/06\/Estimacio\u0301-produccio\u0301-Conab.jpg\",\"width\":1920,\"height\":1280,\"caption\":\"Estimacio\u0301 produccio\u0301 Conab - Gremi Caf\u00e8\"},{\"@type\":\"BreadcrumbList\",\"@id\":\"https:\/\/gremicafe.cat\/2022\/05\/30\/estimacio-de-la-produccio-de-cafe-al-brasil-disminueix-en-23-milions-de-bosses\/#breadcrumb\",\"itemListElement\":[{\"@type\":\"ListItem\",\"position\":1,\"name\":\"Inici\",\"item\":\"https:\/\/gremicafe.cat\/\"},{\"@type\":\"ListItem\",\"position\":2,\"name\":\"L&#8217;estimaci\u00f3 de la producci\u00f3 de caf\u00e8 al Brasil disminueix en 2,3 milions de bosses\"}]},{\"@type\":\"WebSite\",\"@id\":\"https:\/\/gremicafe.cat\/#website\",\"url\":\"https:\/\/gremicafe.cat\/\",\"name\":\"Gremi del Caf\u00e8, torradors de Catalunya\",\"description\":\"Web oficial del gremi de torradors de caf\u00e8 de Catalunya\",\"publisher\":{\"@id\":\"https:\/\/gremicafe.cat\/#organization\"},\"potentialAction\":[{\"@type\":\"SearchAction\",\"target\":{\"@type\":\"EntryPoint\",\"urlTemplate\":\"https:\/\/gremicafe.cat\/?s={search_term_string}\"},\"query-input\":{\"@type\":\"PropertyValueSpecification\",\"valueRequired\":true,\"valueName\":\"search_term_string\"}}],\"inLanguage\":\"es\"},{\"@type\":\"Organization\",\"@id\":\"https:\/\/gremicafe.cat\/#organization\",\"name\":\"Gremi del Caf\u00e8, Torradors de Catalunya\",\"url\":\"https:\/\/gremicafe.cat\/\",\"logo\":{\"@type\":\"ImageObject\",\"inLanguage\":\"es\",\"@id\":\"https:\/\/gremicafe.cat\/#\/schema\/logo\/image\/\",\"url\":\"https:\/\/gremicafe.cat\/wp-content\/uploads\/2018\/03\/gremicafe-logo250.png\",\"contentUrl\":\"https:\/\/gremicafe.cat\/wp-content\/uploads\/2018\/03\/gremicafe-logo250.png\",\"width\":250,\"height\":49,\"caption\":\"Gremi del Caf\u00e8, Torradors de Catalunya\"},\"image\":{\"@id\":\"https:\/\/gremicafe.cat\/#\/schema\/logo\/image\/\"},\"sameAs\":[\"https:\/\/www.facebook.com\/gremicafecat\",\"https:\/\/x.com\/gremicafecat\",\"https:\/\/www.instagram.com\/gremicafecat\/\",\"https:\/\/www.pinterest.es\/gremicafecat\/\",\"https:\/\/www.youtube.com\/channel\/UCGLo5Y35vLwLvP4FrPZrCrw\/\"]},{\"@type\":\"Person\",\"@id\":\"https:\/\/gremicafe.cat\/#\/schema\/person\/dabfdbb3d0fa36260855a380f94e4733\",\"name\":\"gremicafe\",\"image\":{\"@type\":\"ImageObject\",\"inLanguage\":\"es\",\"@id\":\"https:\/\/gremicafe.cat\/#\/schema\/person\/image\/\",\"url\":\"https:\/\/secure.gravatar.com\/avatar\/e59baa4ca8f6f97576d6375fb6d3c8f0?s=96&d=mm&r=g\",\"contentUrl\":\"https:\/\/secure.gravatar.com\/avatar\/e59baa4ca8f6f97576d6375fb6d3c8f0?s=96&d=mm&r=g\",\"caption\":\"gremicafe\"}}]}<\/script>\n<!-- \/ Yoast SEO plugin. -->","yoast_head_json":{"title":"L'estimaci\u00f3 de la producci\u00f3 de caf\u00e8 al Brasil disminueix en 2,3 milions de bosses - Gremi del Caf\u00e8, torradors de Catalunya","robots":{"index":"index","follow":"follow","max-snippet":"max-snippet:-1","max-image-preview":"max-image-preview:large","max-video-preview":"max-video-preview:-1"},"canonical":"https:\/\/gremicafe.cat\/es\/2022\/05\/30\/estimacio-de-la-produccio-de-cafe-al-brasil-disminueix-en-23-milions-de-bosses\/","og_locale":"es_ES","og_type":"article","og_title":"L'estimaci\u00f3 de la producci\u00f3 de caf\u00e8 al Brasil disminueix en 2,3 milions de bosses - Gremi del Caf\u00e8, torradors de Catalunya","og_description":"&nbsp; En la seva segona enquesta per al 2022, la National Supply Company del Brasil (CONAB) va reduir la seva previsi\u00f3 per a la collita de caf\u00e8 del pa\u00eds 2022\/23 en 2,3 milions de bosses fins als 53,43 milions de bosses, un 12% m\u00e9s que l&#8217;any passat, per\u00f2 9,65 milions de bosses menys (- 15,3%) [&hellip;]","og_url":"https:\/\/gremicafe.cat\/es\/2022\/05\/30\/estimacio-de-la-produccio-de-cafe-al-brasil-disminueix-en-23-milions-de-bosses\/","og_site_name":"Gremi del Caf\u00e8, torradors de Catalunya","article_publisher":"https:\/\/www.facebook.com\/gremicafecat","article_published_time":"2022-05-30T09:25:32+00:00","article_modified_time":"2022-06-08T15:20:13+00:00","og_image":[{"width":1920,"height":1280,"url":"https:\/\/gremicafe.cat\/wp-content\/uploads\/2022\/06\/Estimacio\u0301-produccio\u0301-Conab.jpg","type":"image\/jpeg"}],"author":"gremicafe","twitter_card":"summary_large_image","twitter_creator":"@gremicafecat","twitter_site":"@gremicafecat","twitter_misc":{"Escrito por":"gremicafe","Tiempo de lectura":"2 minutos"},"schema":{"@context":"https:\/\/schema.org","@graph":[{"@type":"Article","@id":"https:\/\/gremicafe.cat\/2022\/05\/30\/estimacio-de-la-produccio-de-cafe-al-brasil-disminueix-en-23-milions-de-bosses\/#article","isPartOf":{"@id":"https:\/\/gremicafe.cat\/2022\/05\/30\/estimacio-de-la-produccio-de-cafe-al-brasil-disminueix-en-23-milions-de-bosses\/"},"author":{"name":"gremicafe","@id":"https:\/\/gremicafe.cat\/#\/schema\/person\/dabfdbb3d0fa36260855a380f94e4733"},"headline":"L&#8217;estimaci\u00f3 de la producci\u00f3 de caf\u00e8 al Brasil disminueix en 2,3 milions de bosses","datePublished":"2022-05-30T09:25:32+00:00","dateModified":"2022-06-08T15:20:13+00:00","mainEntityOfPage":{"@id":"https:\/\/gremicafe.cat\/2022\/05\/30\/estimacio-de-la-produccio-de-cafe-al-brasil-disminueix-en-23-milions-de-bosses\/"},"wordCount":239,"publisher":{"@id":"https:\/\/gremicafe.cat\/#organization"},"image":{"@id":"https:\/\/gremicafe.cat\/2022\/05\/30\/estimacio-de-la-produccio-de-cafe-al-brasil-disminueix-en-23-milions-de-bosses\/#primaryimage"},"thumbnailUrl":"https:\/\/gremicafe.cat\/wp-content\/uploads\/2022\/06\/Estimacio\u0301-produccio\u0301-Conab.jpg","articleSection":["Not\u00edcies"],"inLanguage":"es"},{"@type":"WebPage","@id":"https:\/\/gremicafe.cat\/2022\/05\/30\/estimacio-de-la-produccio-de-cafe-al-brasil-disminueix-en-23-milions-de-bosses\/","url":"https:\/\/gremicafe.cat\/2022\/05\/30\/estimacio-de-la-produccio-de-cafe-al-brasil-disminueix-en-23-milions-de-bosses\/","name":"L'estimaci\u00f3 de la producci\u00f3 de caf\u00e8 al Brasil disminueix en 2,3 milions de bosses - Gremi del Caf\u00e8, torradors de Catalunya","isPartOf":{"@id":"https:\/\/gremicafe.cat\/#website"},"primaryImageOfPage":{"@id":"https:\/\/gremicafe.cat\/2022\/05\/30\/estimacio-de-la-produccio-de-cafe-al-brasil-disminueix-en-23-milions-de-bosses\/#primaryimage"},"image":{"@id":"https:\/\/gremicafe.cat\/2022\/05\/30\/estimacio-de-la-produccio-de-cafe-al-brasil-disminueix-en-23-milions-de-bosses\/#primaryimage"},"thumbnailUrl":"https:\/\/gremicafe.cat\/wp-content\/uploads\/2022\/06\/Estimacio\u0301-produccio\u0301-Conab.jpg","datePublished":"2022-05-30T09:25:32+00:00","dateModified":"2022-06-08T15:20:13+00:00","breadcrumb":{"@id":"https:\/\/gremicafe.cat\/2022\/05\/30\/estimacio-de-la-produccio-de-cafe-al-brasil-disminueix-en-23-milions-de-bosses\/#breadcrumb"},"inLanguage":"es","potentialAction":[{"@type":"ReadAction","target":["https:\/\/gremicafe.cat\/2022\/05\/30\/estimacio-de-la-produccio-de-cafe-al-brasil-disminueix-en-23-milions-de-bosses\/"]}]},{"@type":"ImageObject","inLanguage":"es","@id":"https:\/\/gremicafe.cat\/2022\/05\/30\/estimacio-de-la-produccio-de-cafe-al-brasil-disminueix-en-23-milions-de-bosses\/#primaryimage","url":"https:\/\/gremicafe.cat\/wp-content\/uploads\/2022\/06\/Estimacio\u0301-produccio\u0301-Conab.jpg","contentUrl":"https:\/\/gremicafe.cat\/wp-content\/uploads\/2022\/06\/Estimacio\u0301-produccio\u0301-Conab.jpg","width":1920,"height":1280,"caption":"Estimacio\u0301 produccio\u0301 Conab - Gremi Caf\u00e8"},{"@type":"BreadcrumbList","@id":"https:\/\/gremicafe.cat\/2022\/05\/30\/estimacio-de-la-produccio-de-cafe-al-brasil-disminueix-en-23-milions-de-bosses\/#breadcrumb","itemListElement":[{"@type":"ListItem","position":1,"name":"Inici","item":"https:\/\/gremicafe.cat\/"},{"@type":"ListItem","position":2,"name":"L&#8217;estimaci\u00f3 de la producci\u00f3 de caf\u00e8 al Brasil disminueix en 2,3 milions de bosses"}]},{"@type":"WebSite","@id":"https:\/\/gremicafe.cat\/#website","url":"https:\/\/gremicafe.cat\/","name":"Gremio del Caf\u00e9, tostadores de Catalu\u00f1a","description":"Web oficial del gremio de tostadores de caf\u00e9 de Catalunya","publisher":{"@id":"https:\/\/gremicafe.cat\/#organization"},"potentialAction":[{"@type":"SearchAction","target":{"@type":"EntryPoint","urlTemplate":"https:\/\/gremicafe.cat\/?s={search_term_string}"},"query-input":{"@type":"PropertyValueSpecification","valueRequired":true,"valueName":"search_term_string"}}],"inLanguage":"es"},{"@type":"Organization","@id":"https:\/\/gremicafe.cat\/#organization","name":"Gremio del Caf\u00e9, Tostadores de Catalu\u00f1a","url":"https:\/\/gremicafe.cat\/","logo":{"@type":"ImageObject","inLanguage":"es","@id":"https:\/\/gremicafe.cat\/#\/schema\/logo\/image\/","url":"https:\/\/gremicafe.cat\/wp-content\/uploads\/2018\/03\/gremicafe-logo250.png","contentUrl":"https:\/\/gremicafe.cat\/wp-content\/uploads\/2018\/03\/gremicafe-logo250.png","width":250,"height":49,"caption":"Gremi del Caf\u00e8, Torradors de Catalunya"},"image":{"@id":"https:\/\/gremicafe.cat\/#\/schema\/logo\/image\/"},"sameAs":["https:\/\/www.facebook.com\/gremicafecat","https:\/\/x.com\/gremicafecat","https:\/\/www.instagram.com\/gremicafecat\/","https:\/\/www.pinterest.es\/gremicafecat\/","https:\/\/www.youtube.com\/channel\/UCGLo5Y35vLwLvP4FrPZrCrw\/"]},{"@type":"Person","@id":"https:\/\/gremicafe.cat\/#\/schema\/person\/dabfdbb3d0fa36260855a380f94e4733","name":"gremicafe","image":{"@type":"ImageObject","inLanguage":"es","@id":"https:\/\/gremicafe.cat\/#\/schema\/person\/image\/","url":"https:\/\/secure.gravatar.com\/avatar\/e59baa4ca8f6f97576d6375fb6d3c8f0?s=96&d=mm&r=g","contentUrl":"https:\/\/secure.gravatar.com\/avatar\/e59baa4ca8f6f97576d6375fb6d3c8f0?s=96&d=mm&r=g","caption":"gremicafe"}}]}},"_links":{"self":[{"href":"https:\/\/gremicafe.cat\/es\/wp-json\/wp\/v2\/posts\/6596"}],"collection":[{"href":"https:\/\/gremicafe.cat\/es\/wp-json\/wp\/v2\/posts"}],"about":[{"href":"https:\/\/gremicafe.cat\/es\/wp-json\/wp\/v2\/types\/post"}],"author":[{"embeddable":true,"href":"https:\/\/gremicafe.cat\/es\/wp-json\/wp\/v2\/users\/1"}],"replies":[{"embeddable":true,"href":"https:\/\/gremicafe.cat\/es\/wp-json\/wp\/v2\/comments?post=6596"}],"version-history":[{"count":0,"href":"https:\/\/gremicafe.cat\/es\/wp-json\/wp\/v2\/posts\/6596\/revisions"}],"wp:featuredmedia":[{"embeddable":true,"href":"https:\/\/gremicafe.cat\/es\/wp-json\/wp\/v2\/media\/6598"}],"wp:attachment":[{"href":"https:\/\/gremicafe.cat\/es\/wp-json\/wp\/v2\/media?parent=6596"}],"wp:term":[{"taxonomy":"category","embeddable":true,"href":"https:\/\/gremicafe.cat\/es\/wp-json\/wp\/v2\/categories?post=6596"},{"taxonomy":"post_tag","embeddable":true,"href":"https:\/\/gremicafe.cat\/es\/wp-json\/wp\/v2\/tags?post=6596"}],"curies":[{"name":"wp","href":"https:\/\/api.w.org\/{rel}","templated":true}]}}