{"id":6616,"date":"2022-06-16T15:04:42","date_gmt":"2022-06-16T13:04:42","guid":{"rendered":"https:\/\/gremicafe.cat\/?p=6616"},"modified":"2022-06-16T15:04:42","modified_gmt":"2022-06-16T13:04:42","slug":"8-de-cada-10-cadenes-de-restauracio-tenen-previst-creixer-en-un-10-aquest-2022","status":"publish","type":"post","link":"https:\/\/gremicafe.cat\/es\/2022\/06\/16\/8-de-cada-10-cadenes-de-restauracio-tenen-previst-creixer-en-un-10-aquest-2022\/","title":{"rendered":"8 de cada 10 cadenas de restauraci\u00f3n tienen previsto crecer en un 10% este 2022"},"content":{"rendered":"<p><img loading=\"lazy\" decoding=\"async\" class=\"aligncenter size-full wp-image-6617\" src=\"https:\/\/gremicafe.cat\/wp-content\/uploads\/2022\/06\/cafetera-restaurant-gremi-cafe-catalunya.jpg\" alt=\"cafetera restaurant gremi cafe catalunya\" width=\"1200\" height=\"801\" srcset=\"https:\/\/gremicafe.cat\/wp-content\/uploads\/2022\/06\/cafetera-restaurant-gremi-cafe-catalunya.jpg 1200w, https:\/\/gremicafe.cat\/wp-content\/uploads\/2022\/06\/cafetera-restaurant-gremi-cafe-catalunya-768x513.jpg 768w, https:\/\/gremicafe.cat\/wp-content\/uploads\/2022\/06\/cafetera-restaurant-gremi-cafe-catalunya-1079x720.jpg 1079w\" sizes=\"(max-width: 1200px) 100vw, 1200px\" \/><\/p>\n<p>&nbsp;<\/p>\n<p>Las marcas de restauraci\u00f3n cerraron el a\u00f1o 2021 <strong>con 7.576 millones de euros en ventas<\/strong>, tan s\u00f3lo, un 1% menos que en los niveles antes de la pandemia de la COVID, seg\u00fan indicaron durante la cuarta edici\u00f3n del foro Restaurant Trends dirigido por Marques de Restauraci\u00f3. Y es que uno de los principales pilares de esta recuperaci\u00f3n han sido las grandes cadenas o franquicias.<\/p>\n<p>The NPD Group declara que la presencia de cadenas de restauraci\u00f3n se ha duplicado en 10 a\u00f1os, pese al efecto de la pandemia de la COVID. Su \u00faltimo anuario evidencia un crecimiento de la facturaci\u00f3n y plantilla en los establecimientos. En esta l\u00ednea, <strong>8 de cada 10 cadenas esperan crecer m\u00e1s de un 10% este a\u00f1o 2022.<\/strong><\/p>\n<p>Fuente de la noticia: <a href=\"https:\/\/www.foodretail.es\/horeca\/Prevision-crecimiento-cadenas-restauracion-espanolas_0_1664233566.html\">Foodretail.es<\/a><\/p>\n<p>&nbsp;<\/p>","protected":false},"excerpt":{"rendered":"<p>&nbsp; Les marques de restauraci\u00f3 van tancar l&#8217;any 2021 amb 7.576 milions d&#8217;euros en vendes, tan sols, un 1% menys que en els nivells abans de la pand\u00e8mia de la COVID, segons van indicar durant la quarta edici\u00f3 del f\u00f2rum Restaurant Trends dirigit per Marques de Restauraci\u00f3. I \u00e9s que un dels pilars principals d&#8217;aquesta [&hellip;]<\/p>\n","protected":false},"author":1,"featured_media":6617,"comment_status":"closed","ping_status":"open","sticky":false,"template":"","format":"standard","meta":{"_acf_changed":false,"inline_featured_image":false,"footnotes":""},"categories":[1],"tags":[],"class_list":["post-6616","post","type-post","status-publish","format-standard","has-post-thumbnail","hentry","category-noticies"],"acf":[],"yoast_head":"<!-- This site is optimized with the Yoast SEO plugin v25.5 - https:\/\/yoast.com\/wordpress\/plugins\/seo\/ -->\n<title>8 de cada 10 cadenes de restauraci\u00f3 tenen previst cr\u00e9ixer en un 10% aquest 2022 - Gremi del Caf\u00e8, torradors de Catalunya<\/title>\n<meta name=\"robots\" content=\"index, follow, max-snippet:-1, max-image-preview:large, max-video-preview:-1\" \/>\n<link rel=\"canonical\" href=\"https:\/\/gremicafe.cat\/es\/2022\/06\/16\/8-de-cada-10-cadenes-de-restauracio-tenen-previst-creixer-en-un-10-aquest-2022\/\" \/>\n<meta property=\"og:locale\" content=\"es_ES\" \/>\n<meta property=\"og:type\" content=\"article\" \/>\n<meta property=\"og:title\" content=\"8 de cada 10 cadenes de restauraci\u00f3 tenen previst cr\u00e9ixer en un 10% aquest 2022 - Gremi del Caf\u00e8, torradors de Catalunya\" \/>\n<meta property=\"og:description\" content=\"&nbsp; Les marques de restauraci\u00f3 van tancar l&#8217;any 2021 amb 7.576 milions d&#8217;euros en vendes, tan sols, un 1% menys que en els nivells abans de la pand\u00e8mia de la COVID, segons van indicar durant la quarta edici\u00f3 del f\u00f2rum Restaurant Trends dirigit per Marques de Restauraci\u00f3. I \u00e9s que un dels pilars principals d&#8217;aquesta [&hellip;]\" \/>\n<meta property=\"og:url\" content=\"https:\/\/gremicafe.cat\/es\/2022\/06\/16\/8-de-cada-10-cadenes-de-restauracio-tenen-previst-creixer-en-un-10-aquest-2022\/\" \/>\n<meta property=\"og:site_name\" content=\"Gremi del Caf\u00e8, torradors de Catalunya\" \/>\n<meta property=\"article:publisher\" content=\"https:\/\/www.facebook.com\/gremicafecat\" \/>\n<meta property=\"article:published_time\" content=\"2022-06-16T13:04:42+00:00\" \/>\n<meta property=\"og:image\" content=\"https:\/\/gremicafe.cat\/wp-content\/uploads\/2022\/06\/cafetera-restaurant-gremi-cafe-catalunya.jpg\" \/>\n\t<meta property=\"og:image:width\" content=\"1200\" \/>\n\t<meta property=\"og:image:height\" content=\"801\" \/>\n\t<meta property=\"og:image:type\" content=\"image\/jpeg\" \/>\n<meta name=\"author\" content=\"gremicafe\" \/>\n<meta name=\"twitter:card\" content=\"summary_large_image\" \/>\n<meta name=\"twitter:creator\" content=\"@gremicafecat\" \/>\n<meta name=\"twitter:site\" content=\"@gremicafecat\" \/>\n<meta name=\"twitter:label1\" content=\"Escrito por\" \/>\n\t<meta name=\"twitter:data1\" content=\"gremicafe\" \/>\n\t<meta name=\"twitter:label2\" content=\"Tiempo de lectura\" \/>\n\t<meta name=\"twitter:data2\" content=\"1 minuto\" \/>\n<script type=\"application\/ld+json\" class=\"yoast-schema-graph\">{\"@context\":\"https:\/\/schema.org\",\"@graph\":[{\"@type\":\"Article\",\"@id\":\"https:\/\/gremicafe.cat\/2022\/06\/16\/8-de-cada-10-cadenes-de-restauracio-tenen-previst-creixer-en-un-10-aquest-2022\/#article\",\"isPartOf\":{\"@id\":\"https:\/\/gremicafe.cat\/2022\/06\/16\/8-de-cada-10-cadenes-de-restauracio-tenen-previst-creixer-en-un-10-aquest-2022\/\"},\"author\":{\"name\":\"gremicafe\",\"@id\":\"https:\/\/gremicafe.cat\/#\/schema\/person\/dabfdbb3d0fa36260855a380f94e4733\"},\"headline\":\"8 de cada 10 cadenes de restauraci\u00f3 tenen previst cr\u00e9ixer en un 10% aquest 2022\",\"datePublished\":\"2022-06-16T13:04:42+00:00\",\"mainEntityOfPage\":{\"@id\":\"https:\/\/gremicafe.cat\/2022\/06\/16\/8-de-cada-10-cadenes-de-restauracio-tenen-previst-creixer-en-un-10-aquest-2022\/\"},\"wordCount\":140,\"publisher\":{\"@id\":\"https:\/\/gremicafe.cat\/#organization\"},\"image\":{\"@id\":\"https:\/\/gremicafe.cat\/2022\/06\/16\/8-de-cada-10-cadenes-de-restauracio-tenen-previst-creixer-en-un-10-aquest-2022\/#primaryimage\"},\"thumbnailUrl\":\"https:\/\/gremicafe.cat\/wp-content\/uploads\/2022\/06\/cafetera-restaurant-gremi-cafe-catalunya.jpg\",\"articleSection\":[\"Not\u00edcies\"],\"inLanguage\":\"es\"},{\"@type\":\"WebPage\",\"@id\":\"https:\/\/gremicafe.cat\/2022\/06\/16\/8-de-cada-10-cadenes-de-restauracio-tenen-previst-creixer-en-un-10-aquest-2022\/\",\"url\":\"https:\/\/gremicafe.cat\/2022\/06\/16\/8-de-cada-10-cadenes-de-restauracio-tenen-previst-creixer-en-un-10-aquest-2022\/\",\"name\":\"8 de cada 10 cadenes de restauraci\u00f3 tenen previst cr\u00e9ixer en un 10% aquest 2022 - Gremi del Caf\u00e8, torradors de Catalunya\",\"isPartOf\":{\"@id\":\"https:\/\/gremicafe.cat\/#website\"},\"primaryImageOfPage\":{\"@id\":\"https:\/\/gremicafe.cat\/2022\/06\/16\/8-de-cada-10-cadenes-de-restauracio-tenen-previst-creixer-en-un-10-aquest-2022\/#primaryimage\"},\"image\":{\"@id\":\"https:\/\/gremicafe.cat\/2022\/06\/16\/8-de-cada-10-cadenes-de-restauracio-tenen-previst-creixer-en-un-10-aquest-2022\/#primaryimage\"},\"thumbnailUrl\":\"https:\/\/gremicafe.cat\/wp-content\/uploads\/2022\/06\/cafetera-restaurant-gremi-cafe-catalunya.jpg\",\"datePublished\":\"2022-06-16T13:04:42+00:00\",\"breadcrumb\":{\"@id\":\"https:\/\/gremicafe.cat\/2022\/06\/16\/8-de-cada-10-cadenes-de-restauracio-tenen-previst-creixer-en-un-10-aquest-2022\/#breadcrumb\"},\"inLanguage\":\"es\",\"potentialAction\":[{\"@type\":\"ReadAction\",\"target\":[\"https:\/\/gremicafe.cat\/2022\/06\/16\/8-de-cada-10-cadenes-de-restauracio-tenen-previst-creixer-en-un-10-aquest-2022\/\"]}]},{\"@type\":\"ImageObject\",\"inLanguage\":\"es\",\"@id\":\"https:\/\/gremicafe.cat\/2022\/06\/16\/8-de-cada-10-cadenes-de-restauracio-tenen-previst-creixer-en-un-10-aquest-2022\/#primaryimage\",\"url\":\"https:\/\/gremicafe.cat\/wp-content\/uploads\/2022\/06\/cafetera-restaurant-gremi-cafe-catalunya.jpg\",\"contentUrl\":\"https:\/\/gremicafe.cat\/wp-content\/uploads\/2022\/06\/cafetera-restaurant-gremi-cafe-catalunya.jpg\",\"width\":1200,\"height\":801,\"caption\":\"cafetera restaurant gremi cafe catalunya\"},{\"@type\":\"BreadcrumbList\",\"@id\":\"https:\/\/gremicafe.cat\/2022\/06\/16\/8-de-cada-10-cadenes-de-restauracio-tenen-previst-creixer-en-un-10-aquest-2022\/#breadcrumb\",\"itemListElement\":[{\"@type\":\"ListItem\",\"position\":1,\"name\":\"Inici\",\"item\":\"https:\/\/gremicafe.cat\/\"},{\"@type\":\"ListItem\",\"position\":2,\"name\":\"8 de cada 10 cadenes de restauraci\u00f3 tenen previst cr\u00e9ixer en un 10% aquest 2022\"}]},{\"@type\":\"WebSite\",\"@id\":\"https:\/\/gremicafe.cat\/#website\",\"url\":\"https:\/\/gremicafe.cat\/\",\"name\":\"Gremi del Caf\u00e8, torradors de Catalunya\",\"description\":\"Web oficial del gremi de torradors de caf\u00e8 de Catalunya\",\"publisher\":{\"@id\":\"https:\/\/gremicafe.cat\/#organization\"},\"potentialAction\":[{\"@type\":\"SearchAction\",\"target\":{\"@type\":\"EntryPoint\",\"urlTemplate\":\"https:\/\/gremicafe.cat\/?s={search_term_string}\"},\"query-input\":{\"@type\":\"PropertyValueSpecification\",\"valueRequired\":true,\"valueName\":\"search_term_string\"}}],\"inLanguage\":\"es\"},{\"@type\":\"Organization\",\"@id\":\"https:\/\/gremicafe.cat\/#organization\",\"name\":\"Gremi del Caf\u00e8, Torradors de Catalunya\",\"url\":\"https:\/\/gremicafe.cat\/\",\"logo\":{\"@type\":\"ImageObject\",\"inLanguage\":\"es\",\"@id\":\"https:\/\/gremicafe.cat\/#\/schema\/logo\/image\/\",\"url\":\"https:\/\/gremicafe.cat\/wp-content\/uploads\/2018\/03\/gremicafe-logo250.png\",\"contentUrl\":\"https:\/\/gremicafe.cat\/wp-content\/uploads\/2018\/03\/gremicafe-logo250.png\",\"width\":250,\"height\":49,\"caption\":\"Gremi del Caf\u00e8, Torradors de Catalunya\"},\"image\":{\"@id\":\"https:\/\/gremicafe.cat\/#\/schema\/logo\/image\/\"},\"sameAs\":[\"https:\/\/www.facebook.com\/gremicafecat\",\"https:\/\/x.com\/gremicafecat\",\"https:\/\/www.instagram.com\/gremicafecat\/\",\"https:\/\/www.pinterest.es\/gremicafecat\/\",\"https:\/\/www.youtube.com\/channel\/UCGLo5Y35vLwLvP4FrPZrCrw\/\"]},{\"@type\":\"Person\",\"@id\":\"https:\/\/gremicafe.cat\/#\/schema\/person\/dabfdbb3d0fa36260855a380f94e4733\",\"name\":\"gremicafe\",\"image\":{\"@type\":\"ImageObject\",\"inLanguage\":\"es\",\"@id\":\"https:\/\/gremicafe.cat\/#\/schema\/person\/image\/\",\"url\":\"https:\/\/secure.gravatar.com\/avatar\/e59baa4ca8f6f97576d6375fb6d3c8f0?s=96&d=mm&r=g\",\"contentUrl\":\"https:\/\/secure.gravatar.com\/avatar\/e59baa4ca8f6f97576d6375fb6d3c8f0?s=96&d=mm&r=g\",\"caption\":\"gremicafe\"}}]}<\/script>\n<!-- \/ Yoast SEO plugin. -->","yoast_head_json":{"title":"8 de cada 10 cadenes de restauraci\u00f3 tenen previst cr\u00e9ixer en un 10% aquest 2022 - Gremi del Caf\u00e8, torradors de Catalunya","robots":{"index":"index","follow":"follow","max-snippet":"max-snippet:-1","max-image-preview":"max-image-preview:large","max-video-preview":"max-video-preview:-1"},"canonical":"https:\/\/gremicafe.cat\/es\/2022\/06\/16\/8-de-cada-10-cadenes-de-restauracio-tenen-previst-creixer-en-un-10-aquest-2022\/","og_locale":"es_ES","og_type":"article","og_title":"8 de cada 10 cadenes de restauraci\u00f3 tenen previst cr\u00e9ixer en un 10% aquest 2022 - Gremi del Caf\u00e8, torradors de Catalunya","og_description":"&nbsp; Les marques de restauraci\u00f3 van tancar l&#8217;any 2021 amb 7.576 milions d&#8217;euros en vendes, tan sols, un 1% menys que en els nivells abans de la pand\u00e8mia de la COVID, segons van indicar durant la quarta edici\u00f3 del f\u00f2rum Restaurant Trends dirigit per Marques de Restauraci\u00f3. I \u00e9s que un dels pilars principals d&#8217;aquesta [&hellip;]","og_url":"https:\/\/gremicafe.cat\/es\/2022\/06\/16\/8-de-cada-10-cadenes-de-restauracio-tenen-previst-creixer-en-un-10-aquest-2022\/","og_site_name":"Gremi del Caf\u00e8, torradors de Catalunya","article_publisher":"https:\/\/www.facebook.com\/gremicafecat","article_published_time":"2022-06-16T13:04:42+00:00","og_image":[{"width":1200,"height":801,"url":"https:\/\/gremicafe.cat\/wp-content\/uploads\/2022\/06\/cafetera-restaurant-gremi-cafe-catalunya.jpg","type":"image\/jpeg"}],"author":"gremicafe","twitter_card":"summary_large_image","twitter_creator":"@gremicafecat","twitter_site":"@gremicafecat","twitter_misc":{"Escrito por":"gremicafe","Tiempo de lectura":"1 minuto"},"schema":{"@context":"https:\/\/schema.org","@graph":[{"@type":"Article","@id":"https:\/\/gremicafe.cat\/2022\/06\/16\/8-de-cada-10-cadenes-de-restauracio-tenen-previst-creixer-en-un-10-aquest-2022\/#article","isPartOf":{"@id":"https:\/\/gremicafe.cat\/2022\/06\/16\/8-de-cada-10-cadenes-de-restauracio-tenen-previst-creixer-en-un-10-aquest-2022\/"},"author":{"name":"gremicafe","@id":"https:\/\/gremicafe.cat\/#\/schema\/person\/dabfdbb3d0fa36260855a380f94e4733"},"headline":"8 de cada 10 cadenes de restauraci\u00f3 tenen previst cr\u00e9ixer en un 10% aquest 2022","datePublished":"2022-06-16T13:04:42+00:00","mainEntityOfPage":{"@id":"https:\/\/gremicafe.cat\/2022\/06\/16\/8-de-cada-10-cadenes-de-restauracio-tenen-previst-creixer-en-un-10-aquest-2022\/"},"wordCount":140,"publisher":{"@id":"https:\/\/gremicafe.cat\/#organization"},"image":{"@id":"https:\/\/gremicafe.cat\/2022\/06\/16\/8-de-cada-10-cadenes-de-restauracio-tenen-previst-creixer-en-un-10-aquest-2022\/#primaryimage"},"thumbnailUrl":"https:\/\/gremicafe.cat\/wp-content\/uploads\/2022\/06\/cafetera-restaurant-gremi-cafe-catalunya.jpg","articleSection":["Not\u00edcies"],"inLanguage":"es"},{"@type":"WebPage","@id":"https:\/\/gremicafe.cat\/2022\/06\/16\/8-de-cada-10-cadenes-de-restauracio-tenen-previst-creixer-en-un-10-aquest-2022\/","url":"https:\/\/gremicafe.cat\/2022\/06\/16\/8-de-cada-10-cadenes-de-restauracio-tenen-previst-creixer-en-un-10-aquest-2022\/","name":"8 de cada 10 cadenes de restauraci\u00f3 tenen previst cr\u00e9ixer en un 10% aquest 2022 - Gremi del Caf\u00e8, torradors de Catalunya","isPartOf":{"@id":"https:\/\/gremicafe.cat\/#website"},"primaryImageOfPage":{"@id":"https:\/\/gremicafe.cat\/2022\/06\/16\/8-de-cada-10-cadenes-de-restauracio-tenen-previst-creixer-en-un-10-aquest-2022\/#primaryimage"},"image":{"@id":"https:\/\/gremicafe.cat\/2022\/06\/16\/8-de-cada-10-cadenes-de-restauracio-tenen-previst-creixer-en-un-10-aquest-2022\/#primaryimage"},"thumbnailUrl":"https:\/\/gremicafe.cat\/wp-content\/uploads\/2022\/06\/cafetera-restaurant-gremi-cafe-catalunya.jpg","datePublished":"2022-06-16T13:04:42+00:00","breadcrumb":{"@id":"https:\/\/gremicafe.cat\/2022\/06\/16\/8-de-cada-10-cadenes-de-restauracio-tenen-previst-creixer-en-un-10-aquest-2022\/#breadcrumb"},"inLanguage":"es","potentialAction":[{"@type":"ReadAction","target":["https:\/\/gremicafe.cat\/2022\/06\/16\/8-de-cada-10-cadenes-de-restauracio-tenen-previst-creixer-en-un-10-aquest-2022\/"]}]},{"@type":"ImageObject","inLanguage":"es","@id":"https:\/\/gremicafe.cat\/2022\/06\/16\/8-de-cada-10-cadenes-de-restauracio-tenen-previst-creixer-en-un-10-aquest-2022\/#primaryimage","url":"https:\/\/gremicafe.cat\/wp-content\/uploads\/2022\/06\/cafetera-restaurant-gremi-cafe-catalunya.jpg","contentUrl":"https:\/\/gremicafe.cat\/wp-content\/uploads\/2022\/06\/cafetera-restaurant-gremi-cafe-catalunya.jpg","width":1200,"height":801,"caption":"cafetera restaurant gremi cafe catalunya"},{"@type":"BreadcrumbList","@id":"https:\/\/gremicafe.cat\/2022\/06\/16\/8-de-cada-10-cadenes-de-restauracio-tenen-previst-creixer-en-un-10-aquest-2022\/#breadcrumb","itemListElement":[{"@type":"ListItem","position":1,"name":"Inici","item":"https:\/\/gremicafe.cat\/"},{"@type":"ListItem","position":2,"name":"8 de cada 10 cadenes de restauraci\u00f3 tenen previst cr\u00e9ixer en un 10% aquest 2022"}]},{"@type":"WebSite","@id":"https:\/\/gremicafe.cat\/#website","url":"https:\/\/gremicafe.cat\/","name":"Gremio del Caf\u00e9, tostadores de Catalu\u00f1a","description":"Web oficial del gremio de tostadores de caf\u00e9 de Catalunya","publisher":{"@id":"https:\/\/gremicafe.cat\/#organization"},"potentialAction":[{"@type":"SearchAction","target":{"@type":"EntryPoint","urlTemplate":"https:\/\/gremicafe.cat\/?s={search_term_string}"},"query-input":{"@type":"PropertyValueSpecification","valueRequired":true,"valueName":"search_term_string"}}],"inLanguage":"es"},{"@type":"Organization","@id":"https:\/\/gremicafe.cat\/#organization","name":"Gremio del Caf\u00e9, Tostadores de Catalu\u00f1a","url":"https:\/\/gremicafe.cat\/","logo":{"@type":"ImageObject","inLanguage":"es","@id":"https:\/\/gremicafe.cat\/#\/schema\/logo\/image\/","url":"https:\/\/gremicafe.cat\/wp-content\/uploads\/2018\/03\/gremicafe-logo250.png","contentUrl":"https:\/\/gremicafe.cat\/wp-content\/uploads\/2018\/03\/gremicafe-logo250.png","width":250,"height":49,"caption":"Gremi del Caf\u00e8, Torradors de Catalunya"},"image":{"@id":"https:\/\/gremicafe.cat\/#\/schema\/logo\/image\/"},"sameAs":["https:\/\/www.facebook.com\/gremicafecat","https:\/\/x.com\/gremicafecat","https:\/\/www.instagram.com\/gremicafecat\/","https:\/\/www.pinterest.es\/gremicafecat\/","https:\/\/www.youtube.com\/channel\/UCGLo5Y35vLwLvP4FrPZrCrw\/"]},{"@type":"Person","@id":"https:\/\/gremicafe.cat\/#\/schema\/person\/dabfdbb3d0fa36260855a380f94e4733","name":"gremicafe","image":{"@type":"ImageObject","inLanguage":"es","@id":"https:\/\/gremicafe.cat\/#\/schema\/person\/image\/","url":"https:\/\/secure.gravatar.com\/avatar\/e59baa4ca8f6f97576d6375fb6d3c8f0?s=96&d=mm&r=g","contentUrl":"https:\/\/secure.gravatar.com\/avatar\/e59baa4ca8f6f97576d6375fb6d3c8f0?s=96&d=mm&r=g","caption":"gremicafe"}}]}},"_links":{"self":[{"href":"https:\/\/gremicafe.cat\/es\/wp-json\/wp\/v2\/posts\/6616"}],"collection":[{"href":"https:\/\/gremicafe.cat\/es\/wp-json\/wp\/v2\/posts"}],"about":[{"href":"https:\/\/gremicafe.cat\/es\/wp-json\/wp\/v2\/types\/post"}],"author":[{"embeddable":true,"href":"https:\/\/gremicafe.cat\/es\/wp-json\/wp\/v2\/users\/1"}],"replies":[{"embeddable":true,"href":"https:\/\/gremicafe.cat\/es\/wp-json\/wp\/v2\/comments?post=6616"}],"version-history":[{"count":0,"href":"https:\/\/gremicafe.cat\/es\/wp-json\/wp\/v2\/posts\/6616\/revisions"}],"wp:featuredmedia":[{"embeddable":true,"href":"https:\/\/gremicafe.cat\/es\/wp-json\/wp\/v2\/media\/6617"}],"wp:attachment":[{"href":"https:\/\/gremicafe.cat\/es\/wp-json\/wp\/v2\/media?parent=6616"}],"wp:term":[{"taxonomy":"category","embeddable":true,"href":"https:\/\/gremicafe.cat\/es\/wp-json\/wp\/v2\/categories?post=6616"},{"taxonomy":"post_tag","embeddable":true,"href":"https:\/\/gremicafe.cat\/es\/wp-json\/wp\/v2\/tags?post=6616"}],"curies":[{"name":"wp","href":"https:\/\/api.w.org\/{rel}","templated":true}]}}