{"id":6638,"date":"2022-07-15T09:26:42","date_gmt":"2022-07-15T07:26:42","guid":{"rendered":"https:\/\/gremicafe.cat\/?p=6638"},"modified":"2022-07-15T10:14:18","modified_gmt":"2022-07-15T08:14:18","slug":"cafes-cornella-rep-el-premi-fpcat","status":"publish","type":"post","link":"https:\/\/gremicafe.cat\/es\/2022\/07\/15\/cafes-cornella-rep-el-premi-fpcat\/","title":{"rendered":"Caf\u00e8s Cornell\u00e0 recibe el Premio FPcat"},"content":{"rendered":"<p><img loading=\"lazy\" decoding=\"async\" class=\"aligncenter size-full wp-image-6639\" src=\"https:\/\/gremicafe.cat\/wp-content\/uploads\/2022\/07\/Premi-FPCAT-2021-Cafes-Cornella-GREMI-CAFE.jpeg\" alt=\"premis FPCat Cafes Cornella Gremicafe\" width=\"1024\" height=\"683\" srcset=\"https:\/\/gremicafe.cat\/wp-content\/uploads\/2022\/07\/Premi-FPCAT-2021-Cafes-Cornella-GREMI-CAFE.jpeg 1024w, https:\/\/gremicafe.cat\/wp-content\/uploads\/2022\/07\/Premi-FPCAT-2021-Cafes-Cornella-GREMI-CAFE-768x512.jpeg 768w\" sizes=\"(max-width: 1024px) 100vw, 1024px\" \/><\/p>\n<p>&nbsp;<\/p>\n<p>&nbsp;<\/p>\n<p><a href=\"https:\/\/cafescornella.coffee\/premi-fpcat-per-a-cafes-cornella\/\"><strong>Caf\u00e9s Cornell\u00e0<\/strong><\/a> apuesta con la formaci\u00f3n profesional desde el a\u00f1o 2000, a\u00f1o en el que cre\u00f3 su primera aula de formaci\u00f3n. Veintid\u00f3s a\u00f1os despu\u00e9s, <strong>Caf\u00e9s Cornell\u00e0<\/strong> ha sido reconocido con el premio FPCat.<\/p>\n<p>&nbsp;<\/p>\n<p><strong>Premios FPCat<\/strong><\/p>\n<p>Los <a href=\"https:\/\/fp.gencat.cat\/ca\/actualitat\/premis-fpcat\/\"><strong>Premios #FPCAT 2021<\/strong><\/a> reconocen las buenas pr\u00e1cticas y la contribuci\u00f3n a la construcci\u00f3n de una formaci\u00f3n profesional de calidad.<\/p>\n<p>Conscientes de la importancia que tiene la formaci\u00f3n profesional para el Pa\u00eds se reconocen, valoran y fomentan las buenas pr\u00e1cticas en las trayectorias individuales; en los centros formativos, que imparten formaci\u00f3n profesional inicial u ocupacional; a las empresas y otras entidades; a las personas usuarias de centros de formaci\u00f3n profesional y al premio a la investigaci\u00f3n en el campo de la formaci\u00f3n profesional.<\/p>\n<p>&nbsp;<\/p>\n<p>Fuente foto y noticia: <a href=\"https:\/\/cafescornella.coffee\/premi-fpcat-per-a-cafes-cornella\/\"><strong>Caf\u00e9s Cornell\u00e0<\/strong><\/a> y <a href=\"https:\/\/fp.gencat.cat\/ca\/actualitat\/premis-fpcat\/\">Gencat.cat<\/a><\/p>","protected":false},"excerpt":{"rendered":"<p>&nbsp; &nbsp; Caf\u00e8s Cornell\u00e0 aposta amb la formaci\u00f3 professional des de l&#8217;any 2000, any en qu\u00e8 va crear la seva primera aula de formaci\u00f3. Vint-i-dos anys despr\u00e9s, Caf\u00e8s Cornell\u00e0 ha estat reconegut amb el premi FPCat. &nbsp; Premis FPCat Els Premis #FPCAT 2021 reconeixen les bones pr\u00e0ctiques i la contribuci\u00f3 a la construcci\u00f3 d&#8217;una formaci\u00f3 [&hellip;]<\/p>\n","protected":false},"author":1,"featured_media":6639,"comment_status":"closed","ping_status":"open","sticky":false,"template":"","format":"standard","meta":{"_acf_changed":false,"inline_featured_image":false,"footnotes":""},"categories":[1],"tags":[],"class_list":["post-6638","post","type-post","status-publish","format-standard","has-post-thumbnail","hentry","category-noticies"],"acf":[],"yoast_head":"<!-- This site is optimized with the Yoast SEO plugin v25.5 - https:\/\/yoast.com\/wordpress\/plugins\/seo\/ -->\n<title>Caf\u00e8s Cornell\u00e0 rep el Premi FPcat - Gremi del Caf\u00e8, torradors de Catalunya<\/title>\n<meta name=\"robots\" content=\"index, follow, max-snippet:-1, max-image-preview:large, max-video-preview:-1\" \/>\n<link rel=\"canonical\" href=\"https:\/\/gremicafe.cat\/es\/2022\/07\/15\/cafes-cornella-rep-el-premi-fpcat\/\" \/>\n<meta property=\"og:locale\" content=\"es_ES\" \/>\n<meta property=\"og:type\" content=\"article\" \/>\n<meta property=\"og:title\" content=\"Caf\u00e8s Cornell\u00e0 rep el Premi FPcat - Gremi del Caf\u00e8, torradors de Catalunya\" \/>\n<meta property=\"og:description\" content=\"&nbsp; &nbsp; Caf\u00e8s Cornell\u00e0 aposta amb la formaci\u00f3 professional des de l&#8217;any 2000, any en qu\u00e8 va crear la seva primera aula de formaci\u00f3. Vint-i-dos anys despr\u00e9s, Caf\u00e8s Cornell\u00e0 ha estat reconegut amb el premi FPCat. &nbsp; Premis FPCat Els Premis #FPCAT 2021 reconeixen les bones pr\u00e0ctiques i la contribuci\u00f3 a la construcci\u00f3 d&#8217;una formaci\u00f3 [&hellip;]\" \/>\n<meta property=\"og:url\" content=\"https:\/\/gremicafe.cat\/es\/2022\/07\/15\/cafes-cornella-rep-el-premi-fpcat\/\" \/>\n<meta property=\"og:site_name\" content=\"Gremi del Caf\u00e8, torradors de Catalunya\" \/>\n<meta property=\"article:publisher\" content=\"https:\/\/www.facebook.com\/gremicafecat\" \/>\n<meta property=\"article:published_time\" content=\"2022-07-15T07:26:42+00:00\" \/>\n<meta property=\"article:modified_time\" content=\"2022-07-15T08:14:18+00:00\" \/>\n<meta property=\"og:image\" content=\"https:\/\/gremicafe.cat\/wp-content\/uploads\/2022\/07\/Premi-FPCAT-2021-Cafes-Cornella-GREMI-CAFE.jpeg\" \/>\n\t<meta property=\"og:image:width\" content=\"1024\" \/>\n\t<meta property=\"og:image:height\" content=\"683\" \/>\n\t<meta property=\"og:image:type\" content=\"image\/jpeg\" \/>\n<meta name=\"author\" content=\"gremicafe\" \/>\n<meta name=\"twitter:card\" content=\"summary_large_image\" \/>\n<meta name=\"twitter:creator\" content=\"@gremicafecat\" \/>\n<meta name=\"twitter:site\" content=\"@gremicafecat\" \/>\n<meta name=\"twitter:label1\" content=\"Escrito por\" \/>\n\t<meta name=\"twitter:data1\" content=\"gremicafe\" \/>\n\t<meta name=\"twitter:label2\" content=\"Tiempo de lectura\" \/>\n\t<meta name=\"twitter:data2\" content=\"1 minuto\" \/>\n<script type=\"application\/ld+json\" class=\"yoast-schema-graph\">{\"@context\":\"https:\/\/schema.org\",\"@graph\":[{\"@type\":\"Article\",\"@id\":\"https:\/\/gremicafe.cat\/2022\/07\/15\/cafes-cornella-rep-el-premi-fpcat\/#article\",\"isPartOf\":{\"@id\":\"https:\/\/gremicafe.cat\/2022\/07\/15\/cafes-cornella-rep-el-premi-fpcat\/\"},\"author\":{\"name\":\"gremicafe\",\"@id\":\"https:\/\/gremicafe.cat\/#\/schema\/person\/dabfdbb3d0fa36260855a380f94e4733\"},\"headline\":\"Caf\u00e8s Cornell\u00e0 rep el Premi FPcat\",\"datePublished\":\"2022-07-15T07:26:42+00:00\",\"dateModified\":\"2022-07-15T08:14:18+00:00\",\"mainEntityOfPage\":{\"@id\":\"https:\/\/gremicafe.cat\/2022\/07\/15\/cafes-cornella-rep-el-premi-fpcat\/\"},\"wordCount\":146,\"publisher\":{\"@id\":\"https:\/\/gremicafe.cat\/#organization\"},\"image\":{\"@id\":\"https:\/\/gremicafe.cat\/2022\/07\/15\/cafes-cornella-rep-el-premi-fpcat\/#primaryimage\"},\"thumbnailUrl\":\"https:\/\/gremicafe.cat\/wp-content\/uploads\/2022\/07\/Premi-FPCAT-2021-Cafes-Cornella-GREMI-CAFE.jpeg\",\"articleSection\":[\"Not\u00edcies\"],\"inLanguage\":\"es\"},{\"@type\":\"WebPage\",\"@id\":\"https:\/\/gremicafe.cat\/2022\/07\/15\/cafes-cornella-rep-el-premi-fpcat\/\",\"url\":\"https:\/\/gremicafe.cat\/2022\/07\/15\/cafes-cornella-rep-el-premi-fpcat\/\",\"name\":\"Caf\u00e8s Cornell\u00e0 rep el Premi FPcat - Gremi del Caf\u00e8, torradors de Catalunya\",\"isPartOf\":{\"@id\":\"https:\/\/gremicafe.cat\/#website\"},\"primaryImageOfPage\":{\"@id\":\"https:\/\/gremicafe.cat\/2022\/07\/15\/cafes-cornella-rep-el-premi-fpcat\/#primaryimage\"},\"image\":{\"@id\":\"https:\/\/gremicafe.cat\/2022\/07\/15\/cafes-cornella-rep-el-premi-fpcat\/#primaryimage\"},\"thumbnailUrl\":\"https:\/\/gremicafe.cat\/wp-content\/uploads\/2022\/07\/Premi-FPCAT-2021-Cafes-Cornella-GREMI-CAFE.jpeg\",\"datePublished\":\"2022-07-15T07:26:42+00:00\",\"dateModified\":\"2022-07-15T08:14:18+00:00\",\"breadcrumb\":{\"@id\":\"https:\/\/gremicafe.cat\/2022\/07\/15\/cafes-cornella-rep-el-premi-fpcat\/#breadcrumb\"},\"inLanguage\":\"es\",\"potentialAction\":[{\"@type\":\"ReadAction\",\"target\":[\"https:\/\/gremicafe.cat\/2022\/07\/15\/cafes-cornella-rep-el-premi-fpcat\/\"]}]},{\"@type\":\"ImageObject\",\"inLanguage\":\"es\",\"@id\":\"https:\/\/gremicafe.cat\/2022\/07\/15\/cafes-cornella-rep-el-premi-fpcat\/#primaryimage\",\"url\":\"https:\/\/gremicafe.cat\/wp-content\/uploads\/2022\/07\/Premi-FPCAT-2021-Cafes-Cornella-GREMI-CAFE.jpeg\",\"contentUrl\":\"https:\/\/gremicafe.cat\/wp-content\/uploads\/2022\/07\/Premi-FPCAT-2021-Cafes-Cornella-GREMI-CAFE.jpeg\",\"width\":1024,\"height\":683,\"caption\":\"premis FPCat Cafes Cornella Gremicafe\"},{\"@type\":\"BreadcrumbList\",\"@id\":\"https:\/\/gremicafe.cat\/2022\/07\/15\/cafes-cornella-rep-el-premi-fpcat\/#breadcrumb\",\"itemListElement\":[{\"@type\":\"ListItem\",\"position\":1,\"name\":\"Inici\",\"item\":\"https:\/\/gremicafe.cat\/\"},{\"@type\":\"ListItem\",\"position\":2,\"name\":\"Caf\u00e8s Cornell\u00e0 rep el Premi FPcat\"}]},{\"@type\":\"WebSite\",\"@id\":\"https:\/\/gremicafe.cat\/#website\",\"url\":\"https:\/\/gremicafe.cat\/\",\"name\":\"Gremi del Caf\u00e8, torradors de Catalunya\",\"description\":\"Web oficial del gremi de torradors de caf\u00e8 de Catalunya\",\"publisher\":{\"@id\":\"https:\/\/gremicafe.cat\/#organization\"},\"potentialAction\":[{\"@type\":\"SearchAction\",\"target\":{\"@type\":\"EntryPoint\",\"urlTemplate\":\"https:\/\/gremicafe.cat\/?s={search_term_string}\"},\"query-input\":{\"@type\":\"PropertyValueSpecification\",\"valueRequired\":true,\"valueName\":\"search_term_string\"}}],\"inLanguage\":\"es\"},{\"@type\":\"Organization\",\"@id\":\"https:\/\/gremicafe.cat\/#organization\",\"name\":\"Gremi del Caf\u00e8, Torradors de Catalunya\",\"url\":\"https:\/\/gremicafe.cat\/\",\"logo\":{\"@type\":\"ImageObject\",\"inLanguage\":\"es\",\"@id\":\"https:\/\/gremicafe.cat\/#\/schema\/logo\/image\/\",\"url\":\"https:\/\/gremicafe.cat\/wp-content\/uploads\/2018\/03\/gremicafe-logo250.png\",\"contentUrl\":\"https:\/\/gremicafe.cat\/wp-content\/uploads\/2018\/03\/gremicafe-logo250.png\",\"width\":250,\"height\":49,\"caption\":\"Gremi del Caf\u00e8, Torradors de Catalunya\"},\"image\":{\"@id\":\"https:\/\/gremicafe.cat\/#\/schema\/logo\/image\/\"},\"sameAs\":[\"https:\/\/www.facebook.com\/gremicafecat\",\"https:\/\/x.com\/gremicafecat\",\"https:\/\/www.instagram.com\/gremicafecat\/\",\"https:\/\/www.pinterest.es\/gremicafecat\/\",\"https:\/\/www.youtube.com\/channel\/UCGLo5Y35vLwLvP4FrPZrCrw\/\"]},{\"@type\":\"Person\",\"@id\":\"https:\/\/gremicafe.cat\/#\/schema\/person\/dabfdbb3d0fa36260855a380f94e4733\",\"name\":\"gremicafe\",\"image\":{\"@type\":\"ImageObject\",\"inLanguage\":\"es\",\"@id\":\"https:\/\/gremicafe.cat\/#\/schema\/person\/image\/\",\"url\":\"https:\/\/secure.gravatar.com\/avatar\/e59baa4ca8f6f97576d6375fb6d3c8f0?s=96&d=mm&r=g\",\"contentUrl\":\"https:\/\/secure.gravatar.com\/avatar\/e59baa4ca8f6f97576d6375fb6d3c8f0?s=96&d=mm&r=g\",\"caption\":\"gremicafe\"}}]}<\/script>\n<!-- \/ Yoast SEO plugin. -->","yoast_head_json":{"title":"Caf\u00e8s Cornell\u00e0 rep el Premi FPcat - Gremi del Caf\u00e8, torradors de Catalunya","robots":{"index":"index","follow":"follow","max-snippet":"max-snippet:-1","max-image-preview":"max-image-preview:large","max-video-preview":"max-video-preview:-1"},"canonical":"https:\/\/gremicafe.cat\/es\/2022\/07\/15\/cafes-cornella-rep-el-premi-fpcat\/","og_locale":"es_ES","og_type":"article","og_title":"Caf\u00e8s Cornell\u00e0 rep el Premi FPcat - Gremi del Caf\u00e8, torradors de Catalunya","og_description":"&nbsp; &nbsp; Caf\u00e8s Cornell\u00e0 aposta amb la formaci\u00f3 professional des de l&#8217;any 2000, any en qu\u00e8 va crear la seva primera aula de formaci\u00f3. Vint-i-dos anys despr\u00e9s, Caf\u00e8s Cornell\u00e0 ha estat reconegut amb el premi FPCat. &nbsp; Premis FPCat Els Premis #FPCAT 2021 reconeixen les bones pr\u00e0ctiques i la contribuci\u00f3 a la construcci\u00f3 d&#8217;una formaci\u00f3 [&hellip;]","og_url":"https:\/\/gremicafe.cat\/es\/2022\/07\/15\/cafes-cornella-rep-el-premi-fpcat\/","og_site_name":"Gremi del Caf\u00e8, torradors de Catalunya","article_publisher":"https:\/\/www.facebook.com\/gremicafecat","article_published_time":"2022-07-15T07:26:42+00:00","article_modified_time":"2022-07-15T08:14:18+00:00","og_image":[{"width":1024,"height":683,"url":"https:\/\/gremicafe.cat\/wp-content\/uploads\/2022\/07\/Premi-FPCAT-2021-Cafes-Cornella-GREMI-CAFE.jpeg","type":"image\/jpeg"}],"author":"gremicafe","twitter_card":"summary_large_image","twitter_creator":"@gremicafecat","twitter_site":"@gremicafecat","twitter_misc":{"Escrito por":"gremicafe","Tiempo de lectura":"1 minuto"},"schema":{"@context":"https:\/\/schema.org","@graph":[{"@type":"Article","@id":"https:\/\/gremicafe.cat\/2022\/07\/15\/cafes-cornella-rep-el-premi-fpcat\/#article","isPartOf":{"@id":"https:\/\/gremicafe.cat\/2022\/07\/15\/cafes-cornella-rep-el-premi-fpcat\/"},"author":{"name":"gremicafe","@id":"https:\/\/gremicafe.cat\/#\/schema\/person\/dabfdbb3d0fa36260855a380f94e4733"},"headline":"Caf\u00e8s Cornell\u00e0 rep el Premi FPcat","datePublished":"2022-07-15T07:26:42+00:00","dateModified":"2022-07-15T08:14:18+00:00","mainEntityOfPage":{"@id":"https:\/\/gremicafe.cat\/2022\/07\/15\/cafes-cornella-rep-el-premi-fpcat\/"},"wordCount":146,"publisher":{"@id":"https:\/\/gremicafe.cat\/#organization"},"image":{"@id":"https:\/\/gremicafe.cat\/2022\/07\/15\/cafes-cornella-rep-el-premi-fpcat\/#primaryimage"},"thumbnailUrl":"https:\/\/gremicafe.cat\/wp-content\/uploads\/2022\/07\/Premi-FPCAT-2021-Cafes-Cornella-GREMI-CAFE.jpeg","articleSection":["Not\u00edcies"],"inLanguage":"es"},{"@type":"WebPage","@id":"https:\/\/gremicafe.cat\/2022\/07\/15\/cafes-cornella-rep-el-premi-fpcat\/","url":"https:\/\/gremicafe.cat\/2022\/07\/15\/cafes-cornella-rep-el-premi-fpcat\/","name":"Caf\u00e8s Cornell\u00e0 rep el Premi FPcat - Gremi del Caf\u00e8, torradors de Catalunya","isPartOf":{"@id":"https:\/\/gremicafe.cat\/#website"},"primaryImageOfPage":{"@id":"https:\/\/gremicafe.cat\/2022\/07\/15\/cafes-cornella-rep-el-premi-fpcat\/#primaryimage"},"image":{"@id":"https:\/\/gremicafe.cat\/2022\/07\/15\/cafes-cornella-rep-el-premi-fpcat\/#primaryimage"},"thumbnailUrl":"https:\/\/gremicafe.cat\/wp-content\/uploads\/2022\/07\/Premi-FPCAT-2021-Cafes-Cornella-GREMI-CAFE.jpeg","datePublished":"2022-07-15T07:26:42+00:00","dateModified":"2022-07-15T08:14:18+00:00","breadcrumb":{"@id":"https:\/\/gremicafe.cat\/2022\/07\/15\/cafes-cornella-rep-el-premi-fpcat\/#breadcrumb"},"inLanguage":"es","potentialAction":[{"@type":"ReadAction","target":["https:\/\/gremicafe.cat\/2022\/07\/15\/cafes-cornella-rep-el-premi-fpcat\/"]}]},{"@type":"ImageObject","inLanguage":"es","@id":"https:\/\/gremicafe.cat\/2022\/07\/15\/cafes-cornella-rep-el-premi-fpcat\/#primaryimage","url":"https:\/\/gremicafe.cat\/wp-content\/uploads\/2022\/07\/Premi-FPCAT-2021-Cafes-Cornella-GREMI-CAFE.jpeg","contentUrl":"https:\/\/gremicafe.cat\/wp-content\/uploads\/2022\/07\/Premi-FPCAT-2021-Cafes-Cornella-GREMI-CAFE.jpeg","width":1024,"height":683,"caption":"premis FPCat Cafes Cornella Gremicafe"},{"@type":"BreadcrumbList","@id":"https:\/\/gremicafe.cat\/2022\/07\/15\/cafes-cornella-rep-el-premi-fpcat\/#breadcrumb","itemListElement":[{"@type":"ListItem","position":1,"name":"Inici","item":"https:\/\/gremicafe.cat\/"},{"@type":"ListItem","position":2,"name":"Caf\u00e8s Cornell\u00e0 rep el Premi FPcat"}]},{"@type":"WebSite","@id":"https:\/\/gremicafe.cat\/#website","url":"https:\/\/gremicafe.cat\/","name":"Gremio del Caf\u00e9, tostadores de Catalu\u00f1a","description":"Web oficial del gremio de tostadores de caf\u00e9 de Catalunya","publisher":{"@id":"https:\/\/gremicafe.cat\/#organization"},"potentialAction":[{"@type":"SearchAction","target":{"@type":"EntryPoint","urlTemplate":"https:\/\/gremicafe.cat\/?s={search_term_string}"},"query-input":{"@type":"PropertyValueSpecification","valueRequired":true,"valueName":"search_term_string"}}],"inLanguage":"es"},{"@type":"Organization","@id":"https:\/\/gremicafe.cat\/#organization","name":"Gremio del Caf\u00e9, Tostadores de Catalu\u00f1a","url":"https:\/\/gremicafe.cat\/","logo":{"@type":"ImageObject","inLanguage":"es","@id":"https:\/\/gremicafe.cat\/#\/schema\/logo\/image\/","url":"https:\/\/gremicafe.cat\/wp-content\/uploads\/2018\/03\/gremicafe-logo250.png","contentUrl":"https:\/\/gremicafe.cat\/wp-content\/uploads\/2018\/03\/gremicafe-logo250.png","width":250,"height":49,"caption":"Gremi del Caf\u00e8, Torradors de Catalunya"},"image":{"@id":"https:\/\/gremicafe.cat\/#\/schema\/logo\/image\/"},"sameAs":["https:\/\/www.facebook.com\/gremicafecat","https:\/\/x.com\/gremicafecat","https:\/\/www.instagram.com\/gremicafecat\/","https:\/\/www.pinterest.es\/gremicafecat\/","https:\/\/www.youtube.com\/channel\/UCGLo5Y35vLwLvP4FrPZrCrw\/"]},{"@type":"Person","@id":"https:\/\/gremicafe.cat\/#\/schema\/person\/dabfdbb3d0fa36260855a380f94e4733","name":"gremicafe","image":{"@type":"ImageObject","inLanguage":"es","@id":"https:\/\/gremicafe.cat\/#\/schema\/person\/image\/","url":"https:\/\/secure.gravatar.com\/avatar\/e59baa4ca8f6f97576d6375fb6d3c8f0?s=96&d=mm&r=g","contentUrl":"https:\/\/secure.gravatar.com\/avatar\/e59baa4ca8f6f97576d6375fb6d3c8f0?s=96&d=mm&r=g","caption":"gremicafe"}}]}},"_links":{"self":[{"href":"https:\/\/gremicafe.cat\/es\/wp-json\/wp\/v2\/posts\/6638"}],"collection":[{"href":"https:\/\/gremicafe.cat\/es\/wp-json\/wp\/v2\/posts"}],"about":[{"href":"https:\/\/gremicafe.cat\/es\/wp-json\/wp\/v2\/types\/post"}],"author":[{"embeddable":true,"href":"https:\/\/gremicafe.cat\/es\/wp-json\/wp\/v2\/users\/1"}],"replies":[{"embeddable":true,"href":"https:\/\/gremicafe.cat\/es\/wp-json\/wp\/v2\/comments?post=6638"}],"version-history":[{"count":0,"href":"https:\/\/gremicafe.cat\/es\/wp-json\/wp\/v2\/posts\/6638\/revisions"}],"wp:featuredmedia":[{"embeddable":true,"href":"https:\/\/gremicafe.cat\/es\/wp-json\/wp\/v2\/media\/6639"}],"wp:attachment":[{"href":"https:\/\/gremicafe.cat\/es\/wp-json\/wp\/v2\/media?parent=6638"}],"wp:term":[{"taxonomy":"category","embeddable":true,"href":"https:\/\/gremicafe.cat\/es\/wp-json\/wp\/v2\/categories?post=6638"},{"taxonomy":"post_tag","embeddable":true,"href":"https:\/\/gremicafe.cat\/es\/wp-json\/wp\/v2\/tags?post=6638"}],"curies":[{"name":"wp","href":"https:\/\/api.w.org\/{rel}","templated":true}]}}