{"id":6646,"date":"2022-07-24T11:42:53","date_gmt":"2022-07-24T09:42:53","guid":{"rendered":"https:\/\/gremicafe.cat\/?p=6646"},"modified":"2022-07-15T12:19:42","modified_gmt":"2022-07-15T10:19:42","slug":"els-ocells-i-les-abelles-ajuden-a-la-produccio-del-cafe","status":"publish","type":"post","link":"https:\/\/gremicafe.cat\/es\/2022\/07\/24\/els-ocells-i-les-abelles-ajuden-a-la-produccio-del-cafe\/","title":{"rendered":"Los p\u00e1jaros y las abejas ayudan a la producci\u00f3n del caf\u00e9"},"content":{"rendered":"<p><img loading=\"lazy\" decoding=\"async\" class=\"aligncenter size-full wp-image-6648\" src=\"https:\/\/gremicafe.cat\/wp-content\/uploads\/2022\/07\/abelles-gremi-cafe.jpg\" alt=\"abelles produccio cafe gremi cafe\" width=\"1200\" height=\"900\" srcset=\"https:\/\/gremicafe.cat\/wp-content\/uploads\/2022\/07\/abelles-gremi-cafe.jpg 1200w, https:\/\/gremicafe.cat\/wp-content\/uploads\/2022\/07\/abelles-gremi-cafe-768x576.jpg 768w, https:\/\/gremicafe.cat\/wp-content\/uploads\/2022\/07\/abelles-gremi-cafe-960x720.jpg 960w\" sizes=\"(max-width: 1200px) 100vw, 1200px\" \/><\/p>\n<p>&nbsp;<\/p>\n<blockquote><p><strong>Sin los p\u00e1jaros y abejas, los agricultores de caf\u00e9 ver\u00edan una ca\u00edda del 25% de los rendimientos de los cultivos, una p\u00e9rdida de aproximadamente 1.066 d\u00f3lares por hect\u00e1rea de caf\u00e9.<\/strong><\/p><\/blockquote>\n<p>&nbsp;<\/p>\n<p>Un nuevo estudio innovador descubre que los granos de caf\u00e9 son mayores y m\u00e1s abundantes cuando las aves y las abejas se unen para proteger y polinizar las plantas de caf\u00e9.<\/p>\n<p>Este estudio es importante para la <strong>industria del caf\u00e9<\/strong> que mueve 26.000 millones de d\u00f3lares, incluyendo a los consumidores, agricultores y las corporaciones que dependen de la mano de obra no remunerada de la naturaleza.<\/p>\n<p>El estudio en las <strong><em>Actas de la Academia Nacional de Ciencias<\/em><\/strong> es lo primero que muestra, utilizando experimentos del mundo real en <strong>30 granjas de caf\u00e9<\/strong>, que las contribuciones de la naturaleza, en este caso, la polinizaci\u00f3n de las abejas y el control de plagas por parte de los p\u00e1jaros, son mayores combinadas que sus aportaciones individuales.<\/p>\n<p>Para el experimento, investigadores de Am\u00e9rica Latina y Estados Unidos manipularon plantas de caf\u00e9 en 30 granjas, excluyendo p\u00e1jaros y abejas con una combinaci\u00f3n de redes grandes y bolsas peque\u00f1as de encaje. Probaron cuatro escenarios clave: la actividad de los p\u00e1jaros solos (control de plagas), la actividad de las abejas solos (polinizaci\u00f3n), ninguna actividad de aves y abejas y, finalmente, un entorno natural, donde las abejas y los p\u00e1jaros eran libres de polinizar y comer insectos como el barrenador del caf\u00e9, una de las plagas m\u00e1s perjudiciales que afectan a la producci\u00f3n de caf\u00e9 en todo el mundo.<\/p>\n<p>El estudio muestra que los efectos positivos combinados de los p\u00e1jaros y las abejas sobre el conjunto de la fruta, el peso de la fruta y la uniformidad de la fruta, factores clave en la calidad y el precio, fueron mayores que sus efectos individuales. Sin p\u00e1jaros y abejas, el rendimiento medio disminuy\u00f3 casi un 25%, valorado en aproximadamente 1.066 d\u00f3lares por hect\u00e1rea.<\/p>\n<p>&nbsp;<\/p>\n<p>Fuente de la noticia: <a href=\"https:\/\/www.sciencedaily.com\/releases\/2022\/04\/220404152702.htm\">Science Daily<\/a><\/p>\n<p>&nbsp;<\/p>","protected":false},"excerpt":{"rendered":"<p>&nbsp; Sense els ocells i les abelles, els agricultors de caf\u00e8 veurien una caiguda del 25% dels rendiments dels cultius, una p\u00e8rdua d&#8217;aproximadament 1.066 d\u00f2lars per hect\u00e0rea de caf\u00e8. &nbsp; Un nou estudi innovador descobreix que els grans de caf\u00e8 s\u00f3n m\u00e9s grans i m\u00e9s abundants quan els ocells i les abelles s&#8217;uneixen per protegir [&hellip;]<\/p>\n","protected":false},"author":1,"featured_media":6648,"comment_status":"closed","ping_status":"open","sticky":false,"template":"","format":"standard","meta":{"_acf_changed":false,"inline_featured_image":false,"footnotes":""},"categories":[1],"tags":[],"class_list":["post-6646","post","type-post","status-publish","format-standard","has-post-thumbnail","hentry","category-noticies"],"acf":[],"yoast_head":"<!-- This site is optimized with the Yoast SEO plugin v25.5 - https:\/\/yoast.com\/wordpress\/plugins\/seo\/ -->\n<title>Els ocells i les abelles ajuden a la producci\u00f3 del caf\u00e8 - Gremi del Caf\u00e8, torradors de Catalunya<\/title>\n<meta name=\"robots\" content=\"index, follow, max-snippet:-1, max-image-preview:large, max-video-preview:-1\" \/>\n<link rel=\"canonical\" href=\"https:\/\/gremicafe.cat\/es\/2022\/07\/24\/els-ocells-i-les-abelles-ajuden-a-la-produccio-del-cafe\/\" \/>\n<meta property=\"og:locale\" content=\"es_ES\" \/>\n<meta property=\"og:type\" content=\"article\" \/>\n<meta property=\"og:title\" content=\"Els ocells i les abelles ajuden a la producci\u00f3 del caf\u00e8 - Gremi del Caf\u00e8, torradors de Catalunya\" \/>\n<meta property=\"og:description\" content=\"&nbsp; Sense els ocells i les abelles, els agricultors de caf\u00e8 veurien una caiguda del 25% dels rendiments dels cultius, una p\u00e8rdua d&#8217;aproximadament 1.066 d\u00f2lars per hect\u00e0rea de caf\u00e8. &nbsp; Un nou estudi innovador descobreix que els grans de caf\u00e8 s\u00f3n m\u00e9s grans i m\u00e9s abundants quan els ocells i les abelles s&#8217;uneixen per protegir [&hellip;]\" \/>\n<meta property=\"og:url\" content=\"https:\/\/gremicafe.cat\/es\/2022\/07\/24\/els-ocells-i-les-abelles-ajuden-a-la-produccio-del-cafe\/\" \/>\n<meta property=\"og:site_name\" content=\"Gremi del Caf\u00e8, torradors de Catalunya\" \/>\n<meta property=\"article:publisher\" content=\"https:\/\/www.facebook.com\/gremicafecat\" \/>\n<meta property=\"article:published_time\" content=\"2022-07-24T09:42:53+00:00\" \/>\n<meta property=\"og:image\" content=\"https:\/\/gremicafe.cat\/wp-content\/uploads\/2022\/07\/abelles-gremi-cafe.jpg\" \/>\n\t<meta property=\"og:image:width\" content=\"1200\" \/>\n\t<meta property=\"og:image:height\" content=\"900\" \/>\n\t<meta property=\"og:image:type\" content=\"image\/jpeg\" \/>\n<meta name=\"author\" content=\"gremicafe\" \/>\n<meta name=\"twitter:card\" content=\"summary_large_image\" \/>\n<meta name=\"twitter:creator\" content=\"@gremicafecat\" \/>\n<meta name=\"twitter:site\" content=\"@gremicafecat\" \/>\n<meta name=\"twitter:label1\" content=\"Escrito por\" \/>\n\t<meta name=\"twitter:data1\" content=\"gremicafe\" \/>\n\t<meta name=\"twitter:label2\" content=\"Tiempo de lectura\" \/>\n\t<meta name=\"twitter:data2\" content=\"2 minutos\" \/>\n<script type=\"application\/ld+json\" class=\"yoast-schema-graph\">{\"@context\":\"https:\/\/schema.org\",\"@graph\":[{\"@type\":\"Article\",\"@id\":\"https:\/\/gremicafe.cat\/2022\/07\/24\/els-ocells-i-les-abelles-ajuden-a-la-produccio-del-cafe\/#article\",\"isPartOf\":{\"@id\":\"https:\/\/gremicafe.cat\/2022\/07\/24\/els-ocells-i-les-abelles-ajuden-a-la-produccio-del-cafe\/\"},\"author\":{\"name\":\"gremicafe\",\"@id\":\"https:\/\/gremicafe.cat\/#\/schema\/person\/dabfdbb3d0fa36260855a380f94e4733\"},\"headline\":\"Els ocells i les abelles ajuden a la producci\u00f3 del caf\u00e8\",\"datePublished\":\"2022-07-24T09:42:53+00:00\",\"mainEntityOfPage\":{\"@id\":\"https:\/\/gremicafe.cat\/2022\/07\/24\/els-ocells-i-les-abelles-ajuden-a-la-produccio-del-cafe\/\"},\"wordCount\":346,\"publisher\":{\"@id\":\"https:\/\/gremicafe.cat\/#organization\"},\"image\":{\"@id\":\"https:\/\/gremicafe.cat\/2022\/07\/24\/els-ocells-i-les-abelles-ajuden-a-la-produccio-del-cafe\/#primaryimage\"},\"thumbnailUrl\":\"https:\/\/gremicafe.cat\/wp-content\/uploads\/2022\/07\/abelles-gremi-cafe.jpg\",\"articleSection\":[\"Not\u00edcies\"],\"inLanguage\":\"es\"},{\"@type\":\"WebPage\",\"@id\":\"https:\/\/gremicafe.cat\/2022\/07\/24\/els-ocells-i-les-abelles-ajuden-a-la-produccio-del-cafe\/\",\"url\":\"https:\/\/gremicafe.cat\/2022\/07\/24\/els-ocells-i-les-abelles-ajuden-a-la-produccio-del-cafe\/\",\"name\":\"Els ocells i les abelles ajuden a la producci\u00f3 del caf\u00e8 - Gremi del Caf\u00e8, torradors de Catalunya\",\"isPartOf\":{\"@id\":\"https:\/\/gremicafe.cat\/#website\"},\"primaryImageOfPage\":{\"@id\":\"https:\/\/gremicafe.cat\/2022\/07\/24\/els-ocells-i-les-abelles-ajuden-a-la-produccio-del-cafe\/#primaryimage\"},\"image\":{\"@id\":\"https:\/\/gremicafe.cat\/2022\/07\/24\/els-ocells-i-les-abelles-ajuden-a-la-produccio-del-cafe\/#primaryimage\"},\"thumbnailUrl\":\"https:\/\/gremicafe.cat\/wp-content\/uploads\/2022\/07\/abelles-gremi-cafe.jpg\",\"datePublished\":\"2022-07-24T09:42:53+00:00\",\"breadcrumb\":{\"@id\":\"https:\/\/gremicafe.cat\/2022\/07\/24\/els-ocells-i-les-abelles-ajuden-a-la-produccio-del-cafe\/#breadcrumb\"},\"inLanguage\":\"es\",\"potentialAction\":[{\"@type\":\"ReadAction\",\"target\":[\"https:\/\/gremicafe.cat\/2022\/07\/24\/els-ocells-i-les-abelles-ajuden-a-la-produccio-del-cafe\/\"]}]},{\"@type\":\"ImageObject\",\"inLanguage\":\"es\",\"@id\":\"https:\/\/gremicafe.cat\/2022\/07\/24\/els-ocells-i-les-abelles-ajuden-a-la-produccio-del-cafe\/#primaryimage\",\"url\":\"https:\/\/gremicafe.cat\/wp-content\/uploads\/2022\/07\/abelles-gremi-cafe.jpg\",\"contentUrl\":\"https:\/\/gremicafe.cat\/wp-content\/uploads\/2022\/07\/abelles-gremi-cafe.jpg\",\"width\":1200,\"height\":900,\"caption\":\"abelles produccio cafe gremi cafe\"},{\"@type\":\"BreadcrumbList\",\"@id\":\"https:\/\/gremicafe.cat\/2022\/07\/24\/els-ocells-i-les-abelles-ajuden-a-la-produccio-del-cafe\/#breadcrumb\",\"itemListElement\":[{\"@type\":\"ListItem\",\"position\":1,\"name\":\"Inici\",\"item\":\"https:\/\/gremicafe.cat\/\"},{\"@type\":\"ListItem\",\"position\":2,\"name\":\"Els ocells i les abelles ajuden a la producci\u00f3 del caf\u00e8\"}]},{\"@type\":\"WebSite\",\"@id\":\"https:\/\/gremicafe.cat\/#website\",\"url\":\"https:\/\/gremicafe.cat\/\",\"name\":\"Gremi del Caf\u00e8, torradors de Catalunya\",\"description\":\"Web oficial del gremi de torradors de caf\u00e8 de Catalunya\",\"publisher\":{\"@id\":\"https:\/\/gremicafe.cat\/#organization\"},\"potentialAction\":[{\"@type\":\"SearchAction\",\"target\":{\"@type\":\"EntryPoint\",\"urlTemplate\":\"https:\/\/gremicafe.cat\/?s={search_term_string}\"},\"query-input\":{\"@type\":\"PropertyValueSpecification\",\"valueRequired\":true,\"valueName\":\"search_term_string\"}}],\"inLanguage\":\"es\"},{\"@type\":\"Organization\",\"@id\":\"https:\/\/gremicafe.cat\/#organization\",\"name\":\"Gremi del Caf\u00e8, Torradors de Catalunya\",\"url\":\"https:\/\/gremicafe.cat\/\",\"logo\":{\"@type\":\"ImageObject\",\"inLanguage\":\"es\",\"@id\":\"https:\/\/gremicafe.cat\/#\/schema\/logo\/image\/\",\"url\":\"https:\/\/gremicafe.cat\/wp-content\/uploads\/2018\/03\/gremicafe-logo250.png\",\"contentUrl\":\"https:\/\/gremicafe.cat\/wp-content\/uploads\/2018\/03\/gremicafe-logo250.png\",\"width\":250,\"height\":49,\"caption\":\"Gremi del Caf\u00e8, Torradors de Catalunya\"},\"image\":{\"@id\":\"https:\/\/gremicafe.cat\/#\/schema\/logo\/image\/\"},\"sameAs\":[\"https:\/\/www.facebook.com\/gremicafecat\",\"https:\/\/x.com\/gremicafecat\",\"https:\/\/www.instagram.com\/gremicafecat\/\",\"https:\/\/www.pinterest.es\/gremicafecat\/\",\"https:\/\/www.youtube.com\/channel\/UCGLo5Y35vLwLvP4FrPZrCrw\/\"]},{\"@type\":\"Person\",\"@id\":\"https:\/\/gremicafe.cat\/#\/schema\/person\/dabfdbb3d0fa36260855a380f94e4733\",\"name\":\"gremicafe\",\"image\":{\"@type\":\"ImageObject\",\"inLanguage\":\"es\",\"@id\":\"https:\/\/gremicafe.cat\/#\/schema\/person\/image\/\",\"url\":\"https:\/\/secure.gravatar.com\/avatar\/e59baa4ca8f6f97576d6375fb6d3c8f0?s=96&d=mm&r=g\",\"contentUrl\":\"https:\/\/secure.gravatar.com\/avatar\/e59baa4ca8f6f97576d6375fb6d3c8f0?s=96&d=mm&r=g\",\"caption\":\"gremicafe\"}}]}<\/script>\n<!-- \/ Yoast SEO plugin. -->","yoast_head_json":{"title":"Els ocells i les abelles ajuden a la producci\u00f3 del caf\u00e8 - Gremi del Caf\u00e8, torradors de Catalunya","robots":{"index":"index","follow":"follow","max-snippet":"max-snippet:-1","max-image-preview":"max-image-preview:large","max-video-preview":"max-video-preview:-1"},"canonical":"https:\/\/gremicafe.cat\/es\/2022\/07\/24\/els-ocells-i-les-abelles-ajuden-a-la-produccio-del-cafe\/","og_locale":"es_ES","og_type":"article","og_title":"Els ocells i les abelles ajuden a la producci\u00f3 del caf\u00e8 - Gremi del Caf\u00e8, torradors de Catalunya","og_description":"&nbsp; Sense els ocells i les abelles, els agricultors de caf\u00e8 veurien una caiguda del 25% dels rendiments dels cultius, una p\u00e8rdua d&#8217;aproximadament 1.066 d\u00f2lars per hect\u00e0rea de caf\u00e8. &nbsp; Un nou estudi innovador descobreix que els grans de caf\u00e8 s\u00f3n m\u00e9s grans i m\u00e9s abundants quan els ocells i les abelles s&#8217;uneixen per protegir [&hellip;]","og_url":"https:\/\/gremicafe.cat\/es\/2022\/07\/24\/els-ocells-i-les-abelles-ajuden-a-la-produccio-del-cafe\/","og_site_name":"Gremi del Caf\u00e8, torradors de Catalunya","article_publisher":"https:\/\/www.facebook.com\/gremicafecat","article_published_time":"2022-07-24T09:42:53+00:00","og_image":[{"width":1200,"height":900,"url":"https:\/\/gremicafe.cat\/wp-content\/uploads\/2022\/07\/abelles-gremi-cafe.jpg","type":"image\/jpeg"}],"author":"gremicafe","twitter_card":"summary_large_image","twitter_creator":"@gremicafecat","twitter_site":"@gremicafecat","twitter_misc":{"Escrito por":"gremicafe","Tiempo de lectura":"2 minutos"},"schema":{"@context":"https:\/\/schema.org","@graph":[{"@type":"Article","@id":"https:\/\/gremicafe.cat\/2022\/07\/24\/els-ocells-i-les-abelles-ajuden-a-la-produccio-del-cafe\/#article","isPartOf":{"@id":"https:\/\/gremicafe.cat\/2022\/07\/24\/els-ocells-i-les-abelles-ajuden-a-la-produccio-del-cafe\/"},"author":{"name":"gremicafe","@id":"https:\/\/gremicafe.cat\/#\/schema\/person\/dabfdbb3d0fa36260855a380f94e4733"},"headline":"Els ocells i les abelles ajuden a la producci\u00f3 del caf\u00e8","datePublished":"2022-07-24T09:42:53+00:00","mainEntityOfPage":{"@id":"https:\/\/gremicafe.cat\/2022\/07\/24\/els-ocells-i-les-abelles-ajuden-a-la-produccio-del-cafe\/"},"wordCount":346,"publisher":{"@id":"https:\/\/gremicafe.cat\/#organization"},"image":{"@id":"https:\/\/gremicafe.cat\/2022\/07\/24\/els-ocells-i-les-abelles-ajuden-a-la-produccio-del-cafe\/#primaryimage"},"thumbnailUrl":"https:\/\/gremicafe.cat\/wp-content\/uploads\/2022\/07\/abelles-gremi-cafe.jpg","articleSection":["Not\u00edcies"],"inLanguage":"es"},{"@type":"WebPage","@id":"https:\/\/gremicafe.cat\/2022\/07\/24\/els-ocells-i-les-abelles-ajuden-a-la-produccio-del-cafe\/","url":"https:\/\/gremicafe.cat\/2022\/07\/24\/els-ocells-i-les-abelles-ajuden-a-la-produccio-del-cafe\/","name":"Els ocells i les abelles ajuden a la producci\u00f3 del caf\u00e8 - Gremi del Caf\u00e8, torradors de Catalunya","isPartOf":{"@id":"https:\/\/gremicafe.cat\/#website"},"primaryImageOfPage":{"@id":"https:\/\/gremicafe.cat\/2022\/07\/24\/els-ocells-i-les-abelles-ajuden-a-la-produccio-del-cafe\/#primaryimage"},"image":{"@id":"https:\/\/gremicafe.cat\/2022\/07\/24\/els-ocells-i-les-abelles-ajuden-a-la-produccio-del-cafe\/#primaryimage"},"thumbnailUrl":"https:\/\/gremicafe.cat\/wp-content\/uploads\/2022\/07\/abelles-gremi-cafe.jpg","datePublished":"2022-07-24T09:42:53+00:00","breadcrumb":{"@id":"https:\/\/gremicafe.cat\/2022\/07\/24\/els-ocells-i-les-abelles-ajuden-a-la-produccio-del-cafe\/#breadcrumb"},"inLanguage":"es","potentialAction":[{"@type":"ReadAction","target":["https:\/\/gremicafe.cat\/2022\/07\/24\/els-ocells-i-les-abelles-ajuden-a-la-produccio-del-cafe\/"]}]},{"@type":"ImageObject","inLanguage":"es","@id":"https:\/\/gremicafe.cat\/2022\/07\/24\/els-ocells-i-les-abelles-ajuden-a-la-produccio-del-cafe\/#primaryimage","url":"https:\/\/gremicafe.cat\/wp-content\/uploads\/2022\/07\/abelles-gremi-cafe.jpg","contentUrl":"https:\/\/gremicafe.cat\/wp-content\/uploads\/2022\/07\/abelles-gremi-cafe.jpg","width":1200,"height":900,"caption":"abelles produccio cafe gremi cafe"},{"@type":"BreadcrumbList","@id":"https:\/\/gremicafe.cat\/2022\/07\/24\/els-ocells-i-les-abelles-ajuden-a-la-produccio-del-cafe\/#breadcrumb","itemListElement":[{"@type":"ListItem","position":1,"name":"Inici","item":"https:\/\/gremicafe.cat\/"},{"@type":"ListItem","position":2,"name":"Els ocells i les abelles ajuden a la producci\u00f3 del caf\u00e8"}]},{"@type":"WebSite","@id":"https:\/\/gremicafe.cat\/#website","url":"https:\/\/gremicafe.cat\/","name":"Gremio del Caf\u00e9, tostadores de Catalu\u00f1a","description":"Web oficial del gremio de tostadores de caf\u00e9 de Catalunya","publisher":{"@id":"https:\/\/gremicafe.cat\/#organization"},"potentialAction":[{"@type":"SearchAction","target":{"@type":"EntryPoint","urlTemplate":"https:\/\/gremicafe.cat\/?s={search_term_string}"},"query-input":{"@type":"PropertyValueSpecification","valueRequired":true,"valueName":"search_term_string"}}],"inLanguage":"es"},{"@type":"Organization","@id":"https:\/\/gremicafe.cat\/#organization","name":"Gremio del Caf\u00e9, Tostadores de Catalu\u00f1a","url":"https:\/\/gremicafe.cat\/","logo":{"@type":"ImageObject","inLanguage":"es","@id":"https:\/\/gremicafe.cat\/#\/schema\/logo\/image\/","url":"https:\/\/gremicafe.cat\/wp-content\/uploads\/2018\/03\/gremicafe-logo250.png","contentUrl":"https:\/\/gremicafe.cat\/wp-content\/uploads\/2018\/03\/gremicafe-logo250.png","width":250,"height":49,"caption":"Gremi del Caf\u00e8, Torradors de Catalunya"},"image":{"@id":"https:\/\/gremicafe.cat\/#\/schema\/logo\/image\/"},"sameAs":["https:\/\/www.facebook.com\/gremicafecat","https:\/\/x.com\/gremicafecat","https:\/\/www.instagram.com\/gremicafecat\/","https:\/\/www.pinterest.es\/gremicafecat\/","https:\/\/www.youtube.com\/channel\/UCGLo5Y35vLwLvP4FrPZrCrw\/"]},{"@type":"Person","@id":"https:\/\/gremicafe.cat\/#\/schema\/person\/dabfdbb3d0fa36260855a380f94e4733","name":"gremicafe","image":{"@type":"ImageObject","inLanguage":"es","@id":"https:\/\/gremicafe.cat\/#\/schema\/person\/image\/","url":"https:\/\/secure.gravatar.com\/avatar\/e59baa4ca8f6f97576d6375fb6d3c8f0?s=96&d=mm&r=g","contentUrl":"https:\/\/secure.gravatar.com\/avatar\/e59baa4ca8f6f97576d6375fb6d3c8f0?s=96&d=mm&r=g","caption":"gremicafe"}}]}},"_links":{"self":[{"href":"https:\/\/gremicafe.cat\/es\/wp-json\/wp\/v2\/posts\/6646"}],"collection":[{"href":"https:\/\/gremicafe.cat\/es\/wp-json\/wp\/v2\/posts"}],"about":[{"href":"https:\/\/gremicafe.cat\/es\/wp-json\/wp\/v2\/types\/post"}],"author":[{"embeddable":true,"href":"https:\/\/gremicafe.cat\/es\/wp-json\/wp\/v2\/users\/1"}],"replies":[{"embeddable":true,"href":"https:\/\/gremicafe.cat\/es\/wp-json\/wp\/v2\/comments?post=6646"}],"version-history":[{"count":0,"href":"https:\/\/gremicafe.cat\/es\/wp-json\/wp\/v2\/posts\/6646\/revisions"}],"wp:featuredmedia":[{"embeddable":true,"href":"https:\/\/gremicafe.cat\/es\/wp-json\/wp\/v2\/media\/6648"}],"wp:attachment":[{"href":"https:\/\/gremicafe.cat\/es\/wp-json\/wp\/v2\/media?parent=6646"}],"wp:term":[{"taxonomy":"category","embeddable":true,"href":"https:\/\/gremicafe.cat\/es\/wp-json\/wp\/v2\/categories?post=6646"},{"taxonomy":"post_tag","embeddable":true,"href":"https:\/\/gremicafe.cat\/es\/wp-json\/wp\/v2\/tags?post=6646"}],"curies":[{"name":"wp","href":"https:\/\/api.w.org\/{rel}","templated":true}]}}