{"id":6671,"date":"2022-10-05T12:37:44","date_gmt":"2022-10-05T10:37:44","guid":{"rendered":"https:\/\/gremicafe.cat\/?p=6671"},"modified":"2022-10-27T12:44:29","modified_gmt":"2022-10-27T10:44:29","slug":"conservar-cafe-molt","status":"publish","type":"post","link":"https:\/\/gremicafe.cat\/es\/2022\/10\/05\/conservar-cafe-molt\/","title":{"rendered":"\u00bfEl caf\u00e9 molido debe conservarse en la nevera?"},"content":{"rendered":"<div id=\"ut-row-69f5c596cb9cb\" data-vc-full-width=\"true\" data-vc-full-width-init=\"false\" class=\"vc_row wpb_row vc_row-fluid vc_column-gap-0 ut-row-69f5c596cb9dc\" ><div class=\"wpb_column vc_column_container vc_col-sm-12\" ><div id=\"ut_inner_column_69f5c596cc203\" class=\"vc_column-inner\"><div class=\"wpb_wrapper\">\n\t<div class=\"wpb_text_column wpb_content_element\" >\n\t\t<div class=\"wpb_wrapper\">\n\t\t\t<p><img loading=\"lazy\" decoding=\"async\" class=\"aligncenter wp-image-6672 size-full\" src=\"https:\/\/gremicafe.cat\/wp-content\/uploads\/2022\/10\/coffee-grinder-g2f9026093_1920.jpg\" alt=\"\" width=\"1920\" height=\"1280\" srcset=\"https:\/\/gremicafe.cat\/wp-content\/uploads\/2022\/10\/coffee-grinder-g2f9026093_1920.jpg 1920w, https:\/\/gremicafe.cat\/wp-content\/uploads\/2022\/10\/coffee-grinder-g2f9026093_1920-768x512.jpg 768w, https:\/\/gremicafe.cat\/wp-content\/uploads\/2022\/10\/coffee-grinder-g2f9026093_1920-1536x1024.jpg 1536w, https:\/\/gremicafe.cat\/wp-content\/uploads\/2022\/10\/coffee-grinder-g2f9026093_1920-1080x720.jpg 1080w\" sizes=\"(max-width: 1920px) 100vw, 1920px\" \/><\/p>\n<div class=\"\">\n<blockquote>\n<p class=\"p1\"><b>La humedad del frigor\u00edfico y el caf\u00e9 no son compatibles, de ah\u00ed que los expertos no aconsejen almacenarlo en fr\u00edo<\/b><\/p>\n<\/blockquote>\n<p class=\"p1\">Para responder a esta cuesti\u00f3n, debemos partir de la base de que el caf\u00e9 tiene cuatro enemigos que pueden estropearlo: <b>la luz<\/b>, <b>el calor<\/b>, <b>el aire<\/b> y <b>la humedad<\/b>. Y precisamente es \u00e9ste \u00faltimo el que dificulta que pueda guardarse en la nevera.<\/p>\n<p>&nbsp;<\/p>\n<p class=\"p1\"><a href=\"https:\/\/www.lavanguardia.com\/comer\/materia-prima\/20221001\/8549916\/cafe-molido-debe-conservarse-nevera-dia-internacional.html\" target=\"_blank\" rel=\"noopener\">Lea AQU\u00cd el art\u00edculo entero de LA VANGUARDIA<\/a><\/p>\n<\/div>\n\n\t\t<\/div>\n\t<\/div>\n<\/div><\/div><\/div><\/div><div class=\"vc_row-full-width vc_clearfix\"><\/div>","protected":false},"excerpt":{"rendered":"La humitat del frigor\u00edfic i el caf\u00e8 no s\u00f3n compatibles, d'aqu\u00ed que els experts no aconsellin emmagatzemar-lo en fred Per a respondre a aquesta q\u00fcesti\u00f3, hem de partir de la base que el caf\u00e8 t\u00e9 quatre enemics que poden fer-lo malb\u00e9: la llum, la calor, l'aire i la humitat. I precisament \u00e9s aquest \u00faltim el [...]","protected":false},"author":1,"featured_media":6672,"comment_status":"closed","ping_status":"open","sticky":false,"template":"","format":"standard","meta":{"_acf_changed":false,"inline_featured_image":false,"footnotes":""},"categories":[1],"tags":[],"class_list":["post-6671","post","type-post","status-publish","format-standard","has-post-thumbnail","hentry","category-noticies"],"acf":[],"yoast_head":"<!-- This site is optimized with the Yoast SEO plugin v25.5 - https:\/\/yoast.com\/wordpress\/plugins\/seo\/ -->\n<title>El caf\u00e8 m\u00f2lt ha de conservar-se a la nevera? - Gremi del Caf\u00e8, torradors de Catalunya<\/title>\n<meta name=\"robots\" content=\"index, follow, max-snippet:-1, max-image-preview:large, max-video-preview:-1\" \/>\n<link rel=\"canonical\" href=\"https:\/\/gremicafe.cat\/es\/2022\/10\/05\/conservar-cafe-molt\/\" \/>\n<meta property=\"og:locale\" content=\"es_ES\" \/>\n<meta property=\"og:type\" content=\"article\" \/>\n<meta property=\"og:title\" content=\"El caf\u00e8 m\u00f2lt ha de conservar-se a la nevera? - Gremi del Caf\u00e8, torradors de Catalunya\" \/>\n<meta property=\"og:url\" content=\"https:\/\/gremicafe.cat\/es\/2022\/10\/05\/conservar-cafe-molt\/\" \/>\n<meta property=\"og:site_name\" content=\"Gremi del Caf\u00e8, torradors de Catalunya\" \/>\n<meta property=\"article:publisher\" content=\"https:\/\/www.facebook.com\/gremicafecat\" \/>\n<meta property=\"article:published_time\" content=\"2022-10-05T10:37:44+00:00\" \/>\n<meta property=\"article:modified_time\" content=\"2022-10-27T10:44:29+00:00\" \/>\n<meta property=\"og:image\" content=\"https:\/\/gremicafe.cat\/wp-content\/uploads\/2022\/10\/coffee-grinder-g2f9026093_1920.jpg\" \/>\n\t<meta property=\"og:image:width\" content=\"1920\" \/>\n\t<meta property=\"og:image:height\" content=\"1280\" \/>\n\t<meta property=\"og:image:type\" content=\"image\/jpeg\" \/>\n<meta name=\"author\" content=\"gremicafe\" \/>\n<meta name=\"twitter:card\" content=\"summary_large_image\" \/>\n<meta name=\"twitter:creator\" content=\"@gremicafecat\" \/>\n<meta name=\"twitter:site\" content=\"@gremicafecat\" \/>\n<meta name=\"twitter:label1\" content=\"Escrito por\" \/>\n\t<meta name=\"twitter:data1\" content=\"gremicafe\" \/>\n\t<meta name=\"twitter:label2\" content=\"Tiempo de lectura\" \/>\n\t<meta name=\"twitter:data2\" content=\"1 minuto\" \/>\n<script type=\"application\/ld+json\" class=\"yoast-schema-graph\">{\"@context\":\"https:\/\/schema.org\",\"@graph\":[{\"@type\":\"Article\",\"@id\":\"https:\/\/gremicafe.cat\/2022\/10\/05\/conservar-cafe-molt\/#article\",\"isPartOf\":{\"@id\":\"https:\/\/gremicafe.cat\/2022\/10\/05\/conservar-cafe-molt\/\"},\"author\":{\"name\":\"gremicafe\",\"@id\":\"https:\/\/gremicafe.cat\/#\/schema\/person\/dabfdbb3d0fa36260855a380f94e4733\"},\"headline\":\"El caf\u00e8 m\u00f2lt ha de conservar-se a la nevera?\",\"datePublished\":\"2022-10-05T10:37:44+00:00\",\"dateModified\":\"2022-10-27T10:44:29+00:00\",\"mainEntityOfPage\":{\"@id\":\"https:\/\/gremicafe.cat\/2022\/10\/05\/conservar-cafe-molt\/\"},\"wordCount\":99,\"publisher\":{\"@id\":\"https:\/\/gremicafe.cat\/#organization\"},\"image\":{\"@id\":\"https:\/\/gremicafe.cat\/2022\/10\/05\/conservar-cafe-molt\/#primaryimage\"},\"thumbnailUrl\":\"https:\/\/gremicafe.cat\/wp-content\/uploads\/2022\/10\/coffee-grinder-g2f9026093_1920.jpg\",\"articleSection\":[\"Not\u00edcies\"],\"inLanguage\":\"es\"},{\"@type\":\"WebPage\",\"@id\":\"https:\/\/gremicafe.cat\/2022\/10\/05\/conservar-cafe-molt\/\",\"url\":\"https:\/\/gremicafe.cat\/2022\/10\/05\/conservar-cafe-molt\/\",\"name\":\"El caf\u00e8 m\u00f2lt ha de conservar-se a la nevera? - Gremi del Caf\u00e8, torradors de Catalunya\",\"isPartOf\":{\"@id\":\"https:\/\/gremicafe.cat\/#website\"},\"primaryImageOfPage\":{\"@id\":\"https:\/\/gremicafe.cat\/2022\/10\/05\/conservar-cafe-molt\/#primaryimage\"},\"image\":{\"@id\":\"https:\/\/gremicafe.cat\/2022\/10\/05\/conservar-cafe-molt\/#primaryimage\"},\"thumbnailUrl\":\"https:\/\/gremicafe.cat\/wp-content\/uploads\/2022\/10\/coffee-grinder-g2f9026093_1920.jpg\",\"datePublished\":\"2022-10-05T10:37:44+00:00\",\"dateModified\":\"2022-10-27T10:44:29+00:00\",\"breadcrumb\":{\"@id\":\"https:\/\/gremicafe.cat\/2022\/10\/05\/conservar-cafe-molt\/#breadcrumb\"},\"inLanguage\":\"es\",\"potentialAction\":[{\"@type\":\"ReadAction\",\"target\":[\"https:\/\/gremicafe.cat\/2022\/10\/05\/conservar-cafe-molt\/\"]}]},{\"@type\":\"ImageObject\",\"inLanguage\":\"es\",\"@id\":\"https:\/\/gremicafe.cat\/2022\/10\/05\/conservar-cafe-molt\/#primaryimage\",\"url\":\"https:\/\/gremicafe.cat\/wp-content\/uploads\/2022\/10\/coffee-grinder-g2f9026093_1920.jpg\",\"contentUrl\":\"https:\/\/gremicafe.cat\/wp-content\/uploads\/2022\/10\/coffee-grinder-g2f9026093_1920.jpg\",\"width\":1920,\"height\":1280},{\"@type\":\"BreadcrumbList\",\"@id\":\"https:\/\/gremicafe.cat\/2022\/10\/05\/conservar-cafe-molt\/#breadcrumb\",\"itemListElement\":[{\"@type\":\"ListItem\",\"position\":1,\"name\":\"Inici\",\"item\":\"https:\/\/gremicafe.cat\/\"},{\"@type\":\"ListItem\",\"position\":2,\"name\":\"El caf\u00e8 m\u00f2lt ha de conservar-se a la nevera?\"}]},{\"@type\":\"WebSite\",\"@id\":\"https:\/\/gremicafe.cat\/#website\",\"url\":\"https:\/\/gremicafe.cat\/\",\"name\":\"Gremi del Caf\u00e8, torradors de Catalunya\",\"description\":\"Web oficial del gremi de torradors de caf\u00e8 de Catalunya\",\"publisher\":{\"@id\":\"https:\/\/gremicafe.cat\/#organization\"},\"potentialAction\":[{\"@type\":\"SearchAction\",\"target\":{\"@type\":\"EntryPoint\",\"urlTemplate\":\"https:\/\/gremicafe.cat\/?s={search_term_string}\"},\"query-input\":{\"@type\":\"PropertyValueSpecification\",\"valueRequired\":true,\"valueName\":\"search_term_string\"}}],\"inLanguage\":\"es\"},{\"@type\":\"Organization\",\"@id\":\"https:\/\/gremicafe.cat\/#organization\",\"name\":\"Gremi del Caf\u00e8, Torradors de Catalunya\",\"url\":\"https:\/\/gremicafe.cat\/\",\"logo\":{\"@type\":\"ImageObject\",\"inLanguage\":\"es\",\"@id\":\"https:\/\/gremicafe.cat\/#\/schema\/logo\/image\/\",\"url\":\"https:\/\/gremicafe.cat\/wp-content\/uploads\/2018\/03\/gremicafe-logo250.png\",\"contentUrl\":\"https:\/\/gremicafe.cat\/wp-content\/uploads\/2018\/03\/gremicafe-logo250.png\",\"width\":250,\"height\":49,\"caption\":\"Gremi del Caf\u00e8, Torradors de Catalunya\"},\"image\":{\"@id\":\"https:\/\/gremicafe.cat\/#\/schema\/logo\/image\/\"},\"sameAs\":[\"https:\/\/www.facebook.com\/gremicafecat\",\"https:\/\/x.com\/gremicafecat\",\"https:\/\/www.instagram.com\/gremicafecat\/\",\"https:\/\/www.pinterest.es\/gremicafecat\/\",\"https:\/\/www.youtube.com\/channel\/UCGLo5Y35vLwLvP4FrPZrCrw\/\"]},{\"@type\":\"Person\",\"@id\":\"https:\/\/gremicafe.cat\/#\/schema\/person\/dabfdbb3d0fa36260855a380f94e4733\",\"name\":\"gremicafe\",\"image\":{\"@type\":\"ImageObject\",\"inLanguage\":\"es\",\"@id\":\"https:\/\/gremicafe.cat\/#\/schema\/person\/image\/\",\"url\":\"https:\/\/secure.gravatar.com\/avatar\/e59baa4ca8f6f97576d6375fb6d3c8f0?s=96&d=mm&r=g\",\"contentUrl\":\"https:\/\/secure.gravatar.com\/avatar\/e59baa4ca8f6f97576d6375fb6d3c8f0?s=96&d=mm&r=g\",\"caption\":\"gremicafe\"}}]}<\/script>\n<!-- \/ Yoast SEO plugin. -->","yoast_head_json":{"title":"El caf\u00e8 m\u00f2lt ha de conservar-se a la nevera? - Gremi del Caf\u00e8, torradors de Catalunya","robots":{"index":"index","follow":"follow","max-snippet":"max-snippet:-1","max-image-preview":"max-image-preview:large","max-video-preview":"max-video-preview:-1"},"canonical":"https:\/\/gremicafe.cat\/es\/2022\/10\/05\/conservar-cafe-molt\/","og_locale":"es_ES","og_type":"article","og_title":"El caf\u00e8 m\u00f2lt ha de conservar-se a la nevera? - Gremi del Caf\u00e8, torradors de Catalunya","og_url":"https:\/\/gremicafe.cat\/es\/2022\/10\/05\/conservar-cafe-molt\/","og_site_name":"Gremi del Caf\u00e8, torradors de Catalunya","article_publisher":"https:\/\/www.facebook.com\/gremicafecat","article_published_time":"2022-10-05T10:37:44+00:00","article_modified_time":"2022-10-27T10:44:29+00:00","og_image":[{"width":1920,"height":1280,"url":"https:\/\/gremicafe.cat\/wp-content\/uploads\/2022\/10\/coffee-grinder-g2f9026093_1920.jpg","type":"image\/jpeg"}],"author":"gremicafe","twitter_card":"summary_large_image","twitter_creator":"@gremicafecat","twitter_site":"@gremicafecat","twitter_misc":{"Escrito por":"gremicafe","Tiempo de lectura":"1 minuto"},"schema":{"@context":"https:\/\/schema.org","@graph":[{"@type":"Article","@id":"https:\/\/gremicafe.cat\/2022\/10\/05\/conservar-cafe-molt\/#article","isPartOf":{"@id":"https:\/\/gremicafe.cat\/2022\/10\/05\/conservar-cafe-molt\/"},"author":{"name":"gremicafe","@id":"https:\/\/gremicafe.cat\/#\/schema\/person\/dabfdbb3d0fa36260855a380f94e4733"},"headline":"El caf\u00e8 m\u00f2lt ha de conservar-se a la nevera?","datePublished":"2022-10-05T10:37:44+00:00","dateModified":"2022-10-27T10:44:29+00:00","mainEntityOfPage":{"@id":"https:\/\/gremicafe.cat\/2022\/10\/05\/conservar-cafe-molt\/"},"wordCount":99,"publisher":{"@id":"https:\/\/gremicafe.cat\/#organization"},"image":{"@id":"https:\/\/gremicafe.cat\/2022\/10\/05\/conservar-cafe-molt\/#primaryimage"},"thumbnailUrl":"https:\/\/gremicafe.cat\/wp-content\/uploads\/2022\/10\/coffee-grinder-g2f9026093_1920.jpg","articleSection":["Not\u00edcies"],"inLanguage":"es"},{"@type":"WebPage","@id":"https:\/\/gremicafe.cat\/2022\/10\/05\/conservar-cafe-molt\/","url":"https:\/\/gremicafe.cat\/2022\/10\/05\/conservar-cafe-molt\/","name":"El caf\u00e8 m\u00f2lt ha de conservar-se a la nevera? - Gremi del Caf\u00e8, torradors de Catalunya","isPartOf":{"@id":"https:\/\/gremicafe.cat\/#website"},"primaryImageOfPage":{"@id":"https:\/\/gremicafe.cat\/2022\/10\/05\/conservar-cafe-molt\/#primaryimage"},"image":{"@id":"https:\/\/gremicafe.cat\/2022\/10\/05\/conservar-cafe-molt\/#primaryimage"},"thumbnailUrl":"https:\/\/gremicafe.cat\/wp-content\/uploads\/2022\/10\/coffee-grinder-g2f9026093_1920.jpg","datePublished":"2022-10-05T10:37:44+00:00","dateModified":"2022-10-27T10:44:29+00:00","breadcrumb":{"@id":"https:\/\/gremicafe.cat\/2022\/10\/05\/conservar-cafe-molt\/#breadcrumb"},"inLanguage":"es","potentialAction":[{"@type":"ReadAction","target":["https:\/\/gremicafe.cat\/2022\/10\/05\/conservar-cafe-molt\/"]}]},{"@type":"ImageObject","inLanguage":"es","@id":"https:\/\/gremicafe.cat\/2022\/10\/05\/conservar-cafe-molt\/#primaryimage","url":"https:\/\/gremicafe.cat\/wp-content\/uploads\/2022\/10\/coffee-grinder-g2f9026093_1920.jpg","contentUrl":"https:\/\/gremicafe.cat\/wp-content\/uploads\/2022\/10\/coffee-grinder-g2f9026093_1920.jpg","width":1920,"height":1280},{"@type":"BreadcrumbList","@id":"https:\/\/gremicafe.cat\/2022\/10\/05\/conservar-cafe-molt\/#breadcrumb","itemListElement":[{"@type":"ListItem","position":1,"name":"Inici","item":"https:\/\/gremicafe.cat\/"},{"@type":"ListItem","position":2,"name":"El caf\u00e8 m\u00f2lt ha de conservar-se a la nevera?"}]},{"@type":"WebSite","@id":"https:\/\/gremicafe.cat\/#website","url":"https:\/\/gremicafe.cat\/","name":"Gremio del Caf\u00e9, tostadores de Catalu\u00f1a","description":"Web oficial del gremio de tostadores de caf\u00e9 de Catalunya","publisher":{"@id":"https:\/\/gremicafe.cat\/#organization"},"potentialAction":[{"@type":"SearchAction","target":{"@type":"EntryPoint","urlTemplate":"https:\/\/gremicafe.cat\/?s={search_term_string}"},"query-input":{"@type":"PropertyValueSpecification","valueRequired":true,"valueName":"search_term_string"}}],"inLanguage":"es"},{"@type":"Organization","@id":"https:\/\/gremicafe.cat\/#organization","name":"Gremio del Caf\u00e9, Tostadores de Catalu\u00f1a","url":"https:\/\/gremicafe.cat\/","logo":{"@type":"ImageObject","inLanguage":"es","@id":"https:\/\/gremicafe.cat\/#\/schema\/logo\/image\/","url":"https:\/\/gremicafe.cat\/wp-content\/uploads\/2018\/03\/gremicafe-logo250.png","contentUrl":"https:\/\/gremicafe.cat\/wp-content\/uploads\/2018\/03\/gremicafe-logo250.png","width":250,"height":49,"caption":"Gremi del Caf\u00e8, Torradors de Catalunya"},"image":{"@id":"https:\/\/gremicafe.cat\/#\/schema\/logo\/image\/"},"sameAs":["https:\/\/www.facebook.com\/gremicafecat","https:\/\/x.com\/gremicafecat","https:\/\/www.instagram.com\/gremicafecat\/","https:\/\/www.pinterest.es\/gremicafecat\/","https:\/\/www.youtube.com\/channel\/UCGLo5Y35vLwLvP4FrPZrCrw\/"]},{"@type":"Person","@id":"https:\/\/gremicafe.cat\/#\/schema\/person\/dabfdbb3d0fa36260855a380f94e4733","name":"gremicafe","image":{"@type":"ImageObject","inLanguage":"es","@id":"https:\/\/gremicafe.cat\/#\/schema\/person\/image\/","url":"https:\/\/secure.gravatar.com\/avatar\/e59baa4ca8f6f97576d6375fb6d3c8f0?s=96&d=mm&r=g","contentUrl":"https:\/\/secure.gravatar.com\/avatar\/e59baa4ca8f6f97576d6375fb6d3c8f0?s=96&d=mm&r=g","caption":"gremicafe"}}]}},"_links":{"self":[{"href":"https:\/\/gremicafe.cat\/es\/wp-json\/wp\/v2\/posts\/6671"}],"collection":[{"href":"https:\/\/gremicafe.cat\/es\/wp-json\/wp\/v2\/posts"}],"about":[{"href":"https:\/\/gremicafe.cat\/es\/wp-json\/wp\/v2\/types\/post"}],"author":[{"embeddable":true,"href":"https:\/\/gremicafe.cat\/es\/wp-json\/wp\/v2\/users\/1"}],"replies":[{"embeddable":true,"href":"https:\/\/gremicafe.cat\/es\/wp-json\/wp\/v2\/comments?post=6671"}],"version-history":[{"count":0,"href":"https:\/\/gremicafe.cat\/es\/wp-json\/wp\/v2\/posts\/6671\/revisions"}],"wp:featuredmedia":[{"embeddable":true,"href":"https:\/\/gremicafe.cat\/es\/wp-json\/wp\/v2\/media\/6672"}],"wp:attachment":[{"href":"https:\/\/gremicafe.cat\/es\/wp-json\/wp\/v2\/media?parent=6671"}],"wp:term":[{"taxonomy":"category","embeddable":true,"href":"https:\/\/gremicafe.cat\/es\/wp-json\/wp\/v2\/categories?post=6671"},{"taxonomy":"post_tag","embeddable":true,"href":"https:\/\/gremicafe.cat\/es\/wp-json\/wp\/v2\/tags?post=6671"}],"curies":[{"name":"wp","href":"https:\/\/api.w.org\/{rel}","templated":true}]}}